{"id":984,"date":"2016-10-30T17:03:56","date_gmt":"2016-10-30T17:03:56","guid":{"rendered":"http:\/\/javiervarelactor.com\/?p=984"},"modified":"2017-12-11T10:19:30","modified_gmt":"2017-12-11T10:19:30","slug":"presentador-de-eventos-de-empresa-gala-citroen-vigo-2016","status":"publish","type":"post","link":"https:\/\/javiervarelactor.com\/?p=984","title":{"rendered":"Presentador de eventos de empresa &#8211; Gala Citr\u00f6en Vigo 2016"},"content":{"rendered":"<p>Cada empresa elige c\u00f3mo celebrar sus <strong>eventos<\/strong> m\u00e1s importantes del a\u00f1o y, este a\u00f1o, Citr\u00f6en Vigo me ha elegido para organizar su fiesta anual.Un intenso trabajo de organizaci\u00f3n durante meses para convocar a profesionales y artistas de primer nivel en la<em> Gala evento de Citr\u00f6en 2016<\/em>.<\/p>\n<p>Contar con expertos en organizaci\u00f3n de galas es garant\u00eda de \u00e9xito y satisfacci\u00f3n para el p\u00fablico. Desde aqu\u00ed me gustar\u00eda agradecer al equipo directivo su confianza en mi, en mi equipo y nuestras ideas atrevidas y divertidas,\u00a0con unos resultados muy buenos. Gracias a<strong> <a href=\"http:\/\/granerovideo.com\/\" target=\"_blank\">GraneroVideo<\/a><\/strong>, por su profesionalidad, y a <strong>Allenti<\/strong> producciones, por su perfecta ejecuci\u00f3n, su profesionalidad, su previo y su post. Much\u00edsimas gracias.<\/p>\n<p>\u00bf<strong>El secreto de un excelente evento de empresa<\/strong>? No os puedo contar todos mis misterios, pero algunas de las claves fundamentales\u00a0con las que trabajo y para las que puedes contar conmigo son \u00e9stas:<\/p>\n<p style=\"text-align: center;\">1.- Buena promoci\u00f3n:<\/p>\n<p style=\"text-align: center;\"><iframe loading=\"lazy\" src=\"https:\/\/www.youtube.com\/embed\/-UJLZE3ZdrU\" width=\"360\" height=\"315\" frameborder=\"0\" allowfullscreen=\"allowfullscreen\"><\/iframe><\/p>\n<p style=\"text-align: center;\">2.- Personalizaci\u00f3n del espect\u00e1culo:<\/p>\n<p style=\"text-align: center;\"><iframe loading=\"lazy\" src=\"https:\/\/www.youtube.com\/embed\/JQ6ViNelyzQ\" width=\"360\" height=\"315\" frameborder=\"0\" allowfullscreen=\"allowfullscreen\"><\/iframe><\/p>\n<p style=\"text-align: center;\">3.- Resultado final<\/p>\n<p><a href=\"http:\/\/javiervarelactor.com\/wp-content\/uploads\/2016\/10\/final-de-evento-citroen.jpg\"><img loading=\"lazy\" decoding=\"async\" class=\"alignnone size-medium wp-image-990 aligncenter\" src=\"http:\/\/javiervarelactor.com\/wp-content\/uploads\/2016\/10\/final-de-evento-citroen-300x168.jpg\" alt=\"final de evento citroen\" width=\"300\" height=\"168\" srcset=\"https:\/\/javiervarelactor.com\/wp-content\/uploads\/2016\/10\/final-de-evento-citroen-300x168.jpg 300w, https:\/\/javiervarelactor.com\/wp-content\/uploads\/2016\/10\/final-de-evento-citroen.jpg 480w\" sizes=\"(max-width: 300px) 100vw, 300px\" \/><\/a><\/p>\n<p>&nbsp;<\/p>\n","protected":false},"excerpt":{"rendered":"<p>Cada empresa elige c\u00f3mo celebrar sus eventos m\u00e1s importantes del a\u00f1o y, este a\u00f1o, Citr\u00f6en Vigo me ha elegido para organizar su fiesta anual.Un intenso trabajo de organizaci\u00f3n durante meses para convocar a profesionales y artistas de primer nivel en la Gala evento de Citr\u00f6en 2016. Contar con expertos en organizaci\u00f3n de galas es garant\u00eda <a class=\"read-more\" href=\"https:\/\/javiervarelactor.com\/?p=984\">Leer m\u00e1s<\/a><\/p>\n","protected":false},"author":1,"featured_media":995,"comment_status":"closed","ping_status":"open","sticky":false,"template":"","format":"standard","meta":{"_monsterinsights_skip_tracking":false,"_monsterinsights_sitenote_active":false,"_monsterinsights_sitenote_note":"","_monsterinsights_sitenote_category":0,"footnotes":""},"categories":[21,22],"tags":[55,56,75,74],"yoast_head":"<!-- This site is optimized with the Yoast SEO plugin v22.7 - https:\/\/yoast.com\/wordpress\/plugins\/seo\/ -->\n<title>Presentador de eventos de empresa - Gala Citr\u00f6en Vigo 2016<\/title>\n<meta name=\"description\" content=\"Eventos de empresa personalizados y desarrollados por profesionales. Javier Varela gui\u00f3n y Presentador de eventos de empresa - Gala Citr\u00f6en Vigo 2016\" \/>\n<meta name=\"robots\" content=\"index, follow, max-snippet:-1, max-image-preview:large, max-video-preview:-1\" \/>\n<link rel=\"canonical\" href=\"https:\/\/javiervarelactor.com\/?p=984\" \/>\n<meta property=\"og:locale\" content=\"es_ES\" \/>\n<meta property=\"og:type\" content=\"article\" \/>\n<meta property=\"og:title\" content=\"Presentador de eventos de empresa - Gala Citr\u00f6en Vigo 2016\" \/>\n<meta property=\"og:description\" content=\"Eventos de empresa personalizados y desarrollados por profesionales. Javier Varela gui\u00f3n y Presentador de eventos de empresa - Gala Citr\u00f6en Vigo 2016\" \/>\n<meta property=\"og:url\" content=\"https:\/\/javiervarelactor.com\/?p=984\" \/>\n<meta property=\"og:site_name\" content=\"Javier Varela\" \/>\n<meta property=\"article:publisher\" content=\"https:\/\/www.facebook.com\/pages\/Javier-Varela\/145894855509796?sk=info&amp;amp%3bamp%3bamp%3bamp%3btab=page_info\" \/>\n<meta property=\"article:published_time\" content=\"2016-10-30T17:03:56+00:00\" \/>\n<meta property=\"article:modified_time\" content=\"2017-12-11T10:19:30+00:00\" \/>\n<meta property=\"og:image\" content=\"https:\/\/javiervarelactor.com\/wp-content\/uploads\/2016\/10\/eventocitr.jpg\" \/>\n\t<meta property=\"og:image:width\" content=\"720\" \/>\n\t<meta property=\"og:image:height\" content=\"397\" \/>\n\t<meta property=\"og:image:type\" content=\"image\/jpeg\" \/>\n<meta name=\"author\" content=\"Javier Varela\" \/>\n<meta name=\"twitter:label1\" content=\"Escrito por\" \/>\n\t<meta name=\"twitter:data1\" content=\"Javier Varela\" \/>\n\t<meta name=\"twitter:label2\" content=\"Tiempo de lectura\" \/>\n\t<meta name=\"twitter:data2\" content=\"1 minuto\" \/>\n<script type=\"application\/ld+json\" class=\"yoast-schema-graph\">{\"@context\":\"https:\/\/schema.org\",\"@graph\":[{\"@type\":\"WebPage\",\"@id\":\"https:\/\/javiervarelactor.com\/?p=984\",\"url\":\"https:\/\/javiervarelactor.com\/?p=984\",\"name\":\"Presentador de eventos de empresa - Gala Citr\u00f6en Vigo 2016\",\"isPartOf\":{\"@id\":\"https:\/\/javiervarelactor.com\/#website\"},\"primaryImageOfPage\":{\"@id\":\"https:\/\/javiervarelactor.com\/?p=984#primaryimage\"},\"image\":{\"@id\":\"https:\/\/javiervarelactor.com\/?p=984#primaryimage\"},\"thumbnailUrl\":\"https:\/\/javiervarelactor.com\/wp-content\/uploads\/2016\/10\/eventocitr.jpg\",\"datePublished\":\"2016-10-30T17:03:56+00:00\",\"dateModified\":\"2017-12-11T10:19:30+00:00\",\"author\":{\"@id\":\"https:\/\/javiervarelactor.com\/#\/schema\/person\/e3104f2f3cca87d9a07b40f5281c02ba\"},\"description\":\"Eventos de empresa personalizados y desarrollados por profesionales. Javier Varela gui\u00f3n y Presentador de eventos de empresa - Gala Citr\u00f6en Vigo 2016\",\"breadcrumb\":{\"@id\":\"https:\/\/javiervarelactor.com\/?p=984#breadcrumb\"},\"inLanguage\":\"es\",\"potentialAction\":[{\"@type\":\"ReadAction\",\"target\":[\"https:\/\/javiervarelactor.com\/?p=984\"]}]},{\"@type\":\"ImageObject\",\"inLanguage\":\"es\",\"@id\":\"https:\/\/javiervarelactor.com\/?p=984#primaryimage\",\"url\":\"https:\/\/javiervarelactor.com\/wp-content\/uploads\/2016\/10\/eventocitr.jpg\",\"contentUrl\":\"https:\/\/javiervarelactor.com\/wp-content\/uploads\/2016\/10\/eventocitr.jpg\",\"width\":720,\"height\":397},{\"@type\":\"BreadcrumbList\",\"@id\":\"https:\/\/javiervarelactor.com\/?p=984#breadcrumb\",\"itemListElement\":[{\"@type\":\"ListItem\",\"position\":1,\"name\":\"Inicio\",\"item\":\"https:\/\/javiervarelactor.com\/\"},{\"@type\":\"ListItem\",\"position\":2,\"name\":\"Presentador de eventos de empresa &#8211; Gala Citr\u00f6en Vigo 2016\"}]},{\"@type\":\"WebSite\",\"@id\":\"https:\/\/javiervarelactor.com\/#website\",\"url\":\"https:\/\/javiervarelactor.com\/\",\"name\":\"Javier Varela\",\"description\":\"Actor y Presentador\",\"potentialAction\":[{\"@type\":\"SearchAction\",\"target\":{\"@type\":\"EntryPoint\",\"urlTemplate\":\"https:\/\/javiervarelactor.com\/?s={search_term_string}\"},\"query-input\":\"required name=search_term_string\"}],\"inLanguage\":\"es\"},{\"@type\":\"Person\",\"@id\":\"https:\/\/javiervarelactor.com\/#\/schema\/person\/e3104f2f3cca87d9a07b40f5281c02ba\",\"name\":\"Javier Varela\",\"image\":{\"@type\":\"ImageObject\",\"inLanguage\":\"es\",\"@id\":\"https:\/\/javiervarelactor.com\/#\/schema\/person\/image\/\",\"url\":\"https:\/\/secure.gravatar.com\/avatar\/858edfdbe98ed682c9723085564a87b3?s=96&d=mm&r=g\",\"contentUrl\":\"https:\/\/secure.gravatar.com\/avatar\/858edfdbe98ed682c9723085564a87b3?s=96&d=mm&r=g\",\"caption\":\"Javier Varela\"},\"sameAs\":[\"http:\/\/www.javiervarelactor.com\"],\"url\":\"https:\/\/javiervarelactor.com\/?author=1\"}]}<\/script>\n<!-- \/ Yoast SEO plugin. -->","yoast_head_json":{"title":"Presentador de eventos de empresa - Gala Citr\u00f6en Vigo 2016","description":"Eventos de empresa personalizados y desarrollados por profesionales. Javier Varela gui\u00f3n y Presentador de eventos de empresa - Gala Citr\u00f6en Vigo 2016","robots":{"index":"index","follow":"follow","max-snippet":"max-snippet:-1","max-image-preview":"max-image-preview:large","max-video-preview":"max-video-preview:-1"},"canonical":"https:\/\/javiervarelactor.com\/?p=984","og_locale":"es_ES","og_type":"article","og_title":"Presentador de eventos de empresa - Gala Citr\u00f6en Vigo 2016","og_description":"Eventos de empresa personalizados y desarrollados por profesionales. Javier Varela gui\u00f3n y Presentador de eventos de empresa - Gala Citr\u00f6en Vigo 2016","og_url":"https:\/\/javiervarelactor.com\/?p=984","og_site_name":"Javier Varela","article_publisher":"https:\/\/www.facebook.com\/pages\/Javier-Varela\/145894855509796?sk=info&amp%3bamp%3bamp%3bamp%3btab=page_info","article_published_time":"2016-10-30T17:03:56+00:00","article_modified_time":"2017-12-11T10:19:30+00:00","og_image":[{"width":720,"height":397,"url":"https:\/\/javiervarelactor.com\/wp-content\/uploads\/2016\/10\/eventocitr.jpg","type":"image\/jpeg"}],"author":"Javier Varela","twitter_misc":{"Escrito por":"Javier Varela","Tiempo de lectura":"1 minuto"},"schema":{"@context":"https:\/\/schema.org","@graph":[{"@type":"WebPage","@id":"https:\/\/javiervarelactor.com\/?p=984","url":"https:\/\/javiervarelactor.com\/?p=984","name":"Presentador de eventos de empresa - Gala Citr\u00f6en Vigo 2016","isPartOf":{"@id":"https:\/\/javiervarelactor.com\/#website"},"primaryImageOfPage":{"@id":"https:\/\/javiervarelactor.com\/?p=984#primaryimage"},"image":{"@id":"https:\/\/javiervarelactor.com\/?p=984#primaryimage"},"thumbnailUrl":"https:\/\/javiervarelactor.com\/wp-content\/uploads\/2016\/10\/eventocitr.jpg","datePublished":"2016-10-30T17:03:56+00:00","dateModified":"2017-12-11T10:19:30+00:00","author":{"@id":"https:\/\/javiervarelactor.com\/#\/schema\/person\/e3104f2f3cca87d9a07b40f5281c02ba"},"description":"Eventos de empresa personalizados y desarrollados por profesionales. Javier Varela gui\u00f3n y Presentador de eventos de empresa - Gala Citr\u00f6en Vigo 2016","breadcrumb":{"@id":"https:\/\/javiervarelactor.com\/?p=984#breadcrumb"},"inLanguage":"es","potentialAction":[{"@type":"ReadAction","target":["https:\/\/javiervarelactor.com\/?p=984"]}]},{"@type":"ImageObject","inLanguage":"es","@id":"https:\/\/javiervarelactor.com\/?p=984#primaryimage","url":"https:\/\/javiervarelactor.com\/wp-content\/uploads\/2016\/10\/eventocitr.jpg","contentUrl":"https:\/\/javiervarelactor.com\/wp-content\/uploads\/2016\/10\/eventocitr.jpg","width":720,"height":397},{"@type":"BreadcrumbList","@id":"https:\/\/javiervarelactor.com\/?p=984#breadcrumb","itemListElement":[{"@type":"ListItem","position":1,"name":"Inicio","item":"https:\/\/javiervarelactor.com\/"},{"@type":"ListItem","position":2,"name":"Presentador de eventos de empresa &#8211; Gala Citr\u00f6en Vigo 2016"}]},{"@type":"WebSite","@id":"https:\/\/javiervarelactor.com\/#website","url":"https:\/\/javiervarelactor.com\/","name":"Javier Varela","description":"Actor y Presentador","potentialAction":[{"@type":"SearchAction","target":{"@type":"EntryPoint","urlTemplate":"https:\/\/javiervarelactor.com\/?s={search_term_string}"},"query-input":"required name=search_term_string"}],"inLanguage":"es"},{"@type":"Person","@id":"https:\/\/javiervarelactor.com\/#\/schema\/person\/e3104f2f3cca87d9a07b40f5281c02ba","name":"Javier Varela","image":{"@type":"ImageObject","inLanguage":"es","@id":"https:\/\/javiervarelactor.com\/#\/schema\/person\/image\/","url":"https:\/\/secure.gravatar.com\/avatar\/858edfdbe98ed682c9723085564a87b3?s=96&d=mm&r=g","contentUrl":"https:\/\/secure.gravatar.com\/avatar\/858edfdbe98ed682c9723085564a87b3?s=96&d=mm&r=g","caption":"Javier Varela"},"sameAs":["http:\/\/www.javiervarelactor.com"],"url":"https:\/\/javiervarelactor.com\/?author=1"}]}},"_links":{"self":[{"href":"https:\/\/javiervarelactor.com\/index.php?rest_route=\/wp\/v2\/posts\/984"}],"collection":[{"href":"https:\/\/javiervarelactor.com\/index.php?rest_route=\/wp\/v2\/posts"}],"about":[{"href":"https:\/\/javiervarelactor.com\/index.php?rest_route=\/wp\/v2\/types\/post"}],"author":[{"embeddable":true,"href":"https:\/\/javiervarelactor.com\/index.php?rest_route=\/wp\/v2\/users\/1"}],"replies":[{"embeddable":true,"href":"https:\/\/javiervarelactor.com\/index.php?rest_route=%2Fwp%2Fv2%2Fcomments&post=984"}],"version-history":[{"count":10,"href":"https:\/\/javiervarelactor.com\/index.php?rest_route=\/wp\/v2\/posts\/984\/revisions"}],"predecessor-version":[{"id":1101,"href":"https:\/\/javiervarelactor.com\/index.php?rest_route=\/wp\/v2\/posts\/984\/revisions\/1101"}],"wp:featuredmedia":[{"embeddable":true,"href":"https:\/\/javiervarelactor.com\/index.php?rest_route=\/wp\/v2\/media\/995"}],"wp:attachment":[{"href":"https:\/\/javiervarelactor.com\/index.php?rest_route=%2Fwp%2Fv2%2Fmedia&parent=984"}],"wp:term":[{"taxonomy":"category","embeddable":true,"href":"https:\/\/javiervarelactor.com\/index.php?rest_route=%2Fwp%2Fv2%2Fcategories&post=984"},{"taxonomy":"post_tag","embeddable":true,"href":"https:\/\/javiervarelactor.com\/index.php?rest_route=%2Fwp%2Fv2%2Ftags&post=984"}],"curies":[{"name":"wp","href":"https:\/\/api.w.org\/{rel}","templated":true}]}}