{"id":982,"date":"2016-11-08T00:45:55","date_gmt":"2016-11-08T00:45:55","guid":{"rendered":"http:\/\/javiervarelactor.com\/?p=982"},"modified":"2016-11-23T10:18:19","modified_gmt":"2016-11-23T10:18:19","slug":"gps-para-television-de-galicia","status":"publish","type":"post","link":"https:\/\/javiervarelactor.com\/?p=982","title":{"rendered":"GPS Televisi\u00f3n de Galicia &#8211; Javier Varela"},"content":{"rendered":"<p>Es un placer volver a participar en un programa para la Televisi\u00f3n de Galicia. <em>GPS televisi\u00f3n de galicia &#8211; Javier Varela<\/em>. Esta vez, la alegr\u00eda es mayor por varios motivos. Uno de ellos es que el formato se trata de un espacio innovador en la programaci\u00f3n, GPS \u00abGalicia Percorre Sendeiros\u00bb una apuesta por la naturaleza, el aire libre, la ecolog\u00eda, el deporte y Galicia. GPS es un espacio perfecto para conocer Galicia y sus maravillosos espacios naturales.<a href=\"http:\/\/javiervarelactor.com\/wp-content\/uploads\/2016\/10\/gps-equipo-.jpg\"><img loading=\"lazy\" decoding=\"async\" class=\"size-medium wp-image-1002 alignleft\" src=\"http:\/\/javiervarelactor.com\/wp-content\/uploads\/2016\/10\/gps-equipo--300x174.jpg\" alt=\"gps equipo\" width=\"300\" height=\"174\" srcset=\"https:\/\/javiervarelactor.com\/wp-content\/uploads\/2016\/10\/gps-equipo--300x174.jpg 300w, https:\/\/javiervarelactor.com\/wp-content\/uploads\/2016\/10\/gps-equipo--1024x595.jpg 1024w\" sizes=\"(max-width: 300px) 100vw, 300px\" \/><\/a><\/p>\n<p>Como de maravilloso es el equipo que ha creado este formato: GraneroV\u00eddeo. Creadores, productores y protagonistas de que toda la parte t\u00e9cnica, las im\u00e1genes, los espacios y la edici\u00f3n de GPS hagan del programa algo irresistible de ver.<\/p>\n<p>Muy pronto en TVG, estad atentos que yo os cuento. Como en el programa, al que presto mi voz para relatar las rutas que podr\u00e1s descubrir por nuestros paisajes gallegos.<\/p>\n<p>Puedes seguir las novedades de <a href=\"https:\/\/www.facebook.com\/gpsgalicia\/\" target=\"_blank\">GPS en su perfil de facebook<\/a><\/p>\n<h5>\u00abO espectador experimenta en primeira persoa a sensaci\u00f3n de percorrer unha ruta, ver as paisaxes e falar coa xente que atopamos no cami\u00f1o.<br \/>\nO programa ten o obxectivo de motivar a co\u00f1ecer e percorrer rutas galegas favorecendo o turismo interior coa pr\u00e1ctica dunha actvidade saudable\u00bb<\/h5>\n<p>&nbsp;<\/p>\n","protected":false},"excerpt":{"rendered":"<p>Es un placer volver a participar en un programa para la Televisi\u00f3n de Galicia. GPS televisi\u00f3n de galicia &#8211; Javier Varela. Esta vez, la alegr\u00eda es mayor por varios motivos. Uno de ellos es que el formato se trata de un espacio innovador en la programaci\u00f3n, GPS \u00abGalicia Percorre Sendeiros\u00bb una apuesta por la naturaleza, <a class=\"read-more\" href=\"https:\/\/javiervarelactor.com\/?p=982\">Leer m\u00e1s<\/a><\/p>\n","protected":false},"author":1,"featured_media":1002,"comment_status":"closed","ping_status":"open","sticky":false,"template":"","format":"standard","meta":{"_monsterinsights_skip_tracking":false,"_monsterinsights_sitenote_active":false,"_monsterinsights_sitenote_note":"","_monsterinsights_sitenote_category":0,"footnotes":""},"categories":[41,49],"tags":[54,43],"yoast_head":"<!-- This site is optimized with the Yoast SEO plugin v22.7 - https:\/\/yoast.com\/wordpress\/plugins\/seo\/ -->\n<title>GPS en Televisi\u00f3n de Galicia - Javier Varela<\/title>\n<meta name=\"description\" content=\"GPS televisi\u00f3n de galicia - Javier Varela .Nuevo programa para Televisi\u00f3n de Galicia con Javier Varela, GPS un formato innovador en el que el actor presta su voz para las locuciones.\" \/>\n<meta name=\"robots\" content=\"index, follow, max-snippet:-1, max-image-preview:large, max-video-preview:-1\" \/>\n<link rel=\"canonical\" href=\"https:\/\/javiervarelactor.com\/?p=982\" \/>\n<meta property=\"og:locale\" content=\"es_ES\" \/>\n<meta property=\"og:type\" content=\"article\" \/>\n<meta property=\"og:title\" content=\"GPS en Televisi\u00f3n de Galicia - Javier Varela\" \/>\n<meta property=\"og:description\" content=\"GPS televisi\u00f3n de galicia - Javier Varela .Nuevo programa para Televisi\u00f3n de Galicia con Javier Varela, GPS un formato innovador en el que el actor presta su voz para las locuciones.\" \/>\n<meta property=\"og:url\" content=\"https:\/\/javiervarelactor.com\/?p=982\" \/>\n<meta property=\"og:site_name\" content=\"Javier Varela\" \/>\n<meta property=\"article:publisher\" content=\"https:\/\/www.facebook.com\/pages\/Javier-Varela\/145894855509796?sk=info&amp;amp%3bamp%3bamp%3bamp%3btab=page_info\" \/>\n<meta property=\"article:published_time\" content=\"2016-11-08T00:45:55+00:00\" \/>\n<meta property=\"article:modified_time\" content=\"2016-11-23T10:18:19+00:00\" \/>\n<meta property=\"og:image\" content=\"https:\/\/javiervarelactor.com\/wp-content\/uploads\/2016\/10\/gps-equipo--1024x595.jpg\" \/>\n\t<meta property=\"og:image:width\" content=\"1024\" \/>\n\t<meta property=\"og:image:height\" content=\"595\" \/>\n\t<meta property=\"og:image:type\" content=\"image\/jpeg\" \/>\n<meta name=\"author\" content=\"Javier Varela\" \/>\n<meta name=\"twitter:label1\" content=\"Escrito por\" \/>\n\t<meta name=\"twitter:data1\" content=\"Javier Varela\" \/>\n\t<meta name=\"twitter:label2\" content=\"Tiempo de lectura\" \/>\n\t<meta name=\"twitter:data2\" content=\"1 minuto\" \/>\n<script type=\"application\/ld+json\" class=\"yoast-schema-graph\">{\"@context\":\"https:\/\/schema.org\",\"@graph\":[{\"@type\":\"WebPage\",\"@id\":\"https:\/\/javiervarelactor.com\/?p=982\",\"url\":\"https:\/\/javiervarelactor.com\/?p=982\",\"name\":\"GPS en Televisi\u00f3n de Galicia - Javier Varela\",\"isPartOf\":{\"@id\":\"https:\/\/javiervarelactor.com\/#website\"},\"primaryImageOfPage\":{\"@id\":\"https:\/\/javiervarelactor.com\/?p=982#primaryimage\"},\"image\":{\"@id\":\"https:\/\/javiervarelactor.com\/?p=982#primaryimage\"},\"thumbnailUrl\":\"https:\/\/javiervarelactor.com\/wp-content\/uploads\/2016\/10\/gps-equipo-.jpg\",\"datePublished\":\"2016-11-08T00:45:55+00:00\",\"dateModified\":\"2016-11-23T10:18:19+00:00\",\"author\":{\"@id\":\"https:\/\/javiervarelactor.com\/#\/schema\/person\/e3104f2f3cca87d9a07b40f5281c02ba\"},\"description\":\"GPS televisi\u00f3n de galicia - Javier Varela .Nuevo programa para Televisi\u00f3n de Galicia con Javier Varela, GPS un formato innovador en el que el actor presta su voz para las locuciones.\",\"breadcrumb\":{\"@id\":\"https:\/\/javiervarelactor.com\/?p=982#breadcrumb\"},\"inLanguage\":\"es\",\"potentialAction\":[{\"@type\":\"ReadAction\",\"target\":[\"https:\/\/javiervarelactor.com\/?p=982\"]}]},{\"@type\":\"ImageObject\",\"inLanguage\":\"es\",\"@id\":\"https:\/\/javiervarelactor.com\/?p=982#primaryimage\",\"url\":\"https:\/\/javiervarelactor.com\/wp-content\/uploads\/2016\/10\/gps-equipo-.jpg\",\"contentUrl\":\"https:\/\/javiervarelactor.com\/wp-content\/uploads\/2016\/10\/gps-equipo-.jpg\",\"width\":4950,\"height\":2874,\"caption\":\"gps equipo\"},{\"@type\":\"BreadcrumbList\",\"@id\":\"https:\/\/javiervarelactor.com\/?p=982#breadcrumb\",\"itemListElement\":[{\"@type\":\"ListItem\",\"position\":1,\"name\":\"Inicio\",\"item\":\"https:\/\/javiervarelactor.com\/\"},{\"@type\":\"ListItem\",\"position\":2,\"name\":\"GPS Televisi\u00f3n de Galicia &#8211; Javier Varela\"}]},{\"@type\":\"WebSite\",\"@id\":\"https:\/\/javiervarelactor.com\/#website\",\"url\":\"https:\/\/javiervarelactor.com\/\",\"name\":\"Javier Varela\",\"description\":\"Actor y Presentador\",\"potentialAction\":[{\"@type\":\"SearchAction\",\"target\":{\"@type\":\"EntryPoint\",\"urlTemplate\":\"https:\/\/javiervarelactor.com\/?s={search_term_string}\"},\"query-input\":\"required name=search_term_string\"}],\"inLanguage\":\"es\"},{\"@type\":\"Person\",\"@id\":\"https:\/\/javiervarelactor.com\/#\/schema\/person\/e3104f2f3cca87d9a07b40f5281c02ba\",\"name\":\"Javier Varela\",\"image\":{\"@type\":\"ImageObject\",\"inLanguage\":\"es\",\"@id\":\"https:\/\/javiervarelactor.com\/#\/schema\/person\/image\/\",\"url\":\"https:\/\/secure.gravatar.com\/avatar\/858edfdbe98ed682c9723085564a87b3?s=96&d=mm&r=g\",\"contentUrl\":\"https:\/\/secure.gravatar.com\/avatar\/858edfdbe98ed682c9723085564a87b3?s=96&d=mm&r=g\",\"caption\":\"Javier Varela\"},\"sameAs\":[\"http:\/\/www.javiervarelactor.com\"],\"url\":\"https:\/\/javiervarelactor.com\/?author=1\"}]}<\/script>\n<!-- \/ Yoast SEO plugin. -->","yoast_head_json":{"title":"GPS en Televisi\u00f3n de Galicia - Javier Varela","description":"GPS televisi\u00f3n de galicia - Javier Varela .Nuevo programa para Televisi\u00f3n de Galicia con Javier Varela, GPS un formato innovador en el que el actor presta su voz para las locuciones.","robots":{"index":"index","follow":"follow","max-snippet":"max-snippet:-1","max-image-preview":"max-image-preview:large","max-video-preview":"max-video-preview:-1"},"canonical":"https:\/\/javiervarelactor.com\/?p=982","og_locale":"es_ES","og_type":"article","og_title":"GPS en Televisi\u00f3n de Galicia - Javier Varela","og_description":"GPS televisi\u00f3n de galicia - Javier Varela .Nuevo programa para Televisi\u00f3n de Galicia con Javier Varela, GPS un formato innovador en el que el actor presta su voz para las locuciones.","og_url":"https:\/\/javiervarelactor.com\/?p=982","og_site_name":"Javier Varela","article_publisher":"https:\/\/www.facebook.com\/pages\/Javier-Varela\/145894855509796?sk=info&amp%3bamp%3bamp%3bamp%3btab=page_info","article_published_time":"2016-11-08T00:45:55+00:00","article_modified_time":"2016-11-23T10:18:19+00:00","og_image":[{"width":1024,"height":595,"url":"https:\/\/javiervarelactor.com\/wp-content\/uploads\/2016\/10\/gps-equipo--1024x595.jpg","type":"image\/jpeg"}],"author":"Javier Varela","twitter_misc":{"Escrito por":"Javier Varela","Tiempo de lectura":"1 minuto"},"schema":{"@context":"https:\/\/schema.org","@graph":[{"@type":"WebPage","@id":"https:\/\/javiervarelactor.com\/?p=982","url":"https:\/\/javiervarelactor.com\/?p=982","name":"GPS en Televisi\u00f3n de Galicia - Javier Varela","isPartOf":{"@id":"https:\/\/javiervarelactor.com\/#website"},"primaryImageOfPage":{"@id":"https:\/\/javiervarelactor.com\/?p=982#primaryimage"},"image":{"@id":"https:\/\/javiervarelactor.com\/?p=982#primaryimage"},"thumbnailUrl":"https:\/\/javiervarelactor.com\/wp-content\/uploads\/2016\/10\/gps-equipo-.jpg","datePublished":"2016-11-08T00:45:55+00:00","dateModified":"2016-11-23T10:18:19+00:00","author":{"@id":"https:\/\/javiervarelactor.com\/#\/schema\/person\/e3104f2f3cca87d9a07b40f5281c02ba"},"description":"GPS televisi\u00f3n de galicia - Javier Varela .Nuevo programa para Televisi\u00f3n de Galicia con Javier Varela, GPS un formato innovador en el que el actor presta su voz para las locuciones.","breadcrumb":{"@id":"https:\/\/javiervarelactor.com\/?p=982#breadcrumb"},"inLanguage":"es","potentialAction":[{"@type":"ReadAction","target":["https:\/\/javiervarelactor.com\/?p=982"]}]},{"@type":"ImageObject","inLanguage":"es","@id":"https:\/\/javiervarelactor.com\/?p=982#primaryimage","url":"https:\/\/javiervarelactor.com\/wp-content\/uploads\/2016\/10\/gps-equipo-.jpg","contentUrl":"https:\/\/javiervarelactor.com\/wp-content\/uploads\/2016\/10\/gps-equipo-.jpg","width":4950,"height":2874,"caption":"gps equipo"},{"@type":"BreadcrumbList","@id":"https:\/\/javiervarelactor.com\/?p=982#breadcrumb","itemListElement":[{"@type":"ListItem","position":1,"name":"Inicio","item":"https:\/\/javiervarelactor.com\/"},{"@type":"ListItem","position":2,"name":"GPS Televisi\u00f3n de Galicia &#8211; Javier Varela"}]},{"@type":"WebSite","@id":"https:\/\/javiervarelactor.com\/#website","url":"https:\/\/javiervarelactor.com\/","name":"Javier Varela","description":"Actor y Presentador","potentialAction":[{"@type":"SearchAction","target":{"@type":"EntryPoint","urlTemplate":"https:\/\/javiervarelactor.com\/?s={search_term_string}"},"query-input":"required name=search_term_string"}],"inLanguage":"es"},{"@type":"Person","@id":"https:\/\/javiervarelactor.com\/#\/schema\/person\/e3104f2f3cca87d9a07b40f5281c02ba","name":"Javier Varela","image":{"@type":"ImageObject","inLanguage":"es","@id":"https:\/\/javiervarelactor.com\/#\/schema\/person\/image\/","url":"https:\/\/secure.gravatar.com\/avatar\/858edfdbe98ed682c9723085564a87b3?s=96&d=mm&r=g","contentUrl":"https:\/\/secure.gravatar.com\/avatar\/858edfdbe98ed682c9723085564a87b3?s=96&d=mm&r=g","caption":"Javier Varela"},"sameAs":["http:\/\/www.javiervarelactor.com"],"url":"https:\/\/javiervarelactor.com\/?author=1"}]}},"_links":{"self":[{"href":"https:\/\/javiervarelactor.com\/index.php?rest_route=\/wp\/v2\/posts\/982"}],"collection":[{"href":"https:\/\/javiervarelactor.com\/index.php?rest_route=\/wp\/v2\/posts"}],"about":[{"href":"https:\/\/javiervarelactor.com\/index.php?rest_route=\/wp\/v2\/types\/post"}],"author":[{"embeddable":true,"href":"https:\/\/javiervarelactor.com\/index.php?rest_route=\/wp\/v2\/users\/1"}],"replies":[{"embeddable":true,"href":"https:\/\/javiervarelactor.com\/index.php?rest_route=%2Fwp%2Fv2%2Fcomments&post=982"}],"version-history":[{"count":6,"href":"https:\/\/javiervarelactor.com\/index.php?rest_route=\/wp\/v2\/posts\/982\/revisions"}],"predecessor-version":[{"id":1011,"href":"https:\/\/javiervarelactor.com\/index.php?rest_route=\/wp\/v2\/posts\/982\/revisions\/1011"}],"wp:featuredmedia":[{"embeddable":true,"href":"https:\/\/javiervarelactor.com\/index.php?rest_route=\/wp\/v2\/media\/1002"}],"wp:attachment":[{"href":"https:\/\/javiervarelactor.com\/index.php?rest_route=%2Fwp%2Fv2%2Fmedia&parent=982"}],"wp:term":[{"taxonomy":"category","embeddable":true,"href":"https:\/\/javiervarelactor.com\/index.php?rest_route=%2Fwp%2Fv2%2Fcategories&post=982"},{"taxonomy":"post_tag","embeddable":true,"href":"https:\/\/javiervarelactor.com\/index.php?rest_route=%2Fwp%2Fv2%2Ftags&post=982"}],"curies":[{"name":"wp","href":"https:\/\/api.w.org\/{rel}","templated":true}]}}