{"id":961,"date":"2016-10-03T09:53:24","date_gmt":"2016-10-03T09:53:24","guid":{"rendered":"http:\/\/javiervarelactor.com\/?p=961"},"modified":"2016-10-03T09:55:51","modified_gmt":"2016-10-03T09:55:51","slug":"nuevas-canciones-un-momento-duro","status":"publish","type":"post","link":"https:\/\/javiervarelactor.com\/?p=961","title":{"rendered":"Nuevas canciones \u00abUn momento duro\u00bb"},"content":{"rendered":"<p><span style=\"color: #333333;\">Nueva temporada del exitoso montaje teatral de humor y m\u00fasica en directo \u00abUn momento duro de ahora, 5 pesetas de las de antes\u00bb con Javier Varela y Miguel Granero. Un texto que ha viajado por toda Espa\u00f1a cosechando un gran \u00e9xito, dejando risas y buen ambiente entre el p\u00fablico.<\/span><\/p>\n<p><span style=\"color: #333333;\">En la nueva temporada que muy pronto arranca, conocer\u00e1s la fecha en breve, \u00abUn momento duro\u00bb presenta una versi\u00f3n mejorada de s\u00ed mismo, con nuevas canciones como la que puedes ver en el siguiente v\u00eddeo. <\/span><\/p>\n<p><span style=\"color: #333333;\">Precisamente son las canciones originales, r\u00e1pidas y divertidas, uno de los valores a\u00f1adidos que este espect\u00e1culo presenta al p\u00fablico. Por ello, adem\u00e1s de por el ritmo, los textos y la fant\u00e1stica interpretaci\u00f3n de sus actores, \u00abUn momento duro de ahora, 5 pesetas de las antes\u00bb gusta a todo tipo de p\u00fablicos.<br \/>\n<\/span><\/p>\n<p><span style=\"color: #333333;\">Original, \u00e1gil y diivertido espect\u00e1culo de humor musical. Muy pronto, nueva y especial fecha para disfrutar.<\/span><br \/>\n<iframe loading=\"lazy\" src=\"https:\/\/www.youtube.com\/embed\/ACs8oXYKMQM\" width=\"560\" height=\"315\" frameborder=\"0\" allowfullscreen=\"allowfullscreen\"><\/iframe><\/p>\n","protected":false},"excerpt":{"rendered":"<p>Nueva temporada del exitoso montaje teatral de humor y m\u00fasica en directo \u00abUn momento duro de ahora, 5 pesetas de las de antes\u00bb con Javier Varela y Miguel Granero. Un texto que ha viajado por toda Espa\u00f1a cosechando un gran \u00e9xito, dejando risas y buen ambiente entre el p\u00fablico. En la nueva temporada que muy <a class=\"read-more\" href=\"https:\/\/javiervarelactor.com\/?p=961\">Leer m\u00e1s<\/a><\/p>\n","protected":false},"author":1,"featured_media":962,"comment_status":"closed","ping_status":"open","sticky":false,"template":"","format":"standard","meta":{"_monsterinsights_skip_tracking":false,"_monsterinsights_sitenote_active":false,"_monsterinsights_sitenote_note":"","_monsterinsights_sitenote_category":0,"footnotes":""},"categories":[21,11,53],"tags":[15,48],"yoast_head":"<!-- This site is optimized with the Yoast SEO plugin v22.7 - https:\/\/yoast.com\/wordpress\/plugins\/seo\/ -->\n<title>Canciones &quot;Un momento duro&quot;<\/title>\n<meta name=\"description\" content=\"Nuevas canciones del espect\u00e1culo de humor y m\u00fasica &quot;Un momento duro de ahora, 5 pesetas de las de antes&quot; con Javier Varela y Miguel Granero\" \/>\n<meta name=\"robots\" content=\"index, follow, max-snippet:-1, max-image-preview:large, max-video-preview:-1\" \/>\n<link rel=\"canonical\" href=\"https:\/\/javiervarelactor.com\/?p=961\" \/>\n<meta property=\"og:locale\" content=\"es_ES\" \/>\n<meta property=\"og:type\" content=\"article\" \/>\n<meta property=\"og:title\" content=\"Canciones &quot;Un momento duro&quot;\" \/>\n<meta property=\"og:description\" content=\"Nuevas canciones del espect\u00e1culo de humor y m\u00fasica &quot;Un momento duro de ahora, 5 pesetas de las de antes&quot; con Javier Varela y Miguel Granero\" \/>\n<meta property=\"og:url\" content=\"https:\/\/javiervarelactor.com\/?p=961\" \/>\n<meta property=\"og:site_name\" content=\"Javier Varela\" \/>\n<meta property=\"article:publisher\" content=\"https:\/\/www.facebook.com\/pages\/Javier-Varela\/145894855509796?sk=info&amp;amp%3bamp%3bamp%3bamp%3btab=page_info\" \/>\n<meta property=\"article:published_time\" content=\"2016-10-03T09:53:24+00:00\" \/>\n<meta property=\"article:modified_time\" content=\"2016-10-03T09:55:51+00:00\" \/>\n<meta property=\"og:image\" content=\"https:\/\/javiervarelactor.com\/wp-content\/uploads\/2016\/10\/moment.jpg\" \/>\n\t<meta property=\"og:image:width\" content=\"845\" \/>\n\t<meta property=\"og:image:height\" content=\"473\" \/>\n\t<meta property=\"og:image:type\" content=\"image\/jpeg\" \/>\n<meta name=\"author\" content=\"Javier Varela\" \/>\n<meta name=\"twitter:label1\" content=\"Escrito por\" \/>\n\t<meta name=\"twitter:data1\" content=\"Javier Varela\" \/>\n\t<meta name=\"twitter:label2\" content=\"Tiempo de lectura\" \/>\n\t<meta name=\"twitter:data2\" content=\"1 minuto\" \/>\n<script type=\"application\/ld+json\" class=\"yoast-schema-graph\">{\"@context\":\"https:\/\/schema.org\",\"@graph\":[{\"@type\":\"WebPage\",\"@id\":\"https:\/\/javiervarelactor.com\/?p=961\",\"url\":\"https:\/\/javiervarelactor.com\/?p=961\",\"name\":\"Canciones \\\"Un momento duro\\\"\",\"isPartOf\":{\"@id\":\"https:\/\/javiervarelactor.com\/#website\"},\"primaryImageOfPage\":{\"@id\":\"https:\/\/javiervarelactor.com\/?p=961#primaryimage\"},\"image\":{\"@id\":\"https:\/\/javiervarelactor.com\/?p=961#primaryimage\"},\"thumbnailUrl\":\"https:\/\/javiervarelactor.com\/wp-content\/uploads\/2016\/10\/moment.jpg\",\"datePublished\":\"2016-10-03T09:53:24+00:00\",\"dateModified\":\"2016-10-03T09:55:51+00:00\",\"author\":{\"@id\":\"https:\/\/javiervarelactor.com\/#\/schema\/person\/e3104f2f3cca87d9a07b40f5281c02ba\"},\"description\":\"Nuevas canciones del espect\u00e1culo de humor y m\u00fasica \\\"Un momento duro de ahora, 5 pesetas de las de antes\\\" con Javier Varela y Miguel Granero\",\"breadcrumb\":{\"@id\":\"https:\/\/javiervarelactor.com\/?p=961#breadcrumb\"},\"inLanguage\":\"es\",\"potentialAction\":[{\"@type\":\"ReadAction\",\"target\":[\"https:\/\/javiervarelactor.com\/?p=961\"]}]},{\"@type\":\"ImageObject\",\"inLanguage\":\"es\",\"@id\":\"https:\/\/javiervarelactor.com\/?p=961#primaryimage\",\"url\":\"https:\/\/javiervarelactor.com\/wp-content\/uploads\/2016\/10\/moment.jpg\",\"contentUrl\":\"https:\/\/javiervarelactor.com\/wp-content\/uploads\/2016\/10\/moment.jpg\",\"width\":845,\"height\":473,\"caption\":\"canciones un momento duro\"},{\"@type\":\"BreadcrumbList\",\"@id\":\"https:\/\/javiervarelactor.com\/?p=961#breadcrumb\",\"itemListElement\":[{\"@type\":\"ListItem\",\"position\":1,\"name\":\"Inicio\",\"item\":\"https:\/\/javiervarelactor.com\/\"},{\"@type\":\"ListItem\",\"position\":2,\"name\":\"Nuevas canciones \u00abUn momento duro\u00bb\"}]},{\"@type\":\"WebSite\",\"@id\":\"https:\/\/javiervarelactor.com\/#website\",\"url\":\"https:\/\/javiervarelactor.com\/\",\"name\":\"Javier Varela\",\"description\":\"Actor y Presentador\",\"potentialAction\":[{\"@type\":\"SearchAction\",\"target\":{\"@type\":\"EntryPoint\",\"urlTemplate\":\"https:\/\/javiervarelactor.com\/?s={search_term_string}\"},\"query-input\":\"required name=search_term_string\"}],\"inLanguage\":\"es\"},{\"@type\":\"Person\",\"@id\":\"https:\/\/javiervarelactor.com\/#\/schema\/person\/e3104f2f3cca87d9a07b40f5281c02ba\",\"name\":\"Javier Varela\",\"image\":{\"@type\":\"ImageObject\",\"inLanguage\":\"es\",\"@id\":\"https:\/\/javiervarelactor.com\/#\/schema\/person\/image\/\",\"url\":\"https:\/\/secure.gravatar.com\/avatar\/858edfdbe98ed682c9723085564a87b3?s=96&d=mm&r=g\",\"contentUrl\":\"https:\/\/secure.gravatar.com\/avatar\/858edfdbe98ed682c9723085564a87b3?s=96&d=mm&r=g\",\"caption\":\"Javier Varela\"},\"sameAs\":[\"http:\/\/www.javiervarelactor.com\"],\"url\":\"https:\/\/javiervarelactor.com\/?author=1\"}]}<\/script>\n<!-- \/ Yoast SEO plugin. -->","yoast_head_json":{"title":"Canciones \"Un momento duro\"","description":"Nuevas canciones del espect\u00e1culo de humor y m\u00fasica \"Un momento duro de ahora, 5 pesetas de las de antes\" con Javier Varela y Miguel Granero","robots":{"index":"index","follow":"follow","max-snippet":"max-snippet:-1","max-image-preview":"max-image-preview:large","max-video-preview":"max-video-preview:-1"},"canonical":"https:\/\/javiervarelactor.com\/?p=961","og_locale":"es_ES","og_type":"article","og_title":"Canciones \"Un momento duro\"","og_description":"Nuevas canciones del espect\u00e1culo de humor y m\u00fasica \"Un momento duro de ahora, 5 pesetas de las de antes\" con Javier Varela y Miguel Granero","og_url":"https:\/\/javiervarelactor.com\/?p=961","og_site_name":"Javier Varela","article_publisher":"https:\/\/www.facebook.com\/pages\/Javier-Varela\/145894855509796?sk=info&amp%3bamp%3bamp%3bamp%3btab=page_info","article_published_time":"2016-10-03T09:53:24+00:00","article_modified_time":"2016-10-03T09:55:51+00:00","og_image":[{"width":845,"height":473,"url":"https:\/\/javiervarelactor.com\/wp-content\/uploads\/2016\/10\/moment.jpg","type":"image\/jpeg"}],"author":"Javier Varela","twitter_misc":{"Escrito por":"Javier Varela","Tiempo de lectura":"1 minuto"},"schema":{"@context":"https:\/\/schema.org","@graph":[{"@type":"WebPage","@id":"https:\/\/javiervarelactor.com\/?p=961","url":"https:\/\/javiervarelactor.com\/?p=961","name":"Canciones \"Un momento duro\"","isPartOf":{"@id":"https:\/\/javiervarelactor.com\/#website"},"primaryImageOfPage":{"@id":"https:\/\/javiervarelactor.com\/?p=961#primaryimage"},"image":{"@id":"https:\/\/javiervarelactor.com\/?p=961#primaryimage"},"thumbnailUrl":"https:\/\/javiervarelactor.com\/wp-content\/uploads\/2016\/10\/moment.jpg","datePublished":"2016-10-03T09:53:24+00:00","dateModified":"2016-10-03T09:55:51+00:00","author":{"@id":"https:\/\/javiervarelactor.com\/#\/schema\/person\/e3104f2f3cca87d9a07b40f5281c02ba"},"description":"Nuevas canciones del espect\u00e1culo de humor y m\u00fasica \"Un momento duro de ahora, 5 pesetas de las de antes\" con Javier Varela y Miguel Granero","breadcrumb":{"@id":"https:\/\/javiervarelactor.com\/?p=961#breadcrumb"},"inLanguage":"es","potentialAction":[{"@type":"ReadAction","target":["https:\/\/javiervarelactor.com\/?p=961"]}]},{"@type":"ImageObject","inLanguage":"es","@id":"https:\/\/javiervarelactor.com\/?p=961#primaryimage","url":"https:\/\/javiervarelactor.com\/wp-content\/uploads\/2016\/10\/moment.jpg","contentUrl":"https:\/\/javiervarelactor.com\/wp-content\/uploads\/2016\/10\/moment.jpg","width":845,"height":473,"caption":"canciones un momento duro"},{"@type":"BreadcrumbList","@id":"https:\/\/javiervarelactor.com\/?p=961#breadcrumb","itemListElement":[{"@type":"ListItem","position":1,"name":"Inicio","item":"https:\/\/javiervarelactor.com\/"},{"@type":"ListItem","position":2,"name":"Nuevas canciones \u00abUn momento duro\u00bb"}]},{"@type":"WebSite","@id":"https:\/\/javiervarelactor.com\/#website","url":"https:\/\/javiervarelactor.com\/","name":"Javier Varela","description":"Actor y Presentador","potentialAction":[{"@type":"SearchAction","target":{"@type":"EntryPoint","urlTemplate":"https:\/\/javiervarelactor.com\/?s={search_term_string}"},"query-input":"required name=search_term_string"}],"inLanguage":"es"},{"@type":"Person","@id":"https:\/\/javiervarelactor.com\/#\/schema\/person\/e3104f2f3cca87d9a07b40f5281c02ba","name":"Javier Varela","image":{"@type":"ImageObject","inLanguage":"es","@id":"https:\/\/javiervarelactor.com\/#\/schema\/person\/image\/","url":"https:\/\/secure.gravatar.com\/avatar\/858edfdbe98ed682c9723085564a87b3?s=96&d=mm&r=g","contentUrl":"https:\/\/secure.gravatar.com\/avatar\/858edfdbe98ed682c9723085564a87b3?s=96&d=mm&r=g","caption":"Javier Varela"},"sameAs":["http:\/\/www.javiervarelactor.com"],"url":"https:\/\/javiervarelactor.com\/?author=1"}]}},"_links":{"self":[{"href":"https:\/\/javiervarelactor.com\/index.php?rest_route=\/wp\/v2\/posts\/961"}],"collection":[{"href":"https:\/\/javiervarelactor.com\/index.php?rest_route=\/wp\/v2\/posts"}],"about":[{"href":"https:\/\/javiervarelactor.com\/index.php?rest_route=\/wp\/v2\/types\/post"}],"author":[{"embeddable":true,"href":"https:\/\/javiervarelactor.com\/index.php?rest_route=\/wp\/v2\/users\/1"}],"replies":[{"embeddable":true,"href":"https:\/\/javiervarelactor.com\/index.php?rest_route=%2Fwp%2Fv2%2Fcomments&post=961"}],"version-history":[{"count":3,"href":"https:\/\/javiervarelactor.com\/index.php?rest_route=\/wp\/v2\/posts\/961\/revisions"}],"predecessor-version":[{"id":965,"href":"https:\/\/javiervarelactor.com\/index.php?rest_route=\/wp\/v2\/posts\/961\/revisions\/965"}],"wp:featuredmedia":[{"embeddable":true,"href":"https:\/\/javiervarelactor.com\/index.php?rest_route=\/wp\/v2\/media\/962"}],"wp:attachment":[{"href":"https:\/\/javiervarelactor.com\/index.php?rest_route=%2Fwp%2Fv2%2Fmedia&parent=961"}],"wp:term":[{"taxonomy":"category","embeddable":true,"href":"https:\/\/javiervarelactor.com\/index.php?rest_route=%2Fwp%2Fv2%2Fcategories&post=961"},{"taxonomy":"post_tag","embeddable":true,"href":"https:\/\/javiervarelactor.com\/index.php?rest_route=%2Fwp%2Fv2%2Ftags&post=961"}],"curies":[{"name":"wp","href":"https:\/\/api.w.org\/{rel}","templated":true}]}}