{"id":951,"date":"2016-08-02T09:31:14","date_gmt":"2016-08-02T09:31:14","guid":{"rendered":"http:\/\/javiervarelactor.com\/?p=951"},"modified":"2016-07-25T10:09:13","modified_gmt":"2016-07-25T10:09:13","slug":"spot-abanca-placido-y-serena-ii","status":"publish","type":"post","link":"https:\/\/javiervarelactor.com\/?p=951","title":{"rendered":"Spot Abanca \u00abPl\u00e1cido y Serena\u00bb II"},"content":{"rendered":"<p><span style=\"color: #000000;\">Seguimos d\u00e1ndole ca\u00f1a al spot de Abanca, emitido en Tvg durante este verano 2016. Trabajo realizado con el equipo de profesionales de Verve Audiovisual, con mi gran compa\u00f1ero Alberte Montes. Un resultado excelente, con una calidad muy alta.<\/span><\/p>\n<p><span style=\"color: #000000;\">Es un placer trabajar as\u00ed.<\/span><\/p>\n<p><span style=\"color: #000000;\">Viendo d\u00f3nde grabamos los dos spots dan ganas de ir a Galicia ahora mismo.<\/span><\/p>\n<p><iframe loading=\"lazy\" src=\"https:\/\/player.vimeo.com\/video\/169580443?color=b9fcf7&amp;portrait=0\" width=\"440\" height=\"360\" frameborder=\"0\" allowfullscreen=\"allowfullscreen\"><\/iframe><\/p>\n<p>Si quieres ver la primera parte del spota pincha aqu\u00ed \u00ab<a href=\"http:\/\/javiervarelactor.com\/index.php\/spot-abanca-placido-y-serena\/\" target=\"_blank\">Spot Abanca Pl\u00e1cido y Serena<\/a> I\u00bb<\/p>\n<p>Mis trabajos como actor para spot de televisi\u00f3n<\/p>\n","protected":false},"excerpt":{"rendered":"<p>Seguimos d\u00e1ndole ca\u00f1a al spot de Abanca, emitido en Tvg durante este verano 2016. Trabajo realizado con el equipo de profesionales de Verve Audiovisual, con mi gran compa\u00f1ero Alberte Montes. Un resultado excelente, con una calidad muy alta. Es un placer trabajar as\u00ed. Viendo d\u00f3nde grabamos los dos spots dan ganas de ir a Galicia <a class=\"read-more\" href=\"https:\/\/javiervarelactor.com\/?p=951\">Leer m\u00e1s<\/a><\/p>\n","protected":false},"author":1,"featured_media":953,"comment_status":"closed","ping_status":"open","sticky":false,"template":"","format":"standard","meta":{"_monsterinsights_skip_tracking":false,"_monsterinsights_sitenote_active":false,"_monsterinsights_sitenote_note":"","_monsterinsights_sitenote_category":0,"footnotes":""},"categories":[21,31,41],"tags":[51,43],"yoast_head":"<!-- This site is optimized with the Yoast SEO plugin v22.7 - https:\/\/yoast.com\/wordpress\/plugins\/seo\/ -->\n<title>Spot Abanca Javier Varela<\/title>\n<meta name=\"description\" content=\"Segunda parte del Spot Abanca &quot;Pl\u00e1cido y Serena&quot; emitido en Tvg con el actor Javier Varela\" \/>\n<meta name=\"robots\" content=\"index, follow, max-snippet:-1, max-image-preview:large, max-video-preview:-1\" \/>\n<link rel=\"canonical\" href=\"https:\/\/javiervarelactor.com\/?p=951\" \/>\n<meta property=\"og:locale\" content=\"es_ES\" \/>\n<meta property=\"og:type\" content=\"article\" \/>\n<meta property=\"og:title\" content=\"Spot Abanca Javier Varela\" \/>\n<meta property=\"og:description\" content=\"Segunda parte del Spot Abanca &quot;Pl\u00e1cido y Serena&quot; emitido en Tvg con el actor Javier Varela\" \/>\n<meta property=\"og:url\" content=\"https:\/\/javiervarelactor.com\/?p=951\" \/>\n<meta property=\"og:site_name\" content=\"Javier Varela\" \/>\n<meta property=\"article:publisher\" content=\"https:\/\/www.facebook.com\/pages\/Javier-Varela\/145894855509796?sk=info&amp;amp%3bamp%3bamp%3bamp%3btab=page_info\" \/>\n<meta property=\"article:published_time\" content=\"2016-08-02T09:31:14+00:00\" \/>\n<meta property=\"article:modified_time\" content=\"2016-07-25T10:09:13+00:00\" \/>\n<meta property=\"og:image\" content=\"https:\/\/javiervarelactor.com\/wp-content\/uploads\/2016\/07\/javier-varela.jpg\" \/>\n\t<meta property=\"og:image:width\" content=\"384\" \/>\n\t<meta property=\"og:image:height\" content=\"323\" \/>\n\t<meta property=\"og:image:type\" content=\"image\/jpeg\" \/>\n<meta name=\"author\" content=\"Javier Varela\" \/>\n<meta name=\"twitter:label1\" content=\"Escrito por\" \/>\n\t<meta name=\"twitter:data1\" content=\"Javier Varela\" \/>\n<script type=\"application\/ld+json\" class=\"yoast-schema-graph\">{\"@context\":\"https:\/\/schema.org\",\"@graph\":[{\"@type\":\"WebPage\",\"@id\":\"https:\/\/javiervarelactor.com\/?p=951\",\"url\":\"https:\/\/javiervarelactor.com\/?p=951\",\"name\":\"Spot Abanca Javier Varela\",\"isPartOf\":{\"@id\":\"https:\/\/javiervarelactor.com\/#website\"},\"primaryImageOfPage\":{\"@id\":\"https:\/\/javiervarelactor.com\/?p=951#primaryimage\"},\"image\":{\"@id\":\"https:\/\/javiervarelactor.com\/?p=951#primaryimage\"},\"thumbnailUrl\":\"https:\/\/javiervarelactor.com\/wp-content\/uploads\/2016\/07\/javier-varela.jpg\",\"datePublished\":\"2016-08-02T09:31:14+00:00\",\"dateModified\":\"2016-07-25T10:09:13+00:00\",\"author\":{\"@id\":\"https:\/\/javiervarelactor.com\/#\/schema\/person\/e3104f2f3cca87d9a07b40f5281c02ba\"},\"description\":\"Segunda parte del Spot Abanca \\\"Pl\u00e1cido y Serena\\\" emitido en Tvg con el actor Javier Varela\",\"breadcrumb\":{\"@id\":\"https:\/\/javiervarelactor.com\/?p=951#breadcrumb\"},\"inLanguage\":\"es\",\"potentialAction\":[{\"@type\":\"ReadAction\",\"target\":[\"https:\/\/javiervarelactor.com\/?p=951\"]}]},{\"@type\":\"ImageObject\",\"inLanguage\":\"es\",\"@id\":\"https:\/\/javiervarelactor.com\/?p=951#primaryimage\",\"url\":\"https:\/\/javiervarelactor.com\/wp-content\/uploads\/2016\/07\/javier-varela.jpg\",\"contentUrl\":\"https:\/\/javiervarelactor.com\/wp-content\/uploads\/2016\/07\/javier-varela.jpg\",\"width\":384,\"height\":323,\"caption\":\"javier varela\"},{\"@type\":\"BreadcrumbList\",\"@id\":\"https:\/\/javiervarelactor.com\/?p=951#breadcrumb\",\"itemListElement\":[{\"@type\":\"ListItem\",\"position\":1,\"name\":\"Inicio\",\"item\":\"https:\/\/javiervarelactor.com\/\"},{\"@type\":\"ListItem\",\"position\":2,\"name\":\"Spot Abanca \u00abPl\u00e1cido y Serena\u00bb II\"}]},{\"@type\":\"WebSite\",\"@id\":\"https:\/\/javiervarelactor.com\/#website\",\"url\":\"https:\/\/javiervarelactor.com\/\",\"name\":\"Javier Varela\",\"description\":\"Actor y Presentador\",\"potentialAction\":[{\"@type\":\"SearchAction\",\"target\":{\"@type\":\"EntryPoint\",\"urlTemplate\":\"https:\/\/javiervarelactor.com\/?s={search_term_string}\"},\"query-input\":\"required name=search_term_string\"}],\"inLanguage\":\"es\"},{\"@type\":\"Person\",\"@id\":\"https:\/\/javiervarelactor.com\/#\/schema\/person\/e3104f2f3cca87d9a07b40f5281c02ba\",\"name\":\"Javier Varela\",\"image\":{\"@type\":\"ImageObject\",\"inLanguage\":\"es\",\"@id\":\"https:\/\/javiervarelactor.com\/#\/schema\/person\/image\/\",\"url\":\"https:\/\/secure.gravatar.com\/avatar\/858edfdbe98ed682c9723085564a87b3?s=96&d=mm&r=g\",\"contentUrl\":\"https:\/\/secure.gravatar.com\/avatar\/858edfdbe98ed682c9723085564a87b3?s=96&d=mm&r=g\",\"caption\":\"Javier Varela\"},\"sameAs\":[\"http:\/\/www.javiervarelactor.com\"],\"url\":\"https:\/\/javiervarelactor.com\/?author=1\"}]}<\/script>\n<!-- \/ Yoast SEO plugin. -->","yoast_head_json":{"title":"Spot Abanca Javier Varela","description":"Segunda parte del Spot Abanca \"Pl\u00e1cido y Serena\" emitido en Tvg con el actor Javier Varela","robots":{"index":"index","follow":"follow","max-snippet":"max-snippet:-1","max-image-preview":"max-image-preview:large","max-video-preview":"max-video-preview:-1"},"canonical":"https:\/\/javiervarelactor.com\/?p=951","og_locale":"es_ES","og_type":"article","og_title":"Spot Abanca Javier Varela","og_description":"Segunda parte del Spot Abanca \"Pl\u00e1cido y Serena\" emitido en Tvg con el actor Javier Varela","og_url":"https:\/\/javiervarelactor.com\/?p=951","og_site_name":"Javier Varela","article_publisher":"https:\/\/www.facebook.com\/pages\/Javier-Varela\/145894855509796?sk=info&amp%3bamp%3bamp%3bamp%3btab=page_info","article_published_time":"2016-08-02T09:31:14+00:00","article_modified_time":"2016-07-25T10:09:13+00:00","og_image":[{"width":384,"height":323,"url":"https:\/\/javiervarelactor.com\/wp-content\/uploads\/2016\/07\/javier-varela.jpg","type":"image\/jpeg"}],"author":"Javier Varela","twitter_misc":{"Escrito por":"Javier Varela"},"schema":{"@context":"https:\/\/schema.org","@graph":[{"@type":"WebPage","@id":"https:\/\/javiervarelactor.com\/?p=951","url":"https:\/\/javiervarelactor.com\/?p=951","name":"Spot Abanca Javier Varela","isPartOf":{"@id":"https:\/\/javiervarelactor.com\/#website"},"primaryImageOfPage":{"@id":"https:\/\/javiervarelactor.com\/?p=951#primaryimage"},"image":{"@id":"https:\/\/javiervarelactor.com\/?p=951#primaryimage"},"thumbnailUrl":"https:\/\/javiervarelactor.com\/wp-content\/uploads\/2016\/07\/javier-varela.jpg","datePublished":"2016-08-02T09:31:14+00:00","dateModified":"2016-07-25T10:09:13+00:00","author":{"@id":"https:\/\/javiervarelactor.com\/#\/schema\/person\/e3104f2f3cca87d9a07b40f5281c02ba"},"description":"Segunda parte del Spot Abanca \"Pl\u00e1cido y Serena\" emitido en Tvg con el actor Javier Varela","breadcrumb":{"@id":"https:\/\/javiervarelactor.com\/?p=951#breadcrumb"},"inLanguage":"es","potentialAction":[{"@type":"ReadAction","target":["https:\/\/javiervarelactor.com\/?p=951"]}]},{"@type":"ImageObject","inLanguage":"es","@id":"https:\/\/javiervarelactor.com\/?p=951#primaryimage","url":"https:\/\/javiervarelactor.com\/wp-content\/uploads\/2016\/07\/javier-varela.jpg","contentUrl":"https:\/\/javiervarelactor.com\/wp-content\/uploads\/2016\/07\/javier-varela.jpg","width":384,"height":323,"caption":"javier varela"},{"@type":"BreadcrumbList","@id":"https:\/\/javiervarelactor.com\/?p=951#breadcrumb","itemListElement":[{"@type":"ListItem","position":1,"name":"Inicio","item":"https:\/\/javiervarelactor.com\/"},{"@type":"ListItem","position":2,"name":"Spot Abanca \u00abPl\u00e1cido y Serena\u00bb II"}]},{"@type":"WebSite","@id":"https:\/\/javiervarelactor.com\/#website","url":"https:\/\/javiervarelactor.com\/","name":"Javier Varela","description":"Actor y Presentador","potentialAction":[{"@type":"SearchAction","target":{"@type":"EntryPoint","urlTemplate":"https:\/\/javiervarelactor.com\/?s={search_term_string}"},"query-input":"required name=search_term_string"}],"inLanguage":"es"},{"@type":"Person","@id":"https:\/\/javiervarelactor.com\/#\/schema\/person\/e3104f2f3cca87d9a07b40f5281c02ba","name":"Javier Varela","image":{"@type":"ImageObject","inLanguage":"es","@id":"https:\/\/javiervarelactor.com\/#\/schema\/person\/image\/","url":"https:\/\/secure.gravatar.com\/avatar\/858edfdbe98ed682c9723085564a87b3?s=96&d=mm&r=g","contentUrl":"https:\/\/secure.gravatar.com\/avatar\/858edfdbe98ed682c9723085564a87b3?s=96&d=mm&r=g","caption":"Javier Varela"},"sameAs":["http:\/\/www.javiervarelactor.com"],"url":"https:\/\/javiervarelactor.com\/?author=1"}]}},"_links":{"self":[{"href":"https:\/\/javiervarelactor.com\/index.php?rest_route=\/wp\/v2\/posts\/951"}],"collection":[{"href":"https:\/\/javiervarelactor.com\/index.php?rest_route=\/wp\/v2\/posts"}],"about":[{"href":"https:\/\/javiervarelactor.com\/index.php?rest_route=\/wp\/v2\/types\/post"}],"author":[{"embeddable":true,"href":"https:\/\/javiervarelactor.com\/index.php?rest_route=\/wp\/v2\/users\/1"}],"replies":[{"embeddable":true,"href":"https:\/\/javiervarelactor.com\/index.php?rest_route=%2Fwp%2Fv2%2Fcomments&post=951"}],"version-history":[{"count":3,"href":"https:\/\/javiervarelactor.com\/index.php?rest_route=\/wp\/v2\/posts\/951\/revisions"}],"predecessor-version":[{"id":959,"href":"https:\/\/javiervarelactor.com\/index.php?rest_route=\/wp\/v2\/posts\/951\/revisions\/959"}],"wp:featuredmedia":[{"embeddable":true,"href":"https:\/\/javiervarelactor.com\/index.php?rest_route=\/wp\/v2\/media\/953"}],"wp:attachment":[{"href":"https:\/\/javiervarelactor.com\/index.php?rest_route=%2Fwp%2Fv2%2Fmedia&parent=951"}],"wp:term":[{"taxonomy":"category","embeddable":true,"href":"https:\/\/javiervarelactor.com\/index.php?rest_route=%2Fwp%2Fv2%2Fcategories&post=951"},{"taxonomy":"post_tag","embeddable":true,"href":"https:\/\/javiervarelactor.com\/index.php?rest_route=%2Fwp%2Fv2%2Ftags&post=951"}],"curies":[{"name":"wp","href":"https:\/\/api.w.org\/{rel}","templated":true}]}}