{"id":942,"date":"2016-07-12T21:30:07","date_gmt":"2016-07-12T21:30:07","guid":{"rendered":"http:\/\/javiervarelactor.com\/?p=942"},"modified":"2018-04-03T09:34:02","modified_gmt":"2018-04-03T09:34:02","slug":"locutor-campana-albarino-rias-baixas","status":"publish","type":"post","link":"https:\/\/javiervarelactor.com\/?p=942","title":{"rendered":"Locutor campa\u00f1a \u00abD.O. R\u00edas Baixas\u00bb"},"content":{"rendered":"<p><span style=\"color: #000000;\">Uno de los trabajos m\u00e1s interesantes, divertidos y curiosos, ponerle voz a una original campa\u00f1a a nivel nacional promocionando\u00a0<strong>Denominaci\u00f3n de Origen\u00a0R\u00edas Baixas<\/strong>. Os muestro los tres spots, realizados con mucho gusto y\u00a0con grandes dosis de\u00a0ingenio, con un equipo de profesionales como Verve Audiovisual con los que el trabajo siempre resulta un \u00e9xito.<\/span><\/p>\n<p>Spot Arroz<br \/>\n<iframe loading=\"lazy\" src=\"https:\/\/player.vimeo.com\/video\/174332277?color=b9fcf7&amp;portrait=0\" width=\"440\" height=\"260\" frameborder=\"0\" allowfullscreen=\"allowfullscreen\"><\/iframe><\/p>\n<p>Spot Pescado<br \/>\n<iframe loading=\"lazy\" src=\"https:\/\/player.vimeo.com\/video\/174332232?color=b9fcf7&amp;portrait=0\" width=\"440\" height=\"260\" frameborder=\"0\" allowfullscreen=\"allowfullscreen\"><\/iframe><\/p>\n<p>Spot\u00a0Tartar<br \/>\n<iframe loading=\"lazy\" src=\"https:\/\/player.vimeo.com\/video\/174332184?color=b9fcf7&amp;portrait=0\" width=\"440\" height=\"260\" frameborder=\"0\" allowfullscreen=\"allowfullscreen\"><\/iframe><\/p>\n<p>&nbsp;<\/p>\n<p>&nbsp;<\/p>\n","protected":false},"excerpt":{"rendered":"<p>Uno de los trabajos m\u00e1s interesantes, divertidos y curiosos, ponerle voz a una original campa\u00f1a a nivel nacional promocionando\u00a0Denominaci\u00f3n de Origen\u00a0R\u00edas Baixas. Os muestro los tres spots, realizados con mucho gusto y\u00a0con grandes dosis de\u00a0ingenio, con un equipo de profesionales como Verve Audiovisual con los que el trabajo siempre resulta un \u00e9xito. Spot Arroz Spot <a class=\"read-more\" href=\"https:\/\/javiervarelactor.com\/?p=942\">Leer m\u00e1s<\/a><\/p>\n","protected":false},"author":1,"featured_media":946,"comment_status":"closed","ping_status":"open","sticky":false,"template":"","format":"standard","meta":{"_monsterinsights_skip_tracking":false,"_monsterinsights_sitenote_active":false,"_monsterinsights_sitenote_note":"","_monsterinsights_sitenote_category":0,"footnotes":""},"categories":[49],"tags":[81,52],"yoast_head":"<!-- This site is optimized with the Yoast SEO plugin v22.7 - https:\/\/yoast.com\/wordpress\/plugins\/seo\/ -->\n<title>Locutor campa\u00f1a &quot;D.O. R\u00edas Baixas&quot; - Javier Varela<\/title>\n<meta name=\"description\" content=\"\u00daltimo trabajo como locutor para campa\u00f1a de spots &quot;D.O. R\u00edas Baixas&quot; emitidos en televisi\u00f3n.\" \/>\n<meta name=\"robots\" content=\"index, follow, max-snippet:-1, max-image-preview:large, max-video-preview:-1\" \/>\n<link rel=\"canonical\" href=\"https:\/\/javiervarelactor.com\/?p=942\" \/>\n<meta property=\"og:locale\" content=\"es_ES\" \/>\n<meta property=\"og:type\" content=\"article\" \/>\n<meta property=\"og:title\" content=\"Locutor campa\u00f1a &quot;D.O. R\u00edas Baixas&quot; - Javier Varela\" \/>\n<meta property=\"og:description\" content=\"\u00daltimo trabajo como locutor para campa\u00f1a de spots &quot;D.O. R\u00edas Baixas&quot; emitidos en televisi\u00f3n.\" \/>\n<meta property=\"og:url\" content=\"https:\/\/javiervarelactor.com\/?p=942\" \/>\n<meta property=\"og:site_name\" content=\"Javier Varela\" \/>\n<meta property=\"article:publisher\" content=\"https:\/\/www.facebook.com\/pages\/Javier-Varela\/145894855509796?sk=info&amp;amp%3bamp%3bamp%3bamp%3btab=page_info\" \/>\n<meta property=\"article:published_time\" content=\"2016-07-12T21:30:07+00:00\" \/>\n<meta property=\"article:modified_time\" content=\"2018-04-03T09:34:02+00:00\" \/>\n<meta property=\"og:image\" content=\"https:\/\/javiervarelactor.com\/wp-content\/uploads\/2016\/07\/rias.jpg\" \/>\n\t<meta property=\"og:image:width\" content=\"621\" \/>\n\t<meta property=\"og:image:height\" content=\"346\" \/>\n\t<meta property=\"og:image:type\" content=\"image\/jpeg\" \/>\n<meta name=\"author\" content=\"Javier Varela\" \/>\n<meta name=\"twitter:label1\" content=\"Escrito por\" \/>\n\t<meta name=\"twitter:data1\" content=\"Javier Varela\" \/>\n<script type=\"application\/ld+json\" class=\"yoast-schema-graph\">{\"@context\":\"https:\/\/schema.org\",\"@graph\":[{\"@type\":\"WebPage\",\"@id\":\"https:\/\/javiervarelactor.com\/?p=942\",\"url\":\"https:\/\/javiervarelactor.com\/?p=942\",\"name\":\"Locutor campa\u00f1a \\\"D.O. R\u00edas Baixas\\\" - Javier Varela\",\"isPartOf\":{\"@id\":\"https:\/\/javiervarelactor.com\/#website\"},\"primaryImageOfPage\":{\"@id\":\"https:\/\/javiervarelactor.com\/?p=942#primaryimage\"},\"image\":{\"@id\":\"https:\/\/javiervarelactor.com\/?p=942#primaryimage\"},\"thumbnailUrl\":\"https:\/\/javiervarelactor.com\/wp-content\/uploads\/2016\/07\/rias.jpg\",\"datePublished\":\"2016-07-12T21:30:07+00:00\",\"dateModified\":\"2018-04-03T09:34:02+00:00\",\"author\":{\"@id\":\"https:\/\/javiervarelactor.com\/#\/schema\/person\/e3104f2f3cca87d9a07b40f5281c02ba\"},\"description\":\"\u00daltimo trabajo como locutor para campa\u00f1a de spots \\\"D.O. R\u00edas Baixas\\\" emitidos en televisi\u00f3n.\",\"breadcrumb\":{\"@id\":\"https:\/\/javiervarelactor.com\/?p=942#breadcrumb\"},\"inLanguage\":\"es\",\"potentialAction\":[{\"@type\":\"ReadAction\",\"target\":[\"https:\/\/javiervarelactor.com\/?p=942\"]}]},{\"@type\":\"ImageObject\",\"inLanguage\":\"es\",\"@id\":\"https:\/\/javiervarelactor.com\/?p=942#primaryimage\",\"url\":\"https:\/\/javiervarelactor.com\/wp-content\/uploads\/2016\/07\/rias.jpg\",\"contentUrl\":\"https:\/\/javiervarelactor.com\/wp-content\/uploads\/2016\/07\/rias.jpg\",\"width\":621,\"height\":346,\"caption\":\"spot rias baixas\"},{\"@type\":\"BreadcrumbList\",\"@id\":\"https:\/\/javiervarelactor.com\/?p=942#breadcrumb\",\"itemListElement\":[{\"@type\":\"ListItem\",\"position\":1,\"name\":\"Inicio\",\"item\":\"https:\/\/javiervarelactor.com\/\"},{\"@type\":\"ListItem\",\"position\":2,\"name\":\"Locutor campa\u00f1a \u00abD.O. R\u00edas Baixas\u00bb\"}]},{\"@type\":\"WebSite\",\"@id\":\"https:\/\/javiervarelactor.com\/#website\",\"url\":\"https:\/\/javiervarelactor.com\/\",\"name\":\"Javier Varela\",\"description\":\"Actor y Presentador\",\"potentialAction\":[{\"@type\":\"SearchAction\",\"target\":{\"@type\":\"EntryPoint\",\"urlTemplate\":\"https:\/\/javiervarelactor.com\/?s={search_term_string}\"},\"query-input\":\"required name=search_term_string\"}],\"inLanguage\":\"es\"},{\"@type\":\"Person\",\"@id\":\"https:\/\/javiervarelactor.com\/#\/schema\/person\/e3104f2f3cca87d9a07b40f5281c02ba\",\"name\":\"Javier Varela\",\"image\":{\"@type\":\"ImageObject\",\"inLanguage\":\"es\",\"@id\":\"https:\/\/javiervarelactor.com\/#\/schema\/person\/image\/\",\"url\":\"https:\/\/secure.gravatar.com\/avatar\/858edfdbe98ed682c9723085564a87b3?s=96&d=mm&r=g\",\"contentUrl\":\"https:\/\/secure.gravatar.com\/avatar\/858edfdbe98ed682c9723085564a87b3?s=96&d=mm&r=g\",\"caption\":\"Javier Varela\"},\"sameAs\":[\"http:\/\/www.javiervarelactor.com\"],\"url\":\"https:\/\/javiervarelactor.com\/?author=1\"}]}<\/script>\n<!-- \/ Yoast SEO plugin. -->","yoast_head_json":{"title":"Locutor campa\u00f1a \"D.O. R\u00edas Baixas\" - Javier Varela","description":"\u00daltimo trabajo como locutor para campa\u00f1a de spots \"D.O. R\u00edas Baixas\" emitidos en televisi\u00f3n.","robots":{"index":"index","follow":"follow","max-snippet":"max-snippet:-1","max-image-preview":"max-image-preview:large","max-video-preview":"max-video-preview:-1"},"canonical":"https:\/\/javiervarelactor.com\/?p=942","og_locale":"es_ES","og_type":"article","og_title":"Locutor campa\u00f1a \"D.O. R\u00edas Baixas\" - Javier Varela","og_description":"\u00daltimo trabajo como locutor para campa\u00f1a de spots \"D.O. R\u00edas Baixas\" emitidos en televisi\u00f3n.","og_url":"https:\/\/javiervarelactor.com\/?p=942","og_site_name":"Javier Varela","article_publisher":"https:\/\/www.facebook.com\/pages\/Javier-Varela\/145894855509796?sk=info&amp%3bamp%3bamp%3bamp%3btab=page_info","article_published_time":"2016-07-12T21:30:07+00:00","article_modified_time":"2018-04-03T09:34:02+00:00","og_image":[{"width":621,"height":346,"url":"https:\/\/javiervarelactor.com\/wp-content\/uploads\/2016\/07\/rias.jpg","type":"image\/jpeg"}],"author":"Javier Varela","twitter_misc":{"Escrito por":"Javier Varela"},"schema":{"@context":"https:\/\/schema.org","@graph":[{"@type":"WebPage","@id":"https:\/\/javiervarelactor.com\/?p=942","url":"https:\/\/javiervarelactor.com\/?p=942","name":"Locutor campa\u00f1a \"D.O. R\u00edas Baixas\" - Javier Varela","isPartOf":{"@id":"https:\/\/javiervarelactor.com\/#website"},"primaryImageOfPage":{"@id":"https:\/\/javiervarelactor.com\/?p=942#primaryimage"},"image":{"@id":"https:\/\/javiervarelactor.com\/?p=942#primaryimage"},"thumbnailUrl":"https:\/\/javiervarelactor.com\/wp-content\/uploads\/2016\/07\/rias.jpg","datePublished":"2016-07-12T21:30:07+00:00","dateModified":"2018-04-03T09:34:02+00:00","author":{"@id":"https:\/\/javiervarelactor.com\/#\/schema\/person\/e3104f2f3cca87d9a07b40f5281c02ba"},"description":"\u00daltimo trabajo como locutor para campa\u00f1a de spots \"D.O. R\u00edas Baixas\" emitidos en televisi\u00f3n.","breadcrumb":{"@id":"https:\/\/javiervarelactor.com\/?p=942#breadcrumb"},"inLanguage":"es","potentialAction":[{"@type":"ReadAction","target":["https:\/\/javiervarelactor.com\/?p=942"]}]},{"@type":"ImageObject","inLanguage":"es","@id":"https:\/\/javiervarelactor.com\/?p=942#primaryimage","url":"https:\/\/javiervarelactor.com\/wp-content\/uploads\/2016\/07\/rias.jpg","contentUrl":"https:\/\/javiervarelactor.com\/wp-content\/uploads\/2016\/07\/rias.jpg","width":621,"height":346,"caption":"spot rias baixas"},{"@type":"BreadcrumbList","@id":"https:\/\/javiervarelactor.com\/?p=942#breadcrumb","itemListElement":[{"@type":"ListItem","position":1,"name":"Inicio","item":"https:\/\/javiervarelactor.com\/"},{"@type":"ListItem","position":2,"name":"Locutor campa\u00f1a \u00abD.O. R\u00edas Baixas\u00bb"}]},{"@type":"WebSite","@id":"https:\/\/javiervarelactor.com\/#website","url":"https:\/\/javiervarelactor.com\/","name":"Javier Varela","description":"Actor y Presentador","potentialAction":[{"@type":"SearchAction","target":{"@type":"EntryPoint","urlTemplate":"https:\/\/javiervarelactor.com\/?s={search_term_string}"},"query-input":"required name=search_term_string"}],"inLanguage":"es"},{"@type":"Person","@id":"https:\/\/javiervarelactor.com\/#\/schema\/person\/e3104f2f3cca87d9a07b40f5281c02ba","name":"Javier Varela","image":{"@type":"ImageObject","inLanguage":"es","@id":"https:\/\/javiervarelactor.com\/#\/schema\/person\/image\/","url":"https:\/\/secure.gravatar.com\/avatar\/858edfdbe98ed682c9723085564a87b3?s=96&d=mm&r=g","contentUrl":"https:\/\/secure.gravatar.com\/avatar\/858edfdbe98ed682c9723085564a87b3?s=96&d=mm&r=g","caption":"Javier Varela"},"sameAs":["http:\/\/www.javiervarelactor.com"],"url":"https:\/\/javiervarelactor.com\/?author=1"}]}},"_links":{"self":[{"href":"https:\/\/javiervarelactor.com\/index.php?rest_route=\/wp\/v2\/posts\/942"}],"collection":[{"href":"https:\/\/javiervarelactor.com\/index.php?rest_route=\/wp\/v2\/posts"}],"about":[{"href":"https:\/\/javiervarelactor.com\/index.php?rest_route=\/wp\/v2\/types\/post"}],"author":[{"embeddable":true,"href":"https:\/\/javiervarelactor.com\/index.php?rest_route=\/wp\/v2\/users\/1"}],"replies":[{"embeddable":true,"href":"https:\/\/javiervarelactor.com\/index.php?rest_route=%2Fwp%2Fv2%2Fcomments&post=942"}],"version-history":[{"count":8,"href":"https:\/\/javiervarelactor.com\/index.php?rest_route=\/wp\/v2\/posts\/942\/revisions"}],"predecessor-version":[{"id":1258,"href":"https:\/\/javiervarelactor.com\/index.php?rest_route=\/wp\/v2\/posts\/942\/revisions\/1258"}],"wp:featuredmedia":[{"embeddable":true,"href":"https:\/\/javiervarelactor.com\/index.php?rest_route=\/wp\/v2\/media\/946"}],"wp:attachment":[{"href":"https:\/\/javiervarelactor.com\/index.php?rest_route=%2Fwp%2Fv2%2Fmedia&parent=942"}],"wp:term":[{"taxonomy":"category","embeddable":true,"href":"https:\/\/javiervarelactor.com\/index.php?rest_route=%2Fwp%2Fv2%2Fcategories&post=942"},{"taxonomy":"post_tag","embeddable":true,"href":"https:\/\/javiervarelactor.com\/index.php?rest_route=%2Fwp%2Fv2%2Ftags&post=942"}],"curies":[{"name":"wp","href":"https:\/\/api.w.org\/{rel}","templated":true}]}}