{"id":916,"date":"2016-06-20T08:12:38","date_gmt":"2016-06-20T08:12:38","guid":{"rendered":"http:\/\/javiervarelactor.com\/?p=916"},"modified":"2016-07-25T10:07:46","modified_gmt":"2016-07-25T10:07:46","slug":"spot-abanca-placido-y-serena","status":"publish","type":"post","link":"https:\/\/javiervarelactor.com\/?p=916","title":{"rendered":"Spot Abanca &#8211; Pl\u00e1cido y Serena I"},"content":{"rendered":"<p><a href=\"http:\/\/javiervarelactor.com\/wp-content\/uploads\/2016\/06\/abanca2.jpg\"><img loading=\"lazy\" decoding=\"async\" class=\"size-medium wp-image-919 alignleft\" src=\"http:\/\/javiervarelactor.com\/wp-content\/uploads\/2016\/06\/abanca2-300x158.jpg\" alt=\"abanca javier varela\" width=\"300\" height=\"158\" srcset=\"https:\/\/javiervarelactor.com\/wp-content\/uploads\/2016\/06\/abanca2-300x158.jpg 300w, https:\/\/javiervarelactor.com\/wp-content\/uploads\/2016\/06\/abanca2.jpg 396w\" sizes=\"(max-width: 300px) 100vw, 300px\" \/><\/a>Un nuevo trabajo para Abanca, en un paraje \u00fanico, en la costa gallega. Un resultado de la m\u00e1s alta calidad, como siempre cuando trabajamos con Verve Audiovisual. Emitido en Tvg.<\/p>\n<p>Resultados excelentes tras una jornada intensa de trabajo, con un equipo que hace la labor m\u00e1s sencilla, interesante y divertida. Aqu\u00ed pode\u00eds ver el spot de televisi\u00f3n completo.<\/p>\n<p>\u00abPl\u00e1cido y Serena\u00bb de Abanca, y \u00e9stos dos tipos.<\/p>\n<p><iframe loading=\"lazy\" src=\"https:\/\/player.vimeo.com\/video\/168364455\" width=\"400\" height=\"280\" frameborder=\"0\" allowfullscreen=\"allowfullscreen\"><\/iframe><\/p>\n<p>Pod\u00e9is ver el resto de mis <a href=\"http:\/\/javiervarelactor.com\/index.php\/actor-javier-varela\/eventos-marcas\/\" target=\"_blank\">trabajos para marcas aqu\u00ed<\/a><\/p>\n","protected":false},"excerpt":{"rendered":"<p>Un nuevo trabajo para Abanca, en un paraje \u00fanico, en la costa gallega. Un resultado de la m\u00e1s alta calidad, como siempre cuando trabajamos con Verve Audiovisual. Emitido en Tvg. Resultados excelentes tras una jornada intensa de trabajo, con un equipo que hace la labor m\u00e1s sencilla, interesante y divertida. Aqu\u00ed pode\u00eds ver el spot <a class=\"read-more\" href=\"https:\/\/javiervarelactor.com\/?p=916\">Leer m\u00e1s<\/a><\/p>\n","protected":false},"author":1,"featured_media":920,"comment_status":"closed","ping_status":"open","sticky":false,"template":"","format":"standard","meta":{"_monsterinsights_skip_tracking":false,"_monsterinsights_sitenote_active":false,"_monsterinsights_sitenote_note":"","_monsterinsights_sitenote_category":0,"footnotes":""},"categories":[31,41],"tags":[51,50,30],"yoast_head":"<!-- This site is optimized with the Yoast SEO plugin v22.7 - https:\/\/yoast.com\/wordpress\/plugins\/seo\/ -->\n<title>Spot Abanca Javier Varela<\/title>\n<meta name=\"description\" content=\"Nuevo spot para Tvg de servicios y productos Abanca Javier Varela, campa\u00f1a &quot;Pl\u00e1cido y Serena&quot;\" \/>\n<meta name=\"robots\" content=\"index, follow, max-snippet:-1, max-image-preview:large, max-video-preview:-1\" \/>\n<link rel=\"canonical\" href=\"https:\/\/javiervarelactor.com\/?p=916\" \/>\n<meta property=\"og:locale\" content=\"es_ES\" \/>\n<meta property=\"og:type\" content=\"article\" \/>\n<meta property=\"og:title\" content=\"Spot Abanca Javier Varela\" \/>\n<meta property=\"og:description\" content=\"Nuevo spot para Tvg de servicios y productos Abanca Javier Varela, campa\u00f1a &quot;Pl\u00e1cido y Serena&quot;\" \/>\n<meta property=\"og:url\" content=\"https:\/\/javiervarelactor.com\/?p=916\" \/>\n<meta property=\"og:site_name\" content=\"Javier Varela\" \/>\n<meta property=\"article:publisher\" content=\"https:\/\/www.facebook.com\/pages\/Javier-Varela\/145894855509796?sk=info&amp;amp%3bamp%3bamp%3bamp%3btab=page_info\" \/>\n<meta property=\"article:published_time\" content=\"2016-06-20T08:12:38+00:00\" \/>\n<meta property=\"article:modified_time\" content=\"2016-07-25T10:07:46+00:00\" \/>\n<meta property=\"og:image\" content=\"https:\/\/javiervarelactor.com\/wp-content\/uploads\/2016\/06\/anuncio-abanca.jpg\" \/>\n\t<meta property=\"og:image:width\" content=\"455\" \/>\n\t<meta property=\"og:image:height\" content=\"262\" \/>\n\t<meta property=\"og:image:type\" content=\"image\/jpeg\" \/>\n<meta name=\"author\" content=\"Javier Varela\" \/>\n<meta name=\"twitter:label1\" content=\"Escrito por\" \/>\n\t<meta name=\"twitter:data1\" content=\"Javier Varela\" \/>\n<script type=\"application\/ld+json\" class=\"yoast-schema-graph\">{\"@context\":\"https:\/\/schema.org\",\"@graph\":[{\"@type\":\"WebPage\",\"@id\":\"https:\/\/javiervarelactor.com\/?p=916\",\"url\":\"https:\/\/javiervarelactor.com\/?p=916\",\"name\":\"Spot Abanca Javier Varela\",\"isPartOf\":{\"@id\":\"https:\/\/javiervarelactor.com\/#website\"},\"primaryImageOfPage\":{\"@id\":\"https:\/\/javiervarelactor.com\/?p=916#primaryimage\"},\"image\":{\"@id\":\"https:\/\/javiervarelactor.com\/?p=916#primaryimage\"},\"thumbnailUrl\":\"https:\/\/javiervarelactor.com\/wp-content\/uploads\/2016\/06\/anuncio-abanca.jpg\",\"datePublished\":\"2016-06-20T08:12:38+00:00\",\"dateModified\":\"2016-07-25T10:07:46+00:00\",\"author\":{\"@id\":\"https:\/\/javiervarelactor.com\/#\/schema\/person\/e3104f2f3cca87d9a07b40f5281c02ba\"},\"description\":\"Nuevo spot para Tvg de servicios y productos Abanca Javier Varela, campa\u00f1a \\\"Pl\u00e1cido y Serena\\\"\",\"breadcrumb\":{\"@id\":\"https:\/\/javiervarelactor.com\/?p=916#breadcrumb\"},\"inLanguage\":\"es\",\"potentialAction\":[{\"@type\":\"ReadAction\",\"target\":[\"https:\/\/javiervarelactor.com\/?p=916\"]}]},{\"@type\":\"ImageObject\",\"inLanguage\":\"es\",\"@id\":\"https:\/\/javiervarelactor.com\/?p=916#primaryimage\",\"url\":\"https:\/\/javiervarelactor.com\/wp-content\/uploads\/2016\/06\/anuncio-abanca.jpg\",\"contentUrl\":\"https:\/\/javiervarelactor.com\/wp-content\/uploads\/2016\/06\/anuncio-abanca.jpg\",\"width\":455,\"height\":262,\"caption\":\"anuncio abanca\"},{\"@type\":\"BreadcrumbList\",\"@id\":\"https:\/\/javiervarelactor.com\/?p=916#breadcrumb\",\"itemListElement\":[{\"@type\":\"ListItem\",\"position\":1,\"name\":\"Inicio\",\"item\":\"https:\/\/javiervarelactor.com\/\"},{\"@type\":\"ListItem\",\"position\":2,\"name\":\"Spot Abanca &#8211; Pl\u00e1cido y Serena I\"}]},{\"@type\":\"WebSite\",\"@id\":\"https:\/\/javiervarelactor.com\/#website\",\"url\":\"https:\/\/javiervarelactor.com\/\",\"name\":\"Javier Varela\",\"description\":\"Actor y Presentador\",\"potentialAction\":[{\"@type\":\"SearchAction\",\"target\":{\"@type\":\"EntryPoint\",\"urlTemplate\":\"https:\/\/javiervarelactor.com\/?s={search_term_string}\"},\"query-input\":\"required name=search_term_string\"}],\"inLanguage\":\"es\"},{\"@type\":\"Person\",\"@id\":\"https:\/\/javiervarelactor.com\/#\/schema\/person\/e3104f2f3cca87d9a07b40f5281c02ba\",\"name\":\"Javier Varela\",\"image\":{\"@type\":\"ImageObject\",\"inLanguage\":\"es\",\"@id\":\"https:\/\/javiervarelactor.com\/#\/schema\/person\/image\/\",\"url\":\"https:\/\/secure.gravatar.com\/avatar\/858edfdbe98ed682c9723085564a87b3?s=96&d=mm&r=g\",\"contentUrl\":\"https:\/\/secure.gravatar.com\/avatar\/858edfdbe98ed682c9723085564a87b3?s=96&d=mm&r=g\",\"caption\":\"Javier Varela\"},\"sameAs\":[\"http:\/\/www.javiervarelactor.com\"],\"url\":\"https:\/\/javiervarelactor.com\/?author=1\"}]}<\/script>\n<!-- \/ Yoast SEO plugin. -->","yoast_head_json":{"title":"Spot Abanca Javier Varela","description":"Nuevo spot para Tvg de servicios y productos Abanca Javier Varela, campa\u00f1a \"Pl\u00e1cido y Serena\"","robots":{"index":"index","follow":"follow","max-snippet":"max-snippet:-1","max-image-preview":"max-image-preview:large","max-video-preview":"max-video-preview:-1"},"canonical":"https:\/\/javiervarelactor.com\/?p=916","og_locale":"es_ES","og_type":"article","og_title":"Spot Abanca Javier Varela","og_description":"Nuevo spot para Tvg de servicios y productos Abanca Javier Varela, campa\u00f1a \"Pl\u00e1cido y Serena\"","og_url":"https:\/\/javiervarelactor.com\/?p=916","og_site_name":"Javier Varela","article_publisher":"https:\/\/www.facebook.com\/pages\/Javier-Varela\/145894855509796?sk=info&amp%3bamp%3bamp%3bamp%3btab=page_info","article_published_time":"2016-06-20T08:12:38+00:00","article_modified_time":"2016-07-25T10:07:46+00:00","og_image":[{"width":455,"height":262,"url":"https:\/\/javiervarelactor.com\/wp-content\/uploads\/2016\/06\/anuncio-abanca.jpg","type":"image\/jpeg"}],"author":"Javier Varela","twitter_misc":{"Escrito por":"Javier Varela"},"schema":{"@context":"https:\/\/schema.org","@graph":[{"@type":"WebPage","@id":"https:\/\/javiervarelactor.com\/?p=916","url":"https:\/\/javiervarelactor.com\/?p=916","name":"Spot Abanca Javier Varela","isPartOf":{"@id":"https:\/\/javiervarelactor.com\/#website"},"primaryImageOfPage":{"@id":"https:\/\/javiervarelactor.com\/?p=916#primaryimage"},"image":{"@id":"https:\/\/javiervarelactor.com\/?p=916#primaryimage"},"thumbnailUrl":"https:\/\/javiervarelactor.com\/wp-content\/uploads\/2016\/06\/anuncio-abanca.jpg","datePublished":"2016-06-20T08:12:38+00:00","dateModified":"2016-07-25T10:07:46+00:00","author":{"@id":"https:\/\/javiervarelactor.com\/#\/schema\/person\/e3104f2f3cca87d9a07b40f5281c02ba"},"description":"Nuevo spot para Tvg de servicios y productos Abanca Javier Varela, campa\u00f1a \"Pl\u00e1cido y Serena\"","breadcrumb":{"@id":"https:\/\/javiervarelactor.com\/?p=916#breadcrumb"},"inLanguage":"es","potentialAction":[{"@type":"ReadAction","target":["https:\/\/javiervarelactor.com\/?p=916"]}]},{"@type":"ImageObject","inLanguage":"es","@id":"https:\/\/javiervarelactor.com\/?p=916#primaryimage","url":"https:\/\/javiervarelactor.com\/wp-content\/uploads\/2016\/06\/anuncio-abanca.jpg","contentUrl":"https:\/\/javiervarelactor.com\/wp-content\/uploads\/2016\/06\/anuncio-abanca.jpg","width":455,"height":262,"caption":"anuncio abanca"},{"@type":"BreadcrumbList","@id":"https:\/\/javiervarelactor.com\/?p=916#breadcrumb","itemListElement":[{"@type":"ListItem","position":1,"name":"Inicio","item":"https:\/\/javiervarelactor.com\/"},{"@type":"ListItem","position":2,"name":"Spot Abanca &#8211; Pl\u00e1cido y Serena I"}]},{"@type":"WebSite","@id":"https:\/\/javiervarelactor.com\/#website","url":"https:\/\/javiervarelactor.com\/","name":"Javier Varela","description":"Actor y Presentador","potentialAction":[{"@type":"SearchAction","target":{"@type":"EntryPoint","urlTemplate":"https:\/\/javiervarelactor.com\/?s={search_term_string}"},"query-input":"required name=search_term_string"}],"inLanguage":"es"},{"@type":"Person","@id":"https:\/\/javiervarelactor.com\/#\/schema\/person\/e3104f2f3cca87d9a07b40f5281c02ba","name":"Javier Varela","image":{"@type":"ImageObject","inLanguage":"es","@id":"https:\/\/javiervarelactor.com\/#\/schema\/person\/image\/","url":"https:\/\/secure.gravatar.com\/avatar\/858edfdbe98ed682c9723085564a87b3?s=96&d=mm&r=g","contentUrl":"https:\/\/secure.gravatar.com\/avatar\/858edfdbe98ed682c9723085564a87b3?s=96&d=mm&r=g","caption":"Javier Varela"},"sameAs":["http:\/\/www.javiervarelactor.com"],"url":"https:\/\/javiervarelactor.com\/?author=1"}]}},"_links":{"self":[{"href":"https:\/\/javiervarelactor.com\/index.php?rest_route=\/wp\/v2\/posts\/916"}],"collection":[{"href":"https:\/\/javiervarelactor.com\/index.php?rest_route=\/wp\/v2\/posts"}],"about":[{"href":"https:\/\/javiervarelactor.com\/index.php?rest_route=\/wp\/v2\/types\/post"}],"author":[{"embeddable":true,"href":"https:\/\/javiervarelactor.com\/index.php?rest_route=\/wp\/v2\/users\/1"}],"replies":[{"embeddable":true,"href":"https:\/\/javiervarelactor.com\/index.php?rest_route=%2Fwp%2Fv2%2Fcomments&post=916"}],"version-history":[{"count":9,"href":"https:\/\/javiervarelactor.com\/index.php?rest_route=\/wp\/v2\/posts\/916\/revisions"}],"predecessor-version":[{"id":958,"href":"https:\/\/javiervarelactor.com\/index.php?rest_route=\/wp\/v2\/posts\/916\/revisions\/958"}],"wp:featuredmedia":[{"embeddable":true,"href":"https:\/\/javiervarelactor.com\/index.php?rest_route=\/wp\/v2\/media\/920"}],"wp:attachment":[{"href":"https:\/\/javiervarelactor.com\/index.php?rest_route=%2Fwp%2Fv2%2Fmedia&parent=916"}],"wp:term":[{"taxonomy":"category","embeddable":true,"href":"https:\/\/javiervarelactor.com\/index.php?rest_route=%2Fwp%2Fv2%2Fcategories&post=916"},{"taxonomy":"post_tag","embeddable":true,"href":"https:\/\/javiervarelactor.com\/index.php?rest_route=%2Fwp%2Fv2%2Ftags&post=916"}],"curies":[{"name":"wp","href":"https:\/\/api.w.org\/{rel}","templated":true}]}}