{"id":906,"date":"2016-06-14T08:22:35","date_gmt":"2016-06-14T08:22:35","guid":{"rendered":"http:\/\/javiervarelactor.com\/?p=906"},"modified":"2016-06-14T08:22:43","modified_gmt":"2016-06-14T08:22:43","slug":"spot-hyndai-eurocopa","status":"publish","type":"post","link":"https:\/\/javiervarelactor.com\/?p=906","title":{"rendered":"Spot Hyundai Eurocopa"},"content":{"rendered":"<p>Nueva campa\u00f1a de Hyundai con motivo de la Eurocopa de F\u00fatbol 2016 de Francia. La prestigiosa marca de coches es patrocinador oficial y, entre sus spots \u00e9ste; una divertida pieza con su embajador oficial Josef Ajram.<\/p>\n<p>En d\u00edas c\u00f3mo \u00e9stos, todos somos fans del f\u00fatbol, de la Selecci\u00f3n y de quedar con amigos para ver los partidos. Tan divertido como ha sido grabar este anuncio. La pieza est\u00e1 siendo emitida en exclusiva online \u00bfQu\u00e9 te parece el resultado?<\/p>\n<p><iframe loading=\"lazy\" src=\"https:\/\/player.vimeo.com\/video\/170449792?color=b9fcf7&amp;portrait=0\" width=\"340\" height=\"260\" frameborder=\"0\" allowfullscreen=\"allowfullscreen\"><\/iframe><\/p>\n<p>&nbsp;<\/p>\n","protected":false},"excerpt":{"rendered":"<p>Nueva campa\u00f1a de Hyundai con motivo de la Eurocopa de F\u00fatbol 2016 de Francia. La prestigiosa marca de coches es patrocinador oficial y, entre sus spots \u00e9ste; una divertida pieza con su embajador oficial Josef Ajram. En d\u00edas c\u00f3mo \u00e9stos, todos somos fans del f\u00fatbol, de la Selecci\u00f3n y de quedar con amigos para ver <a class=\"read-more\" href=\"https:\/\/javiervarelactor.com\/?p=906\">Leer m\u00e1s<\/a><\/p>\n","protected":false},"author":1,"featured_media":909,"comment_status":"closed","ping_status":"open","sticky":false,"template":"","format":"standard","meta":{"_monsterinsights_skip_tracking":false,"_monsterinsights_sitenote_active":false,"_monsterinsights_sitenote_note":"","_monsterinsights_sitenote_category":0,"footnotes":""},"categories":[21],"tags":[50,30],"yoast_head":"<!-- This site is optimized with the Yoast SEO plugin v22.7 - https:\/\/yoast.com\/wordpress\/plugins\/seo\/ -->\n<title>Spot Hyundai Eurocopa - Javier Varela<\/title>\n<meta name=\"robots\" content=\"index, follow, max-snippet:-1, max-image-preview:large, max-video-preview:-1\" \/>\n<link rel=\"canonical\" href=\"https:\/\/javiervarelactor.com\/?p=906\" \/>\n<meta property=\"og:locale\" content=\"es_ES\" \/>\n<meta property=\"og:type\" content=\"article\" \/>\n<meta property=\"og:title\" content=\"Spot Hyundai Eurocopa - Javier Varela\" \/>\n<meta property=\"og:description\" content=\"Nueva campa\u00f1a de Hyundai con motivo de la Eurocopa de F\u00fatbol 2016 de Francia. La prestigiosa marca de coches es patrocinador oficial y, entre sus spots \u00e9ste; una divertida pieza con su embajador oficial Josef Ajram. En d\u00edas c\u00f3mo \u00e9stos, todos somos fans del f\u00fatbol, de la Selecci\u00f3n y de quedar con amigos para ver Leer m\u00e1s\" \/>\n<meta property=\"og:url\" content=\"https:\/\/javiervarelactor.com\/?p=906\" \/>\n<meta property=\"og:site_name\" content=\"Javier Varela\" \/>\n<meta property=\"article:publisher\" content=\"https:\/\/www.facebook.com\/pages\/Javier-Varela\/145894855509796?sk=info&amp;amp%3bamp%3bamp%3bamp%3btab=page_info\" \/>\n<meta property=\"article:published_time\" content=\"2016-06-14T08:22:35+00:00\" \/>\n<meta property=\"article:modified_time\" content=\"2016-06-14T08:22:43+00:00\" \/>\n<meta property=\"og:image\" content=\"https:\/\/javiervarelactor.com\/wp-content\/uploads\/2016\/06\/anunciotv.jpg\" \/>\n\t<meta property=\"og:image:width\" content=\"569\" \/>\n\t<meta property=\"og:image:height\" content=\"483\" \/>\n\t<meta property=\"og:image:type\" content=\"image\/jpeg\" \/>\n<meta name=\"author\" content=\"Javier Varela\" \/>\n<meta name=\"twitter:label1\" content=\"Escrito por\" \/>\n\t<meta name=\"twitter:data1\" content=\"Javier Varela\" \/>\n<script type=\"application\/ld+json\" class=\"yoast-schema-graph\">{\"@context\":\"https:\/\/schema.org\",\"@graph\":[{\"@type\":\"WebPage\",\"@id\":\"https:\/\/javiervarelactor.com\/?p=906\",\"url\":\"https:\/\/javiervarelactor.com\/?p=906\",\"name\":\"Spot Hyundai Eurocopa - Javier Varela\",\"isPartOf\":{\"@id\":\"https:\/\/javiervarelactor.com\/#website\"},\"primaryImageOfPage\":{\"@id\":\"https:\/\/javiervarelactor.com\/?p=906#primaryimage\"},\"image\":{\"@id\":\"https:\/\/javiervarelactor.com\/?p=906#primaryimage\"},\"thumbnailUrl\":\"https:\/\/javiervarelactor.com\/wp-content\/uploads\/2016\/06\/anunciotv.jpg\",\"datePublished\":\"2016-06-14T08:22:35+00:00\",\"dateModified\":\"2016-06-14T08:22:43+00:00\",\"author\":{\"@id\":\"https:\/\/javiervarelactor.com\/#\/schema\/person\/e3104f2f3cca87d9a07b40f5281c02ba\"},\"breadcrumb\":{\"@id\":\"https:\/\/javiervarelactor.com\/?p=906#breadcrumb\"},\"inLanguage\":\"es\",\"potentialAction\":[{\"@type\":\"ReadAction\",\"target\":[\"https:\/\/javiervarelactor.com\/?p=906\"]}]},{\"@type\":\"ImageObject\",\"inLanguage\":\"es\",\"@id\":\"https:\/\/javiervarelactor.com\/?p=906#primaryimage\",\"url\":\"https:\/\/javiervarelactor.com\/wp-content\/uploads\/2016\/06\/anunciotv.jpg\",\"contentUrl\":\"https:\/\/javiervarelactor.com\/wp-content\/uploads\/2016\/06\/anunciotv.jpg\",\"width\":569,\"height\":483,\"caption\":\"anunciotv\"},{\"@type\":\"BreadcrumbList\",\"@id\":\"https:\/\/javiervarelactor.com\/?p=906#breadcrumb\",\"itemListElement\":[{\"@type\":\"ListItem\",\"position\":1,\"name\":\"Inicio\",\"item\":\"https:\/\/javiervarelactor.com\/\"},{\"@type\":\"ListItem\",\"position\":2,\"name\":\"Spot Hyundai Eurocopa\"}]},{\"@type\":\"WebSite\",\"@id\":\"https:\/\/javiervarelactor.com\/#website\",\"url\":\"https:\/\/javiervarelactor.com\/\",\"name\":\"Javier Varela\",\"description\":\"Actor y Presentador\",\"potentialAction\":[{\"@type\":\"SearchAction\",\"target\":{\"@type\":\"EntryPoint\",\"urlTemplate\":\"https:\/\/javiervarelactor.com\/?s={search_term_string}\"},\"query-input\":\"required name=search_term_string\"}],\"inLanguage\":\"es\"},{\"@type\":\"Person\",\"@id\":\"https:\/\/javiervarelactor.com\/#\/schema\/person\/e3104f2f3cca87d9a07b40f5281c02ba\",\"name\":\"Javier Varela\",\"image\":{\"@type\":\"ImageObject\",\"inLanguage\":\"es\",\"@id\":\"https:\/\/javiervarelactor.com\/#\/schema\/person\/image\/\",\"url\":\"https:\/\/secure.gravatar.com\/avatar\/858edfdbe98ed682c9723085564a87b3?s=96&d=mm&r=g\",\"contentUrl\":\"https:\/\/secure.gravatar.com\/avatar\/858edfdbe98ed682c9723085564a87b3?s=96&d=mm&r=g\",\"caption\":\"Javier Varela\"},\"sameAs\":[\"http:\/\/www.javiervarelactor.com\"],\"url\":\"https:\/\/javiervarelactor.com\/?author=1\"}]}<\/script>\n<!-- \/ Yoast SEO plugin. -->","yoast_head_json":{"title":"Spot Hyundai Eurocopa - Javier Varela","robots":{"index":"index","follow":"follow","max-snippet":"max-snippet:-1","max-image-preview":"max-image-preview:large","max-video-preview":"max-video-preview:-1"},"canonical":"https:\/\/javiervarelactor.com\/?p=906","og_locale":"es_ES","og_type":"article","og_title":"Spot Hyundai Eurocopa - Javier Varela","og_description":"Nueva campa\u00f1a de Hyundai con motivo de la Eurocopa de F\u00fatbol 2016 de Francia. La prestigiosa marca de coches es patrocinador oficial y, entre sus spots \u00e9ste; una divertida pieza con su embajador oficial Josef Ajram. En d\u00edas c\u00f3mo \u00e9stos, todos somos fans del f\u00fatbol, de la Selecci\u00f3n y de quedar con amigos para ver Leer m\u00e1s","og_url":"https:\/\/javiervarelactor.com\/?p=906","og_site_name":"Javier Varela","article_publisher":"https:\/\/www.facebook.com\/pages\/Javier-Varela\/145894855509796?sk=info&amp%3bamp%3bamp%3bamp%3btab=page_info","article_published_time":"2016-06-14T08:22:35+00:00","article_modified_time":"2016-06-14T08:22:43+00:00","og_image":[{"width":569,"height":483,"url":"https:\/\/javiervarelactor.com\/wp-content\/uploads\/2016\/06\/anunciotv.jpg","type":"image\/jpeg"}],"author":"Javier Varela","twitter_misc":{"Escrito por":"Javier Varela"},"schema":{"@context":"https:\/\/schema.org","@graph":[{"@type":"WebPage","@id":"https:\/\/javiervarelactor.com\/?p=906","url":"https:\/\/javiervarelactor.com\/?p=906","name":"Spot Hyundai Eurocopa - Javier Varela","isPartOf":{"@id":"https:\/\/javiervarelactor.com\/#website"},"primaryImageOfPage":{"@id":"https:\/\/javiervarelactor.com\/?p=906#primaryimage"},"image":{"@id":"https:\/\/javiervarelactor.com\/?p=906#primaryimage"},"thumbnailUrl":"https:\/\/javiervarelactor.com\/wp-content\/uploads\/2016\/06\/anunciotv.jpg","datePublished":"2016-06-14T08:22:35+00:00","dateModified":"2016-06-14T08:22:43+00:00","author":{"@id":"https:\/\/javiervarelactor.com\/#\/schema\/person\/e3104f2f3cca87d9a07b40f5281c02ba"},"breadcrumb":{"@id":"https:\/\/javiervarelactor.com\/?p=906#breadcrumb"},"inLanguage":"es","potentialAction":[{"@type":"ReadAction","target":["https:\/\/javiervarelactor.com\/?p=906"]}]},{"@type":"ImageObject","inLanguage":"es","@id":"https:\/\/javiervarelactor.com\/?p=906#primaryimage","url":"https:\/\/javiervarelactor.com\/wp-content\/uploads\/2016\/06\/anunciotv.jpg","contentUrl":"https:\/\/javiervarelactor.com\/wp-content\/uploads\/2016\/06\/anunciotv.jpg","width":569,"height":483,"caption":"anunciotv"},{"@type":"BreadcrumbList","@id":"https:\/\/javiervarelactor.com\/?p=906#breadcrumb","itemListElement":[{"@type":"ListItem","position":1,"name":"Inicio","item":"https:\/\/javiervarelactor.com\/"},{"@type":"ListItem","position":2,"name":"Spot Hyundai Eurocopa"}]},{"@type":"WebSite","@id":"https:\/\/javiervarelactor.com\/#website","url":"https:\/\/javiervarelactor.com\/","name":"Javier Varela","description":"Actor y Presentador","potentialAction":[{"@type":"SearchAction","target":{"@type":"EntryPoint","urlTemplate":"https:\/\/javiervarelactor.com\/?s={search_term_string}"},"query-input":"required name=search_term_string"}],"inLanguage":"es"},{"@type":"Person","@id":"https:\/\/javiervarelactor.com\/#\/schema\/person\/e3104f2f3cca87d9a07b40f5281c02ba","name":"Javier Varela","image":{"@type":"ImageObject","inLanguage":"es","@id":"https:\/\/javiervarelactor.com\/#\/schema\/person\/image\/","url":"https:\/\/secure.gravatar.com\/avatar\/858edfdbe98ed682c9723085564a87b3?s=96&d=mm&r=g","contentUrl":"https:\/\/secure.gravatar.com\/avatar\/858edfdbe98ed682c9723085564a87b3?s=96&d=mm&r=g","caption":"Javier Varela"},"sameAs":["http:\/\/www.javiervarelactor.com"],"url":"https:\/\/javiervarelactor.com\/?author=1"}]}},"_links":{"self":[{"href":"https:\/\/javiervarelactor.com\/index.php?rest_route=\/wp\/v2\/posts\/906"}],"collection":[{"href":"https:\/\/javiervarelactor.com\/index.php?rest_route=\/wp\/v2\/posts"}],"about":[{"href":"https:\/\/javiervarelactor.com\/index.php?rest_route=\/wp\/v2\/types\/post"}],"author":[{"embeddable":true,"href":"https:\/\/javiervarelactor.com\/index.php?rest_route=\/wp\/v2\/users\/1"}],"replies":[{"embeddable":true,"href":"https:\/\/javiervarelactor.com\/index.php?rest_route=%2Fwp%2Fv2%2Fcomments&post=906"}],"version-history":[{"count":5,"href":"https:\/\/javiervarelactor.com\/index.php?rest_route=\/wp\/v2\/posts\/906\/revisions"}],"predecessor-version":[{"id":912,"href":"https:\/\/javiervarelactor.com\/index.php?rest_route=\/wp\/v2\/posts\/906\/revisions\/912"}],"wp:featuredmedia":[{"embeddable":true,"href":"https:\/\/javiervarelactor.com\/index.php?rest_route=\/wp\/v2\/media\/909"}],"wp:attachment":[{"href":"https:\/\/javiervarelactor.com\/index.php?rest_route=%2Fwp%2Fv2%2Fmedia&parent=906"}],"wp:term":[{"taxonomy":"category","embeddable":true,"href":"https:\/\/javiervarelactor.com\/index.php?rest_route=%2Fwp%2Fv2%2Fcategories&post=906"},{"taxonomy":"post_tag","embeddable":true,"href":"https:\/\/javiervarelactor.com\/index.php?rest_route=%2Fwp%2Fv2%2Ftags&post=906"}],"curies":[{"name":"wp","href":"https:\/\/api.w.org\/{rel}","templated":true}]}}