{"id":900,"date":"2016-06-08T11:52:18","date_gmt":"2016-06-08T11:52:18","guid":{"rendered":"http:\/\/javiervarelactor.com\/?p=900"},"modified":"2016-06-08T11:54:48","modified_gmt":"2016-06-08T11:54:48","slug":"locutor-para-television","status":"publish","type":"post","link":"https:\/\/javiervarelactor.com\/?p=900","title":{"rendered":"Locutor para televisi\u00f3n"},"content":{"rendered":"<p><img loading=\"lazy\" decoding=\"async\" class=\"size-medium wp-image-898 alignright\" src=\"http:\/\/javiervarelactor.com\/wp-content\/uploads\/2016\/06\/doblador-gallego-300x202.jpg\" alt=\"doblador gallego\" width=\"300\" height=\"202\" srcset=\"https:\/\/javiervarelactor.com\/wp-content\/uploads\/2016\/06\/doblador-gallego-300x202.jpg 300w, https:\/\/javiervarelactor.com\/wp-content\/uploads\/2016\/06\/doblador-gallego-1024x689.jpg 1024w, https:\/\/javiervarelactor.com\/wp-content\/uploads\/2016\/06\/doblador-gallego.jpg 1337w\" sizes=\"(max-width: 300px) 100vw, 300px\" \/><span style=\"color: #000000;\">Estos d\u00edas estamos preparando uno de los proyectos m\u00e1s chulos de los \u00faltimos tiempos. <\/span><\/p>\n<p><span style=\"color: #000000;\">Un proyectazo con compa\u00f1eros de esos que lo hacen todo m\u00e1s f\u00e1cil, un proyecto nacido de una idea fant\u00e1stica y que, en unas semanas podremos desvelar.<\/span><\/p>\n<p><span style=\"color: #000000;\">Hasta entonces os ense\u00f1o\u00a0unas im\u00e1genes de mi trabajo\u00a0como locutor;\u00a0locutar programas de televisi\u00f3n o publicidad es una de las labores m\u00e1s interesantes\u00a0que he desarrollado a lo largo de mi carrera<\/span>.<img loading=\"lazy\" decoding=\"async\" class=\"size-medium wp-image-899 alignleft\" src=\"http:\/\/javiervarelactor.com\/wp-content\/uploads\/2016\/06\/locutor-gallego-300x169.jpg\" alt=\"locutor gallego\" width=\"300\" height=\"169\" srcset=\"https:\/\/javiervarelactor.com\/wp-content\/uploads\/2016\/06\/locutor-gallego-300x169.jpg 300w, https:\/\/javiervarelactor.com\/wp-content\/uploads\/2016\/06\/locutor-gallego-1024x576.jpg 1024w, https:\/\/javiervarelactor.com\/wp-content\/uploads\/2016\/06\/locutor-gallego.jpg 1599w\" sizes=\"(max-width: 300px) 100vw, 300px\" \/><\/p>\n<p><span style=\"color: #000000;\">La importancia de voz en cada locuci\u00f3n necesita de m\u00e1xima concentraci\u00f3n, unas pautas bien definidas y equipos t\u00e9cnicos de gran calidad.<\/span><\/p>\n<p><span style=\"color: #000000;\">Muy pronto os mostrar\u00e9 el resultado final de mi trabajo como locutor en gallego y locutor <\/span><br \/>\n<span style=\"color: #000000;\">en castellano<\/span>.<\/p>\n<p>&nbsp;<\/p>\n<p>&nbsp;<\/p>\n","protected":false},"excerpt":{"rendered":"<p>Estos d\u00edas estamos preparando uno de los proyectos m\u00e1s chulos de los \u00faltimos tiempos. Un proyectazo con compa\u00f1eros de esos que lo hacen todo m\u00e1s f\u00e1cil, un proyecto nacido de una idea fant\u00e1stica y que, en unas semanas podremos desvelar. Hasta entonces os ense\u00f1o\u00a0unas im\u00e1genes de mi trabajo\u00a0como locutor;\u00a0locutar programas de televisi\u00f3n o publicidad es <a class=\"read-more\" href=\"https:\/\/javiervarelactor.com\/?p=900\">Leer m\u00e1s<\/a><\/p>\n","protected":false},"author":1,"featured_media":899,"comment_status":"closed","ping_status":"open","sticky":false,"template":"","format":"standard","meta":{"_monsterinsights_skip_tracking":false,"_monsterinsights_sitenote_active":false,"_monsterinsights_sitenote_note":"","_monsterinsights_sitenote_category":0,"footnotes":""},"categories":[41,49],"tags":[],"yoast_head":"<!-- This site is optimized with the Yoast SEO plugin v22.7 - https:\/\/yoast.com\/wordpress\/plugins\/seo\/ -->\n<title>Locutor para televisi\u00f3n - Javier Varela<\/title>\n<meta name=\"description\" content=\"Locuciones para televisi\u00f3n, publicidad y programas de todo tipo. Locutor en gallego y castellano.\" \/>\n<meta name=\"robots\" content=\"index, follow, max-snippet:-1, max-image-preview:large, max-video-preview:-1\" \/>\n<link rel=\"canonical\" href=\"https:\/\/javiervarelactor.com\/?p=900\" \/>\n<meta property=\"og:locale\" content=\"es_ES\" \/>\n<meta property=\"og:type\" content=\"article\" \/>\n<meta property=\"og:title\" content=\"Locutor para televisi\u00f3n - Javier Varela\" \/>\n<meta property=\"og:description\" content=\"Locuciones para televisi\u00f3n, publicidad y programas de todo tipo. Locutor en gallego y castellano.\" \/>\n<meta property=\"og:url\" content=\"https:\/\/javiervarelactor.com\/?p=900\" \/>\n<meta property=\"og:site_name\" content=\"Javier Varela\" \/>\n<meta property=\"article:publisher\" content=\"https:\/\/www.facebook.com\/pages\/Javier-Varela\/145894855509796?sk=info&amp;amp%3bamp%3bamp%3bamp%3btab=page_info\" \/>\n<meta property=\"article:published_time\" content=\"2016-06-08T11:52:18+00:00\" \/>\n<meta property=\"article:modified_time\" content=\"2016-06-08T11:54:48+00:00\" \/>\n<meta property=\"og:image\" content=\"https:\/\/javiervarelactor.com\/wp-content\/uploads\/2016\/06\/locutor-gallego.jpg\" \/>\n\t<meta property=\"og:image:width\" content=\"1599\" \/>\n\t<meta property=\"og:image:height\" content=\"899\" \/>\n\t<meta property=\"og:image:type\" content=\"image\/jpeg\" \/>\n<meta name=\"author\" content=\"Javier Varela\" \/>\n<meta name=\"twitter:label1\" content=\"Escrito por\" \/>\n\t<meta name=\"twitter:data1\" content=\"Javier Varela\" \/>\n\t<meta name=\"twitter:label2\" content=\"Tiempo de lectura\" \/>\n\t<meta name=\"twitter:data2\" content=\"1 minuto\" \/>\n<script type=\"application\/ld+json\" class=\"yoast-schema-graph\">{\"@context\":\"https:\/\/schema.org\",\"@graph\":[{\"@type\":\"WebPage\",\"@id\":\"https:\/\/javiervarelactor.com\/?p=900\",\"url\":\"https:\/\/javiervarelactor.com\/?p=900\",\"name\":\"Locutor para televisi\u00f3n - Javier Varela\",\"isPartOf\":{\"@id\":\"https:\/\/javiervarelactor.com\/#website\"},\"primaryImageOfPage\":{\"@id\":\"https:\/\/javiervarelactor.com\/?p=900#primaryimage\"},\"image\":{\"@id\":\"https:\/\/javiervarelactor.com\/?p=900#primaryimage\"},\"thumbnailUrl\":\"https:\/\/javiervarelactor.com\/wp-content\/uploads\/2016\/06\/locutor-gallego.jpg\",\"datePublished\":\"2016-06-08T11:52:18+00:00\",\"dateModified\":\"2016-06-08T11:54:48+00:00\",\"author\":{\"@id\":\"https:\/\/javiervarelactor.com\/#\/schema\/person\/e3104f2f3cca87d9a07b40f5281c02ba\"},\"description\":\"Locuciones para televisi\u00f3n, publicidad y programas de todo tipo. Locutor en gallego y castellano.\",\"breadcrumb\":{\"@id\":\"https:\/\/javiervarelactor.com\/?p=900#breadcrumb\"},\"inLanguage\":\"es\",\"potentialAction\":[{\"@type\":\"ReadAction\",\"target\":[\"https:\/\/javiervarelactor.com\/?p=900\"]}]},{\"@type\":\"ImageObject\",\"inLanguage\":\"es\",\"@id\":\"https:\/\/javiervarelactor.com\/?p=900#primaryimage\",\"url\":\"https:\/\/javiervarelactor.com\/wp-content\/uploads\/2016\/06\/locutor-gallego.jpg\",\"contentUrl\":\"https:\/\/javiervarelactor.com\/wp-content\/uploads\/2016\/06\/locutor-gallego.jpg\",\"width\":1599,\"height\":899},{\"@type\":\"BreadcrumbList\",\"@id\":\"https:\/\/javiervarelactor.com\/?p=900#breadcrumb\",\"itemListElement\":[{\"@type\":\"ListItem\",\"position\":1,\"name\":\"Inicio\",\"item\":\"https:\/\/javiervarelactor.com\/\"},{\"@type\":\"ListItem\",\"position\":2,\"name\":\"Locutor para televisi\u00f3n\"}]},{\"@type\":\"WebSite\",\"@id\":\"https:\/\/javiervarelactor.com\/#website\",\"url\":\"https:\/\/javiervarelactor.com\/\",\"name\":\"Javier Varela\",\"description\":\"Actor y Presentador\",\"potentialAction\":[{\"@type\":\"SearchAction\",\"target\":{\"@type\":\"EntryPoint\",\"urlTemplate\":\"https:\/\/javiervarelactor.com\/?s={search_term_string}\"},\"query-input\":\"required name=search_term_string\"}],\"inLanguage\":\"es\"},{\"@type\":\"Person\",\"@id\":\"https:\/\/javiervarelactor.com\/#\/schema\/person\/e3104f2f3cca87d9a07b40f5281c02ba\",\"name\":\"Javier Varela\",\"image\":{\"@type\":\"ImageObject\",\"inLanguage\":\"es\",\"@id\":\"https:\/\/javiervarelactor.com\/#\/schema\/person\/image\/\",\"url\":\"https:\/\/secure.gravatar.com\/avatar\/858edfdbe98ed682c9723085564a87b3?s=96&d=mm&r=g\",\"contentUrl\":\"https:\/\/secure.gravatar.com\/avatar\/858edfdbe98ed682c9723085564a87b3?s=96&d=mm&r=g\",\"caption\":\"Javier Varela\"},\"sameAs\":[\"http:\/\/www.javiervarelactor.com\"],\"url\":\"https:\/\/javiervarelactor.com\/?author=1\"}]}<\/script>\n<!-- \/ Yoast SEO plugin. -->","yoast_head_json":{"title":"Locutor para televisi\u00f3n - Javier Varela","description":"Locuciones para televisi\u00f3n, publicidad y programas de todo tipo. Locutor en gallego y castellano.","robots":{"index":"index","follow":"follow","max-snippet":"max-snippet:-1","max-image-preview":"max-image-preview:large","max-video-preview":"max-video-preview:-1"},"canonical":"https:\/\/javiervarelactor.com\/?p=900","og_locale":"es_ES","og_type":"article","og_title":"Locutor para televisi\u00f3n - Javier Varela","og_description":"Locuciones para televisi\u00f3n, publicidad y programas de todo tipo. Locutor en gallego y castellano.","og_url":"https:\/\/javiervarelactor.com\/?p=900","og_site_name":"Javier Varela","article_publisher":"https:\/\/www.facebook.com\/pages\/Javier-Varela\/145894855509796?sk=info&amp%3bamp%3bamp%3bamp%3btab=page_info","article_published_time":"2016-06-08T11:52:18+00:00","article_modified_time":"2016-06-08T11:54:48+00:00","og_image":[{"width":1599,"height":899,"url":"https:\/\/javiervarelactor.com\/wp-content\/uploads\/2016\/06\/locutor-gallego.jpg","type":"image\/jpeg"}],"author":"Javier Varela","twitter_misc":{"Escrito por":"Javier Varela","Tiempo de lectura":"1 minuto"},"schema":{"@context":"https:\/\/schema.org","@graph":[{"@type":"WebPage","@id":"https:\/\/javiervarelactor.com\/?p=900","url":"https:\/\/javiervarelactor.com\/?p=900","name":"Locutor para televisi\u00f3n - Javier Varela","isPartOf":{"@id":"https:\/\/javiervarelactor.com\/#website"},"primaryImageOfPage":{"@id":"https:\/\/javiervarelactor.com\/?p=900#primaryimage"},"image":{"@id":"https:\/\/javiervarelactor.com\/?p=900#primaryimage"},"thumbnailUrl":"https:\/\/javiervarelactor.com\/wp-content\/uploads\/2016\/06\/locutor-gallego.jpg","datePublished":"2016-06-08T11:52:18+00:00","dateModified":"2016-06-08T11:54:48+00:00","author":{"@id":"https:\/\/javiervarelactor.com\/#\/schema\/person\/e3104f2f3cca87d9a07b40f5281c02ba"},"description":"Locuciones para televisi\u00f3n, publicidad y programas de todo tipo. Locutor en gallego y castellano.","breadcrumb":{"@id":"https:\/\/javiervarelactor.com\/?p=900#breadcrumb"},"inLanguage":"es","potentialAction":[{"@type":"ReadAction","target":["https:\/\/javiervarelactor.com\/?p=900"]}]},{"@type":"ImageObject","inLanguage":"es","@id":"https:\/\/javiervarelactor.com\/?p=900#primaryimage","url":"https:\/\/javiervarelactor.com\/wp-content\/uploads\/2016\/06\/locutor-gallego.jpg","contentUrl":"https:\/\/javiervarelactor.com\/wp-content\/uploads\/2016\/06\/locutor-gallego.jpg","width":1599,"height":899},{"@type":"BreadcrumbList","@id":"https:\/\/javiervarelactor.com\/?p=900#breadcrumb","itemListElement":[{"@type":"ListItem","position":1,"name":"Inicio","item":"https:\/\/javiervarelactor.com\/"},{"@type":"ListItem","position":2,"name":"Locutor para televisi\u00f3n"}]},{"@type":"WebSite","@id":"https:\/\/javiervarelactor.com\/#website","url":"https:\/\/javiervarelactor.com\/","name":"Javier Varela","description":"Actor y Presentador","potentialAction":[{"@type":"SearchAction","target":{"@type":"EntryPoint","urlTemplate":"https:\/\/javiervarelactor.com\/?s={search_term_string}"},"query-input":"required name=search_term_string"}],"inLanguage":"es"},{"@type":"Person","@id":"https:\/\/javiervarelactor.com\/#\/schema\/person\/e3104f2f3cca87d9a07b40f5281c02ba","name":"Javier Varela","image":{"@type":"ImageObject","inLanguage":"es","@id":"https:\/\/javiervarelactor.com\/#\/schema\/person\/image\/","url":"https:\/\/secure.gravatar.com\/avatar\/858edfdbe98ed682c9723085564a87b3?s=96&d=mm&r=g","contentUrl":"https:\/\/secure.gravatar.com\/avatar\/858edfdbe98ed682c9723085564a87b3?s=96&d=mm&r=g","caption":"Javier Varela"},"sameAs":["http:\/\/www.javiervarelactor.com"],"url":"https:\/\/javiervarelactor.com\/?author=1"}]}},"_links":{"self":[{"href":"https:\/\/javiervarelactor.com\/index.php?rest_route=\/wp\/v2\/posts\/900"}],"collection":[{"href":"https:\/\/javiervarelactor.com\/index.php?rest_route=\/wp\/v2\/posts"}],"about":[{"href":"https:\/\/javiervarelactor.com\/index.php?rest_route=\/wp\/v2\/types\/post"}],"author":[{"embeddable":true,"href":"https:\/\/javiervarelactor.com\/index.php?rest_route=\/wp\/v2\/users\/1"}],"replies":[{"embeddable":true,"href":"https:\/\/javiervarelactor.com\/index.php?rest_route=%2Fwp%2Fv2%2Fcomments&post=900"}],"version-history":[{"count":4,"href":"https:\/\/javiervarelactor.com\/index.php?rest_route=\/wp\/v2\/posts\/900\/revisions"}],"predecessor-version":[{"id":904,"href":"https:\/\/javiervarelactor.com\/index.php?rest_route=\/wp\/v2\/posts\/900\/revisions\/904"}],"wp:featuredmedia":[{"embeddable":true,"href":"https:\/\/javiervarelactor.com\/index.php?rest_route=\/wp\/v2\/media\/899"}],"wp:attachment":[{"href":"https:\/\/javiervarelactor.com\/index.php?rest_route=%2Fwp%2Fv2%2Fmedia&parent=900"}],"wp:term":[{"taxonomy":"category","embeddable":true,"href":"https:\/\/javiervarelactor.com\/index.php?rest_route=%2Fwp%2Fv2%2Fcategories&post=900"},{"taxonomy":"post_tag","embeddable":true,"href":"https:\/\/javiervarelactor.com\/index.php?rest_route=%2Fwp%2Fv2%2Ftags&post=900"}],"curies":[{"name":"wp","href":"https:\/\/api.w.org\/{rel}","templated":true}]}}