{"id":883,"date":"2016-05-20T09:05:24","date_gmt":"2016-05-20T09:05:24","guid":{"rendered":"http:\/\/javiervarelactor.com\/?p=883"},"modified":"2016-05-20T09:24:17","modified_gmt":"2016-05-20T09:24:17","slug":"grabacion-en-galicia","status":"publish","type":"post","link":"https:\/\/javiervarelactor.com\/?p=883","title":{"rendered":"Grabaci\u00f3n en Galicia"},"content":{"rendered":"<p><a href=\"http:\/\/javiervarelactor.com\/wp-content\/uploads\/2016\/05\/IMG_3889.jpg\"><img loading=\"lazy\" decoding=\"async\" class=\"wp-image-884 alignleft\" src=\"http:\/\/javiervarelactor.com\/wp-content\/uploads\/2016\/05\/IMG_3889-300x169.jpg\" alt=\"actor galicia\" width=\"366\" height=\"206\" srcset=\"https:\/\/javiervarelactor.com\/wp-content\/uploads\/2016\/05\/IMG_3889-300x169.jpg 300w, https:\/\/javiervarelactor.com\/wp-content\/uploads\/2016\/05\/IMG_3889-1024x576.jpg 1024w, https:\/\/javiervarelactor.com\/wp-content\/uploads\/2016\/05\/IMG_3889.jpg 1599w\" sizes=\"(max-width: 366px) 100vw, 366px\" \/><\/a><\/p>\n<p>Es un placer, enorme.\u00a0<span style=\"line-height: 1.5;\">Esta foto es un placer.<\/span><\/p>\n<p>Por muchos motivos;\u00a0<span style=\"line-height: 1.5;\">el primero por trabajar en mi tierra \u00bfveis qu\u00e9 color? la hierba, el cielo y el mar. <\/span><\/p>\n<p><span style=\"line-height: 1.5;\">En segundo lugar por compartir el trabajo con un equipo de profesionales como la gente de <a href=\"http:\/\/vervecg.com\/\" target=\"_blank\">Verve<\/a> con los que, una vez m\u00e1s, las horas de rodaje se hacen amenas, intensas y muy productivas. <\/span><\/p>\n<p><span style=\"line-height: 1.5;\">Y en tercer lugar, por realizar un trabajo que dar\u00e1 como resultado un producto de mucha calidad, divertido y que, seguro, os va a divertir.<\/span><\/p>\n<p>Y poco m\u00e1s puedo contar, ya sab\u00e9is como es esto&#8230;muy pronto el resultado completo de esta grabaci\u00f3n en Galicia<\/p>\n","protected":false},"excerpt":{"rendered":"<p>Es un placer, enorme.\u00a0Esta foto es un placer. Por muchos motivos;\u00a0el primero por trabajar en mi tierra \u00bfveis qu\u00e9 color? la hierba, el cielo y el mar. En segundo lugar por compartir el trabajo con un equipo de profesionales como la gente de Verve con los que, una vez m\u00e1s, las horas de rodaje se <a class=\"read-more\" href=\"https:\/\/javiervarelactor.com\/?p=883\">Leer m\u00e1s<\/a><\/p>\n","protected":false},"author":1,"featured_media":884,"comment_status":"closed","ping_status":"open","sticky":false,"template":"","format":"standard","meta":{"_monsterinsights_skip_tracking":false,"_monsterinsights_sitenote_active":false,"_monsterinsights_sitenote_note":"","_monsterinsights_sitenote_category":0,"footnotes":""},"categories":[21,31,41],"tags":[30],"yoast_head":"<!-- This site is optimized with the Yoast SEO plugin v22.7 - https:\/\/yoast.com\/wordpress\/plugins\/seo\/ -->\n<title>-Grabaci\u00f3n en Galicia<\/title>\n<meta name=\"description\" content=\"Es un placer trabajar con un equipo de profesionales audiovisuales tan genial. Grabaci\u00f3n en Galicia durante el mes de mayo. Muy pronto en Televisi\u00f3n.\" \/>\n<meta name=\"robots\" content=\"index, follow, max-snippet:-1, max-image-preview:large, max-video-preview:-1\" \/>\n<link rel=\"canonical\" href=\"https:\/\/javiervarelactor.com\/?p=883\" \/>\n<meta property=\"og:locale\" content=\"es_ES\" \/>\n<meta property=\"og:type\" content=\"article\" \/>\n<meta property=\"og:title\" content=\"-Grabaci\u00f3n en Galicia\" \/>\n<meta property=\"og:description\" content=\"Es un placer trabajar con un equipo de profesionales audiovisuales tan genial. Grabaci\u00f3n en Galicia durante el mes de mayo. Muy pronto en Televisi\u00f3n.\" \/>\n<meta property=\"og:url\" content=\"https:\/\/javiervarelactor.com\/?p=883\" \/>\n<meta property=\"og:site_name\" content=\"Javier Varela\" \/>\n<meta property=\"article:publisher\" content=\"https:\/\/www.facebook.com\/pages\/Javier-Varela\/145894855509796?sk=info&amp;amp%3bamp%3bamp%3bamp%3btab=page_info\" \/>\n<meta property=\"article:published_time\" content=\"2016-05-20T09:05:24+00:00\" \/>\n<meta property=\"article:modified_time\" content=\"2016-05-20T09:24:17+00:00\" \/>\n<meta property=\"og:image\" content=\"https:\/\/javiervarelactor.com\/wp-content\/uploads\/2016\/05\/IMG_3889.jpg\" \/>\n\t<meta property=\"og:image:width\" content=\"1599\" \/>\n\t<meta property=\"og:image:height\" content=\"899\" \/>\n\t<meta property=\"og:image:type\" content=\"image\/jpeg\" \/>\n<meta name=\"author\" content=\"Javier Varela\" \/>\n<meta name=\"twitter:label1\" content=\"Escrito por\" \/>\n\t<meta name=\"twitter:data1\" content=\"Javier Varela\" \/>\n\t<meta name=\"twitter:label2\" content=\"Tiempo de lectura\" \/>\n\t<meta name=\"twitter:data2\" content=\"1 minuto\" \/>\n<script type=\"application\/ld+json\" class=\"yoast-schema-graph\">{\"@context\":\"https:\/\/schema.org\",\"@graph\":[{\"@type\":\"WebPage\",\"@id\":\"https:\/\/javiervarelactor.com\/?p=883\",\"url\":\"https:\/\/javiervarelactor.com\/?p=883\",\"name\":\"-Grabaci\u00f3n en Galicia\",\"isPartOf\":{\"@id\":\"https:\/\/javiervarelactor.com\/#website\"},\"primaryImageOfPage\":{\"@id\":\"https:\/\/javiervarelactor.com\/?p=883#primaryimage\"},\"image\":{\"@id\":\"https:\/\/javiervarelactor.com\/?p=883#primaryimage\"},\"thumbnailUrl\":\"https:\/\/javiervarelactor.com\/wp-content\/uploads\/2016\/05\/IMG_3889.jpg\",\"datePublished\":\"2016-05-20T09:05:24+00:00\",\"dateModified\":\"2016-05-20T09:24:17+00:00\",\"author\":{\"@id\":\"https:\/\/javiervarelactor.com\/#\/schema\/person\/e3104f2f3cca87d9a07b40f5281c02ba\"},\"description\":\"Es un placer trabajar con un equipo de profesionales audiovisuales tan genial. Grabaci\u00f3n en Galicia durante el mes de mayo. Muy pronto en Televisi\u00f3n.\",\"breadcrumb\":{\"@id\":\"https:\/\/javiervarelactor.com\/?p=883#breadcrumb\"},\"inLanguage\":\"es\",\"potentialAction\":[{\"@type\":\"ReadAction\",\"target\":[\"https:\/\/javiervarelactor.com\/?p=883\"]}]},{\"@type\":\"ImageObject\",\"inLanguage\":\"es\",\"@id\":\"https:\/\/javiervarelactor.com\/?p=883#primaryimage\",\"url\":\"https:\/\/javiervarelactor.com\/wp-content\/uploads\/2016\/05\/IMG_3889.jpg\",\"contentUrl\":\"https:\/\/javiervarelactor.com\/wp-content\/uploads\/2016\/05\/IMG_3889.jpg\",\"width\":1599,\"height\":899,\"caption\":\"actor galicia\"},{\"@type\":\"BreadcrumbList\",\"@id\":\"https:\/\/javiervarelactor.com\/?p=883#breadcrumb\",\"itemListElement\":[{\"@type\":\"ListItem\",\"position\":1,\"name\":\"Inicio\",\"item\":\"https:\/\/javiervarelactor.com\/\"},{\"@type\":\"ListItem\",\"position\":2,\"name\":\"Grabaci\u00f3n en Galicia\"}]},{\"@type\":\"WebSite\",\"@id\":\"https:\/\/javiervarelactor.com\/#website\",\"url\":\"https:\/\/javiervarelactor.com\/\",\"name\":\"Javier Varela\",\"description\":\"Actor y Presentador\",\"potentialAction\":[{\"@type\":\"SearchAction\",\"target\":{\"@type\":\"EntryPoint\",\"urlTemplate\":\"https:\/\/javiervarelactor.com\/?s={search_term_string}\"},\"query-input\":\"required name=search_term_string\"}],\"inLanguage\":\"es\"},{\"@type\":\"Person\",\"@id\":\"https:\/\/javiervarelactor.com\/#\/schema\/person\/e3104f2f3cca87d9a07b40f5281c02ba\",\"name\":\"Javier Varela\",\"image\":{\"@type\":\"ImageObject\",\"inLanguage\":\"es\",\"@id\":\"https:\/\/javiervarelactor.com\/#\/schema\/person\/image\/\",\"url\":\"https:\/\/secure.gravatar.com\/avatar\/858edfdbe98ed682c9723085564a87b3?s=96&d=mm&r=g\",\"contentUrl\":\"https:\/\/secure.gravatar.com\/avatar\/858edfdbe98ed682c9723085564a87b3?s=96&d=mm&r=g\",\"caption\":\"Javier Varela\"},\"sameAs\":[\"http:\/\/www.javiervarelactor.com\"],\"url\":\"https:\/\/javiervarelactor.com\/?author=1\"}]}<\/script>\n<!-- \/ Yoast SEO plugin. -->","yoast_head_json":{"title":"-Grabaci\u00f3n en Galicia","description":"Es un placer trabajar con un equipo de profesionales audiovisuales tan genial. Grabaci\u00f3n en Galicia durante el mes de mayo. Muy pronto en Televisi\u00f3n.","robots":{"index":"index","follow":"follow","max-snippet":"max-snippet:-1","max-image-preview":"max-image-preview:large","max-video-preview":"max-video-preview:-1"},"canonical":"https:\/\/javiervarelactor.com\/?p=883","og_locale":"es_ES","og_type":"article","og_title":"-Grabaci\u00f3n en Galicia","og_description":"Es un placer trabajar con un equipo de profesionales audiovisuales tan genial. Grabaci\u00f3n en Galicia durante el mes de mayo. Muy pronto en Televisi\u00f3n.","og_url":"https:\/\/javiervarelactor.com\/?p=883","og_site_name":"Javier Varela","article_publisher":"https:\/\/www.facebook.com\/pages\/Javier-Varela\/145894855509796?sk=info&amp%3bamp%3bamp%3bamp%3btab=page_info","article_published_time":"2016-05-20T09:05:24+00:00","article_modified_time":"2016-05-20T09:24:17+00:00","og_image":[{"width":1599,"height":899,"url":"https:\/\/javiervarelactor.com\/wp-content\/uploads\/2016\/05\/IMG_3889.jpg","type":"image\/jpeg"}],"author":"Javier Varela","twitter_misc":{"Escrito por":"Javier Varela","Tiempo de lectura":"1 minuto"},"schema":{"@context":"https:\/\/schema.org","@graph":[{"@type":"WebPage","@id":"https:\/\/javiervarelactor.com\/?p=883","url":"https:\/\/javiervarelactor.com\/?p=883","name":"-Grabaci\u00f3n en Galicia","isPartOf":{"@id":"https:\/\/javiervarelactor.com\/#website"},"primaryImageOfPage":{"@id":"https:\/\/javiervarelactor.com\/?p=883#primaryimage"},"image":{"@id":"https:\/\/javiervarelactor.com\/?p=883#primaryimage"},"thumbnailUrl":"https:\/\/javiervarelactor.com\/wp-content\/uploads\/2016\/05\/IMG_3889.jpg","datePublished":"2016-05-20T09:05:24+00:00","dateModified":"2016-05-20T09:24:17+00:00","author":{"@id":"https:\/\/javiervarelactor.com\/#\/schema\/person\/e3104f2f3cca87d9a07b40f5281c02ba"},"description":"Es un placer trabajar con un equipo de profesionales audiovisuales tan genial. Grabaci\u00f3n en Galicia durante el mes de mayo. Muy pronto en Televisi\u00f3n.","breadcrumb":{"@id":"https:\/\/javiervarelactor.com\/?p=883#breadcrumb"},"inLanguage":"es","potentialAction":[{"@type":"ReadAction","target":["https:\/\/javiervarelactor.com\/?p=883"]}]},{"@type":"ImageObject","inLanguage":"es","@id":"https:\/\/javiervarelactor.com\/?p=883#primaryimage","url":"https:\/\/javiervarelactor.com\/wp-content\/uploads\/2016\/05\/IMG_3889.jpg","contentUrl":"https:\/\/javiervarelactor.com\/wp-content\/uploads\/2016\/05\/IMG_3889.jpg","width":1599,"height":899,"caption":"actor galicia"},{"@type":"BreadcrumbList","@id":"https:\/\/javiervarelactor.com\/?p=883#breadcrumb","itemListElement":[{"@type":"ListItem","position":1,"name":"Inicio","item":"https:\/\/javiervarelactor.com\/"},{"@type":"ListItem","position":2,"name":"Grabaci\u00f3n en Galicia"}]},{"@type":"WebSite","@id":"https:\/\/javiervarelactor.com\/#website","url":"https:\/\/javiervarelactor.com\/","name":"Javier Varela","description":"Actor y Presentador","potentialAction":[{"@type":"SearchAction","target":{"@type":"EntryPoint","urlTemplate":"https:\/\/javiervarelactor.com\/?s={search_term_string}"},"query-input":"required name=search_term_string"}],"inLanguage":"es"},{"@type":"Person","@id":"https:\/\/javiervarelactor.com\/#\/schema\/person\/e3104f2f3cca87d9a07b40f5281c02ba","name":"Javier Varela","image":{"@type":"ImageObject","inLanguage":"es","@id":"https:\/\/javiervarelactor.com\/#\/schema\/person\/image\/","url":"https:\/\/secure.gravatar.com\/avatar\/858edfdbe98ed682c9723085564a87b3?s=96&d=mm&r=g","contentUrl":"https:\/\/secure.gravatar.com\/avatar\/858edfdbe98ed682c9723085564a87b3?s=96&d=mm&r=g","caption":"Javier Varela"},"sameAs":["http:\/\/www.javiervarelactor.com"],"url":"https:\/\/javiervarelactor.com\/?author=1"}]}},"_links":{"self":[{"href":"https:\/\/javiervarelactor.com\/index.php?rest_route=\/wp\/v2\/posts\/883"}],"collection":[{"href":"https:\/\/javiervarelactor.com\/index.php?rest_route=\/wp\/v2\/posts"}],"about":[{"href":"https:\/\/javiervarelactor.com\/index.php?rest_route=\/wp\/v2\/types\/post"}],"author":[{"embeddable":true,"href":"https:\/\/javiervarelactor.com\/index.php?rest_route=\/wp\/v2\/users\/1"}],"replies":[{"embeddable":true,"href":"https:\/\/javiervarelactor.com\/index.php?rest_route=%2Fwp%2Fv2%2Fcomments&post=883"}],"version-history":[{"count":2,"href":"https:\/\/javiervarelactor.com\/index.php?rest_route=\/wp\/v2\/posts\/883\/revisions"}],"predecessor-version":[{"id":886,"href":"https:\/\/javiervarelactor.com\/index.php?rest_route=\/wp\/v2\/posts\/883\/revisions\/886"}],"wp:featuredmedia":[{"embeddable":true,"href":"https:\/\/javiervarelactor.com\/index.php?rest_route=\/wp\/v2\/media\/884"}],"wp:attachment":[{"href":"https:\/\/javiervarelactor.com\/index.php?rest_route=%2Fwp%2Fv2%2Fmedia&parent=883"}],"wp:term":[{"taxonomy":"category","embeddable":true,"href":"https:\/\/javiervarelactor.com\/index.php?rest_route=%2Fwp%2Fv2%2Fcategories&post=883"},{"taxonomy":"post_tag","embeddable":true,"href":"https:\/\/javiervarelactor.com\/index.php?rest_route=%2Fwp%2Fv2%2Ftags&post=883"}],"curies":[{"name":"wp","href":"https:\/\/api.w.org\/{rel}","templated":true}]}}