{"id":834,"date":"2016-03-10T12:59:57","date_gmt":"2016-03-10T12:59:57","guid":{"rendered":"http:\/\/javiervarelactor.com\/?p=834"},"modified":"2016-03-10T13:28:40","modified_gmt":"2016-03-10T13:28:40","slug":"detras-de-la-risa","status":"publish","type":"post","link":"https:\/\/javiervarelactor.com\/?p=834","title":{"rendered":"Detr\u00e1s de la risa"},"content":{"rendered":"<p style=\"text-align: center;\"><span style=\"color: #000000;\">Subir al escenario y disfrutar, es el \u00faltimo paso.<img loading=\"lazy\" decoding=\"async\" class=\"size-medium wp-image-841 aligncenter\" src=\"http:\/\/javiervarelactor.com\/wp-content\/uploads\/2016\/03\/IMG_3406-300x169.jpg\" alt=\"IMG_3406\" width=\"300\" height=\"169\" srcset=\"https:\/\/javiervarelactor.com\/wp-content\/uploads\/2016\/03\/IMG_3406-300x169.jpg 300w, https:\/\/javiervarelactor.com\/wp-content\/uploads\/2016\/03\/IMG_3406-1024x576.jpg 1024w, https:\/\/javiervarelactor.com\/wp-content\/uploads\/2016\/03\/IMG_3406.jpg 1600w\" sizes=\"(max-width: 300px) 100vw, 300px\" \/> <\/span><\/p>\n<p><span style=\"color: #000000;\">\u00bfQuieres ver qu\u00e9 hay detr\u00e1s de la risa? Uno de los v\u00eddeos que puedes disfrutar en el espect\u00e1culo de humor \u00ab<span style=\"color: #000080;\"><strong><a style=\"color: #000080;\" href=\"https:\/\/www.youtube.com\/watch?v=u3HtJRsRIGE\" target=\"_blank\">Un momento duro de ahora, 5 pesetas de las de antes<\/a><\/strong><\/span>\u00bb ha sido de los m\u00e1s comentados por el p\u00fablico. Por eso quiero compartir algunas fotos del \u00abc\u00f3mo se hizo\u00bb, \u00abmaking off\u00bb o \u00abdetr\u00e1s de la risa\u00bb.<\/span><\/p>\n<p><span style=\"color: #000000;\">Un resultado final tiene una factura espectacular, una producci\u00f3n\u00a0realizada gracias al trabajo en equipo, con el ingenio de\u00a0<span style=\"color: #0000ff;\"><span style=\"color: #000080;\"><a style=\"color: #000080;\" href=\"http:\/\/granerovideo.com\/\" target=\"_blank\">Miguel Granero<\/a><\/span>\u00a0<\/span>y los profesionales que me acompa\u00f1an. Subida a la monta\u00f1a, en condiciones adversas; viento, fr\u00edo, lluvia. Un vestuario muy profesional, y a la vez muy humano, porque si no fuese por la buena gente que te encuentras por el camino, no ser\u00eda posible. Hay que tener cerca a amigos aut\u00e9nticos\u00a0para encontrar una localizaci\u00f3n, un material t\u00e9cnico, un\u00a0<\/span><span style=\"color: #000000;\">vestuario y unos paraguas tan aut\u00e9nticos.<\/span><\/p>\n<p><span style=\"color: #000000;\">El fr\u00edo, la lluvia y el barro se vuelven risa cuando se trabaja con ilusi\u00f3n y buen ambiente \u00a1qu\u00e9 suerte!<\/span><\/p>\n<p><span style=\"color: #000000;\">As\u00ed que el resultado es \u00e9ste \u00abnumantucr\u00eda\u00bb, desde el precipicio m\u00e1s alto de Lugo, aunque en la realidad te parezca que estamos en\u00a0m\u00e1s all\u00e1 del Muro.\u00a0<\/span><\/p>\n<p>&nbsp;<\/p>\n<div id='gallery-1' class='gallery galleryid-834 gallery-columns-2 gallery-size-medium'><figure class='gallery-item'>\n\t\t\t<div class='gallery-icon landscape'>\n\t\t\t\t<img loading=\"lazy\" decoding=\"async\" width=\"300\" height=\"169\" src=\"https:\/\/javiervarelactor.com\/wp-content\/uploads\/2016\/03\/numa-300x169.jpg\" class=\"attachment-medium size-medium\" alt=\"\" srcset=\"https:\/\/javiervarelactor.com\/wp-content\/uploads\/2016\/03\/numa-300x169.jpg 300w, https:\/\/javiervarelactor.com\/wp-content\/uploads\/2016\/03\/numa.jpg 852w\" sizes=\"(max-width: 300px) 100vw, 300px\" \/>\n\t\t\t<\/div><\/figure><figure class='gallery-item'>\n\t\t\t<div class='gallery-icon landscape'>\n\t\t\t\t<img loading=\"lazy\" decoding=\"async\" width=\"300\" height=\"169\" src=\"https:\/\/javiervarelactor.com\/wp-content\/uploads\/2016\/03\/localizacion-lugo-300x169.jpg\" class=\"attachment-medium size-medium\" alt=\"localizacion lugo\" srcset=\"https:\/\/javiervarelactor.com\/wp-content\/uploads\/2016\/03\/localizacion-lugo-300x169.jpg 300w, https:\/\/javiervarelactor.com\/wp-content\/uploads\/2016\/03\/localizacion-lugo.jpg 839w\" sizes=\"(max-width: 300px) 100vw, 300px\" \/>\n\t\t\t<\/div><\/figure><figure class='gallery-item'>\n\t\t\t<div class='gallery-icon landscape'>\n\t\t\t\t<img loading=\"lazy\" decoding=\"async\" width=\"300\" height=\"169\" src=\"https:\/\/javiervarelactor.com\/wp-content\/uploads\/2016\/03\/miguel-granero-300x169.jpg\" class=\"attachment-medium size-medium\" alt=\"\" srcset=\"https:\/\/javiervarelactor.com\/wp-content\/uploads\/2016\/03\/miguel-granero-300x169.jpg 300w, https:\/\/javiervarelactor.com\/wp-content\/uploads\/2016\/03\/miguel-granero.jpg 855w\" sizes=\"(max-width: 300px) 100vw, 300px\" \/>\n\t\t\t<\/div><\/figure><figure class='gallery-item'>\n\t\t\t<div class='gallery-icon landscape'>\n\t\t\t\t<img loading=\"lazy\" decoding=\"async\" width=\"300\" height=\"169\" src=\"https:\/\/javiervarelactor.com\/wp-content\/uploads\/2016\/03\/numan2-300x169.jpg\" class=\"attachment-medium size-medium\" alt=\"\" srcset=\"https:\/\/javiervarelactor.com\/wp-content\/uploads\/2016\/03\/numan2-300x169.jpg 300w, https:\/\/javiervarelactor.com\/wp-content\/uploads\/2016\/03\/numan2-1024x576.jpg 1024w, https:\/\/javiervarelactor.com\/wp-content\/uploads\/2016\/03\/numan2.jpg 1280w\" sizes=\"(max-width: 300px) 100vw, 300px\" \/>\n\t\t\t<\/div><\/figure><figure class='gallery-item'>\n\t\t\t<div class='gallery-icon landscape'>\n\t\t\t\t<img loading=\"lazy\" decoding=\"async\" width=\"300\" height=\"166\" src=\"https:\/\/javiervarelactor.com\/wp-content\/uploads\/2016\/03\/actor-galicia-300x166.jpg\" class=\"attachment-medium size-medium\" alt=\"\" srcset=\"https:\/\/javiervarelactor.com\/wp-content\/uploads\/2016\/03\/actor-galicia-300x166.jpg 300w, https:\/\/javiervarelactor.com\/wp-content\/uploads\/2016\/03\/actor-galicia.jpg 854w\" sizes=\"(max-width: 300px) 100vw, 300px\" \/>\n\t\t\t<\/div><\/figure><figure class='gallery-item'>\n\t\t\t<div class='gallery-icon landscape'>\n\t\t\t\t<img loading=\"lazy\" decoding=\"async\" width=\"300\" height=\"169\" src=\"https:\/\/javiervarelactor.com\/wp-content\/uploads\/2016\/03\/numan1-300x169.jpg\" class=\"attachment-medium size-medium\" alt=\"\" srcset=\"https:\/\/javiervarelactor.com\/wp-content\/uploads\/2016\/03\/numan1-300x169.jpg 300w, https:\/\/javiervarelactor.com\/wp-content\/uploads\/2016\/03\/numan1-1024x576.jpg 1024w, https:\/\/javiervarelactor.com\/wp-content\/uploads\/2016\/03\/numan1.jpg 1280w\" sizes=\"(max-width: 300px) 100vw, 300px\" \/>\n\t\t\t<\/div><\/figure><figure class='gallery-item'>\n\t\t\t<div class='gallery-icon landscape'>\n\t\t\t\t<img loading=\"lazy\" decoding=\"async\" width=\"300\" height=\"181\" src=\"https:\/\/javiervarelactor.com\/wp-content\/uploads\/2016\/03\/produccion-galicia-300x181.jpg\" class=\"attachment-medium size-medium\" alt=\"produccion galicia\" srcset=\"https:\/\/javiervarelactor.com\/wp-content\/uploads\/2016\/03\/produccion-galicia-300x181.jpg 300w, https:\/\/javiervarelactor.com\/wp-content\/uploads\/2016\/03\/produccion-galicia.jpg 769w\" sizes=\"(max-width: 300px) 100vw, 300px\" \/>\n\t\t\t<\/div><\/figure><figure class='gallery-item'>\n\t\t\t<div class='gallery-icon landscape'>\n\t\t\t\t<img loading=\"lazy\" decoding=\"async\" width=\"300\" height=\"226\" src=\"https:\/\/javiervarelactor.com\/wp-content\/uploads\/2016\/03\/equipo-produccion-300x226.jpg\" class=\"attachment-medium size-medium\" alt=\"\" srcset=\"https:\/\/javiervarelactor.com\/wp-content\/uploads\/2016\/03\/equipo-produccion-300x226.jpg 300w, https:\/\/javiervarelactor.com\/wp-content\/uploads\/2016\/03\/equipo-produccion.jpg 630w\" sizes=\"(max-width: 300px) 100vw, 300px\" \/>\n\t\t\t<\/div><\/figure>\n\t\t<\/div>\n\n<p><span style=\"color: #000000;\">\u00a0<\/span><\/p>\n<p style=\"text-align: center;\">Y si quieres ver el resultado final, no te pierdas las pr\u00f3ximas fechas de<\/p>\n<p style=\"text-align: center;\">\u00ab<span style=\"color: #000080;\"><strong><a style=\"color: #000080;\" href=\"https:\/\/www.youtube.com\/watch?v=u3HtJRsRIGE\" target=\"_blank\">Un momento duro de ahora, 5 pesetas de las de antes<\/a><\/strong><\/span>\u00ab<\/p>\n<p>&nbsp;<\/p>\n","protected":false},"excerpt":{"rendered":"<p>Subir al escenario y disfrutar, es el \u00faltimo paso. \u00bfQuieres ver qu\u00e9 hay detr\u00e1s de la risa? Uno de los v\u00eddeos que puedes disfrutar en el espect\u00e1culo de humor \u00abUn momento duro de ahora, 5 pesetas de las de antes\u00bb ha sido de los m\u00e1s comentados por el p\u00fablico. Por eso quiero compartir algunas fotos <a class=\"read-more\" href=\"https:\/\/javiervarelactor.com\/?p=834\">Leer m\u00e1s<\/a><\/p>\n","protected":false},"author":1,"featured_media":835,"comment_status":"closed","ping_status":"open","sticky":false,"template":"","format":"standard","meta":{"_monsterinsights_skip_tracking":false,"_monsterinsights_sitenote_active":false,"_monsterinsights_sitenote_note":"","_monsterinsights_sitenote_category":0,"footnotes":""},"categories":[31,41],"tags":[47,48],"yoast_head":"<!-- This site is optimized with the Yoast SEO plugin v22.7 - https:\/\/yoast.com\/wordpress\/plugins\/seo\/ -->\n<title>- Detr\u00e1s de la risa - Javier Varela<\/title>\n<meta name=\"description\" content=\"\u00bfQuieres descubrir qu\u00e9 hay detr\u00e1s de la risa? Te cuento algo de los secretos de producci\u00f3n, la magia existe, pero tiene mucho trabajo detr\u00e1s.\" \/>\n<meta name=\"robots\" content=\"index, follow, max-snippet:-1, max-image-preview:large, max-video-preview:-1\" \/>\n<link rel=\"canonical\" href=\"https:\/\/javiervarelactor.com\/?p=834\" \/>\n<meta property=\"og:locale\" content=\"es_ES\" \/>\n<meta property=\"og:type\" content=\"article\" \/>\n<meta property=\"og:title\" content=\"- Detr\u00e1s de la risa - Javier Varela\" \/>\n<meta property=\"og:description\" content=\"\u00bfQuieres descubrir qu\u00e9 hay detr\u00e1s de la risa? Te cuento algo de los secretos de producci\u00f3n, la magia existe, pero tiene mucho trabajo detr\u00e1s.\" \/>\n<meta property=\"og:url\" content=\"https:\/\/javiervarelactor.com\/?p=834\" \/>\n<meta property=\"og:site_name\" content=\"Javier Varela\" \/>\n<meta property=\"article:publisher\" content=\"https:\/\/www.facebook.com\/pages\/Javier-Varela\/145894855509796?sk=info&amp;amp%3bamp%3bamp%3bamp%3btab=page_info\" \/>\n<meta property=\"article:published_time\" content=\"2016-03-10T12:59:57+00:00\" \/>\n<meta property=\"article:modified_time\" content=\"2016-03-10T13:28:40+00:00\" \/>\n<meta property=\"og:image\" content=\"https:\/\/javiervarelactor.com\/wp-content\/uploads\/2016\/03\/produccion-galicia.jpg\" \/>\n\t<meta property=\"og:image:width\" content=\"769\" \/>\n\t<meta property=\"og:image:height\" content=\"465\" \/>\n\t<meta property=\"og:image:type\" content=\"image\/jpeg\" \/>\n<meta name=\"author\" content=\"Javier Varela\" \/>\n<meta name=\"twitter:label1\" content=\"Escrito por\" \/>\n\t<meta name=\"twitter:data1\" content=\"Javier Varela\" \/>\n\t<meta name=\"twitter:label2\" content=\"Tiempo de lectura\" \/>\n\t<meta name=\"twitter:data2\" content=\"1 minuto\" \/>\n<script type=\"application\/ld+json\" class=\"yoast-schema-graph\">{\"@context\":\"https:\/\/schema.org\",\"@graph\":[{\"@type\":\"WebPage\",\"@id\":\"https:\/\/javiervarelactor.com\/?p=834\",\"url\":\"https:\/\/javiervarelactor.com\/?p=834\",\"name\":\"- Detr\u00e1s de la risa - Javier Varela\",\"isPartOf\":{\"@id\":\"https:\/\/javiervarelactor.com\/#website\"},\"primaryImageOfPage\":{\"@id\":\"https:\/\/javiervarelactor.com\/?p=834#primaryimage\"},\"image\":{\"@id\":\"https:\/\/javiervarelactor.com\/?p=834#primaryimage\"},\"thumbnailUrl\":\"https:\/\/javiervarelactor.com\/wp-content\/uploads\/2016\/03\/produccion-galicia.jpg\",\"datePublished\":\"2016-03-10T12:59:57+00:00\",\"dateModified\":\"2016-03-10T13:28:40+00:00\",\"author\":{\"@id\":\"https:\/\/javiervarelactor.com\/#\/schema\/person\/e3104f2f3cca87d9a07b40f5281c02ba\"},\"description\":\"\u00bfQuieres descubrir qu\u00e9 hay detr\u00e1s de la risa? Te cuento algo de los secretos de producci\u00f3n, la magia existe, pero tiene mucho trabajo detr\u00e1s.\",\"breadcrumb\":{\"@id\":\"https:\/\/javiervarelactor.com\/?p=834#breadcrumb\"},\"inLanguage\":\"es\",\"potentialAction\":[{\"@type\":\"ReadAction\",\"target\":[\"https:\/\/javiervarelactor.com\/?p=834\"]}]},{\"@type\":\"ImageObject\",\"inLanguage\":\"es\",\"@id\":\"https:\/\/javiervarelactor.com\/?p=834#primaryimage\",\"url\":\"https:\/\/javiervarelactor.com\/wp-content\/uploads\/2016\/03\/produccion-galicia.jpg\",\"contentUrl\":\"https:\/\/javiervarelactor.com\/wp-content\/uploads\/2016\/03\/produccion-galicia.jpg\",\"width\":769,\"height\":465,\"caption\":\"produccion galicia\"},{\"@type\":\"BreadcrumbList\",\"@id\":\"https:\/\/javiervarelactor.com\/?p=834#breadcrumb\",\"itemListElement\":[{\"@type\":\"ListItem\",\"position\":1,\"name\":\"Inicio\",\"item\":\"https:\/\/javiervarelactor.com\/\"},{\"@type\":\"ListItem\",\"position\":2,\"name\":\"Detr\u00e1s de la risa\"}]},{\"@type\":\"WebSite\",\"@id\":\"https:\/\/javiervarelactor.com\/#website\",\"url\":\"https:\/\/javiervarelactor.com\/\",\"name\":\"Javier Varela\",\"description\":\"Actor y Presentador\",\"potentialAction\":[{\"@type\":\"SearchAction\",\"target\":{\"@type\":\"EntryPoint\",\"urlTemplate\":\"https:\/\/javiervarelactor.com\/?s={search_term_string}\"},\"query-input\":\"required name=search_term_string\"}],\"inLanguage\":\"es\"},{\"@type\":\"Person\",\"@id\":\"https:\/\/javiervarelactor.com\/#\/schema\/person\/e3104f2f3cca87d9a07b40f5281c02ba\",\"name\":\"Javier Varela\",\"image\":{\"@type\":\"ImageObject\",\"inLanguage\":\"es\",\"@id\":\"https:\/\/javiervarelactor.com\/#\/schema\/person\/image\/\",\"url\":\"https:\/\/secure.gravatar.com\/avatar\/858edfdbe98ed682c9723085564a87b3?s=96&d=mm&r=g\",\"contentUrl\":\"https:\/\/secure.gravatar.com\/avatar\/858edfdbe98ed682c9723085564a87b3?s=96&d=mm&r=g\",\"caption\":\"Javier Varela\"},\"sameAs\":[\"http:\/\/www.javiervarelactor.com\"],\"url\":\"https:\/\/javiervarelactor.com\/?author=1\"}]}<\/script>\n<!-- \/ Yoast SEO plugin. -->","yoast_head_json":{"title":"- Detr\u00e1s de la risa - Javier Varela","description":"\u00bfQuieres descubrir qu\u00e9 hay detr\u00e1s de la risa? Te cuento algo de los secretos de producci\u00f3n, la magia existe, pero tiene mucho trabajo detr\u00e1s.","robots":{"index":"index","follow":"follow","max-snippet":"max-snippet:-1","max-image-preview":"max-image-preview:large","max-video-preview":"max-video-preview:-1"},"canonical":"https:\/\/javiervarelactor.com\/?p=834","og_locale":"es_ES","og_type":"article","og_title":"- Detr\u00e1s de la risa - Javier Varela","og_description":"\u00bfQuieres descubrir qu\u00e9 hay detr\u00e1s de la risa? Te cuento algo de los secretos de producci\u00f3n, la magia existe, pero tiene mucho trabajo detr\u00e1s.","og_url":"https:\/\/javiervarelactor.com\/?p=834","og_site_name":"Javier Varela","article_publisher":"https:\/\/www.facebook.com\/pages\/Javier-Varela\/145894855509796?sk=info&amp%3bamp%3bamp%3bamp%3btab=page_info","article_published_time":"2016-03-10T12:59:57+00:00","article_modified_time":"2016-03-10T13:28:40+00:00","og_image":[{"width":769,"height":465,"url":"https:\/\/javiervarelactor.com\/wp-content\/uploads\/2016\/03\/produccion-galicia.jpg","type":"image\/jpeg"}],"author":"Javier Varela","twitter_misc":{"Escrito por":"Javier Varela","Tiempo de lectura":"1 minuto"},"schema":{"@context":"https:\/\/schema.org","@graph":[{"@type":"WebPage","@id":"https:\/\/javiervarelactor.com\/?p=834","url":"https:\/\/javiervarelactor.com\/?p=834","name":"- Detr\u00e1s de la risa - Javier Varela","isPartOf":{"@id":"https:\/\/javiervarelactor.com\/#website"},"primaryImageOfPage":{"@id":"https:\/\/javiervarelactor.com\/?p=834#primaryimage"},"image":{"@id":"https:\/\/javiervarelactor.com\/?p=834#primaryimage"},"thumbnailUrl":"https:\/\/javiervarelactor.com\/wp-content\/uploads\/2016\/03\/produccion-galicia.jpg","datePublished":"2016-03-10T12:59:57+00:00","dateModified":"2016-03-10T13:28:40+00:00","author":{"@id":"https:\/\/javiervarelactor.com\/#\/schema\/person\/e3104f2f3cca87d9a07b40f5281c02ba"},"description":"\u00bfQuieres descubrir qu\u00e9 hay detr\u00e1s de la risa? Te cuento algo de los secretos de producci\u00f3n, la magia existe, pero tiene mucho trabajo detr\u00e1s.","breadcrumb":{"@id":"https:\/\/javiervarelactor.com\/?p=834#breadcrumb"},"inLanguage":"es","potentialAction":[{"@type":"ReadAction","target":["https:\/\/javiervarelactor.com\/?p=834"]}]},{"@type":"ImageObject","inLanguage":"es","@id":"https:\/\/javiervarelactor.com\/?p=834#primaryimage","url":"https:\/\/javiervarelactor.com\/wp-content\/uploads\/2016\/03\/produccion-galicia.jpg","contentUrl":"https:\/\/javiervarelactor.com\/wp-content\/uploads\/2016\/03\/produccion-galicia.jpg","width":769,"height":465,"caption":"produccion galicia"},{"@type":"BreadcrumbList","@id":"https:\/\/javiervarelactor.com\/?p=834#breadcrumb","itemListElement":[{"@type":"ListItem","position":1,"name":"Inicio","item":"https:\/\/javiervarelactor.com\/"},{"@type":"ListItem","position":2,"name":"Detr\u00e1s de la risa"}]},{"@type":"WebSite","@id":"https:\/\/javiervarelactor.com\/#website","url":"https:\/\/javiervarelactor.com\/","name":"Javier Varela","description":"Actor y Presentador","potentialAction":[{"@type":"SearchAction","target":{"@type":"EntryPoint","urlTemplate":"https:\/\/javiervarelactor.com\/?s={search_term_string}"},"query-input":"required name=search_term_string"}],"inLanguage":"es"},{"@type":"Person","@id":"https:\/\/javiervarelactor.com\/#\/schema\/person\/e3104f2f3cca87d9a07b40f5281c02ba","name":"Javier Varela","image":{"@type":"ImageObject","inLanguage":"es","@id":"https:\/\/javiervarelactor.com\/#\/schema\/person\/image\/","url":"https:\/\/secure.gravatar.com\/avatar\/858edfdbe98ed682c9723085564a87b3?s=96&d=mm&r=g","contentUrl":"https:\/\/secure.gravatar.com\/avatar\/858edfdbe98ed682c9723085564a87b3?s=96&d=mm&r=g","caption":"Javier Varela"},"sameAs":["http:\/\/www.javiervarelactor.com"],"url":"https:\/\/javiervarelactor.com\/?author=1"}]}},"_links":{"self":[{"href":"https:\/\/javiervarelactor.com\/index.php?rest_route=\/wp\/v2\/posts\/834"}],"collection":[{"href":"https:\/\/javiervarelactor.com\/index.php?rest_route=\/wp\/v2\/posts"}],"about":[{"href":"https:\/\/javiervarelactor.com\/index.php?rest_route=\/wp\/v2\/types\/post"}],"author":[{"embeddable":true,"href":"https:\/\/javiervarelactor.com\/index.php?rest_route=\/wp\/v2\/users\/1"}],"replies":[{"embeddable":true,"href":"https:\/\/javiervarelactor.com\/index.php?rest_route=%2Fwp%2Fv2%2Fcomments&post=834"}],"version-history":[{"count":10,"href":"https:\/\/javiervarelactor.com\/index.php?rest_route=\/wp\/v2\/posts\/834\/revisions"}],"predecessor-version":[{"id":856,"href":"https:\/\/javiervarelactor.com\/index.php?rest_route=\/wp\/v2\/posts\/834\/revisions\/856"}],"wp:featuredmedia":[{"embeddable":true,"href":"https:\/\/javiervarelactor.com\/index.php?rest_route=\/wp\/v2\/media\/835"}],"wp:attachment":[{"href":"https:\/\/javiervarelactor.com\/index.php?rest_route=%2Fwp%2Fv2%2Fmedia&parent=834"}],"wp:term":[{"taxonomy":"category","embeddable":true,"href":"https:\/\/javiervarelactor.com\/index.php?rest_route=%2Fwp%2Fv2%2Fcategories&post=834"},{"taxonomy":"post_tag","embeddable":true,"href":"https:\/\/javiervarelactor.com\/index.php?rest_route=%2Fwp%2Fv2%2Ftags&post=834"}],"curies":[{"name":"wp","href":"https:\/\/api.w.org\/{rel}","templated":true}]}}