{"id":820,"date":"2016-02-26T13:18:25","date_gmt":"2016-02-26T13:18:25","guid":{"rendered":"http:\/\/javiervarelactor.com\/?p=820"},"modified":"2016-06-24T08:30:50","modified_gmt":"2016-06-24T08:30:50","slug":"nuevo-videobook-javier-varela","status":"publish","type":"post","link":"https:\/\/javiervarelactor.com\/?p=820","title":{"rendered":"Nuevo v\u00eddeobook Javier Varela"},"content":{"rendered":"<p style=\"text-align: center;\">Os presento mi \u00faltimo videobook; reflejo actualizado de los \u00faltimos trabajos realizados en televisi\u00f3n.<\/p>\n<p style=\"text-align: center;\">En este nuevo videobook donde podr\u00e1s ver de manera reducida, muy esquem\u00e1tico, mis trabajos como actor en <em>Pazo de Familia, Cu\u00e9ntame o Urxencia Cero.<\/em><\/p>\n<p style=\"text-align: center;\">Para ver con m\u00e1s detalle puedes navegar por la web: <a href=\"http:\/\/javiervarelactor.com\/index.php\/monologuista\/\" target=\"_blank\">mon\u00f3logos<\/a>, <a href=\"http:\/\/javiervarelactor.com\/index.php\/actor\/\" target=\"_blank\">actor<\/a>, <a href=\"http:\/\/javiervarelactor.com\/index.php\/presentador\/\" target=\"_blank\">presentador<\/a><\/p>\n<p style=\"text-align: center;\">Espero que os guste<\/p>\n<p align=\"center\"><iframe loading=\"lazy\" src=\"https:\/\/www.youtube.com\/embed\/u3dMIS9JpUA\" width=\"560\" height=\"315\" frameborder=\"0\" allowfullscreen=\"allowfullscreen\"><\/iframe><\/p>\n","protected":false},"excerpt":{"rendered":"<p>Os presento mi \u00faltimo videobook; reflejo actualizado de los \u00faltimos trabajos realizados en televisi\u00f3n. En este nuevo videobook donde podr\u00e1s ver de manera reducida, muy esquem\u00e1tico, mis trabajos como actor en Pazo de Familia, Cu\u00e9ntame o Urxencia Cero. Para ver con m\u00e1s detalle puedes navegar por la web: mon\u00f3logos, actor, presentador Espero que os guste<\/p>\n","protected":false},"author":1,"featured_media":823,"comment_status":"closed","ping_status":"open","sticky":false,"template":"","format":"standard","meta":{"_monsterinsights_skip_tracking":false,"_monsterinsights_sitenote_active":false,"_monsterinsights_sitenote_note":"","_monsterinsights_sitenote_category":0,"footnotes":""},"categories":[21,31,11],"tags":[20,46],"yoast_head":"<!-- This site is optimized with the Yoast SEO plugin v22.7 - https:\/\/yoast.com\/wordpress\/plugins\/seo\/ -->\n<title>Videobook Javier Varela<\/title>\n<meta name=\"description\" content=\"Videobook Javier Varela con los \u00faltimos trabajos realizados como actor en televisi\u00f3n y cine. Series, pel\u00edculas, humor, drama. Javier Varela actor.\" \/>\n<meta name=\"robots\" content=\"index, follow, max-snippet:-1, max-image-preview:large, max-video-preview:-1\" \/>\n<link rel=\"canonical\" href=\"https:\/\/javiervarelactor.com\/?p=820\" \/>\n<meta property=\"og:locale\" content=\"es_ES\" \/>\n<meta property=\"og:type\" content=\"article\" \/>\n<meta property=\"og:title\" content=\"Videobook Javier Varela\" \/>\n<meta property=\"og:description\" content=\"Videobook Javier Varela con los \u00faltimos trabajos realizados como actor en televisi\u00f3n y cine. Series, pel\u00edculas, humor, drama. Javier Varela actor.\" \/>\n<meta property=\"og:url\" content=\"https:\/\/javiervarelactor.com\/?p=820\" \/>\n<meta property=\"og:site_name\" content=\"Javier Varela\" \/>\n<meta property=\"article:publisher\" content=\"https:\/\/www.facebook.com\/pages\/Javier-Varela\/145894855509796?sk=info&amp;amp%3bamp%3bamp%3bamp%3btab=page_info\" \/>\n<meta property=\"article:published_time\" content=\"2016-02-26T13:18:25+00:00\" \/>\n<meta property=\"article:modified_time\" content=\"2016-06-24T08:30:50+00:00\" \/>\n<meta property=\"og:image\" content=\"https:\/\/javiervarelactor.com\/wp-content\/uploads\/2016\/02\/videobook-actor-galicia.jpg\" \/>\n\t<meta property=\"og:image:width\" content=\"640\" \/>\n\t<meta property=\"og:image:height\" content=\"360\" \/>\n\t<meta property=\"og:image:type\" content=\"image\/jpeg\" \/>\n<meta name=\"author\" content=\"Javier Varela\" \/>\n<meta name=\"twitter:label1\" content=\"Escrito por\" \/>\n\t<meta name=\"twitter:data1\" content=\"Javier Varela\" \/>\n<script type=\"application\/ld+json\" class=\"yoast-schema-graph\">{\"@context\":\"https:\/\/schema.org\",\"@graph\":[{\"@type\":\"WebPage\",\"@id\":\"https:\/\/javiervarelactor.com\/?p=820\",\"url\":\"https:\/\/javiervarelactor.com\/?p=820\",\"name\":\"Videobook Javier Varela\",\"isPartOf\":{\"@id\":\"https:\/\/javiervarelactor.com\/#website\"},\"primaryImageOfPage\":{\"@id\":\"https:\/\/javiervarelactor.com\/?p=820#primaryimage\"},\"image\":{\"@id\":\"https:\/\/javiervarelactor.com\/?p=820#primaryimage\"},\"thumbnailUrl\":\"https:\/\/javiervarelactor.com\/wp-content\/uploads\/2016\/02\/videobook-actor-galicia.jpg\",\"datePublished\":\"2016-02-26T13:18:25+00:00\",\"dateModified\":\"2016-06-24T08:30:50+00:00\",\"author\":{\"@id\":\"https:\/\/javiervarelactor.com\/#\/schema\/person\/e3104f2f3cca87d9a07b40f5281c02ba\"},\"description\":\"Videobook Javier Varela con los \u00faltimos trabajos realizados como actor en televisi\u00f3n y cine. Series, pel\u00edculas, humor, drama. Javier Varela actor.\",\"breadcrumb\":{\"@id\":\"https:\/\/javiervarelactor.com\/?p=820#breadcrumb\"},\"inLanguage\":\"es\",\"potentialAction\":[{\"@type\":\"ReadAction\",\"target\":[\"https:\/\/javiervarelactor.com\/?p=820\"]}]},{\"@type\":\"ImageObject\",\"inLanguage\":\"es\",\"@id\":\"https:\/\/javiervarelactor.com\/?p=820#primaryimage\",\"url\":\"https:\/\/javiervarelactor.com\/wp-content\/uploads\/2016\/02\/videobook-actor-galicia.jpg\",\"contentUrl\":\"https:\/\/javiervarelactor.com\/wp-content\/uploads\/2016\/02\/videobook-actor-galicia.jpg\",\"width\":640,\"height\":360,\"caption\":\"videobook actor galicia\"},{\"@type\":\"BreadcrumbList\",\"@id\":\"https:\/\/javiervarelactor.com\/?p=820#breadcrumb\",\"itemListElement\":[{\"@type\":\"ListItem\",\"position\":1,\"name\":\"Inicio\",\"item\":\"https:\/\/javiervarelactor.com\/\"},{\"@type\":\"ListItem\",\"position\":2,\"name\":\"Nuevo v\u00eddeobook Javier Varela\"}]},{\"@type\":\"WebSite\",\"@id\":\"https:\/\/javiervarelactor.com\/#website\",\"url\":\"https:\/\/javiervarelactor.com\/\",\"name\":\"Javier Varela\",\"description\":\"Actor y Presentador\",\"potentialAction\":[{\"@type\":\"SearchAction\",\"target\":{\"@type\":\"EntryPoint\",\"urlTemplate\":\"https:\/\/javiervarelactor.com\/?s={search_term_string}\"},\"query-input\":\"required name=search_term_string\"}],\"inLanguage\":\"es\"},{\"@type\":\"Person\",\"@id\":\"https:\/\/javiervarelactor.com\/#\/schema\/person\/e3104f2f3cca87d9a07b40f5281c02ba\",\"name\":\"Javier Varela\",\"image\":{\"@type\":\"ImageObject\",\"inLanguage\":\"es\",\"@id\":\"https:\/\/javiervarelactor.com\/#\/schema\/person\/image\/\",\"url\":\"https:\/\/secure.gravatar.com\/avatar\/858edfdbe98ed682c9723085564a87b3?s=96&d=mm&r=g\",\"contentUrl\":\"https:\/\/secure.gravatar.com\/avatar\/858edfdbe98ed682c9723085564a87b3?s=96&d=mm&r=g\",\"caption\":\"Javier Varela\"},\"sameAs\":[\"http:\/\/www.javiervarelactor.com\"],\"url\":\"https:\/\/javiervarelactor.com\/?author=1\"}]}<\/script>\n<!-- \/ Yoast SEO plugin. -->","yoast_head_json":{"title":"Videobook Javier Varela","description":"Videobook Javier Varela con los \u00faltimos trabajos realizados como actor en televisi\u00f3n y cine. Series, pel\u00edculas, humor, drama. Javier Varela actor.","robots":{"index":"index","follow":"follow","max-snippet":"max-snippet:-1","max-image-preview":"max-image-preview:large","max-video-preview":"max-video-preview:-1"},"canonical":"https:\/\/javiervarelactor.com\/?p=820","og_locale":"es_ES","og_type":"article","og_title":"Videobook Javier Varela","og_description":"Videobook Javier Varela con los \u00faltimos trabajos realizados como actor en televisi\u00f3n y cine. Series, pel\u00edculas, humor, drama. Javier Varela actor.","og_url":"https:\/\/javiervarelactor.com\/?p=820","og_site_name":"Javier Varela","article_publisher":"https:\/\/www.facebook.com\/pages\/Javier-Varela\/145894855509796?sk=info&amp%3bamp%3bamp%3bamp%3btab=page_info","article_published_time":"2016-02-26T13:18:25+00:00","article_modified_time":"2016-06-24T08:30:50+00:00","og_image":[{"width":640,"height":360,"url":"https:\/\/javiervarelactor.com\/wp-content\/uploads\/2016\/02\/videobook-actor-galicia.jpg","type":"image\/jpeg"}],"author":"Javier Varela","twitter_misc":{"Escrito por":"Javier Varela"},"schema":{"@context":"https:\/\/schema.org","@graph":[{"@type":"WebPage","@id":"https:\/\/javiervarelactor.com\/?p=820","url":"https:\/\/javiervarelactor.com\/?p=820","name":"Videobook Javier Varela","isPartOf":{"@id":"https:\/\/javiervarelactor.com\/#website"},"primaryImageOfPage":{"@id":"https:\/\/javiervarelactor.com\/?p=820#primaryimage"},"image":{"@id":"https:\/\/javiervarelactor.com\/?p=820#primaryimage"},"thumbnailUrl":"https:\/\/javiervarelactor.com\/wp-content\/uploads\/2016\/02\/videobook-actor-galicia.jpg","datePublished":"2016-02-26T13:18:25+00:00","dateModified":"2016-06-24T08:30:50+00:00","author":{"@id":"https:\/\/javiervarelactor.com\/#\/schema\/person\/e3104f2f3cca87d9a07b40f5281c02ba"},"description":"Videobook Javier Varela con los \u00faltimos trabajos realizados como actor en televisi\u00f3n y cine. Series, pel\u00edculas, humor, drama. Javier Varela actor.","breadcrumb":{"@id":"https:\/\/javiervarelactor.com\/?p=820#breadcrumb"},"inLanguage":"es","potentialAction":[{"@type":"ReadAction","target":["https:\/\/javiervarelactor.com\/?p=820"]}]},{"@type":"ImageObject","inLanguage":"es","@id":"https:\/\/javiervarelactor.com\/?p=820#primaryimage","url":"https:\/\/javiervarelactor.com\/wp-content\/uploads\/2016\/02\/videobook-actor-galicia.jpg","contentUrl":"https:\/\/javiervarelactor.com\/wp-content\/uploads\/2016\/02\/videobook-actor-galicia.jpg","width":640,"height":360,"caption":"videobook actor galicia"},{"@type":"BreadcrumbList","@id":"https:\/\/javiervarelactor.com\/?p=820#breadcrumb","itemListElement":[{"@type":"ListItem","position":1,"name":"Inicio","item":"https:\/\/javiervarelactor.com\/"},{"@type":"ListItem","position":2,"name":"Nuevo v\u00eddeobook Javier Varela"}]},{"@type":"WebSite","@id":"https:\/\/javiervarelactor.com\/#website","url":"https:\/\/javiervarelactor.com\/","name":"Javier Varela","description":"Actor y Presentador","potentialAction":[{"@type":"SearchAction","target":{"@type":"EntryPoint","urlTemplate":"https:\/\/javiervarelactor.com\/?s={search_term_string}"},"query-input":"required name=search_term_string"}],"inLanguage":"es"},{"@type":"Person","@id":"https:\/\/javiervarelactor.com\/#\/schema\/person\/e3104f2f3cca87d9a07b40f5281c02ba","name":"Javier Varela","image":{"@type":"ImageObject","inLanguage":"es","@id":"https:\/\/javiervarelactor.com\/#\/schema\/person\/image\/","url":"https:\/\/secure.gravatar.com\/avatar\/858edfdbe98ed682c9723085564a87b3?s=96&d=mm&r=g","contentUrl":"https:\/\/secure.gravatar.com\/avatar\/858edfdbe98ed682c9723085564a87b3?s=96&d=mm&r=g","caption":"Javier Varela"},"sameAs":["http:\/\/www.javiervarelactor.com"],"url":"https:\/\/javiervarelactor.com\/?author=1"}]}},"_links":{"self":[{"href":"https:\/\/javiervarelactor.com\/index.php?rest_route=\/wp\/v2\/posts\/820"}],"collection":[{"href":"https:\/\/javiervarelactor.com\/index.php?rest_route=\/wp\/v2\/posts"}],"about":[{"href":"https:\/\/javiervarelactor.com\/index.php?rest_route=\/wp\/v2\/types\/post"}],"author":[{"embeddable":true,"href":"https:\/\/javiervarelactor.com\/index.php?rest_route=\/wp\/v2\/users\/1"}],"replies":[{"embeddable":true,"href":"https:\/\/javiervarelactor.com\/index.php?rest_route=%2Fwp%2Fv2%2Fcomments&post=820"}],"version-history":[{"count":5,"href":"https:\/\/javiervarelactor.com\/index.php?rest_route=\/wp\/v2\/posts\/820\/revisions"}],"predecessor-version":[{"id":927,"href":"https:\/\/javiervarelactor.com\/index.php?rest_route=\/wp\/v2\/posts\/820\/revisions\/927"}],"wp:featuredmedia":[{"embeddable":true,"href":"https:\/\/javiervarelactor.com\/index.php?rest_route=\/wp\/v2\/media\/823"}],"wp:attachment":[{"href":"https:\/\/javiervarelactor.com\/index.php?rest_route=%2Fwp%2Fv2%2Fmedia&parent=820"}],"wp:term":[{"taxonomy":"category","embeddable":true,"href":"https:\/\/javiervarelactor.com\/index.php?rest_route=%2Fwp%2Fv2%2Fcategories&post=820"},{"taxonomy":"post_tag","embeddable":true,"href":"https:\/\/javiervarelactor.com\/index.php?rest_route=%2Fwp%2Fv2%2Ftags&post=820"}],"curies":[{"name":"wp","href":"https:\/\/api.w.org\/{rel}","templated":true}]}}