{"id":795,"date":"2016-02-04T15:00:57","date_gmt":"2016-02-04T15:00:57","guid":{"rendered":"http:\/\/javiervarelactor.com\/?p=795"},"modified":"2016-02-08T10:39:07","modified_gmt":"2016-02-08T10:39:07","slug":"javier-varela-en-pazo-de-familia","status":"publish","type":"post","link":"https:\/\/javiervarelactor.com\/?p=795","title":{"rendered":"Javier Varela en Pazo de Familia"},"content":{"rendered":"<p><a href=\"http:\/\/javiervarelactor.com\/wp-content\/uploads\/2016\/02\/actor-pazo-de-familia.jpg\"><img loading=\"lazy\" decoding=\"async\" class=\" wp-image-798 alignleft\" src=\"http:\/\/javiervarelactor.com\/wp-content\/uploads\/2016\/02\/actor-pazo-de-familia-300x249.jpg\" alt=\"actor pazo de familia\" width=\"229\" height=\"190\" srcset=\"https:\/\/javiervarelactor.com\/wp-content\/uploads\/2016\/02\/actor-pazo-de-familia-300x249.jpg 300w, https:\/\/javiervarelactor.com\/wp-content\/uploads\/2016\/02\/actor-pazo-de-familia-1024x849.jpg 1024w\" sizes=\"(max-width: 229px) 100vw, 229px\" \/><\/a><span style=\"color: #000000;\">La semana que viene emiten mi \u00faltimo trabajo: nuevo personaje en una de las producciones de m\u00e1s \u00e9xito en Televisi\u00f3n de Galicia, \u00ab<strong><em>Pazo de Familia<\/em><\/strong>\u00ab.<\/span><\/p>\n<p><span style=\"color: #000000;\">Veterana serie en la que he tenido el placer de participar con un personaje muy peculiar: <strong>Fidel Barbeito<\/strong>, un hombre con firmes principios, que no se viene abajo ante la adversidad y mucha fuerza. Un papel intenso con el que espero disfrut\u00e9is.<\/span><\/p>\n<p><span style=\"color: #000000;\">El pr\u00f3ximo lunes 8 de febrero nos vemos en Tvg, Javier Varela en Pazo de Familia, no te lo pierdas.<\/span><\/p>\n<p>&nbsp;<\/p>\n","protected":false},"excerpt":{"rendered":"<p>La semana que viene emiten mi \u00faltimo trabajo: nuevo personaje en una de las producciones de m\u00e1s \u00e9xito en Televisi\u00f3n de Galicia, \u00abPazo de Familia\u00ab. Veterana serie en la que he tenido el placer de participar con un personaje muy peculiar: Fidel Barbeito, un hombre con firmes principios, que no se viene abajo ante la <a class=\"read-more\" href=\"https:\/\/javiervarelactor.com\/?p=795\">Leer m\u00e1s<\/a><\/p>\n","protected":false},"author":1,"featured_media":798,"comment_status":"closed","ping_status":"open","sticky":false,"template":"","format":"standard","meta":{"_monsterinsights_skip_tracking":false,"_monsterinsights_sitenote_active":false,"_monsterinsights_sitenote_note":"","_monsterinsights_sitenote_category":0,"footnotes":""},"categories":[31],"tags":[45,43],"yoast_head":"<!-- This site is optimized with the Yoast SEO plugin v22.7 - https:\/\/yoast.com\/wordpress\/plugins\/seo\/ -->\n<title>Javier Varela en Pazo de Familia<\/title>\n<meta name=\"description\" content=\"Personaje de Fidel Barbeito, Javier Varela en Pazo de Familia.\" \/>\n<meta name=\"robots\" content=\"index, follow, max-snippet:-1, max-image-preview:large, max-video-preview:-1\" \/>\n<link rel=\"canonical\" href=\"https:\/\/javiervarelactor.com\/?p=795\" \/>\n<meta property=\"og:locale\" content=\"es_ES\" \/>\n<meta property=\"og:type\" content=\"article\" \/>\n<meta property=\"og:title\" content=\"Javier Varela en Pazo de Familia\" \/>\n<meta property=\"og:description\" content=\"Personaje de Fidel Barbeito, Javier Varela en Pazo de Familia.\" \/>\n<meta property=\"og:url\" content=\"https:\/\/javiervarelactor.com\/?p=795\" \/>\n<meta property=\"og:site_name\" content=\"Javier Varela\" \/>\n<meta property=\"article:publisher\" content=\"https:\/\/www.facebook.com\/pages\/Javier-Varela\/145894855509796?sk=info&amp;amp%3bamp%3bamp%3bamp%3btab=page_info\" \/>\n<meta property=\"article:published_time\" content=\"2016-02-04T15:00:57+00:00\" \/>\n<meta property=\"article:modified_time\" content=\"2016-02-08T10:39:07+00:00\" \/>\n<meta property=\"og:image\" content=\"https:\/\/javiervarelactor.com\/wp-content\/uploads\/2016\/02\/actor-pazo-de-familia-1024x849.jpg\" \/>\n\t<meta property=\"og:image:width\" content=\"1024\" \/>\n\t<meta property=\"og:image:height\" content=\"849\" \/>\n\t<meta property=\"og:image:type\" content=\"image\/jpeg\" \/>\n<meta name=\"author\" content=\"Javier Varela\" \/>\n<meta name=\"twitter:label1\" content=\"Escrito por\" \/>\n\t<meta name=\"twitter:data1\" content=\"Javier Varela\" \/>\n<script type=\"application\/ld+json\" class=\"yoast-schema-graph\">{\"@context\":\"https:\/\/schema.org\",\"@graph\":[{\"@type\":\"WebPage\",\"@id\":\"https:\/\/javiervarelactor.com\/?p=795\",\"url\":\"https:\/\/javiervarelactor.com\/?p=795\",\"name\":\"Javier Varela en Pazo de Familia\",\"isPartOf\":{\"@id\":\"https:\/\/javiervarelactor.com\/#website\"},\"primaryImageOfPage\":{\"@id\":\"https:\/\/javiervarelactor.com\/?p=795#primaryimage\"},\"image\":{\"@id\":\"https:\/\/javiervarelactor.com\/?p=795#primaryimage\"},\"thumbnailUrl\":\"https:\/\/javiervarelactor.com\/wp-content\/uploads\/2016\/02\/actor-pazo-de-familia.jpg\",\"datePublished\":\"2016-02-04T15:00:57+00:00\",\"dateModified\":\"2016-02-08T10:39:07+00:00\",\"author\":{\"@id\":\"https:\/\/javiervarelactor.com\/#\/schema\/person\/e3104f2f3cca87d9a07b40f5281c02ba\"},\"description\":\"Personaje de Fidel Barbeito, Javier Varela en Pazo de Familia.\",\"breadcrumb\":{\"@id\":\"https:\/\/javiervarelactor.com\/?p=795#breadcrumb\"},\"inLanguage\":\"es\",\"potentialAction\":[{\"@type\":\"ReadAction\",\"target\":[\"https:\/\/javiervarelactor.com\/?p=795\"]}]},{\"@type\":\"ImageObject\",\"inLanguage\":\"es\",\"@id\":\"https:\/\/javiervarelactor.com\/?p=795#primaryimage\",\"url\":\"https:\/\/javiervarelactor.com\/wp-content\/uploads\/2016\/02\/actor-pazo-de-familia.jpg\",\"contentUrl\":\"https:\/\/javiervarelactor.com\/wp-content\/uploads\/2016\/02\/actor-pazo-de-familia.jpg\",\"width\":3330,\"height\":2760,\"caption\":\"actor pazo de familia\"},{\"@type\":\"BreadcrumbList\",\"@id\":\"https:\/\/javiervarelactor.com\/?p=795#breadcrumb\",\"itemListElement\":[{\"@type\":\"ListItem\",\"position\":1,\"name\":\"Inicio\",\"item\":\"https:\/\/javiervarelactor.com\/\"},{\"@type\":\"ListItem\",\"position\":2,\"name\":\"Javier Varela en Pazo de Familia\"}]},{\"@type\":\"WebSite\",\"@id\":\"https:\/\/javiervarelactor.com\/#website\",\"url\":\"https:\/\/javiervarelactor.com\/\",\"name\":\"Javier Varela\",\"description\":\"Actor y Presentador\",\"potentialAction\":[{\"@type\":\"SearchAction\",\"target\":{\"@type\":\"EntryPoint\",\"urlTemplate\":\"https:\/\/javiervarelactor.com\/?s={search_term_string}\"},\"query-input\":\"required name=search_term_string\"}],\"inLanguage\":\"es\"},{\"@type\":\"Person\",\"@id\":\"https:\/\/javiervarelactor.com\/#\/schema\/person\/e3104f2f3cca87d9a07b40f5281c02ba\",\"name\":\"Javier Varela\",\"image\":{\"@type\":\"ImageObject\",\"inLanguage\":\"es\",\"@id\":\"https:\/\/javiervarelactor.com\/#\/schema\/person\/image\/\",\"url\":\"https:\/\/secure.gravatar.com\/avatar\/858edfdbe98ed682c9723085564a87b3?s=96&d=mm&r=g\",\"contentUrl\":\"https:\/\/secure.gravatar.com\/avatar\/858edfdbe98ed682c9723085564a87b3?s=96&d=mm&r=g\",\"caption\":\"Javier Varela\"},\"sameAs\":[\"http:\/\/www.javiervarelactor.com\"],\"url\":\"https:\/\/javiervarelactor.com\/?author=1\"}]}<\/script>\n<!-- \/ Yoast SEO plugin. -->","yoast_head_json":{"title":"Javier Varela en Pazo de Familia","description":"Personaje de Fidel Barbeito, Javier Varela en Pazo de Familia.","robots":{"index":"index","follow":"follow","max-snippet":"max-snippet:-1","max-image-preview":"max-image-preview:large","max-video-preview":"max-video-preview:-1"},"canonical":"https:\/\/javiervarelactor.com\/?p=795","og_locale":"es_ES","og_type":"article","og_title":"Javier Varela en Pazo de Familia","og_description":"Personaje de Fidel Barbeito, Javier Varela en Pazo de Familia.","og_url":"https:\/\/javiervarelactor.com\/?p=795","og_site_name":"Javier Varela","article_publisher":"https:\/\/www.facebook.com\/pages\/Javier-Varela\/145894855509796?sk=info&amp%3bamp%3bamp%3bamp%3btab=page_info","article_published_time":"2016-02-04T15:00:57+00:00","article_modified_time":"2016-02-08T10:39:07+00:00","og_image":[{"width":1024,"height":849,"url":"https:\/\/javiervarelactor.com\/wp-content\/uploads\/2016\/02\/actor-pazo-de-familia-1024x849.jpg","type":"image\/jpeg"}],"author":"Javier Varela","twitter_misc":{"Escrito por":"Javier Varela"},"schema":{"@context":"https:\/\/schema.org","@graph":[{"@type":"WebPage","@id":"https:\/\/javiervarelactor.com\/?p=795","url":"https:\/\/javiervarelactor.com\/?p=795","name":"Javier Varela en Pazo de Familia","isPartOf":{"@id":"https:\/\/javiervarelactor.com\/#website"},"primaryImageOfPage":{"@id":"https:\/\/javiervarelactor.com\/?p=795#primaryimage"},"image":{"@id":"https:\/\/javiervarelactor.com\/?p=795#primaryimage"},"thumbnailUrl":"https:\/\/javiervarelactor.com\/wp-content\/uploads\/2016\/02\/actor-pazo-de-familia.jpg","datePublished":"2016-02-04T15:00:57+00:00","dateModified":"2016-02-08T10:39:07+00:00","author":{"@id":"https:\/\/javiervarelactor.com\/#\/schema\/person\/e3104f2f3cca87d9a07b40f5281c02ba"},"description":"Personaje de Fidel Barbeito, Javier Varela en Pazo de Familia.","breadcrumb":{"@id":"https:\/\/javiervarelactor.com\/?p=795#breadcrumb"},"inLanguage":"es","potentialAction":[{"@type":"ReadAction","target":["https:\/\/javiervarelactor.com\/?p=795"]}]},{"@type":"ImageObject","inLanguage":"es","@id":"https:\/\/javiervarelactor.com\/?p=795#primaryimage","url":"https:\/\/javiervarelactor.com\/wp-content\/uploads\/2016\/02\/actor-pazo-de-familia.jpg","contentUrl":"https:\/\/javiervarelactor.com\/wp-content\/uploads\/2016\/02\/actor-pazo-de-familia.jpg","width":3330,"height":2760,"caption":"actor pazo de familia"},{"@type":"BreadcrumbList","@id":"https:\/\/javiervarelactor.com\/?p=795#breadcrumb","itemListElement":[{"@type":"ListItem","position":1,"name":"Inicio","item":"https:\/\/javiervarelactor.com\/"},{"@type":"ListItem","position":2,"name":"Javier Varela en Pazo de Familia"}]},{"@type":"WebSite","@id":"https:\/\/javiervarelactor.com\/#website","url":"https:\/\/javiervarelactor.com\/","name":"Javier Varela","description":"Actor y Presentador","potentialAction":[{"@type":"SearchAction","target":{"@type":"EntryPoint","urlTemplate":"https:\/\/javiervarelactor.com\/?s={search_term_string}"},"query-input":"required name=search_term_string"}],"inLanguage":"es"},{"@type":"Person","@id":"https:\/\/javiervarelactor.com\/#\/schema\/person\/e3104f2f3cca87d9a07b40f5281c02ba","name":"Javier Varela","image":{"@type":"ImageObject","inLanguage":"es","@id":"https:\/\/javiervarelactor.com\/#\/schema\/person\/image\/","url":"https:\/\/secure.gravatar.com\/avatar\/858edfdbe98ed682c9723085564a87b3?s=96&d=mm&r=g","contentUrl":"https:\/\/secure.gravatar.com\/avatar\/858edfdbe98ed682c9723085564a87b3?s=96&d=mm&r=g","caption":"Javier Varela"},"sameAs":["http:\/\/www.javiervarelactor.com"],"url":"https:\/\/javiervarelactor.com\/?author=1"}]}},"_links":{"self":[{"href":"https:\/\/javiervarelactor.com\/index.php?rest_route=\/wp\/v2\/posts\/795"}],"collection":[{"href":"https:\/\/javiervarelactor.com\/index.php?rest_route=\/wp\/v2\/posts"}],"about":[{"href":"https:\/\/javiervarelactor.com\/index.php?rest_route=\/wp\/v2\/types\/post"}],"author":[{"embeddable":true,"href":"https:\/\/javiervarelactor.com\/index.php?rest_route=\/wp\/v2\/users\/1"}],"replies":[{"embeddable":true,"href":"https:\/\/javiervarelactor.com\/index.php?rest_route=%2Fwp%2Fv2%2Fcomments&post=795"}],"version-history":[{"count":8,"href":"https:\/\/javiervarelactor.com\/index.php?rest_route=\/wp\/v2\/posts\/795\/revisions"}],"predecessor-version":[{"id":807,"href":"https:\/\/javiervarelactor.com\/index.php?rest_route=\/wp\/v2\/posts\/795\/revisions\/807"}],"wp:featuredmedia":[{"embeddable":true,"href":"https:\/\/javiervarelactor.com\/index.php?rest_route=\/wp\/v2\/media\/798"}],"wp:attachment":[{"href":"https:\/\/javiervarelactor.com\/index.php?rest_route=%2Fwp%2Fv2%2Fmedia&parent=795"}],"wp:term":[{"taxonomy":"category","embeddable":true,"href":"https:\/\/javiervarelactor.com\/index.php?rest_route=%2Fwp%2Fv2%2Fcategories&post=795"},{"taxonomy":"post_tag","embeddable":true,"href":"https:\/\/javiervarelactor.com\/index.php?rest_route=%2Fwp%2Fv2%2Ftags&post=795"}],"curies":[{"name":"wp","href":"https:\/\/api.w.org\/{rel}","templated":true}]}}