{"id":785,"date":"2016-02-01T11:39:20","date_gmt":"2016-02-01T11:39:20","guid":{"rendered":"http:\/\/javiervarelactor.com\/?p=785"},"modified":"2016-02-08T10:37:14","modified_gmt":"2016-02-08T10:37:14","slug":"urxencia-cero-2","status":"publish","type":"post","link":"https:\/\/javiervarelactor.com\/?p=785","title":{"rendered":"Urxencia Cero 2"},"content":{"rendered":"<p><a href=\"http:\/\/javiervarelactor.com\/wp-content\/uploads\/2016\/02\/urx2.jpg\"><img loading=\"lazy\" decoding=\"async\" class=\"size-medium wp-image-787 alignleft\" src=\"http:\/\/javiervarelactor.com\/wp-content\/uploads\/2016\/02\/urx2-300x154.jpg\" alt=\"javier varela tvga\" width=\"300\" height=\"154\" srcset=\"https:\/\/javiervarelactor.com\/wp-content\/uploads\/2016\/02\/urx2-300x154.jpg 300w, https:\/\/javiervarelactor.com\/wp-content\/uploads\/2016\/02\/urx2.jpg 620w\" sizes=\"(max-width: 300px) 100vw, 300px\" \/><\/a><span style=\"color: #000000;\">Emocionados con el cap\u00edtulo<strong>\u00a0Urxencia Cero 2<\/strong> que, si no has visto todav\u00eda, puedes <span style=\"color: #0000ff;\"><a style=\"color: #0000ff;\" href=\"http:\/\/www.crtvg.es\/tvg\/a-carta\/urxencia-cero-capitulo-2\" target=\"_blank\">ver aqu\u00ed<\/a>\u00a0<\/span><\/span><\/p>\n<p><span style=\"color: #000000;\">Un placer formar parte de una serie de esta calidad, no me canso de decirlo; equipo de gui\u00f3n, producci\u00f3n, actores y direcci\u00f3n, todo hace que Urxencia Cero sea un orgullo de trabajo.<\/span><\/p>\n<p><span style=\"color: #000000;\">Seguimos trabajando duro para lograr interpretar personajes que lleguen, que sean cre\u00edbles y emocionen, como Moncho, un regalo para un actor.<\/span><\/p>\n<p><span style=\"color: #000000;\">Muchas gracias a todos por seguir con tanto inter\u00e9s el drama de Moncho y Xulia, su desenlace y mi trabajo. As\u00ed da gusto trabajar y meterse en el personaje.<\/span><\/p>\n<p><span style=\"color: #000000;\">Aut\u00e9ntico placer participar de Urxencia Cero en Televisi\u00f3n Gallega, nos vemos. Pronto os cuento m\u00e1s novedades, \u00a1esto no se para!<\/span><\/p>\n<p>Ver aqu\u00ed trama completa de mi personaje Moncho en Urxencia Cero; cap\u00edtulos I y II<\/p>\n<p align=\"center\"><iframe loading=\"lazy\" src=\"https:\/\/www.youtube.com\/embed\/Z761QTaJqt0\" width=\"560\" height=\"315\" frameborder=\"0\" allowfullscreen=\"allowfullscreen\"><\/iframe><\/p>\n<p>&nbsp;<\/p>\n","protected":false},"excerpt":{"rendered":"<p>Emocionados con el cap\u00edtulo\u00a0Urxencia Cero 2 que, si no has visto todav\u00eda, puedes ver aqu\u00ed\u00a0 Un placer formar parte de una serie de esta calidad, no me canso de decirlo; equipo de gui\u00f3n, producci\u00f3n, actores y direcci\u00f3n, todo hace que Urxencia Cero sea un orgullo de trabajo. Seguimos trabajando duro para lograr interpretar personajes que <a class=\"read-more\" href=\"https:\/\/javiervarelactor.com\/?p=785\">Leer m\u00e1s<\/a><\/p>\n","protected":false},"author":1,"featured_media":786,"comment_status":"closed","ping_status":"open","sticky":false,"template":"","format":"standard","meta":{"_monsterinsights_skip_tracking":false,"_monsterinsights_sitenote_active":false,"_monsterinsights_sitenote_note":"","_monsterinsights_sitenote_category":0,"footnotes":""},"categories":[31],"tags":[43,44],"yoast_head":"<!-- This site is optimized with the Yoast SEO plugin v22.7 - https:\/\/yoast.com\/wordpress\/plugins\/seo\/ -->\n<title>-Urxencia Cero 2<\/title>\n<meta name=\"description\" content=\"Personaje de Moncho interpretado por Javier Varela en la serie de TVG Urxencia Cero 2. Ver cap\u00edtulo completo.\" \/>\n<meta name=\"robots\" content=\"index, follow, max-snippet:-1, max-image-preview:large, max-video-preview:-1\" \/>\n<link rel=\"canonical\" href=\"https:\/\/javiervarelactor.com\/?p=785\" \/>\n<meta property=\"og:locale\" content=\"es_ES\" \/>\n<meta property=\"og:type\" content=\"article\" \/>\n<meta property=\"og:title\" content=\"-Urxencia Cero 2\" \/>\n<meta property=\"og:description\" content=\"Personaje de Moncho interpretado por Javier Varela en la serie de TVG Urxencia Cero 2. Ver cap\u00edtulo completo.\" \/>\n<meta property=\"og:url\" content=\"https:\/\/javiervarelactor.com\/?p=785\" \/>\n<meta property=\"og:site_name\" content=\"Javier Varela\" \/>\n<meta property=\"article:publisher\" content=\"https:\/\/www.facebook.com\/pages\/Javier-Varela\/145894855509796?sk=info&amp;amp%3bamp%3bamp%3bamp%3btab=page_info\" \/>\n<meta property=\"article:published_time\" content=\"2016-02-01T11:39:20+00:00\" \/>\n<meta property=\"article:modified_time\" content=\"2016-02-08T10:37:14+00:00\" \/>\n<meta property=\"og:image\" content=\"https:\/\/javiervarelactor.com\/wp-content\/uploads\/2016\/02\/urx1.jpg\" \/>\n\t<meta property=\"og:image:width\" content=\"638\" \/>\n\t<meta property=\"og:image:height\" content=\"319\" \/>\n\t<meta property=\"og:image:type\" content=\"image\/jpeg\" \/>\n<meta name=\"author\" content=\"Javier Varela\" \/>\n<meta name=\"twitter:label1\" content=\"Escrito por\" \/>\n\t<meta name=\"twitter:data1\" content=\"Javier Varela\" \/>\n\t<meta name=\"twitter:label2\" content=\"Tiempo de lectura\" \/>\n\t<meta name=\"twitter:data2\" content=\"1 minuto\" \/>\n<script type=\"application\/ld+json\" class=\"yoast-schema-graph\">{\"@context\":\"https:\/\/schema.org\",\"@graph\":[{\"@type\":\"WebPage\",\"@id\":\"https:\/\/javiervarelactor.com\/?p=785\",\"url\":\"https:\/\/javiervarelactor.com\/?p=785\",\"name\":\"-Urxencia Cero 2\",\"isPartOf\":{\"@id\":\"https:\/\/javiervarelactor.com\/#website\"},\"primaryImageOfPage\":{\"@id\":\"https:\/\/javiervarelactor.com\/?p=785#primaryimage\"},\"image\":{\"@id\":\"https:\/\/javiervarelactor.com\/?p=785#primaryimage\"},\"thumbnailUrl\":\"https:\/\/javiervarelactor.com\/wp-content\/uploads\/2016\/02\/urx1.jpg\",\"datePublished\":\"2016-02-01T11:39:20+00:00\",\"dateModified\":\"2016-02-08T10:37:14+00:00\",\"author\":{\"@id\":\"https:\/\/javiervarelactor.com\/#\/schema\/person\/e3104f2f3cca87d9a07b40f5281c02ba\"},\"description\":\"Personaje de Moncho interpretado por Javier Varela en la serie de TVG Urxencia Cero 2. Ver cap\u00edtulo completo.\",\"breadcrumb\":{\"@id\":\"https:\/\/javiervarelactor.com\/?p=785#breadcrumb\"},\"inLanguage\":\"es\",\"potentialAction\":[{\"@type\":\"ReadAction\",\"target\":[\"https:\/\/javiervarelactor.com\/?p=785\"]}]},{\"@type\":\"ImageObject\",\"inLanguage\":\"es\",\"@id\":\"https:\/\/javiervarelactor.com\/?p=785#primaryimage\",\"url\":\"https:\/\/javiervarelactor.com\/wp-content\/uploads\/2016\/02\/urx1.jpg\",\"contentUrl\":\"https:\/\/javiervarelactor.com\/wp-content\/uploads\/2016\/02\/urx1.jpg\",\"width\":638,\"height\":319,\"caption\":\"javier varela tvga\"},{\"@type\":\"BreadcrumbList\",\"@id\":\"https:\/\/javiervarelactor.com\/?p=785#breadcrumb\",\"itemListElement\":[{\"@type\":\"ListItem\",\"position\":1,\"name\":\"Inicio\",\"item\":\"https:\/\/javiervarelactor.com\/\"},{\"@type\":\"ListItem\",\"position\":2,\"name\":\"Urxencia Cero 2\"}]},{\"@type\":\"WebSite\",\"@id\":\"https:\/\/javiervarelactor.com\/#website\",\"url\":\"https:\/\/javiervarelactor.com\/\",\"name\":\"Javier Varela\",\"description\":\"Actor y Presentador\",\"potentialAction\":[{\"@type\":\"SearchAction\",\"target\":{\"@type\":\"EntryPoint\",\"urlTemplate\":\"https:\/\/javiervarelactor.com\/?s={search_term_string}\"},\"query-input\":\"required name=search_term_string\"}],\"inLanguage\":\"es\"},{\"@type\":\"Person\",\"@id\":\"https:\/\/javiervarelactor.com\/#\/schema\/person\/e3104f2f3cca87d9a07b40f5281c02ba\",\"name\":\"Javier Varela\",\"image\":{\"@type\":\"ImageObject\",\"inLanguage\":\"es\",\"@id\":\"https:\/\/javiervarelactor.com\/#\/schema\/person\/image\/\",\"url\":\"https:\/\/secure.gravatar.com\/avatar\/858edfdbe98ed682c9723085564a87b3?s=96&d=mm&r=g\",\"contentUrl\":\"https:\/\/secure.gravatar.com\/avatar\/858edfdbe98ed682c9723085564a87b3?s=96&d=mm&r=g\",\"caption\":\"Javier Varela\"},\"sameAs\":[\"http:\/\/www.javiervarelactor.com\"],\"url\":\"https:\/\/javiervarelactor.com\/?author=1\"}]}<\/script>\n<!-- \/ Yoast SEO plugin. -->","yoast_head_json":{"title":"-Urxencia Cero 2","description":"Personaje de Moncho interpretado por Javier Varela en la serie de TVG Urxencia Cero 2. Ver cap\u00edtulo completo.","robots":{"index":"index","follow":"follow","max-snippet":"max-snippet:-1","max-image-preview":"max-image-preview:large","max-video-preview":"max-video-preview:-1"},"canonical":"https:\/\/javiervarelactor.com\/?p=785","og_locale":"es_ES","og_type":"article","og_title":"-Urxencia Cero 2","og_description":"Personaje de Moncho interpretado por Javier Varela en la serie de TVG Urxencia Cero 2. Ver cap\u00edtulo completo.","og_url":"https:\/\/javiervarelactor.com\/?p=785","og_site_name":"Javier Varela","article_publisher":"https:\/\/www.facebook.com\/pages\/Javier-Varela\/145894855509796?sk=info&amp%3bamp%3bamp%3bamp%3btab=page_info","article_published_time":"2016-02-01T11:39:20+00:00","article_modified_time":"2016-02-08T10:37:14+00:00","og_image":[{"width":638,"height":319,"url":"https:\/\/javiervarelactor.com\/wp-content\/uploads\/2016\/02\/urx1.jpg","type":"image\/jpeg"}],"author":"Javier Varela","twitter_misc":{"Escrito por":"Javier Varela","Tiempo de lectura":"1 minuto"},"schema":{"@context":"https:\/\/schema.org","@graph":[{"@type":"WebPage","@id":"https:\/\/javiervarelactor.com\/?p=785","url":"https:\/\/javiervarelactor.com\/?p=785","name":"-Urxencia Cero 2","isPartOf":{"@id":"https:\/\/javiervarelactor.com\/#website"},"primaryImageOfPage":{"@id":"https:\/\/javiervarelactor.com\/?p=785#primaryimage"},"image":{"@id":"https:\/\/javiervarelactor.com\/?p=785#primaryimage"},"thumbnailUrl":"https:\/\/javiervarelactor.com\/wp-content\/uploads\/2016\/02\/urx1.jpg","datePublished":"2016-02-01T11:39:20+00:00","dateModified":"2016-02-08T10:37:14+00:00","author":{"@id":"https:\/\/javiervarelactor.com\/#\/schema\/person\/e3104f2f3cca87d9a07b40f5281c02ba"},"description":"Personaje de Moncho interpretado por Javier Varela en la serie de TVG Urxencia Cero 2. Ver cap\u00edtulo completo.","breadcrumb":{"@id":"https:\/\/javiervarelactor.com\/?p=785#breadcrumb"},"inLanguage":"es","potentialAction":[{"@type":"ReadAction","target":["https:\/\/javiervarelactor.com\/?p=785"]}]},{"@type":"ImageObject","inLanguage":"es","@id":"https:\/\/javiervarelactor.com\/?p=785#primaryimage","url":"https:\/\/javiervarelactor.com\/wp-content\/uploads\/2016\/02\/urx1.jpg","contentUrl":"https:\/\/javiervarelactor.com\/wp-content\/uploads\/2016\/02\/urx1.jpg","width":638,"height":319,"caption":"javier varela tvga"},{"@type":"BreadcrumbList","@id":"https:\/\/javiervarelactor.com\/?p=785#breadcrumb","itemListElement":[{"@type":"ListItem","position":1,"name":"Inicio","item":"https:\/\/javiervarelactor.com\/"},{"@type":"ListItem","position":2,"name":"Urxencia Cero 2"}]},{"@type":"WebSite","@id":"https:\/\/javiervarelactor.com\/#website","url":"https:\/\/javiervarelactor.com\/","name":"Javier Varela","description":"Actor y Presentador","potentialAction":[{"@type":"SearchAction","target":{"@type":"EntryPoint","urlTemplate":"https:\/\/javiervarelactor.com\/?s={search_term_string}"},"query-input":"required name=search_term_string"}],"inLanguage":"es"},{"@type":"Person","@id":"https:\/\/javiervarelactor.com\/#\/schema\/person\/e3104f2f3cca87d9a07b40f5281c02ba","name":"Javier Varela","image":{"@type":"ImageObject","inLanguage":"es","@id":"https:\/\/javiervarelactor.com\/#\/schema\/person\/image\/","url":"https:\/\/secure.gravatar.com\/avatar\/858edfdbe98ed682c9723085564a87b3?s=96&d=mm&r=g","contentUrl":"https:\/\/secure.gravatar.com\/avatar\/858edfdbe98ed682c9723085564a87b3?s=96&d=mm&r=g","caption":"Javier Varela"},"sameAs":["http:\/\/www.javiervarelactor.com"],"url":"https:\/\/javiervarelactor.com\/?author=1"}]}},"_links":{"self":[{"href":"https:\/\/javiervarelactor.com\/index.php?rest_route=\/wp\/v2\/posts\/785"}],"collection":[{"href":"https:\/\/javiervarelactor.com\/index.php?rest_route=\/wp\/v2\/posts"}],"about":[{"href":"https:\/\/javiervarelactor.com\/index.php?rest_route=\/wp\/v2\/types\/post"}],"author":[{"embeddable":true,"href":"https:\/\/javiervarelactor.com\/index.php?rest_route=\/wp\/v2\/users\/1"}],"replies":[{"embeddable":true,"href":"https:\/\/javiervarelactor.com\/index.php?rest_route=%2Fwp%2Fv2%2Fcomments&post=785"}],"version-history":[{"count":7,"href":"https:\/\/javiervarelactor.com\/index.php?rest_route=\/wp\/v2\/posts\/785\/revisions"}],"predecessor-version":[{"id":810,"href":"https:\/\/javiervarelactor.com\/index.php?rest_route=\/wp\/v2\/posts\/785\/revisions\/810"}],"wp:featuredmedia":[{"embeddable":true,"href":"https:\/\/javiervarelactor.com\/index.php?rest_route=\/wp\/v2\/media\/786"}],"wp:attachment":[{"href":"https:\/\/javiervarelactor.com\/index.php?rest_route=%2Fwp%2Fv2%2Fmedia&parent=785"}],"wp:term":[{"taxonomy":"category","embeddable":true,"href":"https:\/\/javiervarelactor.com\/index.php?rest_route=%2Fwp%2Fv2%2Fcategories&post=785"},{"taxonomy":"post_tag","embeddable":true,"href":"https:\/\/javiervarelactor.com\/index.php?rest_route=%2Fwp%2Fv2%2Ftags&post=785"}],"curies":[{"name":"wp","href":"https:\/\/api.w.org\/{rel}","templated":true}]}}