{"id":758,"date":"2016-01-25T12:06:40","date_gmt":"2016-01-25T12:06:40","guid":{"rendered":"http:\/\/javiervarelactor.com\/?p=758"},"modified":"2016-01-28T10:10:21","modified_gmt":"2016-01-28T10:10:21","slug":"urxencia-cero-capitulo-1","status":"publish","type":"post","link":"https:\/\/javiervarelactor.com\/?p=758","title":{"rendered":"Urxencia Cero: cap\u00edtulo 1"},"content":{"rendered":"<p><span style=\"color: #000000;\"><em><a href=\"http:\/\/enserie.crtvg.es\/as-nosas-series\/ver-capitulos?serie=4481&amp;tempada=48&amp;capitulo=1\" target=\"_blank\">Urxencia Cero: cap\u00edtulo 1<\/a> con Javier Varela en el papel de Moncho.<\/em><\/span><br \/>\n<span style=\"color: #000000;\"> \u00c9xito rotundo del estreno de la nueva serie Urxencia Cero en TVG.\u00a0<span style=\"line-height: 1.5;\">El pasado domingo d\u00eda 24 de enero cerca de 135.000 espectadores, un <strong>12.2%<\/strong> de la audiencia, disfrutaron de las tramas, las intrigas y las emociones de una serie que promete.<\/span><\/span><\/p>\n<p>Todos pegados a la pantalla siguiendo con atenci\u00f3n esta original y bien hecha serie de ficci\u00f3n. Fotograf\u00eda, gui\u00f3n y direcci\u00f3n son impecables; un equipo de profesionales con los que, adem\u00e1s de dar gusto trabajar, desarrollan un trabajo con unos resultados que a la vista est\u00e1n, impresionantes.<\/p>\n<div id='gallery-1' class='gallery galleryid-758 gallery-columns-2 gallery-size-medium'><figure class='gallery-item'>\n\t\t\t<div class='gallery-icon landscape'>\n\t\t\t\t<a href='https:\/\/javiervarelactor.com\/?attachment_id=759'><img loading=\"lazy\" decoding=\"async\" width=\"300\" height=\"170\" src=\"https:\/\/javiervarelactor.com\/wp-content\/uploads\/2016\/01\/javier-urxencia-300x170.jpg\" class=\"attachment-medium size-medium\" alt=\"javier varela urxencia\" srcset=\"https:\/\/javiervarelactor.com\/wp-content\/uploads\/2016\/01\/javier-urxencia-300x170.jpg 300w, https:\/\/javiervarelactor.com\/wp-content\/uploads\/2016\/01\/javier-urxencia.jpg 936w\" sizes=\"(max-width: 300px) 100vw, 300px\" \/><\/a>\n\t\t\t<\/div><\/figure><figure class='gallery-item'>\n\t\t\t<div class='gallery-icon landscape'>\n\t\t\t\t<a href='https:\/\/javiervarelactor.com\/?attachment_id=760'><img loading=\"lazy\" decoding=\"async\" width=\"300\" height=\"164\" src=\"https:\/\/javiervarelactor.com\/wp-content\/uploads\/2016\/01\/javier-varela-es-moncho-300x164.jpg\" class=\"attachment-medium size-medium\" alt=\"javier varela es moncho\" srcset=\"https:\/\/javiervarelactor.com\/wp-content\/uploads\/2016\/01\/javier-varela-es-moncho-300x164.jpg 300w, https:\/\/javiervarelactor.com\/wp-content\/uploads\/2016\/01\/javier-varela-es-moncho.jpg 971w\" sizes=\"(max-width: 300px) 100vw, 300px\" \/><\/a>\n\t\t\t<\/div><\/figure><figure class='gallery-item'>\n\t\t\t<div class='gallery-icon landscape'>\n\t\t\t\t<a href='https:\/\/javiervarelactor.com\/?attachment_id=762'><img loading=\"lazy\" decoding=\"async\" width=\"300\" height=\"165\" src=\"https:\/\/javiervarelactor.com\/wp-content\/uploads\/2016\/01\/javier-varela-300x165.jpg\" class=\"attachment-medium size-medium\" alt=\"\" srcset=\"https:\/\/javiervarelactor.com\/wp-content\/uploads\/2016\/01\/javier-varela-300x165.jpg 300w, https:\/\/javiervarelactor.com\/wp-content\/uploads\/2016\/01\/javier-varela.jpg 980w\" sizes=\"(max-width: 300px) 100vw, 300px\" \/><\/a>\n\t\t\t<\/div><\/figure><figure class='gallery-item'>\n\t\t\t<div class='gallery-icon landscape'>\n\t\t\t\t<a href='https:\/\/javiervarelactor.com\/?attachment_id=761'><img loading=\"lazy\" decoding=\"async\" width=\"300\" height=\"164\" src=\"https:\/\/javiervarelactor.com\/wp-content\/uploads\/2016\/01\/javier-varela-urxencia-300x164.jpg\" class=\"attachment-medium size-medium\" alt=\"\" srcset=\"https:\/\/javiervarelactor.com\/wp-content\/uploads\/2016\/01\/javier-varela-urxencia-300x164.jpg 300w, https:\/\/javiervarelactor.com\/wp-content\/uploads\/2016\/01\/javier-varela-urxencia.jpg 961w\" sizes=\"(max-width: 300px) 100vw, 300px\" \/><\/a>\n\t\t\t<\/div><\/figure>\n\t\t<\/div>\n\n<p>Si todav\u00eda no la has visto, puedes verla aqu\u00ed\u00a0porque el pr\u00f3ximo domingo vuelve UrxenciaCero cap\u00edtulo 2 y continuar\u00e1 la trama con Moncho y su mujer \u00bfquieres saber c\u00f3mo sigue?<\/p>\n<p>El\u00a0pr\u00f3ximo domingo nos volvemos a ver en Urxencia Cero.<\/p>\n<p>Puedes ver todos los cortes de mi personaje en el siguiente v\u00eddeo:<\/p>\n<p><P ALIGN=center><iframe loading=\"lazy\" src=\"https:\/\/www.youtube.com\/embed\/C4NYTBNDPHw\" width=\"280\" height=\"210\" frameborder=\"0\" allowfullscreen=\"allowfullscreen\"><\/iframe><\/p>\n<p>&nbsp;<\/p>\n","protected":false},"excerpt":{"rendered":"<p>Urxencia Cero: cap\u00edtulo 1 con Javier Varela en el papel de Moncho. \u00c9xito rotundo del estreno de la nueva serie Urxencia Cero en TVG.\u00a0El pasado domingo d\u00eda 24 de enero cerca de 135.000 espectadores, un 12.2% de la audiencia, disfrutaron de las tramas, las intrigas y las emociones de una serie que promete. Todos pegados <a class=\"read-more\" href=\"https:\/\/javiervarelactor.com\/?p=758\">Leer m\u00e1s<\/a><\/p>\n","protected":false},"author":1,"featured_media":760,"comment_status":"closed","ping_status":"open","sticky":false,"template":"","format":"standard","meta":{"_monsterinsights_skip_tracking":false,"_monsterinsights_sitenote_active":false,"_monsterinsights_sitenote_note":"","_monsterinsights_sitenote_category":0,"footnotes":""},"categories":[21,31],"tags":[44],"yoast_head":"<!-- This site is optimized with the Yoast SEO plugin v22.7 - https:\/\/yoast.com\/wordpress\/plugins\/seo\/ -->\n<title>Urxencia Cero: cap\u00edtulo 1<\/title>\n<meta name=\"description\" content=\"Puedes ver aqu\u00ed Urxencia Cero: cap\u00edtulo 1 con Javier Varela como Moncho.\" \/>\n<meta name=\"robots\" content=\"index, follow, max-snippet:-1, max-image-preview:large, max-video-preview:-1\" \/>\n<link rel=\"canonical\" href=\"https:\/\/javiervarelactor.com\/?p=758\" \/>\n<meta property=\"og:locale\" content=\"es_ES\" \/>\n<meta property=\"og:type\" content=\"article\" \/>\n<meta property=\"og:title\" content=\"Urxencia Cero: cap\u00edtulo 1\" \/>\n<meta property=\"og:description\" content=\"Puedes ver aqu\u00ed Urxencia Cero: cap\u00edtulo 1 con Javier Varela como Moncho.\" \/>\n<meta property=\"og:url\" content=\"https:\/\/javiervarelactor.com\/?p=758\" \/>\n<meta property=\"og:site_name\" content=\"Javier Varela\" \/>\n<meta property=\"article:publisher\" content=\"https:\/\/www.facebook.com\/pages\/Javier-Varela\/145894855509796?sk=info&amp;amp%3bamp%3bamp%3bamp%3btab=page_info\" \/>\n<meta property=\"article:published_time\" content=\"2016-01-25T12:06:40+00:00\" \/>\n<meta property=\"article:modified_time\" content=\"2016-01-28T10:10:21+00:00\" \/>\n<meta property=\"og:image\" content=\"https:\/\/javiervarelactor.com\/wp-content\/uploads\/2016\/01\/javier-varela-es-moncho.jpg\" \/>\n\t<meta property=\"og:image:width\" content=\"971\" \/>\n\t<meta property=\"og:image:height\" content=\"531\" \/>\n\t<meta property=\"og:image:type\" content=\"image\/jpeg\" \/>\n<meta name=\"author\" content=\"Javier Varela\" \/>\n<meta name=\"twitter:label1\" content=\"Escrito por\" \/>\n\t<meta name=\"twitter:data1\" content=\"Javier Varela\" \/>\n\t<meta name=\"twitter:label2\" content=\"Tiempo de lectura\" \/>\n\t<meta name=\"twitter:data2\" content=\"1 minuto\" \/>\n<script type=\"application\/ld+json\" class=\"yoast-schema-graph\">{\"@context\":\"https:\/\/schema.org\",\"@graph\":[{\"@type\":\"WebPage\",\"@id\":\"https:\/\/javiervarelactor.com\/?p=758\",\"url\":\"https:\/\/javiervarelactor.com\/?p=758\",\"name\":\"Urxencia Cero: cap\u00edtulo 1\",\"isPartOf\":{\"@id\":\"https:\/\/javiervarelactor.com\/#website\"},\"primaryImageOfPage\":{\"@id\":\"https:\/\/javiervarelactor.com\/?p=758#primaryimage\"},\"image\":{\"@id\":\"https:\/\/javiervarelactor.com\/?p=758#primaryimage\"},\"thumbnailUrl\":\"https:\/\/javiervarelactor.com\/wp-content\/uploads\/2016\/01\/javier-varela-es-moncho.jpg\",\"datePublished\":\"2016-01-25T12:06:40+00:00\",\"dateModified\":\"2016-01-28T10:10:21+00:00\",\"author\":{\"@id\":\"https:\/\/javiervarelactor.com\/#\/schema\/person\/e3104f2f3cca87d9a07b40f5281c02ba\"},\"description\":\"Puedes ver aqu\u00ed Urxencia Cero: cap\u00edtulo 1 con Javier Varela como Moncho.\",\"breadcrumb\":{\"@id\":\"https:\/\/javiervarelactor.com\/?p=758#breadcrumb\"},\"inLanguage\":\"es\",\"potentialAction\":[{\"@type\":\"ReadAction\",\"target\":[\"https:\/\/javiervarelactor.com\/?p=758\"]}]},{\"@type\":\"ImageObject\",\"inLanguage\":\"es\",\"@id\":\"https:\/\/javiervarelactor.com\/?p=758#primaryimage\",\"url\":\"https:\/\/javiervarelactor.com\/wp-content\/uploads\/2016\/01\/javier-varela-es-moncho.jpg\",\"contentUrl\":\"https:\/\/javiervarelactor.com\/wp-content\/uploads\/2016\/01\/javier-varela-es-moncho.jpg\",\"width\":971,\"height\":531,\"caption\":\"javier varela es moncho\"},{\"@type\":\"BreadcrumbList\",\"@id\":\"https:\/\/javiervarelactor.com\/?p=758#breadcrumb\",\"itemListElement\":[{\"@type\":\"ListItem\",\"position\":1,\"name\":\"Inicio\",\"item\":\"https:\/\/javiervarelactor.com\/\"},{\"@type\":\"ListItem\",\"position\":2,\"name\":\"Urxencia Cero: cap\u00edtulo 1\"}]},{\"@type\":\"WebSite\",\"@id\":\"https:\/\/javiervarelactor.com\/#website\",\"url\":\"https:\/\/javiervarelactor.com\/\",\"name\":\"Javier Varela\",\"description\":\"Actor y Presentador\",\"potentialAction\":[{\"@type\":\"SearchAction\",\"target\":{\"@type\":\"EntryPoint\",\"urlTemplate\":\"https:\/\/javiervarelactor.com\/?s={search_term_string}\"},\"query-input\":\"required name=search_term_string\"}],\"inLanguage\":\"es\"},{\"@type\":\"Person\",\"@id\":\"https:\/\/javiervarelactor.com\/#\/schema\/person\/e3104f2f3cca87d9a07b40f5281c02ba\",\"name\":\"Javier Varela\",\"image\":{\"@type\":\"ImageObject\",\"inLanguage\":\"es\",\"@id\":\"https:\/\/javiervarelactor.com\/#\/schema\/person\/image\/\",\"url\":\"https:\/\/secure.gravatar.com\/avatar\/858edfdbe98ed682c9723085564a87b3?s=96&d=mm&r=g\",\"contentUrl\":\"https:\/\/secure.gravatar.com\/avatar\/858edfdbe98ed682c9723085564a87b3?s=96&d=mm&r=g\",\"caption\":\"Javier Varela\"},\"sameAs\":[\"http:\/\/www.javiervarelactor.com\"],\"url\":\"https:\/\/javiervarelactor.com\/?author=1\"}]}<\/script>\n<!-- \/ Yoast SEO plugin. -->","yoast_head_json":{"title":"Urxencia Cero: cap\u00edtulo 1","description":"Puedes ver aqu\u00ed Urxencia Cero: cap\u00edtulo 1 con Javier Varela como Moncho.","robots":{"index":"index","follow":"follow","max-snippet":"max-snippet:-1","max-image-preview":"max-image-preview:large","max-video-preview":"max-video-preview:-1"},"canonical":"https:\/\/javiervarelactor.com\/?p=758","og_locale":"es_ES","og_type":"article","og_title":"Urxencia Cero: cap\u00edtulo 1","og_description":"Puedes ver aqu\u00ed Urxencia Cero: cap\u00edtulo 1 con Javier Varela como Moncho.","og_url":"https:\/\/javiervarelactor.com\/?p=758","og_site_name":"Javier Varela","article_publisher":"https:\/\/www.facebook.com\/pages\/Javier-Varela\/145894855509796?sk=info&amp%3bamp%3bamp%3bamp%3btab=page_info","article_published_time":"2016-01-25T12:06:40+00:00","article_modified_time":"2016-01-28T10:10:21+00:00","og_image":[{"width":971,"height":531,"url":"https:\/\/javiervarelactor.com\/wp-content\/uploads\/2016\/01\/javier-varela-es-moncho.jpg","type":"image\/jpeg"}],"author":"Javier Varela","twitter_misc":{"Escrito por":"Javier Varela","Tiempo de lectura":"1 minuto"},"schema":{"@context":"https:\/\/schema.org","@graph":[{"@type":"WebPage","@id":"https:\/\/javiervarelactor.com\/?p=758","url":"https:\/\/javiervarelactor.com\/?p=758","name":"Urxencia Cero: cap\u00edtulo 1","isPartOf":{"@id":"https:\/\/javiervarelactor.com\/#website"},"primaryImageOfPage":{"@id":"https:\/\/javiervarelactor.com\/?p=758#primaryimage"},"image":{"@id":"https:\/\/javiervarelactor.com\/?p=758#primaryimage"},"thumbnailUrl":"https:\/\/javiervarelactor.com\/wp-content\/uploads\/2016\/01\/javier-varela-es-moncho.jpg","datePublished":"2016-01-25T12:06:40+00:00","dateModified":"2016-01-28T10:10:21+00:00","author":{"@id":"https:\/\/javiervarelactor.com\/#\/schema\/person\/e3104f2f3cca87d9a07b40f5281c02ba"},"description":"Puedes ver aqu\u00ed Urxencia Cero: cap\u00edtulo 1 con Javier Varela como Moncho.","breadcrumb":{"@id":"https:\/\/javiervarelactor.com\/?p=758#breadcrumb"},"inLanguage":"es","potentialAction":[{"@type":"ReadAction","target":["https:\/\/javiervarelactor.com\/?p=758"]}]},{"@type":"ImageObject","inLanguage":"es","@id":"https:\/\/javiervarelactor.com\/?p=758#primaryimage","url":"https:\/\/javiervarelactor.com\/wp-content\/uploads\/2016\/01\/javier-varela-es-moncho.jpg","contentUrl":"https:\/\/javiervarelactor.com\/wp-content\/uploads\/2016\/01\/javier-varela-es-moncho.jpg","width":971,"height":531,"caption":"javier varela es moncho"},{"@type":"BreadcrumbList","@id":"https:\/\/javiervarelactor.com\/?p=758#breadcrumb","itemListElement":[{"@type":"ListItem","position":1,"name":"Inicio","item":"https:\/\/javiervarelactor.com\/"},{"@type":"ListItem","position":2,"name":"Urxencia Cero: cap\u00edtulo 1"}]},{"@type":"WebSite","@id":"https:\/\/javiervarelactor.com\/#website","url":"https:\/\/javiervarelactor.com\/","name":"Javier Varela","description":"Actor y Presentador","potentialAction":[{"@type":"SearchAction","target":{"@type":"EntryPoint","urlTemplate":"https:\/\/javiervarelactor.com\/?s={search_term_string}"},"query-input":"required name=search_term_string"}],"inLanguage":"es"},{"@type":"Person","@id":"https:\/\/javiervarelactor.com\/#\/schema\/person\/e3104f2f3cca87d9a07b40f5281c02ba","name":"Javier Varela","image":{"@type":"ImageObject","inLanguage":"es","@id":"https:\/\/javiervarelactor.com\/#\/schema\/person\/image\/","url":"https:\/\/secure.gravatar.com\/avatar\/858edfdbe98ed682c9723085564a87b3?s=96&d=mm&r=g","contentUrl":"https:\/\/secure.gravatar.com\/avatar\/858edfdbe98ed682c9723085564a87b3?s=96&d=mm&r=g","caption":"Javier Varela"},"sameAs":["http:\/\/www.javiervarelactor.com"],"url":"https:\/\/javiervarelactor.com\/?author=1"}]}},"_links":{"self":[{"href":"https:\/\/javiervarelactor.com\/index.php?rest_route=\/wp\/v2\/posts\/758"}],"collection":[{"href":"https:\/\/javiervarelactor.com\/index.php?rest_route=\/wp\/v2\/posts"}],"about":[{"href":"https:\/\/javiervarelactor.com\/index.php?rest_route=\/wp\/v2\/types\/post"}],"author":[{"embeddable":true,"href":"https:\/\/javiervarelactor.com\/index.php?rest_route=\/wp\/v2\/users\/1"}],"replies":[{"embeddable":true,"href":"https:\/\/javiervarelactor.com\/index.php?rest_route=%2Fwp%2Fv2%2Fcomments&post=758"}],"version-history":[{"count":9,"href":"https:\/\/javiervarelactor.com\/index.php?rest_route=\/wp\/v2\/posts\/758\/revisions"}],"predecessor-version":[{"id":780,"href":"https:\/\/javiervarelactor.com\/index.php?rest_route=\/wp\/v2\/posts\/758\/revisions\/780"}],"wp:featuredmedia":[{"embeddable":true,"href":"https:\/\/javiervarelactor.com\/index.php?rest_route=\/wp\/v2\/media\/760"}],"wp:attachment":[{"href":"https:\/\/javiervarelactor.com\/index.php?rest_route=%2Fwp%2Fv2%2Fmedia&parent=758"}],"wp:term":[{"taxonomy":"category","embeddable":true,"href":"https:\/\/javiervarelactor.com\/index.php?rest_route=%2Fwp%2Fv2%2Fcategories&post=758"},{"taxonomy":"post_tag","embeddable":true,"href":"https:\/\/javiervarelactor.com\/index.php?rest_route=%2Fwp%2Fv2%2Ftags&post=758"}],"curies":[{"name":"wp","href":"https:\/\/api.w.org\/{rel}","templated":true}]}}