{"id":749,"date":"2016-01-21T12:35:12","date_gmt":"2016-01-21T12:35:12","guid":{"rendered":"http:\/\/javiervarelactor.com\/?p=749"},"modified":"2016-01-22T09:32:59","modified_gmt":"2016-01-22T09:32:59","slug":"urxencia-cero-moncho","status":"publish","type":"post","link":"https:\/\/javiervarelactor.com\/?p=749","title":{"rendered":"Urxencia Cero; Moncho."},"content":{"rendered":"<p><span style=\"color: #000000;\"><br \/>\n<a href=\"http:\/\/javiervarelactor.com\/wp-content\/uploads\/2016\/01\/moncho-urxencia-cero.jpg\"><img loading=\"lazy\" decoding=\"async\" class=\"size-medium wp-image-750 alignleft\" src=\"http:\/\/javiervarelactor.com\/wp-content\/uploads\/2016\/01\/moncho-urxencia-cero-300x195.jpg\" alt=\"moncho urxencia cero\" width=\"300\" height=\"195\" srcset=\"https:\/\/javiervarelactor.com\/wp-content\/uploads\/2016\/01\/moncho-urxencia-cero-300x195.jpg 300w, https:\/\/javiervarelactor.com\/wp-content\/uploads\/2016\/01\/moncho-urxencia-cero-1024x666.jpg 1024w, https:\/\/javiervarelactor.com\/wp-content\/uploads\/2016\/01\/moncho-urxencia-cero.jpg 1064w\" sizes=\"(max-width: 300px) 100vw, 300px\" \/><\/a>Este domingo 24 de Enero se estrena una de las novedades de la temporada en televisi\u00f3n de Galicia: <span style=\"text-decoration: underline;\"><a style=\"color: #000000; text-decoration: underline;\" href=\"http:\/\/urxenciacero.com\/\" target=\"_blank\">Urxencia Cero<\/a><\/span>, a las 22:00h.<\/span><\/p>\n<p><span style=\"color: #000000;\">Una producci\u00f3n muy especial en la que he tenido el placer de aportar mi granito de arena con un personaje diferente a lo que suelo hacer habitualmente: mi <strong>personaje Moncho<\/strong> os va a sorprender, mucho. <\/span><\/p>\n<p><span style=\"color: #000000;\">As\u00ed que para verlo no te pierdas los primeros cap\u00edtulos, despu\u00e9s si te enganchas ya no tendr\u00e1s vuelta atr\u00e1s.<\/span><\/p>\n<p><span style=\"color: #000000;\">Gracias a este personaje y su registro he aprendido mucho, y gracias al equipazo de la productora, que me han hecho sentir como en casa, a gusto y muy c\u00f3modo, lo que se traduce en una interpretaci\u00f3n especial, podr\u00e9is verlo el domingo 24 a las 22h. <\/span><\/p>\n<p><span style=\"color: #000000;\">Si est\u00e1is fuera de Galicia siempre quedar\u00e1 internet: podr\u00e1s <span style=\"color: #0000ff;\"><strong><a style=\"color: #0000ff;\" href=\"http:\/\/www.crtvg.es\/tvg\/tvg-en-directo\" target=\"_blank\">ver Urxencia Cero aqu\u00ed<\/a><\/strong><\/span><\/span><\/p>\n<figure id=\"attachment_755\" aria-describedby=\"caption-attachment-755\" style=\"width: 224px\" class=\"wp-caption aligncenter\"><a href=\"http:\/\/javiervarelactor.com\/wp-content\/uploads\/2016\/01\/javi-urxencia.jpg\"><img loading=\"lazy\" decoding=\"async\" class=\"wp-image-755 size-medium\" src=\"http:\/\/javiervarelactor.com\/wp-content\/uploads\/2016\/01\/javi-urxencia-224x300.jpg\" alt=\"javi urxencia\" width=\"224\" height=\"300\" srcset=\"https:\/\/javiervarelactor.com\/wp-content\/uploads\/2016\/01\/javi-urxencia-224x300.jpg 224w, https:\/\/javiervarelactor.com\/wp-content\/uploads\/2016\/01\/javi-urxencia-765x1024.jpg 765w, https:\/\/javiervarelactor.com\/wp-content\/uploads\/2016\/01\/javi-urxencia.jpg 1195w\" sizes=\"(max-width: 224px) 100vw, 224px\" \/><\/a><figcaption id=\"caption-attachment-755\" class=\"wp-caption-text\">En el estreno de Urxencia Cero con mi compa\u00f1ero Rub\u00e9n Ri\u00f3s<\/figcaption><\/figure>\n","protected":false},"excerpt":{"rendered":"<p>Este domingo 24 de Enero se estrena una de las novedades de la temporada en televisi\u00f3n de Galicia: Urxencia Cero, a las 22:00h. Una producci\u00f3n muy especial en la que he tenido el placer de aportar mi granito de arena con un personaje diferente a lo que suelo hacer habitualmente: mi personaje Moncho os va <a class=\"read-more\" href=\"https:\/\/javiervarelactor.com\/?p=749\">Leer m\u00e1s<\/a><\/p>\n","protected":false},"author":1,"featured_media":750,"comment_status":"closed","ping_status":"open","sticky":false,"template":"","format":"standard","meta":{"_monsterinsights_skip_tracking":false,"_monsterinsights_sitenote_active":false,"_monsterinsights_sitenote_note":"","_monsterinsights_sitenote_category":0,"footnotes":""},"categories":[21,31,41],"tags":[43,44],"yoast_head":"<!-- This site is optimized with the Yoast SEO plugin v22.7 - https:\/\/yoast.com\/wordpress\/plugins\/seo\/ -->\n<title>-Urxencia Cero; Moncho<\/title>\n<meta name=\"description\" content=\"Domingo 24 de diciembre, estreno de Urxencia Cero con Javier Varela en el personaje de Moncho.\" \/>\n<meta name=\"robots\" content=\"index, follow, max-snippet:-1, max-image-preview:large, max-video-preview:-1\" \/>\n<link rel=\"canonical\" href=\"https:\/\/javiervarelactor.com\/?p=749\" \/>\n<meta property=\"og:locale\" content=\"es_ES\" \/>\n<meta property=\"og:type\" content=\"article\" \/>\n<meta property=\"og:title\" content=\"-Urxencia Cero; Moncho\" \/>\n<meta property=\"og:description\" content=\"Domingo 24 de diciembre, estreno de Urxencia Cero con Javier Varela en el personaje de Moncho.\" \/>\n<meta property=\"og:url\" content=\"https:\/\/javiervarelactor.com\/?p=749\" \/>\n<meta property=\"og:site_name\" content=\"Javier Varela\" \/>\n<meta property=\"article:publisher\" content=\"https:\/\/www.facebook.com\/pages\/Javier-Varela\/145894855509796?sk=info&amp;amp%3bamp%3bamp%3bamp%3btab=page_info\" \/>\n<meta property=\"article:published_time\" content=\"2016-01-21T12:35:12+00:00\" \/>\n<meta property=\"article:modified_time\" content=\"2016-01-22T09:32:59+00:00\" \/>\n<meta property=\"og:image\" content=\"https:\/\/javiervarelactor.com\/wp-content\/uploads\/2016\/01\/moncho-urxencia-cero.jpg\" \/>\n\t<meta property=\"og:image:width\" content=\"1064\" \/>\n\t<meta property=\"og:image:height\" content=\"692\" \/>\n\t<meta property=\"og:image:type\" content=\"image\/jpeg\" \/>\n<meta name=\"author\" content=\"Javier Varela\" \/>\n<meta name=\"twitter:label1\" content=\"Escrito por\" \/>\n\t<meta name=\"twitter:data1\" content=\"Javier Varela\" \/>\n\t<meta name=\"twitter:label2\" content=\"Tiempo de lectura\" \/>\n\t<meta name=\"twitter:data2\" content=\"1 minuto\" \/>\n<script type=\"application\/ld+json\" class=\"yoast-schema-graph\">{\"@context\":\"https:\/\/schema.org\",\"@graph\":[{\"@type\":\"WebPage\",\"@id\":\"https:\/\/javiervarelactor.com\/?p=749\",\"url\":\"https:\/\/javiervarelactor.com\/?p=749\",\"name\":\"-Urxencia Cero; Moncho\",\"isPartOf\":{\"@id\":\"https:\/\/javiervarelactor.com\/#website\"},\"primaryImageOfPage\":{\"@id\":\"https:\/\/javiervarelactor.com\/?p=749#primaryimage\"},\"image\":{\"@id\":\"https:\/\/javiervarelactor.com\/?p=749#primaryimage\"},\"thumbnailUrl\":\"https:\/\/javiervarelactor.com\/wp-content\/uploads\/2016\/01\/moncho-urxencia-cero.jpg\",\"datePublished\":\"2016-01-21T12:35:12+00:00\",\"dateModified\":\"2016-01-22T09:32:59+00:00\",\"author\":{\"@id\":\"https:\/\/javiervarelactor.com\/#\/schema\/person\/e3104f2f3cca87d9a07b40f5281c02ba\"},\"description\":\"Domingo 24 de diciembre, estreno de Urxencia Cero con Javier Varela en el personaje de Moncho.\",\"breadcrumb\":{\"@id\":\"https:\/\/javiervarelactor.com\/?p=749#breadcrumb\"},\"inLanguage\":\"es\",\"potentialAction\":[{\"@type\":\"ReadAction\",\"target\":[\"https:\/\/javiervarelactor.com\/?p=749\"]}]},{\"@type\":\"ImageObject\",\"inLanguage\":\"es\",\"@id\":\"https:\/\/javiervarelactor.com\/?p=749#primaryimage\",\"url\":\"https:\/\/javiervarelactor.com\/wp-content\/uploads\/2016\/01\/moncho-urxencia-cero.jpg\",\"contentUrl\":\"https:\/\/javiervarelactor.com\/wp-content\/uploads\/2016\/01\/moncho-urxencia-cero.jpg\",\"width\":1064,\"height\":692,\"caption\":\"moncho urxencia cero\"},{\"@type\":\"BreadcrumbList\",\"@id\":\"https:\/\/javiervarelactor.com\/?p=749#breadcrumb\",\"itemListElement\":[{\"@type\":\"ListItem\",\"position\":1,\"name\":\"Inicio\",\"item\":\"https:\/\/javiervarelactor.com\/\"},{\"@type\":\"ListItem\",\"position\":2,\"name\":\"Urxencia Cero; Moncho.\"}]},{\"@type\":\"WebSite\",\"@id\":\"https:\/\/javiervarelactor.com\/#website\",\"url\":\"https:\/\/javiervarelactor.com\/\",\"name\":\"Javier Varela\",\"description\":\"Actor y Presentador\",\"potentialAction\":[{\"@type\":\"SearchAction\",\"target\":{\"@type\":\"EntryPoint\",\"urlTemplate\":\"https:\/\/javiervarelactor.com\/?s={search_term_string}\"},\"query-input\":\"required name=search_term_string\"}],\"inLanguage\":\"es\"},{\"@type\":\"Person\",\"@id\":\"https:\/\/javiervarelactor.com\/#\/schema\/person\/e3104f2f3cca87d9a07b40f5281c02ba\",\"name\":\"Javier Varela\",\"image\":{\"@type\":\"ImageObject\",\"inLanguage\":\"es\",\"@id\":\"https:\/\/javiervarelactor.com\/#\/schema\/person\/image\/\",\"url\":\"https:\/\/secure.gravatar.com\/avatar\/858edfdbe98ed682c9723085564a87b3?s=96&d=mm&r=g\",\"contentUrl\":\"https:\/\/secure.gravatar.com\/avatar\/858edfdbe98ed682c9723085564a87b3?s=96&d=mm&r=g\",\"caption\":\"Javier Varela\"},\"sameAs\":[\"http:\/\/www.javiervarelactor.com\"],\"url\":\"https:\/\/javiervarelactor.com\/?author=1\"}]}<\/script>\n<!-- \/ Yoast SEO plugin. -->","yoast_head_json":{"title":"-Urxencia Cero; Moncho","description":"Domingo 24 de diciembre, estreno de Urxencia Cero con Javier Varela en el personaje de Moncho.","robots":{"index":"index","follow":"follow","max-snippet":"max-snippet:-1","max-image-preview":"max-image-preview:large","max-video-preview":"max-video-preview:-1"},"canonical":"https:\/\/javiervarelactor.com\/?p=749","og_locale":"es_ES","og_type":"article","og_title":"-Urxencia Cero; Moncho","og_description":"Domingo 24 de diciembre, estreno de Urxencia Cero con Javier Varela en el personaje de Moncho.","og_url":"https:\/\/javiervarelactor.com\/?p=749","og_site_name":"Javier Varela","article_publisher":"https:\/\/www.facebook.com\/pages\/Javier-Varela\/145894855509796?sk=info&amp%3bamp%3bamp%3bamp%3btab=page_info","article_published_time":"2016-01-21T12:35:12+00:00","article_modified_time":"2016-01-22T09:32:59+00:00","og_image":[{"width":1064,"height":692,"url":"https:\/\/javiervarelactor.com\/wp-content\/uploads\/2016\/01\/moncho-urxencia-cero.jpg","type":"image\/jpeg"}],"author":"Javier Varela","twitter_misc":{"Escrito por":"Javier Varela","Tiempo de lectura":"1 minuto"},"schema":{"@context":"https:\/\/schema.org","@graph":[{"@type":"WebPage","@id":"https:\/\/javiervarelactor.com\/?p=749","url":"https:\/\/javiervarelactor.com\/?p=749","name":"-Urxencia Cero; Moncho","isPartOf":{"@id":"https:\/\/javiervarelactor.com\/#website"},"primaryImageOfPage":{"@id":"https:\/\/javiervarelactor.com\/?p=749#primaryimage"},"image":{"@id":"https:\/\/javiervarelactor.com\/?p=749#primaryimage"},"thumbnailUrl":"https:\/\/javiervarelactor.com\/wp-content\/uploads\/2016\/01\/moncho-urxencia-cero.jpg","datePublished":"2016-01-21T12:35:12+00:00","dateModified":"2016-01-22T09:32:59+00:00","author":{"@id":"https:\/\/javiervarelactor.com\/#\/schema\/person\/e3104f2f3cca87d9a07b40f5281c02ba"},"description":"Domingo 24 de diciembre, estreno de Urxencia Cero con Javier Varela en el personaje de Moncho.","breadcrumb":{"@id":"https:\/\/javiervarelactor.com\/?p=749#breadcrumb"},"inLanguage":"es","potentialAction":[{"@type":"ReadAction","target":["https:\/\/javiervarelactor.com\/?p=749"]}]},{"@type":"ImageObject","inLanguage":"es","@id":"https:\/\/javiervarelactor.com\/?p=749#primaryimage","url":"https:\/\/javiervarelactor.com\/wp-content\/uploads\/2016\/01\/moncho-urxencia-cero.jpg","contentUrl":"https:\/\/javiervarelactor.com\/wp-content\/uploads\/2016\/01\/moncho-urxencia-cero.jpg","width":1064,"height":692,"caption":"moncho urxencia cero"},{"@type":"BreadcrumbList","@id":"https:\/\/javiervarelactor.com\/?p=749#breadcrumb","itemListElement":[{"@type":"ListItem","position":1,"name":"Inicio","item":"https:\/\/javiervarelactor.com\/"},{"@type":"ListItem","position":2,"name":"Urxencia Cero; Moncho."}]},{"@type":"WebSite","@id":"https:\/\/javiervarelactor.com\/#website","url":"https:\/\/javiervarelactor.com\/","name":"Javier Varela","description":"Actor y Presentador","potentialAction":[{"@type":"SearchAction","target":{"@type":"EntryPoint","urlTemplate":"https:\/\/javiervarelactor.com\/?s={search_term_string}"},"query-input":"required name=search_term_string"}],"inLanguage":"es"},{"@type":"Person","@id":"https:\/\/javiervarelactor.com\/#\/schema\/person\/e3104f2f3cca87d9a07b40f5281c02ba","name":"Javier Varela","image":{"@type":"ImageObject","inLanguage":"es","@id":"https:\/\/javiervarelactor.com\/#\/schema\/person\/image\/","url":"https:\/\/secure.gravatar.com\/avatar\/858edfdbe98ed682c9723085564a87b3?s=96&d=mm&r=g","contentUrl":"https:\/\/secure.gravatar.com\/avatar\/858edfdbe98ed682c9723085564a87b3?s=96&d=mm&r=g","caption":"Javier Varela"},"sameAs":["http:\/\/www.javiervarelactor.com"],"url":"https:\/\/javiervarelactor.com\/?author=1"}]}},"_links":{"self":[{"href":"https:\/\/javiervarelactor.com\/index.php?rest_route=\/wp\/v2\/posts\/749"}],"collection":[{"href":"https:\/\/javiervarelactor.com\/index.php?rest_route=\/wp\/v2\/posts"}],"about":[{"href":"https:\/\/javiervarelactor.com\/index.php?rest_route=\/wp\/v2\/types\/post"}],"author":[{"embeddable":true,"href":"https:\/\/javiervarelactor.com\/index.php?rest_route=\/wp\/v2\/users\/1"}],"replies":[{"embeddable":true,"href":"https:\/\/javiervarelactor.com\/index.php?rest_route=%2Fwp%2Fv2%2Fcomments&post=749"}],"version-history":[{"count":4,"href":"https:\/\/javiervarelactor.com\/index.php?rest_route=\/wp\/v2\/posts\/749\/revisions"}],"predecessor-version":[{"id":757,"href":"https:\/\/javiervarelactor.com\/index.php?rest_route=\/wp\/v2\/posts\/749\/revisions\/757"}],"wp:featuredmedia":[{"embeddable":true,"href":"https:\/\/javiervarelactor.com\/index.php?rest_route=\/wp\/v2\/media\/750"}],"wp:attachment":[{"href":"https:\/\/javiervarelactor.com\/index.php?rest_route=%2Fwp%2Fv2%2Fmedia&parent=749"}],"wp:term":[{"taxonomy":"category","embeddable":true,"href":"https:\/\/javiervarelactor.com\/index.php?rest_route=%2Fwp%2Fv2%2Fcategories&post=749"},{"taxonomy":"post_tag","embeddable":true,"href":"https:\/\/javiervarelactor.com\/index.php?rest_route=%2Fwp%2Fv2%2Ftags&post=749"}],"curies":[{"name":"wp","href":"https:\/\/api.w.org\/{rel}","templated":true}]}}