{"id":731,"date":"2016-01-19T09:29:13","date_gmt":"2016-01-19T09:29:13","guid":{"rendered":"http:\/\/javiervarelactor.com\/?p=731"},"modified":"2016-02-04T15:16:02","modified_gmt":"2016-02-04T15:16:02","slug":"javier-varela-y-luis-zahera-en-lugo","status":"publish","type":"post","link":"https:\/\/javiervarelactor.com\/?p=731","title":{"rendered":"\u00abMenda e Lerenda\u00bb en A Pontenova, Lugo. 20 Febrero"},"content":{"rendered":"<p><a href=\"http:\/\/javiervarelactor.com\/wp-content\/uploads\/2016\/01\/version-impresa1.jpg\"><img loading=\"lazy\" decoding=\"async\" class=\"size-medium wp-image-775 alignleft\" src=\"http:\/\/javiervarelactor.com\/wp-content\/uploads\/2016\/01\/version-impresa1-212x300.jpg\" alt=\"monologo javier varela\" width=\"212\" height=\"300\" srcset=\"https:\/\/javiervarelactor.com\/wp-content\/uploads\/2016\/01\/version-impresa1-212x300.jpg 212w, https:\/\/javiervarelactor.com\/wp-content\/uploads\/2016\/01\/version-impresa1-724x1024.jpg 724w\" sizes=\"(max-width: 212px) 100vw, 212px\" \/><\/a><\/p>\n<p><span style=\"color: #000000;\">Seguimos con nuestro paso por Galicia: despu\u00e9s de Lugo, A Coru\u00f1a, Vigo y Pontevedra, volvemos a A Pontenova, Lugo, que le hemos cogido el gusto a sus tapas, a sus calles y a sus gentes: <strong>\u00abMenda e Lerenda\u00bb en Lugo el s\u00e1bado 20 de febrero.<\/strong><\/span><\/p>\n<p><span style=\"color: #000000;\">\u00ab<strong>Menda e Lerenda<\/strong>\u00bb somos Javier Varela y Luis Zahera, no tenemos muy claro qui\u00e9n es qui\u00e9n, bueno, si, o no Luis es Menda, y Javier es Lerenda, o al rev\u00e9s.<\/span><\/p>\n<p><span style=\"color: #000000;\">Lo seguro es que nos subimos al escenario juntos, para compartir unas risas el s\u00e1bado <strong>20 de febrero<\/strong> en la Casa da Cultura, A Pontenova, Lugo \u00bfvienes?<\/span><\/p>\n<p><span style=\"color: #000000;\">Tras el \u00e9xito de nuestro paso por \u00abNoites de Retranca\u00bb lo est\u00e1bais pidiendo, y aqu\u00ed estamos de nuevo: m\u00e1s humor, m\u00e1s risas, mejores ratos juntos.<\/span><\/p>\n<p><span style=\"color: #000000;\">Encantados de disfrutar de un gran escenario en nuestra tierra.\u00a0<strong>Javier Varela y Luis Zahera, \u00abMenda e Lerenda\u00bb en A Pontenova, Lugo<\/strong> \u00a1no te lo pierdas!<\/span><\/p>\n<p><span style=\"color: #000000;\">Con\u00f3cenos un poco m\u00e1s:\u00a0<iframe loading=\"lazy\" <iframe loading=\"lazy\" width=\"420\" height=\"315\" src=\"https:\/\/www.youtube.com\/embed\/rcSRwkQGasQ\" frameborder=\"0\" allowfullscreen><\/iframe><\/p>\n","protected":false},"excerpt":{"rendered":"<p>El s\u00e1bado 20 de febrero \u00abMenda y Lerenda\u00bb o Javier Varela y Luis Zahera en Lugo. Mon\u00f3logos de humor para disfrutar de una noche de risas.<\/p>\n","protected":false},"author":1,"featured_media":732,"comment_status":"closed","ping_status":"open","sticky":false,"template":"","format":"standard","meta":{"_monsterinsights_skip_tracking":false,"_monsterinsights_sitenote_active":false,"_monsterinsights_sitenote_note":"","_monsterinsights_sitenote_category":0,"footnotes":""},"categories":[41,2],"tags":[40,42],"yoast_head":"<!-- This site is optimized with the Yoast SEO plugin v22.7 - https:\/\/yoast.com\/wordpress\/plugins\/seo\/ -->\n<title>&quot;Menda e Lerenda&quot; en Lugo<\/title>\n<meta name=\"description\" content=\"El s\u00e1bado 20 de febrero &quot;Menda e Lerenda&quot; en Lugo con Javier Varela y Luis Zahera. Mon\u00f3logos de humor para disfrutar de una noche de risas.\" \/>\n<meta name=\"robots\" content=\"index, follow, max-snippet:-1, max-image-preview:large, max-video-preview:-1\" \/>\n<link rel=\"canonical\" href=\"https:\/\/javiervarelactor.com\/?p=731\" \/>\n<meta property=\"og:locale\" content=\"es_ES\" \/>\n<meta property=\"og:type\" content=\"article\" \/>\n<meta property=\"og:title\" content=\"&quot;Menda e Lerenda&quot; en Lugo\" \/>\n<meta property=\"og:description\" content=\"El s\u00e1bado 20 de febrero &quot;Menda e Lerenda&quot; en Lugo con Javier Varela y Luis Zahera. Mon\u00f3logos de humor para disfrutar de una noche de risas.\" \/>\n<meta property=\"og:url\" content=\"https:\/\/javiervarelactor.com\/?p=731\" \/>\n<meta property=\"og:site_name\" content=\"Javier Varela\" \/>\n<meta property=\"article:publisher\" content=\"https:\/\/www.facebook.com\/pages\/Javier-Varela\/145894855509796?sk=info&amp;amp%3bamp%3bamp%3bamp%3btab=page_info\" \/>\n<meta property=\"article:published_time\" content=\"2016-01-19T09:29:13+00:00\" \/>\n<meta property=\"article:modified_time\" content=\"2016-02-04T15:16:02+00:00\" \/>\n<meta property=\"og:image\" content=\"https:\/\/javiervarelactor.com\/wp-content\/uploads\/2016\/01\/monologos-en-lugo.png\" \/>\n\t<meta property=\"og:image:width\" content=\"438\" \/>\n\t<meta property=\"og:image:height\" content=\"270\" \/>\n\t<meta property=\"og:image:type\" content=\"image\/png\" \/>\n<meta name=\"author\" content=\"Javier Varela\" \/>\n<meta name=\"twitter:label1\" content=\"Escrito por\" \/>\n\t<meta name=\"twitter:data1\" content=\"Javier Varela\" \/>\n\t<meta name=\"twitter:label2\" content=\"Tiempo de lectura\" \/>\n\t<meta name=\"twitter:data2\" content=\"1 minuto\" \/>\n<script type=\"application\/ld+json\" class=\"yoast-schema-graph\">{\"@context\":\"https:\/\/schema.org\",\"@graph\":[{\"@type\":\"WebPage\",\"@id\":\"https:\/\/javiervarelactor.com\/?p=731\",\"url\":\"https:\/\/javiervarelactor.com\/?p=731\",\"name\":\"\\\"Menda e Lerenda\\\" en Lugo\",\"isPartOf\":{\"@id\":\"https:\/\/javiervarelactor.com\/#website\"},\"primaryImageOfPage\":{\"@id\":\"https:\/\/javiervarelactor.com\/?p=731#primaryimage\"},\"image\":{\"@id\":\"https:\/\/javiervarelactor.com\/?p=731#primaryimage\"},\"thumbnailUrl\":\"https:\/\/javiervarelactor.com\/wp-content\/uploads\/2016\/01\/monologos-en-lugo.png\",\"datePublished\":\"2016-01-19T09:29:13+00:00\",\"dateModified\":\"2016-02-04T15:16:02+00:00\",\"author\":{\"@id\":\"https:\/\/javiervarelactor.com\/#\/schema\/person\/e3104f2f3cca87d9a07b40f5281c02ba\"},\"description\":\"El s\u00e1bado 20 de febrero \\\"Menda e Lerenda\\\" en Lugo con Javier Varela y Luis Zahera. Mon\u00f3logos de humor para disfrutar de una noche de risas.\",\"breadcrumb\":{\"@id\":\"https:\/\/javiervarelactor.com\/?p=731#breadcrumb\"},\"inLanguage\":\"es\",\"potentialAction\":[{\"@type\":\"ReadAction\",\"target\":[\"https:\/\/javiervarelactor.com\/?p=731\"]}]},{\"@type\":\"ImageObject\",\"inLanguage\":\"es\",\"@id\":\"https:\/\/javiervarelactor.com\/?p=731#primaryimage\",\"url\":\"https:\/\/javiervarelactor.com\/wp-content\/uploads\/2016\/01\/monologos-en-lugo.png\",\"contentUrl\":\"https:\/\/javiervarelactor.com\/wp-content\/uploads\/2016\/01\/monologos-en-lugo.png\",\"width\":438,\"height\":270,\"caption\":\"monologos en lugo\"},{\"@type\":\"BreadcrumbList\",\"@id\":\"https:\/\/javiervarelactor.com\/?p=731#breadcrumb\",\"itemListElement\":[{\"@type\":\"ListItem\",\"position\":1,\"name\":\"Inicio\",\"item\":\"https:\/\/javiervarelactor.com\/\"},{\"@type\":\"ListItem\",\"position\":2,\"name\":\"\u00abMenda e Lerenda\u00bb en A Pontenova, Lugo. 20 Febrero\"}]},{\"@type\":\"WebSite\",\"@id\":\"https:\/\/javiervarelactor.com\/#website\",\"url\":\"https:\/\/javiervarelactor.com\/\",\"name\":\"Javier Varela\",\"description\":\"Actor y Presentador\",\"potentialAction\":[{\"@type\":\"SearchAction\",\"target\":{\"@type\":\"EntryPoint\",\"urlTemplate\":\"https:\/\/javiervarelactor.com\/?s={search_term_string}\"},\"query-input\":\"required name=search_term_string\"}],\"inLanguage\":\"es\"},{\"@type\":\"Person\",\"@id\":\"https:\/\/javiervarelactor.com\/#\/schema\/person\/e3104f2f3cca87d9a07b40f5281c02ba\",\"name\":\"Javier Varela\",\"image\":{\"@type\":\"ImageObject\",\"inLanguage\":\"es\",\"@id\":\"https:\/\/javiervarelactor.com\/#\/schema\/person\/image\/\",\"url\":\"https:\/\/secure.gravatar.com\/avatar\/858edfdbe98ed682c9723085564a87b3?s=96&d=mm&r=g\",\"contentUrl\":\"https:\/\/secure.gravatar.com\/avatar\/858edfdbe98ed682c9723085564a87b3?s=96&d=mm&r=g\",\"caption\":\"Javier Varela\"},\"sameAs\":[\"http:\/\/www.javiervarelactor.com\"],\"url\":\"https:\/\/javiervarelactor.com\/?author=1\"}]}<\/script>\n<!-- \/ Yoast SEO plugin. -->","yoast_head_json":{"title":"\"Menda e Lerenda\" en Lugo","description":"El s\u00e1bado 20 de febrero \"Menda e Lerenda\" en Lugo con Javier Varela y Luis Zahera. Mon\u00f3logos de humor para disfrutar de una noche de risas.","robots":{"index":"index","follow":"follow","max-snippet":"max-snippet:-1","max-image-preview":"max-image-preview:large","max-video-preview":"max-video-preview:-1"},"canonical":"https:\/\/javiervarelactor.com\/?p=731","og_locale":"es_ES","og_type":"article","og_title":"\"Menda e Lerenda\" en Lugo","og_description":"El s\u00e1bado 20 de febrero \"Menda e Lerenda\" en Lugo con Javier Varela y Luis Zahera. Mon\u00f3logos de humor para disfrutar de una noche de risas.","og_url":"https:\/\/javiervarelactor.com\/?p=731","og_site_name":"Javier Varela","article_publisher":"https:\/\/www.facebook.com\/pages\/Javier-Varela\/145894855509796?sk=info&amp%3bamp%3bamp%3bamp%3btab=page_info","article_published_time":"2016-01-19T09:29:13+00:00","article_modified_time":"2016-02-04T15:16:02+00:00","og_image":[{"width":438,"height":270,"url":"https:\/\/javiervarelactor.com\/wp-content\/uploads\/2016\/01\/monologos-en-lugo.png","type":"image\/png"}],"author":"Javier Varela","twitter_misc":{"Escrito por":"Javier Varela","Tiempo de lectura":"1 minuto"},"schema":{"@context":"https:\/\/schema.org","@graph":[{"@type":"WebPage","@id":"https:\/\/javiervarelactor.com\/?p=731","url":"https:\/\/javiervarelactor.com\/?p=731","name":"\"Menda e Lerenda\" en Lugo","isPartOf":{"@id":"https:\/\/javiervarelactor.com\/#website"},"primaryImageOfPage":{"@id":"https:\/\/javiervarelactor.com\/?p=731#primaryimage"},"image":{"@id":"https:\/\/javiervarelactor.com\/?p=731#primaryimage"},"thumbnailUrl":"https:\/\/javiervarelactor.com\/wp-content\/uploads\/2016\/01\/monologos-en-lugo.png","datePublished":"2016-01-19T09:29:13+00:00","dateModified":"2016-02-04T15:16:02+00:00","author":{"@id":"https:\/\/javiervarelactor.com\/#\/schema\/person\/e3104f2f3cca87d9a07b40f5281c02ba"},"description":"El s\u00e1bado 20 de febrero \"Menda e Lerenda\" en Lugo con Javier Varela y Luis Zahera. Mon\u00f3logos de humor para disfrutar de una noche de risas.","breadcrumb":{"@id":"https:\/\/javiervarelactor.com\/?p=731#breadcrumb"},"inLanguage":"es","potentialAction":[{"@type":"ReadAction","target":["https:\/\/javiervarelactor.com\/?p=731"]}]},{"@type":"ImageObject","inLanguage":"es","@id":"https:\/\/javiervarelactor.com\/?p=731#primaryimage","url":"https:\/\/javiervarelactor.com\/wp-content\/uploads\/2016\/01\/monologos-en-lugo.png","contentUrl":"https:\/\/javiervarelactor.com\/wp-content\/uploads\/2016\/01\/monologos-en-lugo.png","width":438,"height":270,"caption":"monologos en lugo"},{"@type":"BreadcrumbList","@id":"https:\/\/javiervarelactor.com\/?p=731#breadcrumb","itemListElement":[{"@type":"ListItem","position":1,"name":"Inicio","item":"https:\/\/javiervarelactor.com\/"},{"@type":"ListItem","position":2,"name":"\u00abMenda e Lerenda\u00bb en A Pontenova, Lugo. 20 Febrero"}]},{"@type":"WebSite","@id":"https:\/\/javiervarelactor.com\/#website","url":"https:\/\/javiervarelactor.com\/","name":"Javier Varela","description":"Actor y Presentador","potentialAction":[{"@type":"SearchAction","target":{"@type":"EntryPoint","urlTemplate":"https:\/\/javiervarelactor.com\/?s={search_term_string}"},"query-input":"required name=search_term_string"}],"inLanguage":"es"},{"@type":"Person","@id":"https:\/\/javiervarelactor.com\/#\/schema\/person\/e3104f2f3cca87d9a07b40f5281c02ba","name":"Javier Varela","image":{"@type":"ImageObject","inLanguage":"es","@id":"https:\/\/javiervarelactor.com\/#\/schema\/person\/image\/","url":"https:\/\/secure.gravatar.com\/avatar\/858edfdbe98ed682c9723085564a87b3?s=96&d=mm&r=g","contentUrl":"https:\/\/secure.gravatar.com\/avatar\/858edfdbe98ed682c9723085564a87b3?s=96&d=mm&r=g","caption":"Javier Varela"},"sameAs":["http:\/\/www.javiervarelactor.com"],"url":"https:\/\/javiervarelactor.com\/?author=1"}]}},"_links":{"self":[{"href":"https:\/\/javiervarelactor.com\/index.php?rest_route=\/wp\/v2\/posts\/731"}],"collection":[{"href":"https:\/\/javiervarelactor.com\/index.php?rest_route=\/wp\/v2\/posts"}],"about":[{"href":"https:\/\/javiervarelactor.com\/index.php?rest_route=\/wp\/v2\/types\/post"}],"author":[{"embeddable":true,"href":"https:\/\/javiervarelactor.com\/index.php?rest_route=\/wp\/v2\/users\/1"}],"replies":[{"embeddable":true,"href":"https:\/\/javiervarelactor.com\/index.php?rest_route=%2Fwp%2Fv2%2Fcomments&post=731"}],"version-history":[{"count":15,"href":"https:\/\/javiervarelactor.com\/index.php?rest_route=\/wp\/v2\/posts\/731\/revisions"}],"predecessor-version":[{"id":805,"href":"https:\/\/javiervarelactor.com\/index.php?rest_route=\/wp\/v2\/posts\/731\/revisions\/805"}],"wp:featuredmedia":[{"embeddable":true,"href":"https:\/\/javiervarelactor.com\/index.php?rest_route=\/wp\/v2\/media\/732"}],"wp:attachment":[{"href":"https:\/\/javiervarelactor.com\/index.php?rest_route=%2Fwp%2Fv2%2Fmedia&parent=731"}],"wp:term":[{"taxonomy":"category","embeddable":true,"href":"https:\/\/javiervarelactor.com\/index.php?rest_route=%2Fwp%2Fv2%2Fcategories&post=731"},{"taxonomy":"post_tag","embeddable":true,"href":"https:\/\/javiervarelactor.com\/index.php?rest_route=%2Fwp%2Fv2%2Ftags&post=731"}],"curies":[{"name":"wp","href":"https:\/\/api.w.org\/{rel}","templated":true}]}}