{"id":703,"date":"2015-12-26T10:00:53","date_gmt":"2015-12-26T10:00:53","guid":{"rendered":"http:\/\/javiervarelactor.com\/?p=703"},"modified":"2016-03-10T13:24:59","modified_gmt":"2016-03-10T13:24:59","slug":"planes-de-humor-para-2016","status":"publish","type":"post","link":"https:\/\/javiervarelactor.com\/?p=703","title":{"rendered":"Planes de humor para 2016"},"content":{"rendered":"<p>Terminamos 2015; un a\u00f1o que ha tenido un poco de todo, ahora toca disfrutar de planes con familia y amigos, y de imaginar y planear el a\u00f1o que entra.<\/p>\n<p>Me gustar\u00eda dar la bienvenida al nuevo a\u00f1o con unos buenos\u00a0<strong>planes de humor para 2016:\u00a0<\/strong>empiezo con fuerza, con ganas y con risas.<\/p>\n<p>Te cuento para que no te pierdas nada:<\/p>\n<ul>\n<li><span style=\"color: #000000;\"><img loading=\"lazy\" decoding=\"async\" class=\"size-medium wp-image-665 alignleft\" src=\"http:\/\/javiervarelactor.com\/wp-content\/uploads\/2015\/11\/actor-gallego-javier1-240x300.jpg\" alt=\"actor gallego javier\" width=\"240\" height=\"300\" srcset=\"https:\/\/javiervarelactor.com\/wp-content\/uploads\/2015\/11\/actor-gallego-javier1-240x300.jpg 240w, https:\/\/javiervarelactor.com\/wp-content\/uploads\/2015\/11\/actor-gallego-javier1-819x1024.jpg 819w, https:\/\/javiervarelactor.com\/wp-content\/uploads\/2015\/11\/actor-gallego-javier1.jpg 1310w\" sizes=\"(max-width: 240px) 100vw, 240px\" \/>Jueves <strong>7 enero<\/strong>: <em>Master Class<\/em> \u00abHumor de cero a cien\u00bb \u00bfte interesa el humor y quieres conocer algunos trucos para crear comedia? Te espero a las 20.30 en la Casa de la Xuventude\u00bb en Lugo.<\/span><\/li>\n<li><\/li>\n<li><span style=\"color: #000000;\">Viernes <strong>8 enero<\/strong>: \u00ab<em><a href=\"https:\/\/www.youtube.com\/watch?v=u3HtJRsRIGE\" target=\"_blank\">Un momento duro de ahora, cinco pesetas de las de antes<\/a><\/em>\u00bb vuelve a Galicia, nos vemos en el Gustavo Freire de Lugo a las 20.30h <strong>Entrada libre<\/strong><\/span><\/li>\n<li><\/li>\n<li><span style=\"color: #000000;\"> S\u00e1bado\u00a0<strong>9 enero<\/strong>: \u00abNoites de Retranca\u00bb Teatro Col\u00f3n <strong>A Coru\u00f1a 20.30h <\/strong><a style=\"color: #000000;\" href=\"https:\/\/entradas.ataquilla.com\/ventaentradas\/es\/varios\/teatro-colon\/5763--noites-de-retranca.html\" target=\"_blank\">Entradas<\/a><\/span><\/li>\n<li><\/li>\n<li><span style=\"color: #000000;\">Viernes\u00a0<strong>15 enero<\/strong>: \u00abNoites de Retranca\u00bb Teatro AFundaci\u00f3n <strong>Vigo 21h<\/strong> <span style=\"color: #0000ff;\"><a style=\"color: #0000ff;\" href=\"https:\/\/entradas.ataquilla.com\/ventaentradas\/es\/varios\/teatro-afundacion-vigo\/5869--noites-de-retranca-pepo-suevos-luis-zahera-e-javier-varela.html\" target=\"_blank\">Entradas<\/a>\u00a0<\/span><\/span><\/li>\n<li><\/li>\n<li><span style=\"color: #000000;\">S\u00e1bado<strong> 16 enero<\/strong>: \u00abNoites de Retranca\u00bb Teatro AFundaci\u00f3n <strong>Pontevedra<\/strong> 21h <span style=\"color: #0000ff;\"><a style=\"color: #0000ff;\" href=\"https:\/\/entradas.ataquilla.com\/ventaentradas\/es\/varios\/auditorio-sede-afundacion-pontevedra\/5868--noites-de-retranca-pepo-suevos-luis-zahera-e-javier-varela.html\" target=\"_blank\">Entradas<\/a><\/span><\/span><\/li>\n<\/ul>\n<p>&nbsp;<\/p>\n<p>Ya no tienes excusa para empezar con buen pie el a\u00f1o nuevo 2016. Planes por toda Galicia, el inicio de un\u00a0a\u00f1o\u00a0con muchas novedades en Teatros, Cine y Televisi\u00f3n.<\/p>\n<p>Seguimos con las risas<\/p>\n<p>\u00a1Feliz A\u00f1o Nuevo!<\/p>\n","protected":false},"excerpt":{"rendered":"<p>Terminamos 2015; un a\u00f1o que ha tenido un poco de todo, ahora toca disfrutar de planes con familia y amigos, y de imaginar y planear el a\u00f1o que entra. Me gustar\u00eda dar la bienvenida al nuevo a\u00f1o con unos buenos\u00a0planes de humor para 2016:\u00a0empiezo con fuerza, con ganas y con risas. Te cuento para que <a class=\"read-more\" href=\"https:\/\/javiervarelactor.com\/?p=703\">Leer m\u00e1s<\/a><\/p>\n","protected":false},"author":1,"featured_media":704,"comment_status":"closed","ping_status":"open","sticky":false,"template":"","format":"standard","meta":{"_monsterinsights_skip_tracking":false,"_monsterinsights_sitenote_active":false,"_monsterinsights_sitenote_note":"","_monsterinsights_sitenote_category":0,"footnotes":""},"categories":[41,2],"tags":[40,48],"yoast_head":"<!-- This site is optimized with the Yoast SEO plugin v22.7 - https:\/\/yoast.com\/wordpress\/plugins\/seo\/ -->\n<title>Planes de humor para 2016<\/title>\n<meta name=\"description\" content=\"Empieza el mes de enero con Planes de humor para 2016 y Javier Varela: un curso y varios espect\u00e1culos en Galicia \u00a1no te lo pierdas!\" \/>\n<meta name=\"robots\" content=\"index, follow, max-snippet:-1, max-image-preview:large, max-video-preview:-1\" \/>\n<link rel=\"canonical\" href=\"https:\/\/javiervarelactor.com\/?p=703\" \/>\n<meta property=\"og:locale\" content=\"es_ES\" \/>\n<meta property=\"og:type\" content=\"article\" \/>\n<meta property=\"og:title\" content=\"Planes de humor para 2016\" \/>\n<meta property=\"og:description\" content=\"Empieza el mes de enero con Planes de humor para 2016 y Javier Varela: un curso y varios espect\u00e1culos en Galicia \u00a1no te lo pierdas!\" \/>\n<meta property=\"og:url\" content=\"https:\/\/javiervarelactor.com\/?p=703\" \/>\n<meta property=\"og:site_name\" content=\"Javier Varela\" \/>\n<meta property=\"article:publisher\" content=\"https:\/\/www.facebook.com\/pages\/Javier-Varela\/145894855509796?sk=info&amp;amp%3bamp%3bamp%3bamp%3btab=page_info\" \/>\n<meta property=\"article:published_time\" content=\"2015-12-26T10:00:53+00:00\" \/>\n<meta property=\"article:modified_time\" content=\"2016-03-10T13:24:59+00:00\" \/>\n<meta property=\"og:image\" content=\"https:\/\/javiervarelactor.com\/wp-content\/uploads\/2015\/12\/humor-en-galicia.jpg\" \/>\n\t<meta property=\"og:image:width\" content=\"462\" \/>\n\t<meta property=\"og:image:height\" content=\"356\" \/>\n\t<meta property=\"og:image:type\" content=\"image\/jpeg\" \/>\n<meta name=\"author\" content=\"Javier Varela\" \/>\n<meta name=\"twitter:label1\" content=\"Escrito por\" \/>\n\t<meta name=\"twitter:data1\" content=\"Javier Varela\" \/>\n\t<meta name=\"twitter:label2\" content=\"Tiempo de lectura\" \/>\n\t<meta name=\"twitter:data2\" content=\"1 minuto\" \/>\n<script type=\"application\/ld+json\" class=\"yoast-schema-graph\">{\"@context\":\"https:\/\/schema.org\",\"@graph\":[{\"@type\":\"WebPage\",\"@id\":\"https:\/\/javiervarelactor.com\/?p=703\",\"url\":\"https:\/\/javiervarelactor.com\/?p=703\",\"name\":\"Planes de humor para 2016\",\"isPartOf\":{\"@id\":\"https:\/\/javiervarelactor.com\/#website\"},\"primaryImageOfPage\":{\"@id\":\"https:\/\/javiervarelactor.com\/?p=703#primaryimage\"},\"image\":{\"@id\":\"https:\/\/javiervarelactor.com\/?p=703#primaryimage\"},\"thumbnailUrl\":\"https:\/\/javiervarelactor.com\/wp-content\/uploads\/2015\/12\/humor-en-galicia.jpg\",\"datePublished\":\"2015-12-26T10:00:53+00:00\",\"dateModified\":\"2016-03-10T13:24:59+00:00\",\"author\":{\"@id\":\"https:\/\/javiervarelactor.com\/#\/schema\/person\/e3104f2f3cca87d9a07b40f5281c02ba\"},\"description\":\"Empieza el mes de enero con Planes de humor para 2016 y Javier Varela: un curso y varios espect\u00e1culos en Galicia \u00a1no te lo pierdas!\",\"breadcrumb\":{\"@id\":\"https:\/\/javiervarelactor.com\/?p=703#breadcrumb\"},\"inLanguage\":\"es\",\"potentialAction\":[{\"@type\":\"ReadAction\",\"target\":[\"https:\/\/javiervarelactor.com\/?p=703\"]}]},{\"@type\":\"ImageObject\",\"inLanguage\":\"es\",\"@id\":\"https:\/\/javiervarelactor.com\/?p=703#primaryimage\",\"url\":\"https:\/\/javiervarelactor.com\/wp-content\/uploads\/2015\/12\/humor-en-galicia.jpg\",\"contentUrl\":\"https:\/\/javiervarelactor.com\/wp-content\/uploads\/2015\/12\/humor-en-galicia.jpg\",\"width\":462,\"height\":356,\"caption\":\"humor en galicia\"},{\"@type\":\"BreadcrumbList\",\"@id\":\"https:\/\/javiervarelactor.com\/?p=703#breadcrumb\",\"itemListElement\":[{\"@type\":\"ListItem\",\"position\":1,\"name\":\"Inicio\",\"item\":\"https:\/\/javiervarelactor.com\/\"},{\"@type\":\"ListItem\",\"position\":2,\"name\":\"Planes de humor para 2016\"}]},{\"@type\":\"WebSite\",\"@id\":\"https:\/\/javiervarelactor.com\/#website\",\"url\":\"https:\/\/javiervarelactor.com\/\",\"name\":\"Javier Varela\",\"description\":\"Actor y Presentador\",\"potentialAction\":[{\"@type\":\"SearchAction\",\"target\":{\"@type\":\"EntryPoint\",\"urlTemplate\":\"https:\/\/javiervarelactor.com\/?s={search_term_string}\"},\"query-input\":\"required name=search_term_string\"}],\"inLanguage\":\"es\"},{\"@type\":\"Person\",\"@id\":\"https:\/\/javiervarelactor.com\/#\/schema\/person\/e3104f2f3cca87d9a07b40f5281c02ba\",\"name\":\"Javier Varela\",\"image\":{\"@type\":\"ImageObject\",\"inLanguage\":\"es\",\"@id\":\"https:\/\/javiervarelactor.com\/#\/schema\/person\/image\/\",\"url\":\"https:\/\/secure.gravatar.com\/avatar\/858edfdbe98ed682c9723085564a87b3?s=96&d=mm&r=g\",\"contentUrl\":\"https:\/\/secure.gravatar.com\/avatar\/858edfdbe98ed682c9723085564a87b3?s=96&d=mm&r=g\",\"caption\":\"Javier Varela\"},\"sameAs\":[\"http:\/\/www.javiervarelactor.com\"],\"url\":\"https:\/\/javiervarelactor.com\/?author=1\"}]}<\/script>\n<!-- \/ Yoast SEO plugin. -->","yoast_head_json":{"title":"Planes de humor para 2016","description":"Empieza el mes de enero con Planes de humor para 2016 y Javier Varela: un curso y varios espect\u00e1culos en Galicia \u00a1no te lo pierdas!","robots":{"index":"index","follow":"follow","max-snippet":"max-snippet:-1","max-image-preview":"max-image-preview:large","max-video-preview":"max-video-preview:-1"},"canonical":"https:\/\/javiervarelactor.com\/?p=703","og_locale":"es_ES","og_type":"article","og_title":"Planes de humor para 2016","og_description":"Empieza el mes de enero con Planes de humor para 2016 y Javier Varela: un curso y varios espect\u00e1culos en Galicia \u00a1no te lo pierdas!","og_url":"https:\/\/javiervarelactor.com\/?p=703","og_site_name":"Javier Varela","article_publisher":"https:\/\/www.facebook.com\/pages\/Javier-Varela\/145894855509796?sk=info&amp%3bamp%3bamp%3bamp%3btab=page_info","article_published_time":"2015-12-26T10:00:53+00:00","article_modified_time":"2016-03-10T13:24:59+00:00","og_image":[{"width":462,"height":356,"url":"https:\/\/javiervarelactor.com\/wp-content\/uploads\/2015\/12\/humor-en-galicia.jpg","type":"image\/jpeg"}],"author":"Javier Varela","twitter_misc":{"Escrito por":"Javier Varela","Tiempo de lectura":"1 minuto"},"schema":{"@context":"https:\/\/schema.org","@graph":[{"@type":"WebPage","@id":"https:\/\/javiervarelactor.com\/?p=703","url":"https:\/\/javiervarelactor.com\/?p=703","name":"Planes de humor para 2016","isPartOf":{"@id":"https:\/\/javiervarelactor.com\/#website"},"primaryImageOfPage":{"@id":"https:\/\/javiervarelactor.com\/?p=703#primaryimage"},"image":{"@id":"https:\/\/javiervarelactor.com\/?p=703#primaryimage"},"thumbnailUrl":"https:\/\/javiervarelactor.com\/wp-content\/uploads\/2015\/12\/humor-en-galicia.jpg","datePublished":"2015-12-26T10:00:53+00:00","dateModified":"2016-03-10T13:24:59+00:00","author":{"@id":"https:\/\/javiervarelactor.com\/#\/schema\/person\/e3104f2f3cca87d9a07b40f5281c02ba"},"description":"Empieza el mes de enero con Planes de humor para 2016 y Javier Varela: un curso y varios espect\u00e1culos en Galicia \u00a1no te lo pierdas!","breadcrumb":{"@id":"https:\/\/javiervarelactor.com\/?p=703#breadcrumb"},"inLanguage":"es","potentialAction":[{"@type":"ReadAction","target":["https:\/\/javiervarelactor.com\/?p=703"]}]},{"@type":"ImageObject","inLanguage":"es","@id":"https:\/\/javiervarelactor.com\/?p=703#primaryimage","url":"https:\/\/javiervarelactor.com\/wp-content\/uploads\/2015\/12\/humor-en-galicia.jpg","contentUrl":"https:\/\/javiervarelactor.com\/wp-content\/uploads\/2015\/12\/humor-en-galicia.jpg","width":462,"height":356,"caption":"humor en galicia"},{"@type":"BreadcrumbList","@id":"https:\/\/javiervarelactor.com\/?p=703#breadcrumb","itemListElement":[{"@type":"ListItem","position":1,"name":"Inicio","item":"https:\/\/javiervarelactor.com\/"},{"@type":"ListItem","position":2,"name":"Planes de humor para 2016"}]},{"@type":"WebSite","@id":"https:\/\/javiervarelactor.com\/#website","url":"https:\/\/javiervarelactor.com\/","name":"Javier Varela","description":"Actor y Presentador","potentialAction":[{"@type":"SearchAction","target":{"@type":"EntryPoint","urlTemplate":"https:\/\/javiervarelactor.com\/?s={search_term_string}"},"query-input":"required name=search_term_string"}],"inLanguage":"es"},{"@type":"Person","@id":"https:\/\/javiervarelactor.com\/#\/schema\/person\/e3104f2f3cca87d9a07b40f5281c02ba","name":"Javier Varela","image":{"@type":"ImageObject","inLanguage":"es","@id":"https:\/\/javiervarelactor.com\/#\/schema\/person\/image\/","url":"https:\/\/secure.gravatar.com\/avatar\/858edfdbe98ed682c9723085564a87b3?s=96&d=mm&r=g","contentUrl":"https:\/\/secure.gravatar.com\/avatar\/858edfdbe98ed682c9723085564a87b3?s=96&d=mm&r=g","caption":"Javier Varela"},"sameAs":["http:\/\/www.javiervarelactor.com"],"url":"https:\/\/javiervarelactor.com\/?author=1"}]}},"_links":{"self":[{"href":"https:\/\/javiervarelactor.com\/index.php?rest_route=\/wp\/v2\/posts\/703"}],"collection":[{"href":"https:\/\/javiervarelactor.com\/index.php?rest_route=\/wp\/v2\/posts"}],"about":[{"href":"https:\/\/javiervarelactor.com\/index.php?rest_route=\/wp\/v2\/types\/post"}],"author":[{"embeddable":true,"href":"https:\/\/javiervarelactor.com\/index.php?rest_route=\/wp\/v2\/users\/1"}],"replies":[{"embeddable":true,"href":"https:\/\/javiervarelactor.com\/index.php?rest_route=%2Fwp%2Fv2%2Fcomments&post=703"}],"version-history":[{"count":9,"href":"https:\/\/javiervarelactor.com\/index.php?rest_route=\/wp\/v2\/posts\/703\/revisions"}],"predecessor-version":[{"id":854,"href":"https:\/\/javiervarelactor.com\/index.php?rest_route=\/wp\/v2\/posts\/703\/revisions\/854"}],"wp:featuredmedia":[{"embeddable":true,"href":"https:\/\/javiervarelactor.com\/index.php?rest_route=\/wp\/v2\/media\/704"}],"wp:attachment":[{"href":"https:\/\/javiervarelactor.com\/index.php?rest_route=%2Fwp%2Fv2%2Fmedia&parent=703"}],"wp:term":[{"taxonomy":"category","embeddable":true,"href":"https:\/\/javiervarelactor.com\/index.php?rest_route=%2Fwp%2Fv2%2Fcategories&post=703"},{"taxonomy":"post_tag","embeddable":true,"href":"https:\/\/javiervarelactor.com\/index.php?rest_route=%2Fwp%2Fv2%2Ftags&post=703"}],"curies":[{"name":"wp","href":"https:\/\/api.w.org\/{rel}","templated":true}]}}