{"id":679,"date":"2015-12-14T10:38:10","date_gmt":"2015-12-14T10:38:10","guid":{"rendered":"http:\/\/javiervarelactor.com\/?p=679"},"modified":"2015-12-14T11:00:18","modified_gmt":"2015-12-14T11:00:18","slug":"noites-de-retranca-enero-2016","status":"publish","type":"post","link":"https:\/\/javiervarelactor.com\/?p=679","title":{"rendered":"Noites de Retranca Enero 2016"},"content":{"rendered":"<p><a href=\"http:\/\/javiervarelactor.com\/wp-content\/uploads\/2015\/12\/noites-de-retranca-bueno.jpg\"><img loading=\"lazy\" decoding=\"async\" class=\" wp-image-681 alignleft\" src=\"http:\/\/javiervarelactor.com\/wp-content\/uploads\/2015\/12\/noites-de-retranca-bueno-210x300.jpg\" alt=\"noites de retranca javier varela\" width=\"273\" height=\"390\" srcset=\"https:\/\/javiervarelactor.com\/wp-content\/uploads\/2015\/12\/noites-de-retranca-bueno-210x300.jpg 210w, https:\/\/javiervarelactor.com\/wp-content\/uploads\/2015\/12\/noites-de-retranca-bueno.jpg 671w\" sizes=\"(max-width: 273px) 100vw, 273px\" \/><\/a><span style=\"color: #000000;\">Empezar el a\u00f1o con humor \u00bfse te ocurre un plan mejor?\u00a0<\/span><\/p>\n<p><span style=\"color: #000000;\"><strong>Noites de Retranca Enero 2016<\/strong> viene cargado de fechas en escenarios donde siempre es un placer actuar.<\/span><\/p>\n<p><span style=\"color: #000000;\">Compartiendo escenario con dos de los grande del humor en Galicia: <strong>Pepe Suevos y Luis Zahera<\/strong>, garant\u00eda de risas aseguradas. Tres tipos de humor, para todos los gustos, para toda la familia.<\/span><\/p>\n<p><span style=\"color: #000000;\">Con muchas ganas, muchas novedades y las risas de siempre subo a los escenarios de los teatros m\u00e1s importantes de <strong>Galicia<\/strong>: <strong>Teatro Col\u00f3n en A Coru\u00f1a, Teatros Afundaci\u00f3n en Vigo y en Pontevedra<\/strong>. <\/span><\/p>\n<p><span style=\"color: #000000;\">Teatros importantes y bonitos en los que es un gustazo trabajar.<\/span><\/p>\n<p><span style=\"color: #000000;\">P\u00eddete para Reyes unas noches de humor con humoristas gallegos con Noites de Retranca; un humor para desengrasar las copiosas comilonas\u00a0navide\u00f1as, unas risas regenerantes, un poco de <strong>humor del bueno<\/strong> para empezar el nuevo a\u00f1o cargado de energ\u00eda positiva.<\/span><\/p>\n<p>&nbsp;<\/p>\n<p><span style=\"color: #000000;\">Apunta las fechas para que los Reyes Magos lo tengan bien claro:<\/span><\/p>\n<p><span style=\"color: #000000;\">&#8211; S\u00e1bado\u00a0<strong>9 enero<\/strong>: Teatro Col\u00f3n <strong>A Coru\u00f1a 20.30h <\/strong><span style=\"color: #0000ff;\"><a style=\"color: #0000ff;\" href=\"https:\/\/entradas.ataquilla.com\/ventaentradas\/es\/varios\/teatro-colon\/5763--noites-de-retranca.html\" target=\"_blank\">Entradas<\/a><\/span><\/span><\/p>\n<p><span style=\"color: #000000;\">&#8211; Viernes\u00a0<strong>15 enero<\/strong>: Teatro AFundaci\u00f3n <strong>Vigo 21h<\/strong> <span style=\"color: #0000ff;\"><a style=\"color: #0000ff;\" href=\"https:\/\/entradas.ataquilla.com\/ventaentradas\/es\/varios\/teatro-afundacion-vigo\/5869--noites-de-retranca-pepo-suevos-luis-zahera-e-javier-varela.html\" target=\"_blank\">Entradas<\/a><\/span><\/span><\/p>\n<p><span style=\"color: #000000;\">&#8211; S\u00e1bado<strong> 16 enero<\/strong>: Teatro AFundaci\u00f3n Pontevedra 21h <span style=\"color: #0000ff;\"><a style=\"color: #0000ff;\" href=\"https:\/\/entradas.ataquilla.com\/ventaentradas\/es\/varios\/auditorio-sede-afundacion-pontevedra\/5868--noites-de-retranca-pepo-suevos-luis-zahera-e-javier-varela.html\" target=\"_blank\">Entradas<\/a><\/span><\/span><\/p>\n<p><span style=\"color: #000000;\"><em>As\u00ed describen nuestros compa\u00f1eros estas 3 citas con el humor:\u00bbVuelven Noites de Retranca a Vigo y Pontevedra de la mano de Javier Varela, el nuevo texto de Luis Zahera y el gran Pepo Suevos. Tres maneras diferentes de humor,nuestro humor, la oportunidad de poder ver a escasos metros a uno de nuestros mejores actores, una oportunidad \u00fanica, ya que es la primera vez que coinciden los tres en un mismo escenario, de poder re\u00edr durante cerca de duas horas.\u00bb <\/em><\/span><\/p>\n<p><span style=\"color: #000000;\"><em>\u00abUna cita obligada para los amantes de la risa, de la gente que quiere pasarlo bien y olvidar las obligaciones y a las penas que el d\u00eda a d\u00eda nos impone\u00bb.<\/em><\/span><\/p>\n<p><span style=\"color: #000000;\">Nos vemos en <strong>A Coru\u00f1a, Vigo y Pontevedra<\/strong> con el mejor humor gallego para empezar el a\u00f1o con energ\u00eda. Hasta entonces os deseo una muy buena Navidad; unos d\u00edas llenos de buenos momentos, quedadas con amigos, comidas, cenas, brindis, familia, regalos, calor de hogar y risas, siempre muchas risas.<\/span><\/p>\n<p><span style=\"color: #000000;\">Os espero en <strong>Noites de Retranca 2016<\/strong>: Mon\u00f3logo de Javier Varela en A Coru\u00f1a, Vigo y Pontevedra,<\/span><\/p>\n","protected":false},"excerpt":{"rendered":"<p>Empezar el a\u00f1o con humor \u00bfse te ocurre un plan mejor?\u00a0 Noites de Retranca Enero 2016 viene cargado de fechas en escenarios donde siempre es un placer actuar. Compartiendo escenario con dos de los grande del humor en Galicia: Pepe Suevos y Luis Zahera, garant\u00eda de risas aseguradas. Tres tipos de humor, para todos los <a class=\"read-more\" href=\"https:\/\/javiervarelactor.com\/?p=679\">Leer m\u00e1s<\/a><\/p>\n","protected":false},"author":1,"featured_media":682,"comment_status":"closed","ping_status":"open","sticky":false,"template":"","format":"standard","meta":{"_monsterinsights_skip_tracking":false,"_monsterinsights_sitenote_active":false,"_monsterinsights_sitenote_note":"","_monsterinsights_sitenote_category":0,"footnotes":""},"categories":[41,2],"tags":[40],"yoast_head":"<!-- This site is optimized with the Yoast SEO plugin v22.7 - https:\/\/yoast.com\/wordpress\/plugins\/seo\/ -->\n<title>-Noites de Retranca Enero 2016<\/title>\n<meta name=\"description\" content=\"Humor en A Coru\u00f1a, Vigo y Pontevedra. Humoristas gallegos de primer nivel. Javier Varela monologuista. Noites de Retranca Enero 2016.\" \/>\n<meta name=\"robots\" content=\"index, follow, max-snippet:-1, max-image-preview:large, max-video-preview:-1\" \/>\n<link rel=\"canonical\" href=\"https:\/\/javiervarelactor.com\/?p=679\" \/>\n<meta property=\"og:locale\" content=\"es_ES\" \/>\n<meta property=\"og:type\" content=\"article\" \/>\n<meta property=\"og:title\" content=\"-Noites de Retranca Enero 2016\" \/>\n<meta property=\"og:description\" content=\"Humor en A Coru\u00f1a, Vigo y Pontevedra. Humoristas gallegos de primer nivel. Javier Varela monologuista. Noites de Retranca Enero 2016.\" \/>\n<meta property=\"og:url\" content=\"https:\/\/javiervarelactor.com\/?p=679\" \/>\n<meta property=\"og:site_name\" content=\"Javier Varela\" \/>\n<meta property=\"article:publisher\" content=\"https:\/\/www.facebook.com\/pages\/Javier-Varela\/145894855509796?sk=info&amp;amp%3bamp%3bamp%3bamp%3btab=page_info\" \/>\n<meta property=\"article:published_time\" content=\"2015-12-14T10:38:10+00:00\" \/>\n<meta property=\"article:modified_time\" content=\"2015-12-14T11:00:18+00:00\" \/>\n<meta property=\"og:image\" content=\"https:\/\/javiervarelactor.com\/wp-content\/uploads\/2015\/12\/noites.jpg\" \/>\n\t<meta property=\"og:image:width\" content=\"461\" \/>\n\t<meta property=\"og:image:height\" content=\"447\" \/>\n\t<meta property=\"og:image:type\" content=\"image\/jpeg\" \/>\n<meta name=\"author\" content=\"Javier Varela\" \/>\n<meta name=\"twitter:label1\" content=\"Escrito por\" \/>\n\t<meta name=\"twitter:data1\" content=\"Javier Varela\" \/>\n\t<meta name=\"twitter:label2\" content=\"Tiempo de lectura\" \/>\n\t<meta name=\"twitter:data2\" content=\"2 minutos\" \/>\n<script type=\"application\/ld+json\" class=\"yoast-schema-graph\">{\"@context\":\"https:\/\/schema.org\",\"@graph\":[{\"@type\":\"WebPage\",\"@id\":\"https:\/\/javiervarelactor.com\/?p=679\",\"url\":\"https:\/\/javiervarelactor.com\/?p=679\",\"name\":\"-Noites de Retranca Enero 2016\",\"isPartOf\":{\"@id\":\"https:\/\/javiervarelactor.com\/#website\"},\"primaryImageOfPage\":{\"@id\":\"https:\/\/javiervarelactor.com\/?p=679#primaryimage\"},\"image\":{\"@id\":\"https:\/\/javiervarelactor.com\/?p=679#primaryimage\"},\"thumbnailUrl\":\"https:\/\/javiervarelactor.com\/wp-content\/uploads\/2015\/12\/noites.jpg\",\"datePublished\":\"2015-12-14T10:38:10+00:00\",\"dateModified\":\"2015-12-14T11:00:18+00:00\",\"author\":{\"@id\":\"https:\/\/javiervarelactor.com\/#\/schema\/person\/e3104f2f3cca87d9a07b40f5281c02ba\"},\"description\":\"Humor en A Coru\u00f1a, Vigo y Pontevedra. Humoristas gallegos de primer nivel. Javier Varela monologuista. Noites de Retranca Enero 2016.\",\"breadcrumb\":{\"@id\":\"https:\/\/javiervarelactor.com\/?p=679#breadcrumb\"},\"inLanguage\":\"es\",\"potentialAction\":[{\"@type\":\"ReadAction\",\"target\":[\"https:\/\/javiervarelactor.com\/?p=679\"]}]},{\"@type\":\"ImageObject\",\"inLanguage\":\"es\",\"@id\":\"https:\/\/javiervarelactor.com\/?p=679#primaryimage\",\"url\":\"https:\/\/javiervarelactor.com\/wp-content\/uploads\/2015\/12\/noites.jpg\",\"contentUrl\":\"https:\/\/javiervarelactor.com\/wp-content\/uploads\/2015\/12\/noites.jpg\",\"width\":461,\"height\":447,\"caption\":\"noites de retranca javier varela\"},{\"@type\":\"BreadcrumbList\",\"@id\":\"https:\/\/javiervarelactor.com\/?p=679#breadcrumb\",\"itemListElement\":[{\"@type\":\"ListItem\",\"position\":1,\"name\":\"Inicio\",\"item\":\"https:\/\/javiervarelactor.com\/\"},{\"@type\":\"ListItem\",\"position\":2,\"name\":\"Noites de Retranca Enero 2016\"}]},{\"@type\":\"WebSite\",\"@id\":\"https:\/\/javiervarelactor.com\/#website\",\"url\":\"https:\/\/javiervarelactor.com\/\",\"name\":\"Javier Varela\",\"description\":\"Actor y Presentador\",\"potentialAction\":[{\"@type\":\"SearchAction\",\"target\":{\"@type\":\"EntryPoint\",\"urlTemplate\":\"https:\/\/javiervarelactor.com\/?s={search_term_string}\"},\"query-input\":\"required name=search_term_string\"}],\"inLanguage\":\"es\"},{\"@type\":\"Person\",\"@id\":\"https:\/\/javiervarelactor.com\/#\/schema\/person\/e3104f2f3cca87d9a07b40f5281c02ba\",\"name\":\"Javier Varela\",\"image\":{\"@type\":\"ImageObject\",\"inLanguage\":\"es\",\"@id\":\"https:\/\/javiervarelactor.com\/#\/schema\/person\/image\/\",\"url\":\"https:\/\/secure.gravatar.com\/avatar\/858edfdbe98ed682c9723085564a87b3?s=96&d=mm&r=g\",\"contentUrl\":\"https:\/\/secure.gravatar.com\/avatar\/858edfdbe98ed682c9723085564a87b3?s=96&d=mm&r=g\",\"caption\":\"Javier Varela\"},\"sameAs\":[\"http:\/\/www.javiervarelactor.com\"],\"url\":\"https:\/\/javiervarelactor.com\/?author=1\"}]}<\/script>\n<!-- \/ Yoast SEO plugin. -->","yoast_head_json":{"title":"-Noites de Retranca Enero 2016","description":"Humor en A Coru\u00f1a, Vigo y Pontevedra. Humoristas gallegos de primer nivel. Javier Varela monologuista. Noites de Retranca Enero 2016.","robots":{"index":"index","follow":"follow","max-snippet":"max-snippet:-1","max-image-preview":"max-image-preview:large","max-video-preview":"max-video-preview:-1"},"canonical":"https:\/\/javiervarelactor.com\/?p=679","og_locale":"es_ES","og_type":"article","og_title":"-Noites de Retranca Enero 2016","og_description":"Humor en A Coru\u00f1a, Vigo y Pontevedra. Humoristas gallegos de primer nivel. Javier Varela monologuista. Noites de Retranca Enero 2016.","og_url":"https:\/\/javiervarelactor.com\/?p=679","og_site_name":"Javier Varela","article_publisher":"https:\/\/www.facebook.com\/pages\/Javier-Varela\/145894855509796?sk=info&amp%3bamp%3bamp%3bamp%3btab=page_info","article_published_time":"2015-12-14T10:38:10+00:00","article_modified_time":"2015-12-14T11:00:18+00:00","og_image":[{"width":461,"height":447,"url":"https:\/\/javiervarelactor.com\/wp-content\/uploads\/2015\/12\/noites.jpg","type":"image\/jpeg"}],"author":"Javier Varela","twitter_misc":{"Escrito por":"Javier Varela","Tiempo de lectura":"2 minutos"},"schema":{"@context":"https:\/\/schema.org","@graph":[{"@type":"WebPage","@id":"https:\/\/javiervarelactor.com\/?p=679","url":"https:\/\/javiervarelactor.com\/?p=679","name":"-Noites de Retranca Enero 2016","isPartOf":{"@id":"https:\/\/javiervarelactor.com\/#website"},"primaryImageOfPage":{"@id":"https:\/\/javiervarelactor.com\/?p=679#primaryimage"},"image":{"@id":"https:\/\/javiervarelactor.com\/?p=679#primaryimage"},"thumbnailUrl":"https:\/\/javiervarelactor.com\/wp-content\/uploads\/2015\/12\/noites.jpg","datePublished":"2015-12-14T10:38:10+00:00","dateModified":"2015-12-14T11:00:18+00:00","author":{"@id":"https:\/\/javiervarelactor.com\/#\/schema\/person\/e3104f2f3cca87d9a07b40f5281c02ba"},"description":"Humor en A Coru\u00f1a, Vigo y Pontevedra. Humoristas gallegos de primer nivel. Javier Varela monologuista. Noites de Retranca Enero 2016.","breadcrumb":{"@id":"https:\/\/javiervarelactor.com\/?p=679#breadcrumb"},"inLanguage":"es","potentialAction":[{"@type":"ReadAction","target":["https:\/\/javiervarelactor.com\/?p=679"]}]},{"@type":"ImageObject","inLanguage":"es","@id":"https:\/\/javiervarelactor.com\/?p=679#primaryimage","url":"https:\/\/javiervarelactor.com\/wp-content\/uploads\/2015\/12\/noites.jpg","contentUrl":"https:\/\/javiervarelactor.com\/wp-content\/uploads\/2015\/12\/noites.jpg","width":461,"height":447,"caption":"noites de retranca javier varela"},{"@type":"BreadcrumbList","@id":"https:\/\/javiervarelactor.com\/?p=679#breadcrumb","itemListElement":[{"@type":"ListItem","position":1,"name":"Inicio","item":"https:\/\/javiervarelactor.com\/"},{"@type":"ListItem","position":2,"name":"Noites de Retranca Enero 2016"}]},{"@type":"WebSite","@id":"https:\/\/javiervarelactor.com\/#website","url":"https:\/\/javiervarelactor.com\/","name":"Javier Varela","description":"Actor y Presentador","potentialAction":[{"@type":"SearchAction","target":{"@type":"EntryPoint","urlTemplate":"https:\/\/javiervarelactor.com\/?s={search_term_string}"},"query-input":"required name=search_term_string"}],"inLanguage":"es"},{"@type":"Person","@id":"https:\/\/javiervarelactor.com\/#\/schema\/person\/e3104f2f3cca87d9a07b40f5281c02ba","name":"Javier Varela","image":{"@type":"ImageObject","inLanguage":"es","@id":"https:\/\/javiervarelactor.com\/#\/schema\/person\/image\/","url":"https:\/\/secure.gravatar.com\/avatar\/858edfdbe98ed682c9723085564a87b3?s=96&d=mm&r=g","contentUrl":"https:\/\/secure.gravatar.com\/avatar\/858edfdbe98ed682c9723085564a87b3?s=96&d=mm&r=g","caption":"Javier Varela"},"sameAs":["http:\/\/www.javiervarelactor.com"],"url":"https:\/\/javiervarelactor.com\/?author=1"}]}},"_links":{"self":[{"href":"https:\/\/javiervarelactor.com\/index.php?rest_route=\/wp\/v2\/posts\/679"}],"collection":[{"href":"https:\/\/javiervarelactor.com\/index.php?rest_route=\/wp\/v2\/posts"}],"about":[{"href":"https:\/\/javiervarelactor.com\/index.php?rest_route=\/wp\/v2\/types\/post"}],"author":[{"embeddable":true,"href":"https:\/\/javiervarelactor.com\/index.php?rest_route=\/wp\/v2\/users\/1"}],"replies":[{"embeddable":true,"href":"https:\/\/javiervarelactor.com\/index.php?rest_route=%2Fwp%2Fv2%2Fcomments&post=679"}],"version-history":[{"count":19,"href":"https:\/\/javiervarelactor.com\/index.php?rest_route=\/wp\/v2\/posts\/679\/revisions"}],"predecessor-version":[{"id":701,"href":"https:\/\/javiervarelactor.com\/index.php?rest_route=\/wp\/v2\/posts\/679\/revisions\/701"}],"wp:featuredmedia":[{"embeddable":true,"href":"https:\/\/javiervarelactor.com\/index.php?rest_route=\/wp\/v2\/media\/682"}],"wp:attachment":[{"href":"https:\/\/javiervarelactor.com\/index.php?rest_route=%2Fwp%2Fv2%2Fmedia&parent=679"}],"wp:term":[{"taxonomy":"category","embeddable":true,"href":"https:\/\/javiervarelactor.com\/index.php?rest_route=%2Fwp%2Fv2%2Fcategories&post=679"},{"taxonomy":"post_tag","embeddable":true,"href":"https:\/\/javiervarelactor.com\/index.php?rest_route=%2Fwp%2Fv2%2Ftags&post=679"}],"curies":[{"name":"wp","href":"https:\/\/api.w.org\/{rel}","templated":true}]}}