{"id":510,"date":"2015-11-02T13:43:18","date_gmt":"2015-11-02T13:43:18","guid":{"rendered":"http:\/\/javiervarelactor.com\/?p=510"},"modified":"2015-11-26T12:01:22","modified_gmt":"2015-11-26T12:01:22","slug":"noites-de-retranca","status":"publish","type":"post","link":"https:\/\/javiervarelactor.com\/?p=510","title":{"rendered":"Noites de Retranca: Vilagarc\u00eda de Arousa"},"content":{"rendered":"<p><a href=\"http:\/\/javiervarelactor.com\/wp-content\/uploads\/2015\/11\/monologoVIlagarcia.jpg\"><img loading=\"lazy\" decoding=\"async\" class=\" size-medium wp-image-511 alignleft\" src=\"http:\/\/javiervarelactor.com\/wp-content\/uploads\/2015\/11\/monologoVIlagarcia-210x300.jpg\" alt=\"monologoVIlagarcia\" width=\"210\" height=\"300\" srcset=\"https:\/\/javiervarelactor.com\/wp-content\/uploads\/2015\/11\/monologoVIlagarcia-210x300.jpg 210w, https:\/\/javiervarelactor.com\/wp-content\/uploads\/2015\/11\/monologoVIlagarcia.jpg 672w\" sizes=\"(max-width: 210px) 100vw, 210px\" \/><\/a>El s\u00e1bado 28 de Noviembre a las 21h en el Auditorio de Vilagarc\u00eda nos vemos en \u00ab<strong>Noites de Retranca<\/strong>\u00ab.<\/p>\n<p>Un honor para mi compartir cartel y escenario con un grande de la narraci\u00f3n como <strong>Quico Cadaval<\/strong>, una oportunidad de compartir risas con un p\u00fablico que, seguro, est\u00e1 dispuesto y entregado al humor.<\/p>\n<p>Con esta actuaci\u00f3n comienza una etapa de mon\u00f3logos en Galicia que me acercar\u00e1 a muchas ciudades y pueblos, con todo lo que me gusta estar en la mi\u00f1a terra.<\/p>\n<p>El s\u00e1bado 28 de noviembre esta <strong>Noites\u00a0de Retranca<\/strong> es un planazo: dos horas del mejor humor en gallego \u00bfsuena bien, eh?<\/p>\n<p>Desde hoy puedes\u00a0<a href=\"https:\/\/entradas.ataquilla.com\/ventaentradas\/es\/varios\/auditorio-municipal-de-vilagarcia-de-arousa\/5665--noites-de-retranca-quico-cadaval-e-javier-varela.html\" target=\"_blank\">Comprar las entradas aqu\u00ed<\/a>, a ver si se llena y tu ah\u00ed despistado.<\/p>\n<p>Apariciones en prensa:<\/p>\n<p><a href=\"http:\/\/javiervarelactor.com\/wp-content\/uploads\/2015\/11\/quico-cadaval-y-javier-varela.jpg\"><img loading=\"lazy\" decoding=\"async\" class=\"size-medium wp-image-675 alignleft\" src=\"http:\/\/javiervarelactor.com\/wp-content\/uploads\/2015\/11\/quico-cadaval-y-javier-varela-300x178.jpg\" alt=\"quico-cadaval y javier varela\" width=\"300\" height=\"178\" srcset=\"https:\/\/javiervarelactor.com\/wp-content\/uploads\/2015\/11\/quico-cadaval-y-javier-varela-300x178.jpg 300w, https:\/\/javiervarelactor.com\/wp-content\/uploads\/2015\/11\/quico-cadaval-y-javier-varela.jpg 318w\" sizes=\"(max-width: 300px) 100vw, 300px\" \/><\/a><a href=\"http:\/\/www.farodevigo.es\/portada-arousa\/2015\/11\/26\/quico-cadaval-javier-varela-protagonizan\/1357901.html\" target=\"_blank\">Faro de Vigo<\/a><\/p>\n<p>Nos vemos en \u00ab<strong>Noites de Retranca<\/strong>: Javier Varela\u00bb<\/p>\n","protected":false},"excerpt":{"rendered":"<p>El s\u00e1bado 28 de Noviembre a las 21h en el Auditorio de Vilagarc\u00eda nos vemos en \u00abNoites de Retranca\u00ab. Un honor para mi compartir cartel y escenario con un grande de la narraci\u00f3n como Quico Cadaval, una oportunidad de compartir risas con un p\u00fablico que, seguro, est\u00e1 dispuesto y entregado al humor. Con esta actuaci\u00f3n <a class=\"read-more\" href=\"https:\/\/javiervarelactor.com\/?p=510\">Leer m\u00e1s<\/a><\/p>\n","protected":false},"author":1,"featured_media":512,"comment_status":"closed","ping_status":"open","sticky":false,"template":"","format":"standard","meta":{"_monsterinsights_skip_tracking":false,"_monsterinsights_sitenote_active":false,"_monsterinsights_sitenote_note":"","_monsterinsights_sitenote_category":0,"footnotes":""},"categories":[41,2],"tags":[40,39],"yoast_head":"<!-- This site is optimized with the Yoast SEO plugin v22.7 - https:\/\/yoast.com\/wordpress\/plugins\/seo\/ -->\n<title>-Noites de retranca: Javier Varela<\/title>\n<meta name=\"description\" content=\"El s\u00e1bado 28 de Noviembre a las 21h en el Auditorio de Vilagarc\u00eda nos vemos en &quot;Noites de Retranca: Javier Varela&quot;. Compra entradas aqu\u00ed.\" \/>\n<meta name=\"robots\" content=\"index, follow, max-snippet:-1, max-image-preview:large, max-video-preview:-1\" \/>\n<link rel=\"canonical\" href=\"https:\/\/javiervarelactor.com\/?p=510\" \/>\n<meta property=\"og:locale\" content=\"es_ES\" \/>\n<meta property=\"og:type\" content=\"article\" \/>\n<meta property=\"og:title\" content=\"-Noites de retranca: Javier Varela\" \/>\n<meta property=\"og:description\" content=\"El s\u00e1bado 28 de Noviembre a las 21h en el Auditorio de Vilagarc\u00eda nos vemos en &quot;Noites de Retranca: Javier Varela&quot;. Compra entradas aqu\u00ed.\" \/>\n<meta property=\"og:url\" content=\"https:\/\/javiervarelactor.com\/?p=510\" \/>\n<meta property=\"og:site_name\" content=\"Javier Varela\" \/>\n<meta property=\"article:publisher\" content=\"https:\/\/www.facebook.com\/pages\/Javier-Varela\/145894855509796?sk=info&amp;amp%3bamp%3bamp%3bamp%3btab=page_info\" \/>\n<meta property=\"article:published_time\" content=\"2015-11-02T13:43:18+00:00\" \/>\n<meta property=\"article:modified_time\" content=\"2015-11-26T12:01:22+00:00\" \/>\n<meta property=\"og:image\" content=\"https:\/\/javiervarelactor.com\/wp-content\/uploads\/2015\/11\/noches-de-retranca-varela.jpg\" \/>\n\t<meta property=\"og:image:width\" content=\"618\" \/>\n\t<meta property=\"og:image:height\" content=\"352\" \/>\n\t<meta property=\"og:image:type\" content=\"image\/jpeg\" \/>\n<meta name=\"author\" content=\"Javier Varela\" \/>\n<meta name=\"twitter:label1\" content=\"Escrito por\" \/>\n\t<meta name=\"twitter:data1\" content=\"Javier Varela\" \/>\n\t<meta name=\"twitter:label2\" content=\"Tiempo de lectura\" \/>\n\t<meta name=\"twitter:data2\" content=\"1 minuto\" \/>\n<script type=\"application\/ld+json\" class=\"yoast-schema-graph\">{\"@context\":\"https:\/\/schema.org\",\"@graph\":[{\"@type\":\"WebPage\",\"@id\":\"https:\/\/javiervarelactor.com\/?p=510\",\"url\":\"https:\/\/javiervarelactor.com\/?p=510\",\"name\":\"-Noites de retranca: Javier Varela\",\"isPartOf\":{\"@id\":\"https:\/\/javiervarelactor.com\/#website\"},\"primaryImageOfPage\":{\"@id\":\"https:\/\/javiervarelactor.com\/?p=510#primaryimage\"},\"image\":{\"@id\":\"https:\/\/javiervarelactor.com\/?p=510#primaryimage\"},\"thumbnailUrl\":\"https:\/\/javiervarelactor.com\/wp-content\/uploads\/2015\/11\/noches-de-retranca-varela.jpg\",\"datePublished\":\"2015-11-02T13:43:18+00:00\",\"dateModified\":\"2015-11-26T12:01:22+00:00\",\"author\":{\"@id\":\"https:\/\/javiervarelactor.com\/#\/schema\/person\/e3104f2f3cca87d9a07b40f5281c02ba\"},\"description\":\"El s\u00e1bado 28 de Noviembre a las 21h en el Auditorio de Vilagarc\u00eda nos vemos en \\\"Noites de Retranca: Javier Varela\\\". Compra entradas aqu\u00ed.\",\"breadcrumb\":{\"@id\":\"https:\/\/javiervarelactor.com\/?p=510#breadcrumb\"},\"inLanguage\":\"es\",\"potentialAction\":[{\"@type\":\"ReadAction\",\"target\":[\"https:\/\/javiervarelactor.com\/?p=510\"]}]},{\"@type\":\"ImageObject\",\"inLanguage\":\"es\",\"@id\":\"https:\/\/javiervarelactor.com\/?p=510#primaryimage\",\"url\":\"https:\/\/javiervarelactor.com\/wp-content\/uploads\/2015\/11\/noches-de-retranca-varela.jpg\",\"contentUrl\":\"https:\/\/javiervarelactor.com\/wp-content\/uploads\/2015\/11\/noches-de-retranca-varela.jpg\",\"width\":618,\"height\":352,\"caption\":\"noches de retranca varela\"},{\"@type\":\"BreadcrumbList\",\"@id\":\"https:\/\/javiervarelactor.com\/?p=510#breadcrumb\",\"itemListElement\":[{\"@type\":\"ListItem\",\"position\":1,\"name\":\"Inicio\",\"item\":\"https:\/\/javiervarelactor.com\/\"},{\"@type\":\"ListItem\",\"position\":2,\"name\":\"Noites de Retranca: Vilagarc\u00eda de Arousa\"}]},{\"@type\":\"WebSite\",\"@id\":\"https:\/\/javiervarelactor.com\/#website\",\"url\":\"https:\/\/javiervarelactor.com\/\",\"name\":\"Javier Varela\",\"description\":\"Actor y Presentador\",\"potentialAction\":[{\"@type\":\"SearchAction\",\"target\":{\"@type\":\"EntryPoint\",\"urlTemplate\":\"https:\/\/javiervarelactor.com\/?s={search_term_string}\"},\"query-input\":\"required name=search_term_string\"}],\"inLanguage\":\"es\"},{\"@type\":\"Person\",\"@id\":\"https:\/\/javiervarelactor.com\/#\/schema\/person\/e3104f2f3cca87d9a07b40f5281c02ba\",\"name\":\"Javier Varela\",\"image\":{\"@type\":\"ImageObject\",\"inLanguage\":\"es\",\"@id\":\"https:\/\/javiervarelactor.com\/#\/schema\/person\/image\/\",\"url\":\"https:\/\/secure.gravatar.com\/avatar\/858edfdbe98ed682c9723085564a87b3?s=96&d=mm&r=g\",\"contentUrl\":\"https:\/\/secure.gravatar.com\/avatar\/858edfdbe98ed682c9723085564a87b3?s=96&d=mm&r=g\",\"caption\":\"Javier Varela\"},\"sameAs\":[\"http:\/\/www.javiervarelactor.com\"],\"url\":\"https:\/\/javiervarelactor.com\/?author=1\"}]}<\/script>\n<!-- \/ Yoast SEO plugin. -->","yoast_head_json":{"title":"-Noites de retranca: Javier Varela","description":"El s\u00e1bado 28 de Noviembre a las 21h en el Auditorio de Vilagarc\u00eda nos vemos en \"Noites de Retranca: Javier Varela\". Compra entradas aqu\u00ed.","robots":{"index":"index","follow":"follow","max-snippet":"max-snippet:-1","max-image-preview":"max-image-preview:large","max-video-preview":"max-video-preview:-1"},"canonical":"https:\/\/javiervarelactor.com\/?p=510","og_locale":"es_ES","og_type":"article","og_title":"-Noites de retranca: Javier Varela","og_description":"El s\u00e1bado 28 de Noviembre a las 21h en el Auditorio de Vilagarc\u00eda nos vemos en \"Noites de Retranca: Javier Varela\". Compra entradas aqu\u00ed.","og_url":"https:\/\/javiervarelactor.com\/?p=510","og_site_name":"Javier Varela","article_publisher":"https:\/\/www.facebook.com\/pages\/Javier-Varela\/145894855509796?sk=info&amp%3bamp%3bamp%3bamp%3btab=page_info","article_published_time":"2015-11-02T13:43:18+00:00","article_modified_time":"2015-11-26T12:01:22+00:00","og_image":[{"width":618,"height":352,"url":"https:\/\/javiervarelactor.com\/wp-content\/uploads\/2015\/11\/noches-de-retranca-varela.jpg","type":"image\/jpeg"}],"author":"Javier Varela","twitter_misc":{"Escrito por":"Javier Varela","Tiempo de lectura":"1 minuto"},"schema":{"@context":"https:\/\/schema.org","@graph":[{"@type":"WebPage","@id":"https:\/\/javiervarelactor.com\/?p=510","url":"https:\/\/javiervarelactor.com\/?p=510","name":"-Noites de retranca: Javier Varela","isPartOf":{"@id":"https:\/\/javiervarelactor.com\/#website"},"primaryImageOfPage":{"@id":"https:\/\/javiervarelactor.com\/?p=510#primaryimage"},"image":{"@id":"https:\/\/javiervarelactor.com\/?p=510#primaryimage"},"thumbnailUrl":"https:\/\/javiervarelactor.com\/wp-content\/uploads\/2015\/11\/noches-de-retranca-varela.jpg","datePublished":"2015-11-02T13:43:18+00:00","dateModified":"2015-11-26T12:01:22+00:00","author":{"@id":"https:\/\/javiervarelactor.com\/#\/schema\/person\/e3104f2f3cca87d9a07b40f5281c02ba"},"description":"El s\u00e1bado 28 de Noviembre a las 21h en el Auditorio de Vilagarc\u00eda nos vemos en \"Noites de Retranca: Javier Varela\". Compra entradas aqu\u00ed.","breadcrumb":{"@id":"https:\/\/javiervarelactor.com\/?p=510#breadcrumb"},"inLanguage":"es","potentialAction":[{"@type":"ReadAction","target":["https:\/\/javiervarelactor.com\/?p=510"]}]},{"@type":"ImageObject","inLanguage":"es","@id":"https:\/\/javiervarelactor.com\/?p=510#primaryimage","url":"https:\/\/javiervarelactor.com\/wp-content\/uploads\/2015\/11\/noches-de-retranca-varela.jpg","contentUrl":"https:\/\/javiervarelactor.com\/wp-content\/uploads\/2015\/11\/noches-de-retranca-varela.jpg","width":618,"height":352,"caption":"noches de retranca varela"},{"@type":"BreadcrumbList","@id":"https:\/\/javiervarelactor.com\/?p=510#breadcrumb","itemListElement":[{"@type":"ListItem","position":1,"name":"Inicio","item":"https:\/\/javiervarelactor.com\/"},{"@type":"ListItem","position":2,"name":"Noites de Retranca: Vilagarc\u00eda de Arousa"}]},{"@type":"WebSite","@id":"https:\/\/javiervarelactor.com\/#website","url":"https:\/\/javiervarelactor.com\/","name":"Javier Varela","description":"Actor y Presentador","potentialAction":[{"@type":"SearchAction","target":{"@type":"EntryPoint","urlTemplate":"https:\/\/javiervarelactor.com\/?s={search_term_string}"},"query-input":"required name=search_term_string"}],"inLanguage":"es"},{"@type":"Person","@id":"https:\/\/javiervarelactor.com\/#\/schema\/person\/e3104f2f3cca87d9a07b40f5281c02ba","name":"Javier Varela","image":{"@type":"ImageObject","inLanguage":"es","@id":"https:\/\/javiervarelactor.com\/#\/schema\/person\/image\/","url":"https:\/\/secure.gravatar.com\/avatar\/858edfdbe98ed682c9723085564a87b3?s=96&d=mm&r=g","contentUrl":"https:\/\/secure.gravatar.com\/avatar\/858edfdbe98ed682c9723085564a87b3?s=96&d=mm&r=g","caption":"Javier Varela"},"sameAs":["http:\/\/www.javiervarelactor.com"],"url":"https:\/\/javiervarelactor.com\/?author=1"}]}},"_links":{"self":[{"href":"https:\/\/javiervarelactor.com\/index.php?rest_route=\/wp\/v2\/posts\/510"}],"collection":[{"href":"https:\/\/javiervarelactor.com\/index.php?rest_route=\/wp\/v2\/posts"}],"about":[{"href":"https:\/\/javiervarelactor.com\/index.php?rest_route=\/wp\/v2\/types\/post"}],"author":[{"embeddable":true,"href":"https:\/\/javiervarelactor.com\/index.php?rest_route=\/wp\/v2\/users\/1"}],"replies":[{"embeddable":true,"href":"https:\/\/javiervarelactor.com\/index.php?rest_route=%2Fwp%2Fv2%2Fcomments&post=510"}],"version-history":[{"count":7,"href":"https:\/\/javiervarelactor.com\/index.php?rest_route=\/wp\/v2\/posts\/510\/revisions"}],"predecessor-version":[{"id":674,"href":"https:\/\/javiervarelactor.com\/index.php?rest_route=\/wp\/v2\/posts\/510\/revisions\/674"}],"wp:featuredmedia":[{"embeddable":true,"href":"https:\/\/javiervarelactor.com\/index.php?rest_route=\/wp\/v2\/media\/512"}],"wp:attachment":[{"href":"https:\/\/javiervarelactor.com\/index.php?rest_route=%2Fwp%2Fv2%2Fmedia&parent=510"}],"wp:term":[{"taxonomy":"category","embeddable":true,"href":"https:\/\/javiervarelactor.com\/index.php?rest_route=%2Fwp%2Fv2%2Fcategories&post=510"},{"taxonomy":"post_tag","embeddable":true,"href":"https:\/\/javiervarelactor.com\/index.php?rest_route=%2Fwp%2Fv2%2Ftags&post=510"}],"curies":[{"name":"wp","href":"https:\/\/api.w.org\/{rel}","templated":true}]}}