{"id":496,"date":"2015-10-11T00:00:36","date_gmt":"2015-10-11T00:00:36","guid":{"rendered":"http:\/\/javiervarelactor.com\/?p=496"},"modified":"2015-11-02T13:47:46","modified_gmt":"2015-11-02T13:47:46","slug":"actor-de-ficcion","status":"publish","type":"post","link":"https:\/\/javiervarelactor.com\/?p=496","title":{"rendered":"Actor de Ficci\u00f3n"},"content":{"rendered":"<p><a href=\"http:\/\/javiervarelactor.com\/wp-content\/uploads\/2015\/10\/actor-serie-gallega.jpg\"><img loading=\"lazy\" decoding=\"async\" class=\"alignleft wp-image-499 size-medium\" title=\"actor ficcion\" src=\"http:\/\/javiervarelactor.com\/wp-content\/uploads\/2015\/10\/actor-serie-gallega-225x300.jpg\" alt=\"actor ficcion serie gallega\" width=\"225\" height=\"300\" srcset=\"https:\/\/javiervarelactor.com\/wp-content\/uploads\/2015\/10\/actor-serie-gallega-225x300.jpg 225w, https:\/\/javiervarelactor.com\/wp-content\/uploads\/2015\/10\/actor-serie-gallega.jpg 720w\" sizes=\"(max-width: 225px) 100vw, 225px\" \/><\/a>Nuevo trabajo como <strong>actor de ficci\u00f3n<\/strong> en Televisi\u00f3n de Galicia en marcha.<\/p>\n<p>Un lujo formar parte de un equipo de profesionales que llevan muchos cap\u00edtulos a sus espaldas. Participar en una importante serie que lleva varias temporadas en emisi\u00f3n, y con \u00e9xito es un oportunidad incre\u00edble.<\/p>\n<p>Si una serie funciona es porque el gui\u00f3n est\u00e1 bien hecho, quienes la hacen posible son profesionales y le <strong>gusta al p\u00fablico<\/strong>, que es lo importante. Y todo esto se nota.<\/p>\n<p>Una serie muy interesante, con un m\u00e1s interesante papel.<\/p>\n<p>Un personaje, del que ya os hablar\u00e9 cuando se emitan los cap\u00edtulos, pero uno de esos personajes que apetece hacer. Sobretodo por haber compartido secuencia con un peazo de actorazo, un m\u00edtico de la televisi\u00f3n gallega.<\/p>\n<p>Un lujo para mi en este trabajo como actor de ficci\u00f3n en televisi\u00f3n.<\/p>\n<p>Os ir\u00e9 contando.<\/p>\n<p>&nbsp;<\/p>\n","protected":false},"excerpt":{"rendered":"<p>Nuevo trabajo como actor de ficci\u00f3n en Televisi\u00f3n de Galicia en marcha. Un lujo formar parte de un equipo de profesionales que llevan muchos cap\u00edtulos a sus espaldas. Participar en una importante serie que lleva varias temporadas en emisi\u00f3n, y con \u00e9xito es un oportunidad incre\u00edble. Si una serie funciona es porque el gui\u00f3n est\u00e1 <a class=\"read-more\" href=\"https:\/\/javiervarelactor.com\/?p=496\">Leer m\u00e1s<\/a><\/p>\n","protected":false},"author":1,"featured_media":498,"comment_status":"closed","ping_status":"open","sticky":false,"template":"","format":"standard","meta":{"_monsterinsights_skip_tracking":false,"_monsterinsights_sitenote_active":false,"_monsterinsights_sitenote_note":"","_monsterinsights_sitenote_category":0,"footnotes":""},"categories":[21,11],"tags":[20,27,26,34],"yoast_head":"<!-- This site is optimized with the Yoast SEO plugin v22.7 - https:\/\/yoast.com\/wordpress\/plugins\/seo\/ -->\n<title>-Actor de ficci\u00f3n - Javier Varela<\/title>\n<meta name=\"description\" content=\"Nuevo personaje para serie de \u00e9xito. Nuevo trabajo como actor de ficci\u00f3n en televisi\u00f3n.\" \/>\n<meta name=\"robots\" content=\"index, follow, max-snippet:-1, max-image-preview:large, max-video-preview:-1\" \/>\n<link rel=\"canonical\" href=\"https:\/\/javiervarelactor.com\/?p=496\" \/>\n<meta property=\"og:locale\" content=\"es_ES\" \/>\n<meta property=\"og:type\" content=\"article\" \/>\n<meta property=\"og:title\" content=\"-Actor de ficci\u00f3n - Javier Varela\" \/>\n<meta property=\"og:description\" content=\"Nuevo personaje para serie de \u00e9xito. Nuevo trabajo como actor de ficci\u00f3n en televisi\u00f3n.\" \/>\n<meta property=\"og:url\" content=\"https:\/\/javiervarelactor.com\/?p=496\" \/>\n<meta property=\"og:site_name\" content=\"Javier Varela\" \/>\n<meta property=\"article:publisher\" content=\"https:\/\/www.facebook.com\/pages\/Javier-Varela\/145894855509796?sk=info&amp;amp%3bamp%3bamp%3bamp%3btab=page_info\" \/>\n<meta property=\"article:published_time\" content=\"2015-10-11T00:00:36+00:00\" \/>\n<meta property=\"article:modified_time\" content=\"2015-11-02T13:47:46+00:00\" \/>\n<meta property=\"og:image\" content=\"https:\/\/javiervarelactor.com\/wp-content\/uploads\/2015\/10\/actor-ficcion.jpg\" \/>\n\t<meta property=\"og:image:width\" content=\"566\" \/>\n\t<meta property=\"og:image:height\" content=\"364\" \/>\n\t<meta property=\"og:image:type\" content=\"image\/jpeg\" \/>\n<meta name=\"author\" content=\"Javier Varela\" \/>\n<meta name=\"twitter:label1\" content=\"Escrito por\" \/>\n\t<meta name=\"twitter:data1\" content=\"Javier Varela\" \/>\n\t<meta name=\"twitter:label2\" content=\"Tiempo de lectura\" \/>\n\t<meta name=\"twitter:data2\" content=\"1 minuto\" \/>\n<script type=\"application\/ld+json\" class=\"yoast-schema-graph\">{\"@context\":\"https:\/\/schema.org\",\"@graph\":[{\"@type\":\"WebPage\",\"@id\":\"https:\/\/javiervarelactor.com\/?p=496\",\"url\":\"https:\/\/javiervarelactor.com\/?p=496\",\"name\":\"-Actor de ficci\u00f3n - Javier Varela\",\"isPartOf\":{\"@id\":\"https:\/\/javiervarelactor.com\/#website\"},\"primaryImageOfPage\":{\"@id\":\"https:\/\/javiervarelactor.com\/?p=496#primaryimage\"},\"image\":{\"@id\":\"https:\/\/javiervarelactor.com\/?p=496#primaryimage\"},\"thumbnailUrl\":\"https:\/\/javiervarelactor.com\/wp-content\/uploads\/2015\/10\/actor-ficcion.jpg\",\"datePublished\":\"2015-10-11T00:00:36+00:00\",\"dateModified\":\"2015-11-02T13:47:46+00:00\",\"author\":{\"@id\":\"https:\/\/javiervarelactor.com\/#\/schema\/person\/e3104f2f3cca87d9a07b40f5281c02ba\"},\"description\":\"Nuevo personaje para serie de \u00e9xito. Nuevo trabajo como actor de ficci\u00f3n en televisi\u00f3n.\",\"breadcrumb\":{\"@id\":\"https:\/\/javiervarelactor.com\/?p=496#breadcrumb\"},\"inLanguage\":\"es\",\"potentialAction\":[{\"@type\":\"ReadAction\",\"target\":[\"https:\/\/javiervarelactor.com\/?p=496\"]}]},{\"@type\":\"ImageObject\",\"inLanguage\":\"es\",\"@id\":\"https:\/\/javiervarelactor.com\/?p=496#primaryimage\",\"url\":\"https:\/\/javiervarelactor.com\/wp-content\/uploads\/2015\/10\/actor-ficcion.jpg\",\"contentUrl\":\"https:\/\/javiervarelactor.com\/wp-content\/uploads\/2015\/10\/actor-ficcion.jpg\",\"width\":566,\"height\":364,\"caption\":\"actor ficcion galicia\"},{\"@type\":\"BreadcrumbList\",\"@id\":\"https:\/\/javiervarelactor.com\/?p=496#breadcrumb\",\"itemListElement\":[{\"@type\":\"ListItem\",\"position\":1,\"name\":\"Inicio\",\"item\":\"https:\/\/javiervarelactor.com\/\"},{\"@type\":\"ListItem\",\"position\":2,\"name\":\"Actor de Ficci\u00f3n\"}]},{\"@type\":\"WebSite\",\"@id\":\"https:\/\/javiervarelactor.com\/#website\",\"url\":\"https:\/\/javiervarelactor.com\/\",\"name\":\"Javier Varela\",\"description\":\"Actor y Presentador\",\"potentialAction\":[{\"@type\":\"SearchAction\",\"target\":{\"@type\":\"EntryPoint\",\"urlTemplate\":\"https:\/\/javiervarelactor.com\/?s={search_term_string}\"},\"query-input\":\"required name=search_term_string\"}],\"inLanguage\":\"es\"},{\"@type\":\"Person\",\"@id\":\"https:\/\/javiervarelactor.com\/#\/schema\/person\/e3104f2f3cca87d9a07b40f5281c02ba\",\"name\":\"Javier Varela\",\"image\":{\"@type\":\"ImageObject\",\"inLanguage\":\"es\",\"@id\":\"https:\/\/javiervarelactor.com\/#\/schema\/person\/image\/\",\"url\":\"https:\/\/secure.gravatar.com\/avatar\/858edfdbe98ed682c9723085564a87b3?s=96&d=mm&r=g\",\"contentUrl\":\"https:\/\/secure.gravatar.com\/avatar\/858edfdbe98ed682c9723085564a87b3?s=96&d=mm&r=g\",\"caption\":\"Javier Varela\"},\"sameAs\":[\"http:\/\/www.javiervarelactor.com\"],\"url\":\"https:\/\/javiervarelactor.com\/?author=1\"}]}<\/script>\n<!-- \/ Yoast SEO plugin. -->","yoast_head_json":{"title":"-Actor de ficci\u00f3n - Javier Varela","description":"Nuevo personaje para serie de \u00e9xito. Nuevo trabajo como actor de ficci\u00f3n en televisi\u00f3n.","robots":{"index":"index","follow":"follow","max-snippet":"max-snippet:-1","max-image-preview":"max-image-preview:large","max-video-preview":"max-video-preview:-1"},"canonical":"https:\/\/javiervarelactor.com\/?p=496","og_locale":"es_ES","og_type":"article","og_title":"-Actor de ficci\u00f3n - Javier Varela","og_description":"Nuevo personaje para serie de \u00e9xito. Nuevo trabajo como actor de ficci\u00f3n en televisi\u00f3n.","og_url":"https:\/\/javiervarelactor.com\/?p=496","og_site_name":"Javier Varela","article_publisher":"https:\/\/www.facebook.com\/pages\/Javier-Varela\/145894855509796?sk=info&amp%3bamp%3bamp%3bamp%3btab=page_info","article_published_time":"2015-10-11T00:00:36+00:00","article_modified_time":"2015-11-02T13:47:46+00:00","og_image":[{"width":566,"height":364,"url":"https:\/\/javiervarelactor.com\/wp-content\/uploads\/2015\/10\/actor-ficcion.jpg","type":"image\/jpeg"}],"author":"Javier Varela","twitter_misc":{"Escrito por":"Javier Varela","Tiempo de lectura":"1 minuto"},"schema":{"@context":"https:\/\/schema.org","@graph":[{"@type":"WebPage","@id":"https:\/\/javiervarelactor.com\/?p=496","url":"https:\/\/javiervarelactor.com\/?p=496","name":"-Actor de ficci\u00f3n - Javier Varela","isPartOf":{"@id":"https:\/\/javiervarelactor.com\/#website"},"primaryImageOfPage":{"@id":"https:\/\/javiervarelactor.com\/?p=496#primaryimage"},"image":{"@id":"https:\/\/javiervarelactor.com\/?p=496#primaryimage"},"thumbnailUrl":"https:\/\/javiervarelactor.com\/wp-content\/uploads\/2015\/10\/actor-ficcion.jpg","datePublished":"2015-10-11T00:00:36+00:00","dateModified":"2015-11-02T13:47:46+00:00","author":{"@id":"https:\/\/javiervarelactor.com\/#\/schema\/person\/e3104f2f3cca87d9a07b40f5281c02ba"},"description":"Nuevo personaje para serie de \u00e9xito. Nuevo trabajo como actor de ficci\u00f3n en televisi\u00f3n.","breadcrumb":{"@id":"https:\/\/javiervarelactor.com\/?p=496#breadcrumb"},"inLanguage":"es","potentialAction":[{"@type":"ReadAction","target":["https:\/\/javiervarelactor.com\/?p=496"]}]},{"@type":"ImageObject","inLanguage":"es","@id":"https:\/\/javiervarelactor.com\/?p=496#primaryimage","url":"https:\/\/javiervarelactor.com\/wp-content\/uploads\/2015\/10\/actor-ficcion.jpg","contentUrl":"https:\/\/javiervarelactor.com\/wp-content\/uploads\/2015\/10\/actor-ficcion.jpg","width":566,"height":364,"caption":"actor ficcion galicia"},{"@type":"BreadcrumbList","@id":"https:\/\/javiervarelactor.com\/?p=496#breadcrumb","itemListElement":[{"@type":"ListItem","position":1,"name":"Inicio","item":"https:\/\/javiervarelactor.com\/"},{"@type":"ListItem","position":2,"name":"Actor de Ficci\u00f3n"}]},{"@type":"WebSite","@id":"https:\/\/javiervarelactor.com\/#website","url":"https:\/\/javiervarelactor.com\/","name":"Javier Varela","description":"Actor y Presentador","potentialAction":[{"@type":"SearchAction","target":{"@type":"EntryPoint","urlTemplate":"https:\/\/javiervarelactor.com\/?s={search_term_string}"},"query-input":"required name=search_term_string"}],"inLanguage":"es"},{"@type":"Person","@id":"https:\/\/javiervarelactor.com\/#\/schema\/person\/e3104f2f3cca87d9a07b40f5281c02ba","name":"Javier Varela","image":{"@type":"ImageObject","inLanguage":"es","@id":"https:\/\/javiervarelactor.com\/#\/schema\/person\/image\/","url":"https:\/\/secure.gravatar.com\/avatar\/858edfdbe98ed682c9723085564a87b3?s=96&d=mm&r=g","contentUrl":"https:\/\/secure.gravatar.com\/avatar\/858edfdbe98ed682c9723085564a87b3?s=96&d=mm&r=g","caption":"Javier Varela"},"sameAs":["http:\/\/www.javiervarelactor.com"],"url":"https:\/\/javiervarelactor.com\/?author=1"}]}},"_links":{"self":[{"href":"https:\/\/javiervarelactor.com\/index.php?rest_route=\/wp\/v2\/posts\/496"}],"collection":[{"href":"https:\/\/javiervarelactor.com\/index.php?rest_route=\/wp\/v2\/posts"}],"about":[{"href":"https:\/\/javiervarelactor.com\/index.php?rest_route=\/wp\/v2\/types\/post"}],"author":[{"embeddable":true,"href":"https:\/\/javiervarelactor.com\/index.php?rest_route=\/wp\/v2\/users\/1"}],"replies":[{"embeddable":true,"href":"https:\/\/javiervarelactor.com\/index.php?rest_route=%2Fwp%2Fv2%2Fcomments&post=496"}],"version-history":[{"count":7,"href":"https:\/\/javiervarelactor.com\/index.php?rest_route=\/wp\/v2\/posts\/496\/revisions"}],"predecessor-version":[{"id":508,"href":"https:\/\/javiervarelactor.com\/index.php?rest_route=\/wp\/v2\/posts\/496\/revisions\/508"}],"wp:featuredmedia":[{"embeddable":true,"href":"https:\/\/javiervarelactor.com\/index.php?rest_route=\/wp\/v2\/media\/498"}],"wp:attachment":[{"href":"https:\/\/javiervarelactor.com\/index.php?rest_route=%2Fwp%2Fv2%2Fmedia&parent=496"}],"wp:term":[{"taxonomy":"category","embeddable":true,"href":"https:\/\/javiervarelactor.com\/index.php?rest_route=%2Fwp%2Fv2%2Fcategories&post=496"},{"taxonomy":"post_tag","embeddable":true,"href":"https:\/\/javiervarelactor.com\/index.php?rest_route=%2Fwp%2Fv2%2Ftags&post=496"}],"curies":[{"name":"wp","href":"https:\/\/api.w.org\/{rel}","templated":true}]}}