{"id":491,"date":"2015-10-06T15:19:00","date_gmt":"2015-10-06T15:19:00","guid":{"rendered":"http:\/\/javiervarelactor.com\/?p=491"},"modified":"2015-11-02T13:47:23","modified_gmt":"2015-11-02T13:47:23","slug":"monologo-en-tui","status":"publish","type":"post","link":"https:\/\/javiervarelactor.com\/?p=491","title":{"rendered":"Mon\u00f3logo en Tui"},"content":{"rendered":"<p><a href=\"http:\/\/javiervarelactor.com\/wp-content\/uploads\/2015\/10\/monologo-en-tui.jpg\"><img loading=\"lazy\" decoding=\"async\" class=\" size-medium wp-image-492 alignleft\" src=\"http:\/\/javiervarelactor.com\/wp-content\/uploads\/2015\/10\/monologo-en-tui-212x300.jpg\" alt=\"mon\u00f3logo en Tui\" width=\"212\" height=\"300\" srcset=\"https:\/\/javiervarelactor.com\/wp-content\/uploads\/2015\/10\/monologo-en-tui-212x300.jpg 212w, https:\/\/javiervarelactor.com\/wp-content\/uploads\/2015\/10\/monologo-en-tui.jpg 679w\" sizes=\"(max-width: 212px) 100vw, 212px\" \/><\/a>Apunta; Mon\u00f3logo en Tui. El pr\u00f3ximo <strong>viernes 9 de octubre<\/strong> vuelvo a Galicia, estar\u00e9 a partir de las<strong> 23.30h<\/strong> en \u00abThe\u00a0White Clover Tui\u00bb en la Avenida de Portugal 52, <strong>Tui<\/strong>, Pontevedra.<\/p>\n<p>Un mon\u00f3logo que abre la temporada del local, un espacio con profesionales que apuestan por las actuaciones <strong>en directo<\/strong> y que cada curso presentan shows para darle un valor a\u00f1adido a quienes buscan divertirse. Un placer echar unas risas en un lugar as\u00ed; no hay m\u00e1s que ver el cuidado que tienen con los detalles, empezando por el cartel que se han currado.<\/p>\n<p>Este viernes <strong>9 de Octubre<\/strong>, p\u00e1sate por el White Clover en Tui para tomar una copa y echarte unas risas con mi mon\u00f3logo: si no lo has visto nunca, aprovecha. Que no es que lo diga yo, es que est\u00e1 siendo un \u00e9xito por locales y teatros, as\u00ed que ahora que llegamos a Tui, es una buena oportunidad para acercarse y tomarse un chisme entre risas, hacer una noche diferente para empezar el puente con ganas.<\/p>\n<p>El nuevo curso est\u00e1 viniendo cargado de nuevos proyectos; si me sigues en <a href=\"https:\/\/www.facebook.com\/javieramistade\" target=\"_blank\">facebook javier varela<\/a> lo habr\u00e1s visto&#8230;no paramos, as\u00ed que llego a Tui cargado de energ\u00eda, con muchas ganas de pasar un buen rato y compartir risas. Estando en mi tierra, mucho mejor, siempre.<\/p>\n<p>&nbsp;<\/p>\n<p>Avisa a tus amigos y te esperamos a las 23.30h, ven un poco antes para coger buen sitio que despu\u00e9s se llena y no me ves de cerca. Ya sabes, apunta plan para empezar el puente con energ\u00eda: Mon\u00f3logo en Tui, viernes 9 a las 23.30h en The White Clover.<\/p>\n<p>&nbsp;<\/p>\n","protected":false},"excerpt":{"rendered":"<p>Apunta; Mon\u00f3logo en Tui. El pr\u00f3ximo viernes 9 de octubre vuelvo a Galicia, estar\u00e9 a partir de las 23.30h en \u00abThe\u00a0White Clover Tui\u00bb en la Avenida de Portugal 52, Tui, Pontevedra. Un mon\u00f3logo que abre la temporada del local, un espacio con profesionales que apuestan por las actuaciones en directo y que cada curso presentan <a class=\"read-more\" href=\"https:\/\/javiervarelactor.com\/?p=491\">Leer m\u00e1s<\/a><\/p>\n","protected":false},"author":1,"featured_media":494,"comment_status":"closed","ping_status":"open","sticky":false,"template":"","format":"standard","meta":{"_monsterinsights_skip_tracking":false,"_monsterinsights_sitenote_active":false,"_monsterinsights_sitenote_note":"","_monsterinsights_sitenote_category":0,"footnotes":""},"categories":[2],"tags":[40,39],"yoast_head":"<!-- This site is optimized with the Yoast SEO plugin v22.7 - https:\/\/yoast.com\/wordpress\/plugins\/seo\/ -->\n<title>-Mon\u00f3logo en Tui - Javier Varela<\/title>\n<meta name=\"description\" content=\"El viernes 9 de octubre mon\u00f3logo en Tui de Javier Varela en The White Clover a partir de las 23.00h. Mon\u00f3logos de humor en Galicia.\" \/>\n<meta name=\"robots\" content=\"index, follow, max-snippet:-1, max-image-preview:large, max-video-preview:-1\" \/>\n<link rel=\"canonical\" href=\"https:\/\/javiervarelactor.com\/?p=491\" \/>\n<meta property=\"og:locale\" content=\"es_ES\" \/>\n<meta property=\"og:type\" content=\"article\" \/>\n<meta property=\"og:title\" content=\"-Mon\u00f3logo en Tui - Javier Varela\" \/>\n<meta property=\"og:description\" content=\"El viernes 9 de octubre mon\u00f3logo en Tui de Javier Varela en The White Clover a partir de las 23.00h. Mon\u00f3logos de humor en Galicia.\" \/>\n<meta property=\"og:url\" content=\"https:\/\/javiervarelactor.com\/?p=491\" \/>\n<meta property=\"og:site_name\" content=\"Javier Varela\" \/>\n<meta property=\"article:publisher\" content=\"https:\/\/www.facebook.com\/pages\/Javier-Varela\/145894855509796?sk=info&amp;amp%3bamp%3bamp%3bamp%3btab=page_info\" \/>\n<meta property=\"article:published_time\" content=\"2015-10-06T15:19:00+00:00\" \/>\n<meta property=\"article:modified_time\" content=\"2015-11-02T13:47:23+00:00\" \/>\n<meta property=\"og:image\" content=\"https:\/\/javiervarelactor.com\/wp-content\/uploads\/2015\/10\/monologo-en-tui1.jpg\" \/>\n\t<meta property=\"og:image:width\" content=\"657\" \/>\n\t<meta property=\"og:image:height\" content=\"585\" \/>\n\t<meta property=\"og:image:type\" content=\"image\/jpeg\" \/>\n<meta name=\"author\" content=\"Javier Varela\" \/>\n<meta name=\"twitter:label1\" content=\"Escrito por\" \/>\n\t<meta name=\"twitter:data1\" content=\"Javier Varela\" \/>\n\t<meta name=\"twitter:label2\" content=\"Tiempo de lectura\" \/>\n\t<meta name=\"twitter:data2\" content=\"1 minuto\" \/>\n<script type=\"application\/ld+json\" class=\"yoast-schema-graph\">{\"@context\":\"https:\/\/schema.org\",\"@graph\":[{\"@type\":\"WebPage\",\"@id\":\"https:\/\/javiervarelactor.com\/?p=491\",\"url\":\"https:\/\/javiervarelactor.com\/?p=491\",\"name\":\"-Mon\u00f3logo en Tui - Javier Varela\",\"isPartOf\":{\"@id\":\"https:\/\/javiervarelactor.com\/#website\"},\"primaryImageOfPage\":{\"@id\":\"https:\/\/javiervarelactor.com\/?p=491#primaryimage\"},\"image\":{\"@id\":\"https:\/\/javiervarelactor.com\/?p=491#primaryimage\"},\"thumbnailUrl\":\"https:\/\/javiervarelactor.com\/wp-content\/uploads\/2015\/10\/monologo-en-tui1.jpg\",\"datePublished\":\"2015-10-06T15:19:00+00:00\",\"dateModified\":\"2015-11-02T13:47:23+00:00\",\"author\":{\"@id\":\"https:\/\/javiervarelactor.com\/#\/schema\/person\/e3104f2f3cca87d9a07b40f5281c02ba\"},\"description\":\"El viernes 9 de octubre mon\u00f3logo en Tui de Javier Varela en The White Clover a partir de las 23.00h. Mon\u00f3logos de humor en Galicia.\",\"breadcrumb\":{\"@id\":\"https:\/\/javiervarelactor.com\/?p=491#breadcrumb\"},\"inLanguage\":\"es\",\"potentialAction\":[{\"@type\":\"ReadAction\",\"target\":[\"https:\/\/javiervarelactor.com\/?p=491\"]}]},{\"@type\":\"ImageObject\",\"inLanguage\":\"es\",\"@id\":\"https:\/\/javiervarelactor.com\/?p=491#primaryimage\",\"url\":\"https:\/\/javiervarelactor.com\/wp-content\/uploads\/2015\/10\/monologo-en-tui1.jpg\",\"contentUrl\":\"https:\/\/javiervarelactor.com\/wp-content\/uploads\/2015\/10\/monologo-en-tui1.jpg\",\"width\":657,\"height\":585,\"caption\":\"monologo en tui\"},{\"@type\":\"BreadcrumbList\",\"@id\":\"https:\/\/javiervarelactor.com\/?p=491#breadcrumb\",\"itemListElement\":[{\"@type\":\"ListItem\",\"position\":1,\"name\":\"Inicio\",\"item\":\"https:\/\/javiervarelactor.com\/\"},{\"@type\":\"ListItem\",\"position\":2,\"name\":\"Mon\u00f3logo en Tui\"}]},{\"@type\":\"WebSite\",\"@id\":\"https:\/\/javiervarelactor.com\/#website\",\"url\":\"https:\/\/javiervarelactor.com\/\",\"name\":\"Javier Varela\",\"description\":\"Actor y Presentador\",\"potentialAction\":[{\"@type\":\"SearchAction\",\"target\":{\"@type\":\"EntryPoint\",\"urlTemplate\":\"https:\/\/javiervarelactor.com\/?s={search_term_string}\"},\"query-input\":\"required name=search_term_string\"}],\"inLanguage\":\"es\"},{\"@type\":\"Person\",\"@id\":\"https:\/\/javiervarelactor.com\/#\/schema\/person\/e3104f2f3cca87d9a07b40f5281c02ba\",\"name\":\"Javier Varela\",\"image\":{\"@type\":\"ImageObject\",\"inLanguage\":\"es\",\"@id\":\"https:\/\/javiervarelactor.com\/#\/schema\/person\/image\/\",\"url\":\"https:\/\/secure.gravatar.com\/avatar\/858edfdbe98ed682c9723085564a87b3?s=96&d=mm&r=g\",\"contentUrl\":\"https:\/\/secure.gravatar.com\/avatar\/858edfdbe98ed682c9723085564a87b3?s=96&d=mm&r=g\",\"caption\":\"Javier Varela\"},\"sameAs\":[\"http:\/\/www.javiervarelactor.com\"],\"url\":\"https:\/\/javiervarelactor.com\/?author=1\"}]}<\/script>\n<!-- \/ Yoast SEO plugin. -->","yoast_head_json":{"title":"-Mon\u00f3logo en Tui - Javier Varela","description":"El viernes 9 de octubre mon\u00f3logo en Tui de Javier Varela en The White Clover a partir de las 23.00h. Mon\u00f3logos de humor en Galicia.","robots":{"index":"index","follow":"follow","max-snippet":"max-snippet:-1","max-image-preview":"max-image-preview:large","max-video-preview":"max-video-preview:-1"},"canonical":"https:\/\/javiervarelactor.com\/?p=491","og_locale":"es_ES","og_type":"article","og_title":"-Mon\u00f3logo en Tui - Javier Varela","og_description":"El viernes 9 de octubre mon\u00f3logo en Tui de Javier Varela en The White Clover a partir de las 23.00h. Mon\u00f3logos de humor en Galicia.","og_url":"https:\/\/javiervarelactor.com\/?p=491","og_site_name":"Javier Varela","article_publisher":"https:\/\/www.facebook.com\/pages\/Javier-Varela\/145894855509796?sk=info&amp%3bamp%3bamp%3bamp%3btab=page_info","article_published_time":"2015-10-06T15:19:00+00:00","article_modified_time":"2015-11-02T13:47:23+00:00","og_image":[{"width":657,"height":585,"url":"https:\/\/javiervarelactor.com\/wp-content\/uploads\/2015\/10\/monologo-en-tui1.jpg","type":"image\/jpeg"}],"author":"Javier Varela","twitter_misc":{"Escrito por":"Javier Varela","Tiempo de lectura":"1 minuto"},"schema":{"@context":"https:\/\/schema.org","@graph":[{"@type":"WebPage","@id":"https:\/\/javiervarelactor.com\/?p=491","url":"https:\/\/javiervarelactor.com\/?p=491","name":"-Mon\u00f3logo en Tui - Javier Varela","isPartOf":{"@id":"https:\/\/javiervarelactor.com\/#website"},"primaryImageOfPage":{"@id":"https:\/\/javiervarelactor.com\/?p=491#primaryimage"},"image":{"@id":"https:\/\/javiervarelactor.com\/?p=491#primaryimage"},"thumbnailUrl":"https:\/\/javiervarelactor.com\/wp-content\/uploads\/2015\/10\/monologo-en-tui1.jpg","datePublished":"2015-10-06T15:19:00+00:00","dateModified":"2015-11-02T13:47:23+00:00","author":{"@id":"https:\/\/javiervarelactor.com\/#\/schema\/person\/e3104f2f3cca87d9a07b40f5281c02ba"},"description":"El viernes 9 de octubre mon\u00f3logo en Tui de Javier Varela en The White Clover a partir de las 23.00h. Mon\u00f3logos de humor en Galicia.","breadcrumb":{"@id":"https:\/\/javiervarelactor.com\/?p=491#breadcrumb"},"inLanguage":"es","potentialAction":[{"@type":"ReadAction","target":["https:\/\/javiervarelactor.com\/?p=491"]}]},{"@type":"ImageObject","inLanguage":"es","@id":"https:\/\/javiervarelactor.com\/?p=491#primaryimage","url":"https:\/\/javiervarelactor.com\/wp-content\/uploads\/2015\/10\/monologo-en-tui1.jpg","contentUrl":"https:\/\/javiervarelactor.com\/wp-content\/uploads\/2015\/10\/monologo-en-tui1.jpg","width":657,"height":585,"caption":"monologo en tui"},{"@type":"BreadcrumbList","@id":"https:\/\/javiervarelactor.com\/?p=491#breadcrumb","itemListElement":[{"@type":"ListItem","position":1,"name":"Inicio","item":"https:\/\/javiervarelactor.com\/"},{"@type":"ListItem","position":2,"name":"Mon\u00f3logo en Tui"}]},{"@type":"WebSite","@id":"https:\/\/javiervarelactor.com\/#website","url":"https:\/\/javiervarelactor.com\/","name":"Javier Varela","description":"Actor y Presentador","potentialAction":[{"@type":"SearchAction","target":{"@type":"EntryPoint","urlTemplate":"https:\/\/javiervarelactor.com\/?s={search_term_string}"},"query-input":"required name=search_term_string"}],"inLanguage":"es"},{"@type":"Person","@id":"https:\/\/javiervarelactor.com\/#\/schema\/person\/e3104f2f3cca87d9a07b40f5281c02ba","name":"Javier Varela","image":{"@type":"ImageObject","inLanguage":"es","@id":"https:\/\/javiervarelactor.com\/#\/schema\/person\/image\/","url":"https:\/\/secure.gravatar.com\/avatar\/858edfdbe98ed682c9723085564a87b3?s=96&d=mm&r=g","contentUrl":"https:\/\/secure.gravatar.com\/avatar\/858edfdbe98ed682c9723085564a87b3?s=96&d=mm&r=g","caption":"Javier Varela"},"sameAs":["http:\/\/www.javiervarelactor.com"],"url":"https:\/\/javiervarelactor.com\/?author=1"}]}},"_links":{"self":[{"href":"https:\/\/javiervarelactor.com\/index.php?rest_route=\/wp\/v2\/posts\/491"}],"collection":[{"href":"https:\/\/javiervarelactor.com\/index.php?rest_route=\/wp\/v2\/posts"}],"about":[{"href":"https:\/\/javiervarelactor.com\/index.php?rest_route=\/wp\/v2\/types\/post"}],"author":[{"embeddable":true,"href":"https:\/\/javiervarelactor.com\/index.php?rest_route=\/wp\/v2\/users\/1"}],"replies":[{"embeddable":true,"href":"https:\/\/javiervarelactor.com\/index.php?rest_route=%2Fwp%2Fv2%2Fcomments&post=491"}],"version-history":[{"count":2,"href":"https:\/\/javiervarelactor.com\/index.php?rest_route=\/wp\/v2\/posts\/491\/revisions"}],"predecessor-version":[{"id":495,"href":"https:\/\/javiervarelactor.com\/index.php?rest_route=\/wp\/v2\/posts\/491\/revisions\/495"}],"wp:featuredmedia":[{"embeddable":true,"href":"https:\/\/javiervarelactor.com\/index.php?rest_route=\/wp\/v2\/media\/494"}],"wp:attachment":[{"href":"https:\/\/javiervarelactor.com\/index.php?rest_route=%2Fwp%2Fv2%2Fmedia&parent=491"}],"wp:term":[{"taxonomy":"category","embeddable":true,"href":"https:\/\/javiervarelactor.com\/index.php?rest_route=%2Fwp%2Fv2%2Fcategories&post=491"},{"taxonomy":"post_tag","embeddable":true,"href":"https:\/\/javiervarelactor.com\/index.php?rest_route=%2Fwp%2Fv2%2Ftags&post=491"}],"curies":[{"name":"wp","href":"https:\/\/api.w.org\/{rel}","templated":true}]}}