{"id":464,"date":"2015-09-22T12:02:35","date_gmt":"2015-09-22T12:02:35","guid":{"rendered":"http:\/\/javiervarelactor.com\/?p=464"},"modified":"2015-11-02T13:48:05","modified_gmt":"2015-11-02T13:48:05","slug":"haciendo-cine","status":"publish","type":"post","link":"https:\/\/javiervarelactor.com\/?p=464","title":{"rendered":"Haciendo cine"},"content":{"rendered":"<p><a href=\"http:\/\/javiervarelactor.com\/wp-content\/uploads\/2015\/09\/actor-javier-varela.jpg\"><img loading=\"lazy\" decoding=\"async\" class=\" size-medium wp-image-472 alignleft\" src=\"http:\/\/javiervarelactor.com\/wp-content\/uploads\/2015\/09\/actor-javier-varela-225x300.jpg\" alt=\"actor javier varela\" width=\"225\" height=\"300\" srcset=\"https:\/\/javiervarelactor.com\/wp-content\/uploads\/2015\/09\/actor-javier-varela-225x300.jpg 225w, https:\/\/javiervarelactor.com\/wp-content\/uploads\/2015\/09\/actor-javier-varela.jpg 720w\" sizes=\"(max-width: 225px) 100vw, 225px\" \/><\/a>Me alegra mucho compartir esta foto; aqu\u00ed me veis, <strong>haciendo cine<\/strong>.<\/p>\n<p>a lo grande. Ha\u00a0<span style=\"line-height: 1.5;\">sido para mi un lujazo <\/span><strong style=\"line-height: 1.5;\">debutar en el cine<\/strong><span style=\"line-height: 1.5;\"> con un equipo de profesionales de altura.<\/span><\/p>\n<p>Un director de primer nivel para dar un paso m\u00e1s en mi carrera, aprender cada minuto de rodaje y descubrir c\u00f3mo funciona una producci\u00f3n de esas de las que luego habla todo el mundo.<\/p>\n<p>La \u00faltima pel\u00edcula de <strong>Alberto Rodr\u00edguez<\/strong> va a ser un pelicul\u00f3n. Fotograf\u00eda, producci\u00f3n, vestuario, gui\u00f3n, localizaciones&#8230;un <strong>pelicul\u00f3n<\/strong>. Estoy muy feliz por tener la oportunidad de formar parte de esta pel\u00edcula, y del cine.<\/p>\n<p>En cuanto vayamos sabiendo fechas de estreno, nos lo contamos. Si no puedes resistirte y te puede la intriga, aqu\u00ed algo sobre la <a href=\"http:\/\/cultura.elpais.com\/cultura\/2015\/08\/29\/actualidad\/1440869961_625639.html\">pel\u00edcula<\/a>.<\/p>\n<p>Muchas gracias a todos.<\/p>\n","protected":false},"excerpt":{"rendered":"<p>Me alegra mucho compartir esta foto; aqu\u00ed me veis, haciendo cine. a lo grande. Ha\u00a0sido para mi un lujazo debutar en el cine con un equipo de profesionales de altura. Un director de primer nivel para dar un paso m\u00e1s en mi carrera, aprender cada minuto de rodaje y descubrir c\u00f3mo funciona una producci\u00f3n de <a class=\"read-more\" href=\"https:\/\/javiervarelactor.com\/?p=464\">Leer m\u00e1s<\/a><\/p>\n","protected":false},"author":1,"featured_media":472,"comment_status":"closed","ping_status":"open","sticky":false,"template":"","format":"standard","meta":{"_monsterinsights_skip_tracking":false,"_monsterinsights_sitenote_active":false,"_monsterinsights_sitenote_note":"","_monsterinsights_sitenote_category":0,"footnotes":""},"categories":[21,11],"tags":[20,33],"yoast_head":"<!-- This site is optimized with the Yoast SEO plugin v22.7 - https:\/\/yoast.com\/wordpress\/plugins\/seo\/ -->\n<title>-Haciendo cine - Javier Varela<\/title>\n<meta name=\"description\" content=\"Javier Varela actor haciendo cine con Alberto Rodr\u00edguez en su \u00faltima producci\u00f3n para la pel\u00edcula que dar\u00e1 mucho que hablar en el pr\u00f3ximo a\u00f1o...\" \/>\n<meta name=\"robots\" content=\"index, follow, max-snippet:-1, max-image-preview:large, max-video-preview:-1\" \/>\n<link rel=\"canonical\" href=\"https:\/\/javiervarelactor.com\/?p=464\" \/>\n<meta property=\"og:locale\" content=\"es_ES\" \/>\n<meta property=\"og:type\" content=\"article\" \/>\n<meta property=\"og:title\" content=\"-Haciendo cine - Javier Varela\" \/>\n<meta property=\"og:description\" content=\"Javier Varela actor haciendo cine con Alberto Rodr\u00edguez en su \u00faltima producci\u00f3n para la pel\u00edcula que dar\u00e1 mucho que hablar en el pr\u00f3ximo a\u00f1o...\" \/>\n<meta property=\"og:url\" content=\"https:\/\/javiervarelactor.com\/?p=464\" \/>\n<meta property=\"og:site_name\" content=\"Javier Varela\" \/>\n<meta property=\"article:publisher\" content=\"https:\/\/www.facebook.com\/pages\/Javier-Varela\/145894855509796?sk=info&amp;amp%3bamp%3bamp%3bamp%3btab=page_info\" \/>\n<meta property=\"article:published_time\" content=\"2015-09-22T12:02:35+00:00\" \/>\n<meta property=\"article:modified_time\" content=\"2015-11-02T13:48:05+00:00\" \/>\n<meta property=\"og:image\" content=\"https:\/\/javiervarelactor.com\/wp-content\/uploads\/2015\/09\/actor-javier-varela.jpg\" \/>\n\t<meta property=\"og:image:width\" content=\"720\" \/>\n\t<meta property=\"og:image:height\" content=\"960\" \/>\n\t<meta property=\"og:image:type\" content=\"image\/jpeg\" \/>\n<meta name=\"author\" content=\"Javier Varela\" \/>\n<meta name=\"twitter:label1\" content=\"Escrito por\" \/>\n\t<meta name=\"twitter:data1\" content=\"Javier Varela\" \/>\n\t<meta name=\"twitter:label2\" content=\"Tiempo de lectura\" \/>\n\t<meta name=\"twitter:data2\" content=\"1 minuto\" \/>\n<script type=\"application\/ld+json\" class=\"yoast-schema-graph\">{\"@context\":\"https:\/\/schema.org\",\"@graph\":[{\"@type\":\"WebPage\",\"@id\":\"https:\/\/javiervarelactor.com\/?p=464\",\"url\":\"https:\/\/javiervarelactor.com\/?p=464\",\"name\":\"-Haciendo cine - Javier Varela\",\"isPartOf\":{\"@id\":\"https:\/\/javiervarelactor.com\/#website\"},\"primaryImageOfPage\":{\"@id\":\"https:\/\/javiervarelactor.com\/?p=464#primaryimage\"},\"image\":{\"@id\":\"https:\/\/javiervarelactor.com\/?p=464#primaryimage\"},\"thumbnailUrl\":\"https:\/\/javiervarelactor.com\/wp-content\/uploads\/2015\/09\/actor-javier-varela.jpg\",\"datePublished\":\"2015-09-22T12:02:35+00:00\",\"dateModified\":\"2015-11-02T13:48:05+00:00\",\"author\":{\"@id\":\"https:\/\/javiervarelactor.com\/#\/schema\/person\/e3104f2f3cca87d9a07b40f5281c02ba\"},\"description\":\"Javier Varela actor haciendo cine con Alberto Rodr\u00edguez en su \u00faltima producci\u00f3n para la pel\u00edcula que dar\u00e1 mucho que hablar en el pr\u00f3ximo a\u00f1o...\",\"breadcrumb\":{\"@id\":\"https:\/\/javiervarelactor.com\/?p=464#breadcrumb\"},\"inLanguage\":\"es\",\"potentialAction\":[{\"@type\":\"ReadAction\",\"target\":[\"https:\/\/javiervarelactor.com\/?p=464\"]}]},{\"@type\":\"ImageObject\",\"inLanguage\":\"es\",\"@id\":\"https:\/\/javiervarelactor.com\/?p=464#primaryimage\",\"url\":\"https:\/\/javiervarelactor.com\/wp-content\/uploads\/2015\/09\/actor-javier-varela.jpg\",\"contentUrl\":\"https:\/\/javiervarelactor.com\/wp-content\/uploads\/2015\/09\/actor-javier-varela.jpg\",\"width\":720,\"height\":960,\"caption\":\"actor javier varela\"},{\"@type\":\"BreadcrumbList\",\"@id\":\"https:\/\/javiervarelactor.com\/?p=464#breadcrumb\",\"itemListElement\":[{\"@type\":\"ListItem\",\"position\":1,\"name\":\"Inicio\",\"item\":\"https:\/\/javiervarelactor.com\/\"},{\"@type\":\"ListItem\",\"position\":2,\"name\":\"Haciendo cine\"}]},{\"@type\":\"WebSite\",\"@id\":\"https:\/\/javiervarelactor.com\/#website\",\"url\":\"https:\/\/javiervarelactor.com\/\",\"name\":\"Javier Varela\",\"description\":\"Actor y Presentador\",\"potentialAction\":[{\"@type\":\"SearchAction\",\"target\":{\"@type\":\"EntryPoint\",\"urlTemplate\":\"https:\/\/javiervarelactor.com\/?s={search_term_string}\"},\"query-input\":\"required name=search_term_string\"}],\"inLanguage\":\"es\"},{\"@type\":\"Person\",\"@id\":\"https:\/\/javiervarelactor.com\/#\/schema\/person\/e3104f2f3cca87d9a07b40f5281c02ba\",\"name\":\"Javier Varela\",\"image\":{\"@type\":\"ImageObject\",\"inLanguage\":\"es\",\"@id\":\"https:\/\/javiervarelactor.com\/#\/schema\/person\/image\/\",\"url\":\"https:\/\/secure.gravatar.com\/avatar\/858edfdbe98ed682c9723085564a87b3?s=96&d=mm&r=g\",\"contentUrl\":\"https:\/\/secure.gravatar.com\/avatar\/858edfdbe98ed682c9723085564a87b3?s=96&d=mm&r=g\",\"caption\":\"Javier Varela\"},\"sameAs\":[\"http:\/\/www.javiervarelactor.com\"],\"url\":\"https:\/\/javiervarelactor.com\/?author=1\"}]}<\/script>\n<!-- \/ Yoast SEO plugin. -->","yoast_head_json":{"title":"-Haciendo cine - Javier Varela","description":"Javier Varela actor haciendo cine con Alberto Rodr\u00edguez en su \u00faltima producci\u00f3n para la pel\u00edcula que dar\u00e1 mucho que hablar en el pr\u00f3ximo a\u00f1o...","robots":{"index":"index","follow":"follow","max-snippet":"max-snippet:-1","max-image-preview":"max-image-preview:large","max-video-preview":"max-video-preview:-1"},"canonical":"https:\/\/javiervarelactor.com\/?p=464","og_locale":"es_ES","og_type":"article","og_title":"-Haciendo cine - Javier Varela","og_description":"Javier Varela actor haciendo cine con Alberto Rodr\u00edguez en su \u00faltima producci\u00f3n para la pel\u00edcula que dar\u00e1 mucho que hablar en el pr\u00f3ximo a\u00f1o...","og_url":"https:\/\/javiervarelactor.com\/?p=464","og_site_name":"Javier Varela","article_publisher":"https:\/\/www.facebook.com\/pages\/Javier-Varela\/145894855509796?sk=info&amp%3bamp%3bamp%3bamp%3btab=page_info","article_published_time":"2015-09-22T12:02:35+00:00","article_modified_time":"2015-11-02T13:48:05+00:00","og_image":[{"width":720,"height":960,"url":"https:\/\/javiervarelactor.com\/wp-content\/uploads\/2015\/09\/actor-javier-varela.jpg","type":"image\/jpeg"}],"author":"Javier Varela","twitter_misc":{"Escrito por":"Javier Varela","Tiempo de lectura":"1 minuto"},"schema":{"@context":"https:\/\/schema.org","@graph":[{"@type":"WebPage","@id":"https:\/\/javiervarelactor.com\/?p=464","url":"https:\/\/javiervarelactor.com\/?p=464","name":"-Haciendo cine - Javier Varela","isPartOf":{"@id":"https:\/\/javiervarelactor.com\/#website"},"primaryImageOfPage":{"@id":"https:\/\/javiervarelactor.com\/?p=464#primaryimage"},"image":{"@id":"https:\/\/javiervarelactor.com\/?p=464#primaryimage"},"thumbnailUrl":"https:\/\/javiervarelactor.com\/wp-content\/uploads\/2015\/09\/actor-javier-varela.jpg","datePublished":"2015-09-22T12:02:35+00:00","dateModified":"2015-11-02T13:48:05+00:00","author":{"@id":"https:\/\/javiervarelactor.com\/#\/schema\/person\/e3104f2f3cca87d9a07b40f5281c02ba"},"description":"Javier Varela actor haciendo cine con Alberto Rodr\u00edguez en su \u00faltima producci\u00f3n para la pel\u00edcula que dar\u00e1 mucho que hablar en el pr\u00f3ximo a\u00f1o...","breadcrumb":{"@id":"https:\/\/javiervarelactor.com\/?p=464#breadcrumb"},"inLanguage":"es","potentialAction":[{"@type":"ReadAction","target":["https:\/\/javiervarelactor.com\/?p=464"]}]},{"@type":"ImageObject","inLanguage":"es","@id":"https:\/\/javiervarelactor.com\/?p=464#primaryimage","url":"https:\/\/javiervarelactor.com\/wp-content\/uploads\/2015\/09\/actor-javier-varela.jpg","contentUrl":"https:\/\/javiervarelactor.com\/wp-content\/uploads\/2015\/09\/actor-javier-varela.jpg","width":720,"height":960,"caption":"actor javier varela"},{"@type":"BreadcrumbList","@id":"https:\/\/javiervarelactor.com\/?p=464#breadcrumb","itemListElement":[{"@type":"ListItem","position":1,"name":"Inicio","item":"https:\/\/javiervarelactor.com\/"},{"@type":"ListItem","position":2,"name":"Haciendo cine"}]},{"@type":"WebSite","@id":"https:\/\/javiervarelactor.com\/#website","url":"https:\/\/javiervarelactor.com\/","name":"Javier Varela","description":"Actor y Presentador","potentialAction":[{"@type":"SearchAction","target":{"@type":"EntryPoint","urlTemplate":"https:\/\/javiervarelactor.com\/?s={search_term_string}"},"query-input":"required name=search_term_string"}],"inLanguage":"es"},{"@type":"Person","@id":"https:\/\/javiervarelactor.com\/#\/schema\/person\/e3104f2f3cca87d9a07b40f5281c02ba","name":"Javier Varela","image":{"@type":"ImageObject","inLanguage":"es","@id":"https:\/\/javiervarelactor.com\/#\/schema\/person\/image\/","url":"https:\/\/secure.gravatar.com\/avatar\/858edfdbe98ed682c9723085564a87b3?s=96&d=mm&r=g","contentUrl":"https:\/\/secure.gravatar.com\/avatar\/858edfdbe98ed682c9723085564a87b3?s=96&d=mm&r=g","caption":"Javier Varela"},"sameAs":["http:\/\/www.javiervarelactor.com"],"url":"https:\/\/javiervarelactor.com\/?author=1"}]}},"_links":{"self":[{"href":"https:\/\/javiervarelactor.com\/index.php?rest_route=\/wp\/v2\/posts\/464"}],"collection":[{"href":"https:\/\/javiervarelactor.com\/index.php?rest_route=\/wp\/v2\/posts"}],"about":[{"href":"https:\/\/javiervarelactor.com\/index.php?rest_route=\/wp\/v2\/types\/post"}],"author":[{"embeddable":true,"href":"https:\/\/javiervarelactor.com\/index.php?rest_route=\/wp\/v2\/users\/1"}],"replies":[{"embeddable":true,"href":"https:\/\/javiervarelactor.com\/index.php?rest_route=%2Fwp%2Fv2%2Fcomments&post=464"}],"version-history":[{"count":5,"href":"https:\/\/javiervarelactor.com\/index.php?rest_route=\/wp\/v2\/posts\/464\/revisions"}],"predecessor-version":[{"id":479,"href":"https:\/\/javiervarelactor.com\/index.php?rest_route=\/wp\/v2\/posts\/464\/revisions\/479"}],"wp:featuredmedia":[{"embeddable":true,"href":"https:\/\/javiervarelactor.com\/index.php?rest_route=\/wp\/v2\/media\/472"}],"wp:attachment":[{"href":"https:\/\/javiervarelactor.com\/index.php?rest_route=%2Fwp%2Fv2%2Fmedia&parent=464"}],"wp:term":[{"taxonomy":"category","embeddable":true,"href":"https:\/\/javiervarelactor.com\/index.php?rest_route=%2Fwp%2Fv2%2Fcategories&post=464"},{"taxonomy":"post_tag","embeddable":true,"href":"https:\/\/javiervarelactor.com\/index.php?rest_route=%2Fwp%2Fv2%2Ftags&post=464"}],"curies":[{"name":"wp","href":"https:\/\/api.w.org\/{rel}","templated":true}]}}