{"id":449,"date":"2015-09-16T10:05:13","date_gmt":"2015-09-16T10:05:13","guid":{"rendered":"http:\/\/javiervarelactor.com\/?p=449"},"modified":"2016-06-14T08:59:03","modified_gmt":"2016-06-14T08:59:03","slug":"teaser-redbull","status":"publish","type":"post","link":"https:\/\/javiervarelactor.com\/?p=449","title":{"rendered":"Teaser RedBull"},"content":{"rendered":"<p><a href=\"http:\/\/javiervarelactor.com\/wp-content\/uploads\/2015\/09\/actor-galicia.jpg\"><img loading=\"lazy\" decoding=\"async\" class=\" size-medium wp-image-453 alignleft\" src=\"http:\/\/javiervarelactor.com\/wp-content\/uploads\/2015\/09\/actor-galicia-300x177.jpg\" alt=\"actor galicia\" width=\"300\" height=\"177\" srcset=\"https:\/\/javiervarelactor.com\/wp-content\/uploads\/2015\/09\/actor-galicia-300x177.jpg 300w, https:\/\/javiervarelactor.com\/wp-content\/uploads\/2015\/09\/actor-galicia-1024x606.jpg 1024w, https:\/\/javiervarelactor.com\/wp-content\/uploads\/2015\/09\/actor-galicia.jpg 1138w\" sizes=\"(max-width: 300px) 100vw, 300px\" \/><\/a>De nuevo el equipo de <strong>Verve Audiovisual<\/strong>\u00a0ha confiando en mi para divertirnos, y trabajar en este teaser para Red Bull.<\/p>\n<p>Esta vez <a class=\"profileLink\" href=\"https:\/\/www.facebook.com\/borja.uribesalgo\" data-hovercard=\"\/ajax\/hovercard\/user.php?id=508420581\">Borja Uribesalgo<\/a>\u00a0y yo\u00a0nos quedamos alucinados con los <strong>Red Bull Cliff Diving World Series<\/strong>, nueva edici\u00f3n el d\u00eda 26 de septiembre en Bilbao: saltos desde 27 metros de altura, a m\u00e1s de 85 km\/h haciendo piruetas.<\/p>\n<p>Yo no estar\u00e9 saltando, eso seguro, pero pode\u00eds ver el v\u00eddeo de los saltos aqu\u00ed. No os lo perd\u00e1is.<\/p>\n<p><iframe loading=\"lazy\" src=\"https:\/\/sharevideo.redbull.com\/secure\/?logoHover=Visita RedBull.com\/Red Bull&amp;bctid=4485539174001&amp;socialHover=Share or embed&amp;isUI=true&amp;link=http:\/\/www.redbull.com&amp;jumpHover=Jump backwards&amp;isVid=true&amp;labels=http:\/\/www.redbull.com\/cs\/RedBull2Misc\/brightcove\/es_ES_labels.xml&amp;qualityHover=Change quality&amp;dynamicStreaming=true&amp;linkBaseURL=http:\/\/www.redbull.com\/es\/es\/stories\/1331747825591\/teaser-red-bull-cliff-diving-bilbao-2015&amp;isRTL=false&amp;bckey=AQ~~,AAABTw4lHzE~,sr1E9bdX6d4wCdvdlD8QKdNij3uKs2K9&amp;filter=channel:RedBull2&amp;htmlFallback=true&amp;bcpid=1684512102001&amp;relatedcontent=true,true&amp;closedCaptionsHover=Subtitles&amp;autoStart=false&amp;bgcolor=#000000&amp;startTime=1442397092217&amp;onsiteSettings=false,false,false,true\" width=\"640\" height=\"360\" frameborder=\"0\" marginwidth=\"0\" marginheight=\"0\" scrolling=\"no\"><\/iframe><br \/>\nAprovecho para adelantaros que este <strong>nuevo curso viene lleno de estrenos<\/strong>, novedades, actuaciones en directo y trabajo, mucho trabajo. Risas, dramas y muchas facetas de mi trabajo como actor, registros muy diferentes que hacen que mi trabajo sea cada vez m\u00e1s interesante, motivador y completo.<\/p>\n<p>No os perd\u00e1is los avances que ir\u00e9 contando en esta web, cuando se pueda contar, ya os pod\u00e9is imaginar c\u00f3mo son estos asuntos de secretos&#8230;.<\/p>\n<p>Muchas gracias por seguir ah\u00ed.<\/p>\n<p>Hasta muy pronto con muchas novedades.<\/p>\n<p>&nbsp;<\/p>\n<p>&nbsp;<\/p>\n","protected":false},"excerpt":{"rendered":"<p>Teaser para los Red Bull Cliff Diving World Series el 26 de septiembre 2015 en Bilbao.<\/p>\n","protected":false},"author":1,"featured_media":0,"comment_status":"closed","ping_status":"open","sticky":false,"template":"","format":"standard","meta":{"_monsterinsights_skip_tracking":false,"_monsterinsights_sitenote_active":false,"_monsterinsights_sitenote_note":"","_monsterinsights_sitenote_category":0,"footnotes":""},"categories":[21],"tags":[20,50,18,30],"yoast_head":"<!-- This site is optimized with the Yoast SEO plugin v22.7 - https:\/\/yoast.com\/wordpress\/plugins\/seo\/ -->\n<title>Teaser Red Bull - Javier Varela Actor<\/title>\n<meta name=\"description\" content=\"El equipo de Verve Audiovisual ha confiando en mi para divertirnos, y trabajar en este teaser para Red Bull.\" \/>\n<meta name=\"robots\" content=\"index, follow, max-snippet:-1, max-image-preview:large, max-video-preview:-1\" \/>\n<link rel=\"canonical\" href=\"https:\/\/javiervarelactor.com\/?p=449\" \/>\n<meta property=\"og:locale\" content=\"es_ES\" \/>\n<meta property=\"og:type\" content=\"article\" \/>\n<meta property=\"og:title\" content=\"Teaser Red Bull - Javier Varela Actor\" \/>\n<meta property=\"og:description\" content=\"El equipo de Verve Audiovisual ha confiando en mi para divertirnos, y trabajar en este teaser para Red Bull.\" \/>\n<meta property=\"og:url\" content=\"https:\/\/javiervarelactor.com\/?p=449\" \/>\n<meta property=\"og:site_name\" content=\"Javier Varela\" \/>\n<meta property=\"article:publisher\" content=\"https:\/\/www.facebook.com\/pages\/Javier-Varela\/145894855509796?sk=info&amp;amp%3bamp%3bamp%3bamp%3btab=page_info\" \/>\n<meta property=\"article:published_time\" content=\"2015-09-16T10:05:13+00:00\" \/>\n<meta property=\"article:modified_time\" content=\"2016-06-14T08:59:03+00:00\" \/>\n<meta property=\"og:image\" content=\"http:\/\/javiervarelactor.com\/wp-content\/uploads\/2015\/09\/actor-galicia-300x177.jpg\" \/>\n<meta name=\"author\" content=\"Javier Varela\" \/>\n<meta name=\"twitter:label1\" content=\"Escrito por\" \/>\n\t<meta name=\"twitter:data1\" content=\"Javier Varela\" \/>\n\t<meta name=\"twitter:label2\" content=\"Tiempo de lectura\" \/>\n\t<meta name=\"twitter:data2\" content=\"1 minuto\" \/>\n<script type=\"application\/ld+json\" class=\"yoast-schema-graph\">{\"@context\":\"https:\/\/schema.org\",\"@graph\":[{\"@type\":\"WebPage\",\"@id\":\"https:\/\/javiervarelactor.com\/?p=449\",\"url\":\"https:\/\/javiervarelactor.com\/?p=449\",\"name\":\"Teaser Red Bull - Javier Varela Actor\",\"isPartOf\":{\"@id\":\"https:\/\/javiervarelactor.com\/#website\"},\"primaryImageOfPage\":{\"@id\":\"https:\/\/javiervarelactor.com\/?p=449#primaryimage\"},\"image\":{\"@id\":\"https:\/\/javiervarelactor.com\/?p=449#primaryimage\"},\"thumbnailUrl\":\"http:\/\/javiervarelactor.com\/wp-content\/uploads\/2015\/09\/actor-galicia-300x177.jpg\",\"datePublished\":\"2015-09-16T10:05:13+00:00\",\"dateModified\":\"2016-06-14T08:59:03+00:00\",\"author\":{\"@id\":\"https:\/\/javiervarelactor.com\/#\/schema\/person\/e3104f2f3cca87d9a07b40f5281c02ba\"},\"description\":\"El equipo de Verve Audiovisual ha confiando en mi para divertirnos, y trabajar en este teaser para Red Bull.\",\"breadcrumb\":{\"@id\":\"https:\/\/javiervarelactor.com\/?p=449#breadcrumb\"},\"inLanguage\":\"es\",\"potentialAction\":[{\"@type\":\"ReadAction\",\"target\":[\"https:\/\/javiervarelactor.com\/?p=449\"]}]},{\"@type\":\"ImageObject\",\"inLanguage\":\"es\",\"@id\":\"https:\/\/javiervarelactor.com\/?p=449#primaryimage\",\"url\":\"https:\/\/javiervarelactor.com\/wp-content\/uploads\/2015\/09\/actor-galicia.jpg\",\"contentUrl\":\"https:\/\/javiervarelactor.com\/wp-content\/uploads\/2015\/09\/actor-galicia.jpg\",\"width\":1138,\"height\":673,\"caption\":\"actor spot galicia\"},{\"@type\":\"BreadcrumbList\",\"@id\":\"https:\/\/javiervarelactor.com\/?p=449#breadcrumb\",\"itemListElement\":[{\"@type\":\"ListItem\",\"position\":1,\"name\":\"Inicio\",\"item\":\"https:\/\/javiervarelactor.com\/\"},{\"@type\":\"ListItem\",\"position\":2,\"name\":\"Teaser RedBull\"}]},{\"@type\":\"WebSite\",\"@id\":\"https:\/\/javiervarelactor.com\/#website\",\"url\":\"https:\/\/javiervarelactor.com\/\",\"name\":\"Javier Varela\",\"description\":\"Actor y Presentador\",\"potentialAction\":[{\"@type\":\"SearchAction\",\"target\":{\"@type\":\"EntryPoint\",\"urlTemplate\":\"https:\/\/javiervarelactor.com\/?s={search_term_string}\"},\"query-input\":\"required name=search_term_string\"}],\"inLanguage\":\"es\"},{\"@type\":\"Person\",\"@id\":\"https:\/\/javiervarelactor.com\/#\/schema\/person\/e3104f2f3cca87d9a07b40f5281c02ba\",\"name\":\"Javier Varela\",\"image\":{\"@type\":\"ImageObject\",\"inLanguage\":\"es\",\"@id\":\"https:\/\/javiervarelactor.com\/#\/schema\/person\/image\/\",\"url\":\"https:\/\/secure.gravatar.com\/avatar\/858edfdbe98ed682c9723085564a87b3?s=96&d=mm&r=g\",\"contentUrl\":\"https:\/\/secure.gravatar.com\/avatar\/858edfdbe98ed682c9723085564a87b3?s=96&d=mm&r=g\",\"caption\":\"Javier Varela\"},\"sameAs\":[\"http:\/\/www.javiervarelactor.com\"],\"url\":\"https:\/\/javiervarelactor.com\/?author=1\"}]}<\/script>\n<!-- \/ Yoast SEO plugin. -->","yoast_head_json":{"title":"Teaser Red Bull - Javier Varela Actor","description":"El equipo de Verve Audiovisual ha confiando en mi para divertirnos, y trabajar en este teaser para Red Bull.","robots":{"index":"index","follow":"follow","max-snippet":"max-snippet:-1","max-image-preview":"max-image-preview:large","max-video-preview":"max-video-preview:-1"},"canonical":"https:\/\/javiervarelactor.com\/?p=449","og_locale":"es_ES","og_type":"article","og_title":"Teaser Red Bull - Javier Varela Actor","og_description":"El equipo de Verve Audiovisual ha confiando en mi para divertirnos, y trabajar en este teaser para Red Bull.","og_url":"https:\/\/javiervarelactor.com\/?p=449","og_site_name":"Javier Varela","article_publisher":"https:\/\/www.facebook.com\/pages\/Javier-Varela\/145894855509796?sk=info&amp%3bamp%3bamp%3bamp%3btab=page_info","article_published_time":"2015-09-16T10:05:13+00:00","article_modified_time":"2016-06-14T08:59:03+00:00","og_image":[{"url":"http:\/\/javiervarelactor.com\/wp-content\/uploads\/2015\/09\/actor-galicia-300x177.jpg"}],"author":"Javier Varela","twitter_misc":{"Escrito por":"Javier Varela","Tiempo de lectura":"1 minuto"},"schema":{"@context":"https:\/\/schema.org","@graph":[{"@type":"WebPage","@id":"https:\/\/javiervarelactor.com\/?p=449","url":"https:\/\/javiervarelactor.com\/?p=449","name":"Teaser Red Bull - Javier Varela Actor","isPartOf":{"@id":"https:\/\/javiervarelactor.com\/#website"},"primaryImageOfPage":{"@id":"https:\/\/javiervarelactor.com\/?p=449#primaryimage"},"image":{"@id":"https:\/\/javiervarelactor.com\/?p=449#primaryimage"},"thumbnailUrl":"http:\/\/javiervarelactor.com\/wp-content\/uploads\/2015\/09\/actor-galicia-300x177.jpg","datePublished":"2015-09-16T10:05:13+00:00","dateModified":"2016-06-14T08:59:03+00:00","author":{"@id":"https:\/\/javiervarelactor.com\/#\/schema\/person\/e3104f2f3cca87d9a07b40f5281c02ba"},"description":"El equipo de Verve Audiovisual ha confiando en mi para divertirnos, y trabajar en este teaser para Red Bull.","breadcrumb":{"@id":"https:\/\/javiervarelactor.com\/?p=449#breadcrumb"},"inLanguage":"es","potentialAction":[{"@type":"ReadAction","target":["https:\/\/javiervarelactor.com\/?p=449"]}]},{"@type":"ImageObject","inLanguage":"es","@id":"https:\/\/javiervarelactor.com\/?p=449#primaryimage","url":"https:\/\/javiervarelactor.com\/wp-content\/uploads\/2015\/09\/actor-galicia.jpg","contentUrl":"https:\/\/javiervarelactor.com\/wp-content\/uploads\/2015\/09\/actor-galicia.jpg","width":1138,"height":673,"caption":"actor spot galicia"},{"@type":"BreadcrumbList","@id":"https:\/\/javiervarelactor.com\/?p=449#breadcrumb","itemListElement":[{"@type":"ListItem","position":1,"name":"Inicio","item":"https:\/\/javiervarelactor.com\/"},{"@type":"ListItem","position":2,"name":"Teaser RedBull"}]},{"@type":"WebSite","@id":"https:\/\/javiervarelactor.com\/#website","url":"https:\/\/javiervarelactor.com\/","name":"Javier Varela","description":"Actor y Presentador","potentialAction":[{"@type":"SearchAction","target":{"@type":"EntryPoint","urlTemplate":"https:\/\/javiervarelactor.com\/?s={search_term_string}"},"query-input":"required name=search_term_string"}],"inLanguage":"es"},{"@type":"Person","@id":"https:\/\/javiervarelactor.com\/#\/schema\/person\/e3104f2f3cca87d9a07b40f5281c02ba","name":"Javier Varela","image":{"@type":"ImageObject","inLanguage":"es","@id":"https:\/\/javiervarelactor.com\/#\/schema\/person\/image\/","url":"https:\/\/secure.gravatar.com\/avatar\/858edfdbe98ed682c9723085564a87b3?s=96&d=mm&r=g","contentUrl":"https:\/\/secure.gravatar.com\/avatar\/858edfdbe98ed682c9723085564a87b3?s=96&d=mm&r=g","caption":"Javier Varela"},"sameAs":["http:\/\/www.javiervarelactor.com"],"url":"https:\/\/javiervarelactor.com\/?author=1"}]}},"_links":{"self":[{"href":"https:\/\/javiervarelactor.com\/index.php?rest_route=\/wp\/v2\/posts\/449"}],"collection":[{"href":"https:\/\/javiervarelactor.com\/index.php?rest_route=\/wp\/v2\/posts"}],"about":[{"href":"https:\/\/javiervarelactor.com\/index.php?rest_route=\/wp\/v2\/types\/post"}],"author":[{"embeddable":true,"href":"https:\/\/javiervarelactor.com\/index.php?rest_route=\/wp\/v2\/users\/1"}],"replies":[{"embeddable":true,"href":"https:\/\/javiervarelactor.com\/index.php?rest_route=%2Fwp%2Fv2%2Fcomments&post=449"}],"version-history":[{"count":9,"href":"https:\/\/javiervarelactor.com\/index.php?rest_route=\/wp\/v2\/posts\/449\/revisions"}],"predecessor-version":[{"id":698,"href":"https:\/\/javiervarelactor.com\/index.php?rest_route=\/wp\/v2\/posts\/449\/revisions\/698"}],"wp:attachment":[{"href":"https:\/\/javiervarelactor.com\/index.php?rest_route=%2Fwp%2Fv2%2Fmedia&parent=449"}],"wp:term":[{"taxonomy":"category","embeddable":true,"href":"https:\/\/javiervarelactor.com\/index.php?rest_route=%2Fwp%2Fv2%2Fcategories&post=449"},{"taxonomy":"post_tag","embeddable":true,"href":"https:\/\/javiervarelactor.com\/index.php?rest_route=%2Fwp%2Fv2%2Ftags&post=449"}],"curies":[{"name":"wp","href":"https:\/\/api.w.org\/{rel}","templated":true}]}}