{"id":444,"date":"2015-08-14T06:29:35","date_gmt":"2015-08-14T06:29:35","guid":{"rendered":"http:\/\/javiervarelactor.com\/?p=444"},"modified":"2016-03-10T13:21:26","modified_gmt":"2016-03-10T13:21:26","slug":"actor-en-galicia-verano-2015","status":"publish","type":"post","link":"https:\/\/javiervarelactor.com\/?p=444","title":{"rendered":"Actor en Galicia &#8211; Verano 2015"},"content":{"rendered":"<p><a href=\"http:\/\/javiervarelactor.com\/wp-content\/uploads\/2015\/08\/actor-galicia.jpg\"><img loading=\"lazy\" decoding=\"async\" class=\" size-medium wp-image-441 alignleft\" src=\"http:\/\/javiervarelactor.com\/wp-content\/uploads\/2015\/08\/actor-galicia-200x300.jpg\" alt=\"actor galicia\" width=\"200\" height=\"300\" srcset=\"https:\/\/javiervarelactor.com\/wp-content\/uploads\/2015\/08\/actor-galicia-200x300.jpg 200w, https:\/\/javiervarelactor.com\/wp-content\/uploads\/2015\/08\/actor-galicia.jpg 683w\" sizes=\"(max-width: 200px) 100vw, 200px\" \/><\/a>Este verano 2105 est\u00e1 siendo un verano muy intenso en cuanto a trabajo se refiere. Buena se\u00f1al.<\/p>\n<p>Poco podemos desvelar pero vuelvo a tener el placer de trabajar con <strong><a href=\"http:\/\/vervecg.com\/\">Verve<\/a><\/strong>, un equipo de profesionales con el que disfruto y aprendo, cada propuesta es un reto, siempre muy interesante.<\/p>\n<p>Al mismo tiempo preparo un importante papel en una <strong>serie de ficci\u00f3n<\/strong>; un personaje con encanto y que supone un reto profesional muy interesante para mi carrera.<\/p>\n<p>Poco m\u00e1s se puede contar, pero me quedo con las ganas de contaros algo m\u00e1s&#8230; cine compa\u00f1eros, solo dir\u00e9 que <strong>CINE<\/strong>.<\/p>\n<p>Seguimos trabajando para superar retos y cumplir sue\u00f1os.<\/p>\n<p>Muchas gracias por visitar mi web, crecemos juntos.<\/p>\n","protected":false},"excerpt":{"rendered":"<p>Este verano 2105 est\u00e1 siendo un verano muy intenso en cuanto a trabajo se refiere. Buena se\u00f1al. Poco podemos desvelar pero vuelvo a tener el placer de trabajar con Verve, un equipo de profesionales con el que disfruto y aprendo, cada propuesta es un reto, siempre muy interesante. Al mismo tiempo preparo un importante papel <a class=\"read-more\" href=\"https:\/\/javiervarelactor.com\/?p=444\">Leer m\u00e1s<\/a><\/p>\n","protected":false},"author":1,"featured_media":441,"comment_status":"closed","ping_status":"open","sticky":false,"template":"","format":"standard","meta":{"_monsterinsights_skip_tracking":false,"_monsterinsights_sitenote_active":false,"_monsterinsights_sitenote_note":"","_monsterinsights_sitenote_category":0,"footnotes":""},"categories":[21,31],"tags":[27,26],"yoast_head":"<!-- This site is optimized with the Yoast SEO plugin v22.7 - https:\/\/yoast.com\/wordpress\/plugins\/seo\/ -->\n<title>Actor en Galicia - Verano 2015 - Javier Varela<\/title>\n<meta name=\"description\" content=\"Intenso trabajo en este vernao 2015 como actor en Galicia y Madrid. Feliz de estar preparando una serie, un spot y una pel\u00edcula \u00a1qu\u00e9 afortunado soy!\" \/>\n<meta name=\"robots\" content=\"index, follow, max-snippet:-1, max-image-preview:large, max-video-preview:-1\" \/>\n<link rel=\"canonical\" href=\"https:\/\/javiervarelactor.com\/?p=444\" \/>\n<meta property=\"og:locale\" content=\"es_ES\" \/>\n<meta property=\"og:type\" content=\"article\" \/>\n<meta property=\"og:title\" content=\"Actor en Galicia - Verano 2015 - Javier Varela\" \/>\n<meta property=\"og:description\" content=\"Intenso trabajo en este vernao 2015 como actor en Galicia y Madrid. Feliz de estar preparando una serie, un spot y una pel\u00edcula \u00a1qu\u00e9 afortunado soy!\" \/>\n<meta property=\"og:url\" content=\"https:\/\/javiervarelactor.com\/?p=444\" \/>\n<meta property=\"og:site_name\" content=\"Javier Varela\" \/>\n<meta property=\"article:publisher\" content=\"https:\/\/www.facebook.com\/pages\/Javier-Varela\/145894855509796?sk=info&amp;amp%3bamp%3bamp%3bamp%3btab=page_info\" \/>\n<meta property=\"article:published_time\" content=\"2015-08-14T06:29:35+00:00\" \/>\n<meta property=\"article:modified_time\" content=\"2016-03-10T13:21:26+00:00\" \/>\n<meta property=\"og:image\" content=\"https:\/\/javiervarelactor.com\/wp-content\/uploads\/2015\/08\/actor-galicia.jpg\" \/>\n\t<meta property=\"og:image:width\" content=\"683\" \/>\n\t<meta property=\"og:image:height\" content=\"1024\" \/>\n\t<meta property=\"og:image:type\" content=\"image\/jpeg\" \/>\n<meta name=\"author\" content=\"Javier Varela\" \/>\n<meta name=\"twitter:label1\" content=\"Escrito por\" \/>\n\t<meta name=\"twitter:data1\" content=\"Javier Varela\" \/>\n\t<meta name=\"twitter:label2\" content=\"Tiempo de lectura\" \/>\n\t<meta name=\"twitter:data2\" content=\"1 minuto\" \/>\n<script type=\"application\/ld+json\" class=\"yoast-schema-graph\">{\"@context\":\"https:\/\/schema.org\",\"@graph\":[{\"@type\":\"WebPage\",\"@id\":\"https:\/\/javiervarelactor.com\/?p=444\",\"url\":\"https:\/\/javiervarelactor.com\/?p=444\",\"name\":\"Actor en Galicia - Verano 2015 - Javier Varela\",\"isPartOf\":{\"@id\":\"https:\/\/javiervarelactor.com\/#website\"},\"primaryImageOfPage\":{\"@id\":\"https:\/\/javiervarelactor.com\/?p=444#primaryimage\"},\"image\":{\"@id\":\"https:\/\/javiervarelactor.com\/?p=444#primaryimage\"},\"thumbnailUrl\":\"https:\/\/javiervarelactor.com\/wp-content\/uploads\/2015\/08\/actor-galicia.jpg\",\"datePublished\":\"2015-08-14T06:29:35+00:00\",\"dateModified\":\"2016-03-10T13:21:26+00:00\",\"author\":{\"@id\":\"https:\/\/javiervarelactor.com\/#\/schema\/person\/e3104f2f3cca87d9a07b40f5281c02ba\"},\"description\":\"Intenso trabajo en este vernao 2015 como actor en Galicia y Madrid. Feliz de estar preparando una serie, un spot y una pel\u00edcula \u00a1qu\u00e9 afortunado soy!\",\"breadcrumb\":{\"@id\":\"https:\/\/javiervarelactor.com\/?p=444#breadcrumb\"},\"inLanguage\":\"es\",\"potentialAction\":[{\"@type\":\"ReadAction\",\"target\":[\"https:\/\/javiervarelactor.com\/?p=444\"]}]},{\"@type\":\"ImageObject\",\"inLanguage\":\"es\",\"@id\":\"https:\/\/javiervarelactor.com\/?p=444#primaryimage\",\"url\":\"https:\/\/javiervarelactor.com\/wp-content\/uploads\/2015\/08\/actor-galicia.jpg\",\"contentUrl\":\"https:\/\/javiervarelactor.com\/wp-content\/uploads\/2015\/08\/actor-galicia.jpg\",\"width\":683,\"height\":1024,\"caption\":\"actor galicia\"},{\"@type\":\"BreadcrumbList\",\"@id\":\"https:\/\/javiervarelactor.com\/?p=444#breadcrumb\",\"itemListElement\":[{\"@type\":\"ListItem\",\"position\":1,\"name\":\"Inicio\",\"item\":\"https:\/\/javiervarelactor.com\/\"},{\"@type\":\"ListItem\",\"position\":2,\"name\":\"Actor en Galicia &#8211; Verano 2015\"}]},{\"@type\":\"WebSite\",\"@id\":\"https:\/\/javiervarelactor.com\/#website\",\"url\":\"https:\/\/javiervarelactor.com\/\",\"name\":\"Javier Varela\",\"description\":\"Actor y Presentador\",\"potentialAction\":[{\"@type\":\"SearchAction\",\"target\":{\"@type\":\"EntryPoint\",\"urlTemplate\":\"https:\/\/javiervarelactor.com\/?s={search_term_string}\"},\"query-input\":\"required name=search_term_string\"}],\"inLanguage\":\"es\"},{\"@type\":\"Person\",\"@id\":\"https:\/\/javiervarelactor.com\/#\/schema\/person\/e3104f2f3cca87d9a07b40f5281c02ba\",\"name\":\"Javier Varela\",\"image\":{\"@type\":\"ImageObject\",\"inLanguage\":\"es\",\"@id\":\"https:\/\/javiervarelactor.com\/#\/schema\/person\/image\/\",\"url\":\"https:\/\/secure.gravatar.com\/avatar\/858edfdbe98ed682c9723085564a87b3?s=96&d=mm&r=g\",\"contentUrl\":\"https:\/\/secure.gravatar.com\/avatar\/858edfdbe98ed682c9723085564a87b3?s=96&d=mm&r=g\",\"caption\":\"Javier Varela\"},\"sameAs\":[\"http:\/\/www.javiervarelactor.com\"],\"url\":\"https:\/\/javiervarelactor.com\/?author=1\"}]}<\/script>\n<!-- \/ Yoast SEO plugin. -->","yoast_head_json":{"title":"Actor en Galicia - Verano 2015 - Javier Varela","description":"Intenso trabajo en este vernao 2015 como actor en Galicia y Madrid. Feliz de estar preparando una serie, un spot y una pel\u00edcula \u00a1qu\u00e9 afortunado soy!","robots":{"index":"index","follow":"follow","max-snippet":"max-snippet:-1","max-image-preview":"max-image-preview:large","max-video-preview":"max-video-preview:-1"},"canonical":"https:\/\/javiervarelactor.com\/?p=444","og_locale":"es_ES","og_type":"article","og_title":"Actor en Galicia - Verano 2015 - Javier Varela","og_description":"Intenso trabajo en este vernao 2015 como actor en Galicia y Madrid. Feliz de estar preparando una serie, un spot y una pel\u00edcula \u00a1qu\u00e9 afortunado soy!","og_url":"https:\/\/javiervarelactor.com\/?p=444","og_site_name":"Javier Varela","article_publisher":"https:\/\/www.facebook.com\/pages\/Javier-Varela\/145894855509796?sk=info&amp%3bamp%3bamp%3bamp%3btab=page_info","article_published_time":"2015-08-14T06:29:35+00:00","article_modified_time":"2016-03-10T13:21:26+00:00","og_image":[{"width":683,"height":1024,"url":"https:\/\/javiervarelactor.com\/wp-content\/uploads\/2015\/08\/actor-galicia.jpg","type":"image\/jpeg"}],"author":"Javier Varela","twitter_misc":{"Escrito por":"Javier Varela","Tiempo de lectura":"1 minuto"},"schema":{"@context":"https:\/\/schema.org","@graph":[{"@type":"WebPage","@id":"https:\/\/javiervarelactor.com\/?p=444","url":"https:\/\/javiervarelactor.com\/?p=444","name":"Actor en Galicia - Verano 2015 - Javier Varela","isPartOf":{"@id":"https:\/\/javiervarelactor.com\/#website"},"primaryImageOfPage":{"@id":"https:\/\/javiervarelactor.com\/?p=444#primaryimage"},"image":{"@id":"https:\/\/javiervarelactor.com\/?p=444#primaryimage"},"thumbnailUrl":"https:\/\/javiervarelactor.com\/wp-content\/uploads\/2015\/08\/actor-galicia.jpg","datePublished":"2015-08-14T06:29:35+00:00","dateModified":"2016-03-10T13:21:26+00:00","author":{"@id":"https:\/\/javiervarelactor.com\/#\/schema\/person\/e3104f2f3cca87d9a07b40f5281c02ba"},"description":"Intenso trabajo en este vernao 2015 como actor en Galicia y Madrid. Feliz de estar preparando una serie, un spot y una pel\u00edcula \u00a1qu\u00e9 afortunado soy!","breadcrumb":{"@id":"https:\/\/javiervarelactor.com\/?p=444#breadcrumb"},"inLanguage":"es","potentialAction":[{"@type":"ReadAction","target":["https:\/\/javiervarelactor.com\/?p=444"]}]},{"@type":"ImageObject","inLanguage":"es","@id":"https:\/\/javiervarelactor.com\/?p=444#primaryimage","url":"https:\/\/javiervarelactor.com\/wp-content\/uploads\/2015\/08\/actor-galicia.jpg","contentUrl":"https:\/\/javiervarelactor.com\/wp-content\/uploads\/2015\/08\/actor-galicia.jpg","width":683,"height":1024,"caption":"actor galicia"},{"@type":"BreadcrumbList","@id":"https:\/\/javiervarelactor.com\/?p=444#breadcrumb","itemListElement":[{"@type":"ListItem","position":1,"name":"Inicio","item":"https:\/\/javiervarelactor.com\/"},{"@type":"ListItem","position":2,"name":"Actor en Galicia &#8211; Verano 2015"}]},{"@type":"WebSite","@id":"https:\/\/javiervarelactor.com\/#website","url":"https:\/\/javiervarelactor.com\/","name":"Javier Varela","description":"Actor y Presentador","potentialAction":[{"@type":"SearchAction","target":{"@type":"EntryPoint","urlTemplate":"https:\/\/javiervarelactor.com\/?s={search_term_string}"},"query-input":"required name=search_term_string"}],"inLanguage":"es"},{"@type":"Person","@id":"https:\/\/javiervarelactor.com\/#\/schema\/person\/e3104f2f3cca87d9a07b40f5281c02ba","name":"Javier Varela","image":{"@type":"ImageObject","inLanguage":"es","@id":"https:\/\/javiervarelactor.com\/#\/schema\/person\/image\/","url":"https:\/\/secure.gravatar.com\/avatar\/858edfdbe98ed682c9723085564a87b3?s=96&d=mm&r=g","contentUrl":"https:\/\/secure.gravatar.com\/avatar\/858edfdbe98ed682c9723085564a87b3?s=96&d=mm&r=g","caption":"Javier Varela"},"sameAs":["http:\/\/www.javiervarelactor.com"],"url":"https:\/\/javiervarelactor.com\/?author=1"}]}},"_links":{"self":[{"href":"https:\/\/javiervarelactor.com\/index.php?rest_route=\/wp\/v2\/posts\/444"}],"collection":[{"href":"https:\/\/javiervarelactor.com\/index.php?rest_route=\/wp\/v2\/posts"}],"about":[{"href":"https:\/\/javiervarelactor.com\/index.php?rest_route=\/wp\/v2\/types\/post"}],"author":[{"embeddable":true,"href":"https:\/\/javiervarelactor.com\/index.php?rest_route=\/wp\/v2\/users\/1"}],"replies":[{"embeddable":true,"href":"https:\/\/javiervarelactor.com\/index.php?rest_route=%2Fwp%2Fv2%2Fcomments&post=444"}],"version-history":[{"count":3,"href":"https:\/\/javiervarelactor.com\/index.php?rest_route=\/wp\/v2\/posts\/444\/revisions"}],"predecessor-version":[{"id":447,"href":"https:\/\/javiervarelactor.com\/index.php?rest_route=\/wp\/v2\/posts\/444\/revisions\/447"}],"wp:featuredmedia":[{"embeddable":true,"href":"https:\/\/javiervarelactor.com\/index.php?rest_route=\/wp\/v2\/media\/441"}],"wp:attachment":[{"href":"https:\/\/javiervarelactor.com\/index.php?rest_route=%2Fwp%2Fv2%2Fmedia&parent=444"}],"wp:term":[{"taxonomy":"category","embeddable":true,"href":"https:\/\/javiervarelactor.com\/index.php?rest_route=%2Fwp%2Fv2%2Fcategories&post=444"},{"taxonomy":"post_tag","embeddable":true,"href":"https:\/\/javiervarelactor.com\/index.php?rest_route=%2Fwp%2Fv2%2Ftags&post=444"}],"curies":[{"name":"wp","href":"https:\/\/api.w.org\/{rel}","templated":true}]}}