{"id":419,"date":"2015-06-12T09:00:59","date_gmt":"2015-06-12T09:00:59","guid":{"rendered":"http:\/\/javiervarelactor.com\/?p=419"},"modified":"2015-09-22T14:29:59","modified_gmt":"2015-09-22T14:29:59","slug":"videobook-2015","status":"publish","type":"post","link":"https:\/\/javiervarelactor.com\/?p=419","title":{"rendered":"Nuevo Videobook &#8211; Javier Varela actor 2015"},"content":{"rendered":"<p><a href=\"http:\/\/javiervarelactor.com\/wp-content\/uploads\/2015\/06\/javier-varela-actor.jpg\"><img loading=\"lazy\" decoding=\"async\" class=\"  wp-image-420 alignleft\" src=\"http:\/\/javiervarelactor.com\/wp-content\/uploads\/2015\/06\/javier-varela-actor-300x222.jpg\" alt=\"videobook javier varela actor\" width=\"191\" height=\"141\" srcset=\"https:\/\/javiervarelactor.com\/wp-content\/uploads\/2015\/06\/javier-varela-actor-300x222.jpg 300w, https:\/\/javiervarelactor.com\/wp-content\/uploads\/2015\/06\/javier-varela-actor.jpg 737w\" sizes=\"(max-width: 191px) 100vw, 191px\" \/><\/a>Nueva producci\u00f3n \u00abVideobook Javier Varela actor\u00bb para mostrar los \u00faltimos trabajos de estos a\u00f1os 2014-2015, un resumen con lo m\u00e1s relevante para que veas, para que disfrutes.<\/p>\n<p>Este a\u00f1o 2015 que me est\u00e1 trayendo muchas <strong>alegr\u00edas<\/strong>, mucho trabajo y <strong>proyectos<\/strong> realmente interesantes, y \u00a1todav\u00eda estamos a mitad de a\u00f1o!<\/p>\n<p>En el v\u00eddeobook 2015 cortes de mi paso por el Teatro Alfil, pero no quiero olvidar todos los escenarios por donde hemos pasado con nuestro espect\u00e1culo \u00abUn momento duro de ahora, 5 pesetas de las de\u00a0antes\u00bb y todos y cada uno de los <a title=\"javier varela actor\" href=\"http:\/\/javiervarelactor.com\/index.php\/actor\/\" target=\"_blank\">trabajos como actor<\/a> para publicidad, eventos y teatro. No cabe tanto disfrute en un v\u00eddeo.<\/p>\n<p>Os dejo con ello, espero que os guste el nuevo\u00a0Videobook Javier Varela actor.<\/p>\n<p><iframe loading=\"lazy\" src=\"https:\/\/www.youtube.com\/embed\/JwDhaactSQM\" width=\"560\" height=\"315\" frameborder=\"0\" allowfullscreen=\"allowfullscreen\"><\/iframe><\/p>\n<p>Videobook Javier Varela trabajo como actor durante los a\u00f1os 2014-2015<\/p>\n<p>&nbsp;<\/p>\n","protected":false},"excerpt":{"rendered":"<p>Nueva producci\u00f3n con un resumen de mis trabajos m\u00e1s significativos.<\/p>\n","protected":false},"author":1,"featured_media":420,"comment_status":"closed","ping_status":"open","sticky":false,"template":"","format":"standard","meta":{"_monsterinsights_skip_tracking":false,"_monsterinsights_sitenote_active":false,"_monsterinsights_sitenote_note":"","_monsterinsights_sitenote_category":0,"footnotes":""},"categories":[21],"tags":[20,27,33,18,35,34],"yoast_head":"<!-- This site is optimized with the Yoast SEO plugin v22.7 - https:\/\/yoast.com\/wordpress\/plugins\/seo\/ -->\n<title>Videobook javier varela actor<\/title>\n<meta name=\"description\" content=\"Nueva producci\u00f3n con un resumen de los trabajos como actor en televisi\u00f3n, teatro y publicidad m\u00e1s significativos en el Videobook Javier Varela actor.\" \/>\n<meta name=\"robots\" content=\"index, follow, max-snippet:-1, max-image-preview:large, max-video-preview:-1\" \/>\n<link rel=\"canonical\" href=\"https:\/\/javiervarelactor.com\/?p=419\" \/>\n<meta property=\"og:locale\" content=\"es_ES\" \/>\n<meta property=\"og:type\" content=\"article\" \/>\n<meta property=\"og:title\" content=\"Videobook javier varela actor\" \/>\n<meta property=\"og:description\" content=\"Nueva producci\u00f3n con un resumen de los trabajos como actor en televisi\u00f3n, teatro y publicidad m\u00e1s significativos en el Videobook Javier Varela actor.\" \/>\n<meta property=\"og:url\" content=\"https:\/\/javiervarelactor.com\/?p=419\" \/>\n<meta property=\"og:site_name\" content=\"Javier Varela\" \/>\n<meta property=\"article:publisher\" content=\"https:\/\/www.facebook.com\/pages\/Javier-Varela\/145894855509796?sk=info&amp;amp%3bamp%3bamp%3bamp%3btab=page_info\" \/>\n<meta property=\"article:published_time\" content=\"2015-06-12T09:00:59+00:00\" \/>\n<meta property=\"article:modified_time\" content=\"2015-09-22T14:29:59+00:00\" \/>\n<meta property=\"og:image\" content=\"https:\/\/javiervarelactor.com\/wp-content\/uploads\/2015\/06\/javier-varela-actor.jpg\" \/>\n\t<meta property=\"og:image:width\" content=\"737\" \/>\n\t<meta property=\"og:image:height\" content=\"545\" \/>\n\t<meta property=\"og:image:type\" content=\"image\/jpeg\" \/>\n<meta name=\"author\" content=\"Javier Varela\" \/>\n<meta name=\"twitter:label1\" content=\"Escrito por\" \/>\n\t<meta name=\"twitter:data1\" content=\"Javier Varela\" \/>\n\t<meta name=\"twitter:label2\" content=\"Tiempo de lectura\" \/>\n\t<meta name=\"twitter:data2\" content=\"1 minuto\" \/>\n<script type=\"application\/ld+json\" class=\"yoast-schema-graph\">{\"@context\":\"https:\/\/schema.org\",\"@graph\":[{\"@type\":\"WebPage\",\"@id\":\"https:\/\/javiervarelactor.com\/?p=419\",\"url\":\"https:\/\/javiervarelactor.com\/?p=419\",\"name\":\"Videobook javier varela actor\",\"isPartOf\":{\"@id\":\"https:\/\/javiervarelactor.com\/#website\"},\"primaryImageOfPage\":{\"@id\":\"https:\/\/javiervarelactor.com\/?p=419#primaryimage\"},\"image\":{\"@id\":\"https:\/\/javiervarelactor.com\/?p=419#primaryimage\"},\"thumbnailUrl\":\"https:\/\/javiervarelactor.com\/wp-content\/uploads\/2015\/06\/javier-varela-actor.jpg\",\"datePublished\":\"2015-06-12T09:00:59+00:00\",\"dateModified\":\"2015-09-22T14:29:59+00:00\",\"author\":{\"@id\":\"https:\/\/javiervarelactor.com\/#\/schema\/person\/e3104f2f3cca87d9a07b40f5281c02ba\"},\"description\":\"Nueva producci\u00f3n con un resumen de los trabajos como actor en televisi\u00f3n, teatro y publicidad m\u00e1s significativos en el Videobook Javier Varela actor.\",\"breadcrumb\":{\"@id\":\"https:\/\/javiervarelactor.com\/?p=419#breadcrumb\"},\"inLanguage\":\"es\",\"potentialAction\":[{\"@type\":\"ReadAction\",\"target\":[\"https:\/\/javiervarelactor.com\/?p=419\"]}]},{\"@type\":\"ImageObject\",\"inLanguage\":\"es\",\"@id\":\"https:\/\/javiervarelactor.com\/?p=419#primaryimage\",\"url\":\"https:\/\/javiervarelactor.com\/wp-content\/uploads\/2015\/06\/javier-varela-actor.jpg\",\"contentUrl\":\"https:\/\/javiervarelactor.com\/wp-content\/uploads\/2015\/06\/javier-varela-actor.jpg\",\"width\":737,\"height\":545,\"caption\":\"videobook javier varela actor\"},{\"@type\":\"BreadcrumbList\",\"@id\":\"https:\/\/javiervarelactor.com\/?p=419#breadcrumb\",\"itemListElement\":[{\"@type\":\"ListItem\",\"position\":1,\"name\":\"Inicio\",\"item\":\"https:\/\/javiervarelactor.com\/\"},{\"@type\":\"ListItem\",\"position\":2,\"name\":\"Nuevo Videobook &#8211; Javier Varela actor 2015\"}]},{\"@type\":\"WebSite\",\"@id\":\"https:\/\/javiervarelactor.com\/#website\",\"url\":\"https:\/\/javiervarelactor.com\/\",\"name\":\"Javier Varela\",\"description\":\"Actor y Presentador\",\"potentialAction\":[{\"@type\":\"SearchAction\",\"target\":{\"@type\":\"EntryPoint\",\"urlTemplate\":\"https:\/\/javiervarelactor.com\/?s={search_term_string}\"},\"query-input\":\"required name=search_term_string\"}],\"inLanguage\":\"es\"},{\"@type\":\"Person\",\"@id\":\"https:\/\/javiervarelactor.com\/#\/schema\/person\/e3104f2f3cca87d9a07b40f5281c02ba\",\"name\":\"Javier Varela\",\"image\":{\"@type\":\"ImageObject\",\"inLanguage\":\"es\",\"@id\":\"https:\/\/javiervarelactor.com\/#\/schema\/person\/image\/\",\"url\":\"https:\/\/secure.gravatar.com\/avatar\/858edfdbe98ed682c9723085564a87b3?s=96&d=mm&r=g\",\"contentUrl\":\"https:\/\/secure.gravatar.com\/avatar\/858edfdbe98ed682c9723085564a87b3?s=96&d=mm&r=g\",\"caption\":\"Javier Varela\"},\"sameAs\":[\"http:\/\/www.javiervarelactor.com\"],\"url\":\"https:\/\/javiervarelactor.com\/?author=1\"}]}<\/script>\n<!-- \/ Yoast SEO plugin. -->","yoast_head_json":{"title":"Videobook javier varela actor","description":"Nueva producci\u00f3n con un resumen de los trabajos como actor en televisi\u00f3n, teatro y publicidad m\u00e1s significativos en el Videobook Javier Varela actor.","robots":{"index":"index","follow":"follow","max-snippet":"max-snippet:-1","max-image-preview":"max-image-preview:large","max-video-preview":"max-video-preview:-1"},"canonical":"https:\/\/javiervarelactor.com\/?p=419","og_locale":"es_ES","og_type":"article","og_title":"Videobook javier varela actor","og_description":"Nueva producci\u00f3n con un resumen de los trabajos como actor en televisi\u00f3n, teatro y publicidad m\u00e1s significativos en el Videobook Javier Varela actor.","og_url":"https:\/\/javiervarelactor.com\/?p=419","og_site_name":"Javier Varela","article_publisher":"https:\/\/www.facebook.com\/pages\/Javier-Varela\/145894855509796?sk=info&amp%3bamp%3bamp%3bamp%3btab=page_info","article_published_time":"2015-06-12T09:00:59+00:00","article_modified_time":"2015-09-22T14:29:59+00:00","og_image":[{"width":737,"height":545,"url":"https:\/\/javiervarelactor.com\/wp-content\/uploads\/2015\/06\/javier-varela-actor.jpg","type":"image\/jpeg"}],"author":"Javier Varela","twitter_misc":{"Escrito por":"Javier Varela","Tiempo de lectura":"1 minuto"},"schema":{"@context":"https:\/\/schema.org","@graph":[{"@type":"WebPage","@id":"https:\/\/javiervarelactor.com\/?p=419","url":"https:\/\/javiervarelactor.com\/?p=419","name":"Videobook javier varela actor","isPartOf":{"@id":"https:\/\/javiervarelactor.com\/#website"},"primaryImageOfPage":{"@id":"https:\/\/javiervarelactor.com\/?p=419#primaryimage"},"image":{"@id":"https:\/\/javiervarelactor.com\/?p=419#primaryimage"},"thumbnailUrl":"https:\/\/javiervarelactor.com\/wp-content\/uploads\/2015\/06\/javier-varela-actor.jpg","datePublished":"2015-06-12T09:00:59+00:00","dateModified":"2015-09-22T14:29:59+00:00","author":{"@id":"https:\/\/javiervarelactor.com\/#\/schema\/person\/e3104f2f3cca87d9a07b40f5281c02ba"},"description":"Nueva producci\u00f3n con un resumen de los trabajos como actor en televisi\u00f3n, teatro y publicidad m\u00e1s significativos en el Videobook Javier Varela actor.","breadcrumb":{"@id":"https:\/\/javiervarelactor.com\/?p=419#breadcrumb"},"inLanguage":"es","potentialAction":[{"@type":"ReadAction","target":["https:\/\/javiervarelactor.com\/?p=419"]}]},{"@type":"ImageObject","inLanguage":"es","@id":"https:\/\/javiervarelactor.com\/?p=419#primaryimage","url":"https:\/\/javiervarelactor.com\/wp-content\/uploads\/2015\/06\/javier-varela-actor.jpg","contentUrl":"https:\/\/javiervarelactor.com\/wp-content\/uploads\/2015\/06\/javier-varela-actor.jpg","width":737,"height":545,"caption":"videobook javier varela actor"},{"@type":"BreadcrumbList","@id":"https:\/\/javiervarelactor.com\/?p=419#breadcrumb","itemListElement":[{"@type":"ListItem","position":1,"name":"Inicio","item":"https:\/\/javiervarelactor.com\/"},{"@type":"ListItem","position":2,"name":"Nuevo Videobook &#8211; Javier Varela actor 2015"}]},{"@type":"WebSite","@id":"https:\/\/javiervarelactor.com\/#website","url":"https:\/\/javiervarelactor.com\/","name":"Javier Varela","description":"Actor y Presentador","potentialAction":[{"@type":"SearchAction","target":{"@type":"EntryPoint","urlTemplate":"https:\/\/javiervarelactor.com\/?s={search_term_string}"},"query-input":"required name=search_term_string"}],"inLanguage":"es"},{"@type":"Person","@id":"https:\/\/javiervarelactor.com\/#\/schema\/person\/e3104f2f3cca87d9a07b40f5281c02ba","name":"Javier Varela","image":{"@type":"ImageObject","inLanguage":"es","@id":"https:\/\/javiervarelactor.com\/#\/schema\/person\/image\/","url":"https:\/\/secure.gravatar.com\/avatar\/858edfdbe98ed682c9723085564a87b3?s=96&d=mm&r=g","contentUrl":"https:\/\/secure.gravatar.com\/avatar\/858edfdbe98ed682c9723085564a87b3?s=96&d=mm&r=g","caption":"Javier Varela"},"sameAs":["http:\/\/www.javiervarelactor.com"],"url":"https:\/\/javiervarelactor.com\/?author=1"}]}},"_links":{"self":[{"href":"https:\/\/javiervarelactor.com\/index.php?rest_route=\/wp\/v2\/posts\/419"}],"collection":[{"href":"https:\/\/javiervarelactor.com\/index.php?rest_route=\/wp\/v2\/posts"}],"about":[{"href":"https:\/\/javiervarelactor.com\/index.php?rest_route=\/wp\/v2\/types\/post"}],"author":[{"embeddable":true,"href":"https:\/\/javiervarelactor.com\/index.php?rest_route=\/wp\/v2\/users\/1"}],"replies":[{"embeddable":true,"href":"https:\/\/javiervarelactor.com\/index.php?rest_route=%2Fwp%2Fv2%2Fcomments&post=419"}],"version-history":[{"count":11,"href":"https:\/\/javiervarelactor.com\/index.php?rest_route=\/wp\/v2\/posts\/419\/revisions"}],"predecessor-version":[{"id":457,"href":"https:\/\/javiervarelactor.com\/index.php?rest_route=\/wp\/v2\/posts\/419\/revisions\/457"}],"wp:featuredmedia":[{"embeddable":true,"href":"https:\/\/javiervarelactor.com\/index.php?rest_route=\/wp\/v2\/media\/420"}],"wp:attachment":[{"href":"https:\/\/javiervarelactor.com\/index.php?rest_route=%2Fwp%2Fv2%2Fmedia&parent=419"}],"wp:term":[{"taxonomy":"category","embeddable":true,"href":"https:\/\/javiervarelactor.com\/index.php?rest_route=%2Fwp%2Fv2%2Fcategories&post=419"},{"taxonomy":"post_tag","embeddable":true,"href":"https:\/\/javiervarelactor.com\/index.php?rest_route=%2Fwp%2Fv2%2Ftags&post=419"}],"curies":[{"name":"wp","href":"https:\/\/api.w.org\/{rel}","templated":true}]}}