{"id":377,"date":"2015-05-27T09:58:59","date_gmt":"2015-05-27T09:58:59","guid":{"rendered":"http:\/\/javiervarelactor.com\/?p=377"},"modified":"2016-03-10T13:20:27","modified_gmt":"2016-03-10T13:20:27","slug":"javier-varela-en-teatro-alfil","status":"publish","type":"post","link":"https:\/\/javiervarelactor.com\/?p=377","title":{"rendered":"Javier Varela en Teatro Alfil"},"content":{"rendered":"<p>Hemos intentado resumir en este v\u00eddeo-tra\u00edler de unos minutos el trabajo de muchos meses.<\/p>\n<p>En estos 6 minutos condensamos la esencia de nuestro espect\u00e1culo \u00ab<strong>Un momento de ahora, 5 pesetas de las de antes<\/strong>\u00bb en un escenario \u00fanico y, como ya hemos hablado, muy especial, el <strong>Teatro Alfil en Madrid<\/strong>.<\/p>\n<p>Un escenario cargado de energ\u00eda y un p\u00fablico entendido en cultura, amigos y familia.<\/p>\n<p>\u00a1\u00a1\u00a1Espero que os guste a tod@s!!!<\/p>\n<p><iframe loading=\"lazy\" src=\"https:\/\/www.youtube.com\/embed\/_YK7Q-S6buw\" width=\"560\" height=\"315\" frameborder=\"0\" allowfullscreen=\"allowfullscreen\"><\/iframe><\/p>\n<p>Como siempre millones de <strong>gracias<\/strong> a Carmen Velayos\u00a0por este regalo, a Laudelina\u00a0y a Miguel Granero por creer en mis locuras.<\/p>\n<p>Pero sobre todo millones de gracias a todo el p\u00fablico que nos sigue, sin vosotros esta historia no tendr\u00eda sentido. Espero que disfrut\u00e9is de este trocito de<strong> risa.<\/strong><\/p>\n<p>\u00bfQu\u00e9 te ha parecido? \u00bfTe ha gustado este resumen de mi espect\u00e1culo \u00abUn momento duro de ahora, 5 pesetas de las de antes\u00bb en el Teatro Alfil?<\/p>\n<p>Si quieres, podemos vernos en tu teatro&#8230;.<\/p>\n<p>[contact_form lang=en]<\/p>\n<p>&nbsp;<\/p>\n","protected":false},"excerpt":{"rendered":"<p>Javier Varela en el Teatro Alfil de Madrid, mayo 2015.<\/p>\n","protected":false},"author":1,"featured_media":378,"comment_status":"closed","ping_status":"open","sticky":false,"template":"","format":"standard","meta":{"_monsterinsights_skip_tracking":false,"_monsterinsights_sitenote_active":false,"_monsterinsights_sitenote_note":"","_monsterinsights_sitenote_category":0,"footnotes":""},"categories":[21,11,2],"tags":[20,35,16,48],"yoast_head":"<!-- This site is optimized with the Yoast SEO plugin v22.7 - https:\/\/yoast.com\/wordpress\/plugins\/seo\/ -->\n<title>Javier Varela en Teatro Alfil<\/title>\n<meta name=\"description\" content=\"Javier Varela y su espect\u00e1culo de humor &quot;Un momento duro de ahora, 5 pesetas de las de antes&quot; en el Teatro Alfil de Madrid con gran afluencia de p\u00fablico.\" \/>\n<meta name=\"robots\" content=\"index, follow, max-snippet:-1, max-image-preview:large, max-video-preview:-1\" \/>\n<link rel=\"canonical\" href=\"https:\/\/javiervarelactor.com\/?p=377\" \/>\n<meta property=\"og:locale\" content=\"es_ES\" \/>\n<meta property=\"og:type\" content=\"article\" \/>\n<meta property=\"og:title\" content=\"Javier Varela en Teatro Alfil\" \/>\n<meta property=\"og:description\" content=\"Javier Varela y su espect\u00e1culo de humor &quot;Un momento duro de ahora, 5 pesetas de las de antes&quot; en el Teatro Alfil de Madrid con gran afluencia de p\u00fablico.\" \/>\n<meta property=\"og:url\" content=\"https:\/\/javiervarelactor.com\/?p=377\" \/>\n<meta property=\"og:site_name\" content=\"Javier Varela\" \/>\n<meta property=\"article:publisher\" content=\"https:\/\/www.facebook.com\/pages\/Javier-Varela\/145894855509796?sk=info&amp;amp%3bamp%3bamp%3bamp%3btab=page_info\" \/>\n<meta property=\"article:published_time\" content=\"2015-05-27T09:58:59+00:00\" \/>\n<meta property=\"article:modified_time\" content=\"2016-03-10T13:20:27+00:00\" \/>\n<meta property=\"og:image\" content=\"https:\/\/javiervarelactor.com\/wp-content\/uploads\/2015\/05\/teatro-alfil-humor.jpg\" \/>\n\t<meta property=\"og:image:width\" content=\"960\" \/>\n\t<meta property=\"og:image:height\" content=\"540\" \/>\n\t<meta property=\"og:image:type\" content=\"image\/jpeg\" \/>\n<meta name=\"author\" content=\"Javier Varela\" \/>\n<meta name=\"twitter:label1\" content=\"Escrito por\" \/>\n\t<meta name=\"twitter:data1\" content=\"Javier Varela\" \/>\n\t<meta name=\"twitter:label2\" content=\"Tiempo de lectura\" \/>\n\t<meta name=\"twitter:data2\" content=\"1 minuto\" \/>\n<script type=\"application\/ld+json\" class=\"yoast-schema-graph\">{\"@context\":\"https:\/\/schema.org\",\"@graph\":[{\"@type\":\"WebPage\",\"@id\":\"https:\/\/javiervarelactor.com\/?p=377\",\"url\":\"https:\/\/javiervarelactor.com\/?p=377\",\"name\":\"Javier Varela en Teatro Alfil\",\"isPartOf\":{\"@id\":\"https:\/\/javiervarelactor.com\/#website\"},\"primaryImageOfPage\":{\"@id\":\"https:\/\/javiervarelactor.com\/?p=377#primaryimage\"},\"image\":{\"@id\":\"https:\/\/javiervarelactor.com\/?p=377#primaryimage\"},\"thumbnailUrl\":\"https:\/\/javiervarelactor.com\/wp-content\/uploads\/2015\/05\/teatro-alfil-humor.jpg\",\"datePublished\":\"2015-05-27T09:58:59+00:00\",\"dateModified\":\"2016-03-10T13:20:27+00:00\",\"author\":{\"@id\":\"https:\/\/javiervarelactor.com\/#\/schema\/person\/e3104f2f3cca87d9a07b40f5281c02ba\"},\"description\":\"Javier Varela y su espect\u00e1culo de humor \\\"Un momento duro de ahora, 5 pesetas de las de antes\\\" en el Teatro Alfil de Madrid con gran afluencia de p\u00fablico.\",\"breadcrumb\":{\"@id\":\"https:\/\/javiervarelactor.com\/?p=377#breadcrumb\"},\"inLanguage\":\"es\",\"potentialAction\":[{\"@type\":\"ReadAction\",\"target\":[\"https:\/\/javiervarelactor.com\/?p=377\"]}]},{\"@type\":\"ImageObject\",\"inLanguage\":\"es\",\"@id\":\"https:\/\/javiervarelactor.com\/?p=377#primaryimage\",\"url\":\"https:\/\/javiervarelactor.com\/wp-content\/uploads\/2015\/05\/teatro-alfil-humor.jpg\",\"contentUrl\":\"https:\/\/javiervarelactor.com\/wp-content\/uploads\/2015\/05\/teatro-alfil-humor.jpg\",\"width\":960,\"height\":540,\"caption\":\"Javier Varela espect\u00e1culo en Teatro Alfil\"},{\"@type\":\"BreadcrumbList\",\"@id\":\"https:\/\/javiervarelactor.com\/?p=377#breadcrumb\",\"itemListElement\":[{\"@type\":\"ListItem\",\"position\":1,\"name\":\"Inicio\",\"item\":\"https:\/\/javiervarelactor.com\/\"},{\"@type\":\"ListItem\",\"position\":2,\"name\":\"Javier Varela en Teatro Alfil\"}]},{\"@type\":\"WebSite\",\"@id\":\"https:\/\/javiervarelactor.com\/#website\",\"url\":\"https:\/\/javiervarelactor.com\/\",\"name\":\"Javier Varela\",\"description\":\"Actor y Presentador\",\"potentialAction\":[{\"@type\":\"SearchAction\",\"target\":{\"@type\":\"EntryPoint\",\"urlTemplate\":\"https:\/\/javiervarelactor.com\/?s={search_term_string}\"},\"query-input\":\"required name=search_term_string\"}],\"inLanguage\":\"es\"},{\"@type\":\"Person\",\"@id\":\"https:\/\/javiervarelactor.com\/#\/schema\/person\/e3104f2f3cca87d9a07b40f5281c02ba\",\"name\":\"Javier Varela\",\"image\":{\"@type\":\"ImageObject\",\"inLanguage\":\"es\",\"@id\":\"https:\/\/javiervarelactor.com\/#\/schema\/person\/image\/\",\"url\":\"https:\/\/secure.gravatar.com\/avatar\/858edfdbe98ed682c9723085564a87b3?s=96&d=mm&r=g\",\"contentUrl\":\"https:\/\/secure.gravatar.com\/avatar\/858edfdbe98ed682c9723085564a87b3?s=96&d=mm&r=g\",\"caption\":\"Javier Varela\"},\"sameAs\":[\"http:\/\/www.javiervarelactor.com\"],\"url\":\"https:\/\/javiervarelactor.com\/?author=1\"}]}<\/script>\n<!-- \/ Yoast SEO plugin. -->","yoast_head_json":{"title":"Javier Varela en Teatro Alfil","description":"Javier Varela y su espect\u00e1culo de humor \"Un momento duro de ahora, 5 pesetas de las de antes\" en el Teatro Alfil de Madrid con gran afluencia de p\u00fablico.","robots":{"index":"index","follow":"follow","max-snippet":"max-snippet:-1","max-image-preview":"max-image-preview:large","max-video-preview":"max-video-preview:-1"},"canonical":"https:\/\/javiervarelactor.com\/?p=377","og_locale":"es_ES","og_type":"article","og_title":"Javier Varela en Teatro Alfil","og_description":"Javier Varela y su espect\u00e1culo de humor \"Un momento duro de ahora, 5 pesetas de las de antes\" en el Teatro Alfil de Madrid con gran afluencia de p\u00fablico.","og_url":"https:\/\/javiervarelactor.com\/?p=377","og_site_name":"Javier Varela","article_publisher":"https:\/\/www.facebook.com\/pages\/Javier-Varela\/145894855509796?sk=info&amp%3bamp%3bamp%3bamp%3btab=page_info","article_published_time":"2015-05-27T09:58:59+00:00","article_modified_time":"2016-03-10T13:20:27+00:00","og_image":[{"width":960,"height":540,"url":"https:\/\/javiervarelactor.com\/wp-content\/uploads\/2015\/05\/teatro-alfil-humor.jpg","type":"image\/jpeg"}],"author":"Javier Varela","twitter_misc":{"Escrito por":"Javier Varela","Tiempo de lectura":"1 minuto"},"schema":{"@context":"https:\/\/schema.org","@graph":[{"@type":"WebPage","@id":"https:\/\/javiervarelactor.com\/?p=377","url":"https:\/\/javiervarelactor.com\/?p=377","name":"Javier Varela en Teatro Alfil","isPartOf":{"@id":"https:\/\/javiervarelactor.com\/#website"},"primaryImageOfPage":{"@id":"https:\/\/javiervarelactor.com\/?p=377#primaryimage"},"image":{"@id":"https:\/\/javiervarelactor.com\/?p=377#primaryimage"},"thumbnailUrl":"https:\/\/javiervarelactor.com\/wp-content\/uploads\/2015\/05\/teatro-alfil-humor.jpg","datePublished":"2015-05-27T09:58:59+00:00","dateModified":"2016-03-10T13:20:27+00:00","author":{"@id":"https:\/\/javiervarelactor.com\/#\/schema\/person\/e3104f2f3cca87d9a07b40f5281c02ba"},"description":"Javier Varela y su espect\u00e1culo de humor \"Un momento duro de ahora, 5 pesetas de las de antes\" en el Teatro Alfil de Madrid con gran afluencia de p\u00fablico.","breadcrumb":{"@id":"https:\/\/javiervarelactor.com\/?p=377#breadcrumb"},"inLanguage":"es","potentialAction":[{"@type":"ReadAction","target":["https:\/\/javiervarelactor.com\/?p=377"]}]},{"@type":"ImageObject","inLanguage":"es","@id":"https:\/\/javiervarelactor.com\/?p=377#primaryimage","url":"https:\/\/javiervarelactor.com\/wp-content\/uploads\/2015\/05\/teatro-alfil-humor.jpg","contentUrl":"https:\/\/javiervarelactor.com\/wp-content\/uploads\/2015\/05\/teatro-alfil-humor.jpg","width":960,"height":540,"caption":"Javier Varela espect\u00e1culo en Teatro Alfil"},{"@type":"BreadcrumbList","@id":"https:\/\/javiervarelactor.com\/?p=377#breadcrumb","itemListElement":[{"@type":"ListItem","position":1,"name":"Inicio","item":"https:\/\/javiervarelactor.com\/"},{"@type":"ListItem","position":2,"name":"Javier Varela en Teatro Alfil"}]},{"@type":"WebSite","@id":"https:\/\/javiervarelactor.com\/#website","url":"https:\/\/javiervarelactor.com\/","name":"Javier Varela","description":"Actor y Presentador","potentialAction":[{"@type":"SearchAction","target":{"@type":"EntryPoint","urlTemplate":"https:\/\/javiervarelactor.com\/?s={search_term_string}"},"query-input":"required name=search_term_string"}],"inLanguage":"es"},{"@type":"Person","@id":"https:\/\/javiervarelactor.com\/#\/schema\/person\/e3104f2f3cca87d9a07b40f5281c02ba","name":"Javier Varela","image":{"@type":"ImageObject","inLanguage":"es","@id":"https:\/\/javiervarelactor.com\/#\/schema\/person\/image\/","url":"https:\/\/secure.gravatar.com\/avatar\/858edfdbe98ed682c9723085564a87b3?s=96&d=mm&r=g","contentUrl":"https:\/\/secure.gravatar.com\/avatar\/858edfdbe98ed682c9723085564a87b3?s=96&d=mm&r=g","caption":"Javier Varela"},"sameAs":["http:\/\/www.javiervarelactor.com"],"url":"https:\/\/javiervarelactor.com\/?author=1"}]}},"_links":{"self":[{"href":"https:\/\/javiervarelactor.com\/index.php?rest_route=\/wp\/v2\/posts\/377"}],"collection":[{"href":"https:\/\/javiervarelactor.com\/index.php?rest_route=\/wp\/v2\/posts"}],"about":[{"href":"https:\/\/javiervarelactor.com\/index.php?rest_route=\/wp\/v2\/types\/post"}],"author":[{"embeddable":true,"href":"https:\/\/javiervarelactor.com\/index.php?rest_route=\/wp\/v2\/users\/1"}],"replies":[{"embeddable":true,"href":"https:\/\/javiervarelactor.com\/index.php?rest_route=%2Fwp%2Fv2%2Fcomments&post=377"}],"version-history":[{"count":5,"href":"https:\/\/javiervarelactor.com\/index.php?rest_route=\/wp\/v2\/posts\/377\/revisions"}],"predecessor-version":[{"id":383,"href":"https:\/\/javiervarelactor.com\/index.php?rest_route=\/wp\/v2\/posts\/377\/revisions\/383"}],"wp:featuredmedia":[{"embeddable":true,"href":"https:\/\/javiervarelactor.com\/index.php?rest_route=\/wp\/v2\/media\/378"}],"wp:attachment":[{"href":"https:\/\/javiervarelactor.com\/index.php?rest_route=%2Fwp%2Fv2%2Fmedia&parent=377"}],"wp:term":[{"taxonomy":"category","embeddable":true,"href":"https:\/\/javiervarelactor.com\/index.php?rest_route=%2Fwp%2Fv2%2Fcategories&post=377"},{"taxonomy":"post_tag","embeddable":true,"href":"https:\/\/javiervarelactor.com\/index.php?rest_route=%2Fwp%2Fv2%2Ftags&post=377"}],"curies":[{"name":"wp","href":"https:\/\/api.w.org\/{rel}","templated":true}]}}