{"id":282,"date":"2015-05-09T10:03:04","date_gmt":"2015-05-09T10:03:04","guid":{"rendered":"http:\/\/javiervarelactor.com\/?p=282"},"modified":"2016-03-10T13:23:23","modified_gmt":"2016-03-10T13:23:23","slug":"humor-en-madrid","status":"publish","type":"post","link":"https:\/\/javiervarelactor.com\/?p=282","title":{"rendered":"Humor en Madrid: Teatro Alfil"},"content":{"rendered":"<p><a href=\"http:\/\/javiervarelactor.com\/wp-content\/uploads\/2015\/05\/image.jpg\"><img loading=\"lazy\" decoding=\"async\" class=\" size-medium wp-image-288 alignleft\" src=\"http:\/\/javiervarelactor.com\/wp-content\/uploads\/2015\/05\/image-300x225.jpg\" alt=\"Javier varela alfil\" width=\"300\" height=\"225\" srcset=\"https:\/\/javiervarelactor.com\/wp-content\/uploads\/2015\/05\/image-300x225.jpg 300w, https:\/\/javiervarelactor.com\/wp-content\/uploads\/2015\/05\/image-1024x768.jpg 1024w, https:\/\/javiervarelactor.com\/wp-content\/uploads\/2015\/05\/image.jpg 1280w\" sizes=\"(max-width: 300px) 100vw, 300px\" \/><\/a>El pasado viernes 8 de Mayo ha sido un d\u00eda muy especial.<br \/>\nHe tenido el lujo de subirme a un teatro que, para muchos, es un <strong>referente de la comedia<\/strong> en Espa\u00f1a.<br \/>\nEst\u00e1 claro que para m\u00ed es <strong>mucho m\u00e1s que eso:<\/strong>\u00a0El Teatro Alfil es humor, es disfrute y es TEATRO.<\/p>\n<p>Nuestro \u201c<em>Un momento duro de ahora\u20265 pesetas de las de antes<\/em>\u00ab, nos est\u00e1 dando muchas alegr\u00edas, y de eso tiene mucha culpa el se\u00f1or <strong>Miguel Granero<\/strong>, un excelente m\u00fasico, un gran compa\u00f1ero de escena y sobre todo un gran amigo. Sin su trabajo constante, y en este sentido me gustar\u00eda nombrar tambi\u00e9n a Carmen Velayos, Laura Benito y otros muchos que siempre nos ayudan a so\u00f1ar, colaboran en que todo se transforme en realidad, esta locura ser\u00eda imposible\u2026..<\/p>\n<p>Muchas gracias al p\u00fablico fiel del Teatro Alfil, gracias a ellos actuar en este escenario es un verdadero lujo, este tipo de p\u00fablico hace crecer a todo el mundo del espect\u00e1culo, gracias. Y much\u00edsimas gracias a nuestros amigos, conocidos y allegados; mil gracias por estar ah\u00ed, por apoyarnos en cuanto visteis Javier Varela en Madrid, por disfrutar y por compartir. Muchas gracias a nuestros amigos porque, transformar a un amigo en seguidor despu\u00e9s de un espect\u00e1culo como \u00e9ste, es el verdadero triunfo.<\/p>\n<p>Este Viernes 8 de Mayo <strong>me he estrenado en el Teatro Alfil<\/strong> de Madrid, y lo \u00fanico que deseo es volver a subir y disfrutar de hacer re\u00edr. Volveremos a vernos con m\u00e1s<strong> humor en Madrid<\/strong>.<\/p>\n","protected":false},"excerpt":{"rendered":"<p>Mon\u00f3logo, espect\u00e1culo de humor y m\u00fasica en el Teatro Alfil, Javier Varela en Madrid.<\/p>\n","protected":false},"author":1,"featured_media":0,"comment_status":"closed","ping_status":"open","sticky":false,"template":"","format":"standard","meta":{"_monsterinsights_skip_tracking":false,"_monsterinsights_sitenote_active":false,"_monsterinsights_sitenote_note":"","_monsterinsights_sitenote_category":0,"footnotes":""},"categories":[11,2],"tags":[15,12,16,48],"yoast_head":"<!-- This site is optimized with the Yoast SEO plugin v22.7 - https:\/\/yoast.com\/wordpress\/plugins\/seo\/ -->\n<title>Humor en Madrid, Teatro Alfil<\/title>\n<meta name=\"description\" content=\"Javier Varela, humor en Madrid, Teatro Alfil, espect\u00e1culo de humor, mon\u00f3logo y m\u00fasica.\" \/>\n<meta name=\"robots\" content=\"index, follow, max-snippet:-1, max-image-preview:large, max-video-preview:-1\" \/>\n<link rel=\"canonical\" href=\"https:\/\/javiervarelactor.com\/?p=282\" \/>\n<meta property=\"og:locale\" content=\"es_ES\" \/>\n<meta property=\"og:type\" content=\"article\" \/>\n<meta property=\"og:title\" content=\"Humor en Madrid, Teatro Alfil\" \/>\n<meta property=\"og:description\" content=\"Javier Varela, humor en Madrid, Teatro Alfil, espect\u00e1culo de humor, mon\u00f3logo y m\u00fasica.\" \/>\n<meta property=\"og:url\" content=\"https:\/\/javiervarelactor.com\/?p=282\" \/>\n<meta property=\"og:site_name\" content=\"Javier Varela\" \/>\n<meta property=\"article:publisher\" content=\"https:\/\/www.facebook.com\/pages\/Javier-Varela\/145894855509796?sk=info&amp;amp%3bamp%3bamp%3bamp%3btab=page_info\" \/>\n<meta property=\"article:published_time\" content=\"2015-05-09T10:03:04+00:00\" \/>\n<meta property=\"article:modified_time\" content=\"2016-03-10T13:23:23+00:00\" \/>\n<meta property=\"og:image\" content=\"http:\/\/javiervarelactor.com\/wp-content\/uploads\/2015\/05\/image-300x225.jpg\" \/>\n<meta name=\"author\" content=\"Javier Varela\" \/>\n<meta name=\"twitter:label1\" content=\"Escrito por\" \/>\n\t<meta name=\"twitter:data1\" content=\"Javier Varela\" \/>\n\t<meta name=\"twitter:label2\" content=\"Tiempo de lectura\" \/>\n\t<meta name=\"twitter:data2\" content=\"1 minuto\" \/>\n<script type=\"application\/ld+json\" class=\"yoast-schema-graph\">{\"@context\":\"https:\/\/schema.org\",\"@graph\":[{\"@type\":\"WebPage\",\"@id\":\"https:\/\/javiervarelactor.com\/?p=282\",\"url\":\"https:\/\/javiervarelactor.com\/?p=282\",\"name\":\"Humor en Madrid, Teatro Alfil\",\"isPartOf\":{\"@id\":\"https:\/\/javiervarelactor.com\/#website\"},\"primaryImageOfPage\":{\"@id\":\"https:\/\/javiervarelactor.com\/?p=282#primaryimage\"},\"image\":{\"@id\":\"https:\/\/javiervarelactor.com\/?p=282#primaryimage\"},\"thumbnailUrl\":\"http:\/\/javiervarelactor.com\/wp-content\/uploads\/2015\/05\/image-300x225.jpg\",\"datePublished\":\"2015-05-09T10:03:04+00:00\",\"dateModified\":\"2016-03-10T13:23:23+00:00\",\"author\":{\"@id\":\"https:\/\/javiervarelactor.com\/#\/schema\/person\/e3104f2f3cca87d9a07b40f5281c02ba\"},\"description\":\"Javier Varela, humor en Madrid, Teatro Alfil, espect\u00e1culo de humor, mon\u00f3logo y m\u00fasica.\",\"breadcrumb\":{\"@id\":\"https:\/\/javiervarelactor.com\/?p=282#breadcrumb\"},\"inLanguage\":\"es\",\"potentialAction\":[{\"@type\":\"ReadAction\",\"target\":[\"https:\/\/javiervarelactor.com\/?p=282\"]}]},{\"@type\":\"ImageObject\",\"inLanguage\":\"es\",\"@id\":\"https:\/\/javiervarelactor.com\/?p=282#primaryimage\",\"url\":\"https:\/\/javiervarelactor.com\/wp-content\/uploads\/2015\/05\/image.jpg\",\"contentUrl\":\"https:\/\/javiervarelactor.com\/wp-content\/uploads\/2015\/05\/image.jpg\",\"width\":1280,\"height\":960},{\"@type\":\"BreadcrumbList\",\"@id\":\"https:\/\/javiervarelactor.com\/?p=282#breadcrumb\",\"itemListElement\":[{\"@type\":\"ListItem\",\"position\":1,\"name\":\"Inicio\",\"item\":\"https:\/\/javiervarelactor.com\/\"},{\"@type\":\"ListItem\",\"position\":2,\"name\":\"Humor en Madrid: Teatro Alfil\"}]},{\"@type\":\"WebSite\",\"@id\":\"https:\/\/javiervarelactor.com\/#website\",\"url\":\"https:\/\/javiervarelactor.com\/\",\"name\":\"Javier Varela\",\"description\":\"Actor y Presentador\",\"potentialAction\":[{\"@type\":\"SearchAction\",\"target\":{\"@type\":\"EntryPoint\",\"urlTemplate\":\"https:\/\/javiervarelactor.com\/?s={search_term_string}\"},\"query-input\":\"required name=search_term_string\"}],\"inLanguage\":\"es\"},{\"@type\":\"Person\",\"@id\":\"https:\/\/javiervarelactor.com\/#\/schema\/person\/e3104f2f3cca87d9a07b40f5281c02ba\",\"name\":\"Javier Varela\",\"image\":{\"@type\":\"ImageObject\",\"inLanguage\":\"es\",\"@id\":\"https:\/\/javiervarelactor.com\/#\/schema\/person\/image\/\",\"url\":\"https:\/\/secure.gravatar.com\/avatar\/858edfdbe98ed682c9723085564a87b3?s=96&d=mm&r=g\",\"contentUrl\":\"https:\/\/secure.gravatar.com\/avatar\/858edfdbe98ed682c9723085564a87b3?s=96&d=mm&r=g\",\"caption\":\"Javier Varela\"},\"sameAs\":[\"http:\/\/www.javiervarelactor.com\"],\"url\":\"https:\/\/javiervarelactor.com\/?author=1\"}]}<\/script>\n<!-- \/ Yoast SEO plugin. -->","yoast_head_json":{"title":"Humor en Madrid, Teatro Alfil","description":"Javier Varela, humor en Madrid, Teatro Alfil, espect\u00e1culo de humor, mon\u00f3logo y m\u00fasica.","robots":{"index":"index","follow":"follow","max-snippet":"max-snippet:-1","max-image-preview":"max-image-preview:large","max-video-preview":"max-video-preview:-1"},"canonical":"https:\/\/javiervarelactor.com\/?p=282","og_locale":"es_ES","og_type":"article","og_title":"Humor en Madrid, Teatro Alfil","og_description":"Javier Varela, humor en Madrid, Teatro Alfil, espect\u00e1culo de humor, mon\u00f3logo y m\u00fasica.","og_url":"https:\/\/javiervarelactor.com\/?p=282","og_site_name":"Javier Varela","article_publisher":"https:\/\/www.facebook.com\/pages\/Javier-Varela\/145894855509796?sk=info&amp%3bamp%3bamp%3bamp%3btab=page_info","article_published_time":"2015-05-09T10:03:04+00:00","article_modified_time":"2016-03-10T13:23:23+00:00","og_image":[{"url":"http:\/\/javiervarelactor.com\/wp-content\/uploads\/2015\/05\/image-300x225.jpg"}],"author":"Javier Varela","twitter_misc":{"Escrito por":"Javier Varela","Tiempo de lectura":"1 minuto"},"schema":{"@context":"https:\/\/schema.org","@graph":[{"@type":"WebPage","@id":"https:\/\/javiervarelactor.com\/?p=282","url":"https:\/\/javiervarelactor.com\/?p=282","name":"Humor en Madrid, Teatro Alfil","isPartOf":{"@id":"https:\/\/javiervarelactor.com\/#website"},"primaryImageOfPage":{"@id":"https:\/\/javiervarelactor.com\/?p=282#primaryimage"},"image":{"@id":"https:\/\/javiervarelactor.com\/?p=282#primaryimage"},"thumbnailUrl":"http:\/\/javiervarelactor.com\/wp-content\/uploads\/2015\/05\/image-300x225.jpg","datePublished":"2015-05-09T10:03:04+00:00","dateModified":"2016-03-10T13:23:23+00:00","author":{"@id":"https:\/\/javiervarelactor.com\/#\/schema\/person\/e3104f2f3cca87d9a07b40f5281c02ba"},"description":"Javier Varela, humor en Madrid, Teatro Alfil, espect\u00e1culo de humor, mon\u00f3logo y m\u00fasica.","breadcrumb":{"@id":"https:\/\/javiervarelactor.com\/?p=282#breadcrumb"},"inLanguage":"es","potentialAction":[{"@type":"ReadAction","target":["https:\/\/javiervarelactor.com\/?p=282"]}]},{"@type":"ImageObject","inLanguage":"es","@id":"https:\/\/javiervarelactor.com\/?p=282#primaryimage","url":"https:\/\/javiervarelactor.com\/wp-content\/uploads\/2015\/05\/image.jpg","contentUrl":"https:\/\/javiervarelactor.com\/wp-content\/uploads\/2015\/05\/image.jpg","width":1280,"height":960},{"@type":"BreadcrumbList","@id":"https:\/\/javiervarelactor.com\/?p=282#breadcrumb","itemListElement":[{"@type":"ListItem","position":1,"name":"Inicio","item":"https:\/\/javiervarelactor.com\/"},{"@type":"ListItem","position":2,"name":"Humor en Madrid: Teatro Alfil"}]},{"@type":"WebSite","@id":"https:\/\/javiervarelactor.com\/#website","url":"https:\/\/javiervarelactor.com\/","name":"Javier Varela","description":"Actor y Presentador","potentialAction":[{"@type":"SearchAction","target":{"@type":"EntryPoint","urlTemplate":"https:\/\/javiervarelactor.com\/?s={search_term_string}"},"query-input":"required name=search_term_string"}],"inLanguage":"es"},{"@type":"Person","@id":"https:\/\/javiervarelactor.com\/#\/schema\/person\/e3104f2f3cca87d9a07b40f5281c02ba","name":"Javier Varela","image":{"@type":"ImageObject","inLanguage":"es","@id":"https:\/\/javiervarelactor.com\/#\/schema\/person\/image\/","url":"https:\/\/secure.gravatar.com\/avatar\/858edfdbe98ed682c9723085564a87b3?s=96&d=mm&r=g","contentUrl":"https:\/\/secure.gravatar.com\/avatar\/858edfdbe98ed682c9723085564a87b3?s=96&d=mm&r=g","caption":"Javier Varela"},"sameAs":["http:\/\/www.javiervarelactor.com"],"url":"https:\/\/javiervarelactor.com\/?author=1"}]}},"_links":{"self":[{"href":"https:\/\/javiervarelactor.com\/index.php?rest_route=\/wp\/v2\/posts\/282"}],"collection":[{"href":"https:\/\/javiervarelactor.com\/index.php?rest_route=\/wp\/v2\/posts"}],"about":[{"href":"https:\/\/javiervarelactor.com\/index.php?rest_route=\/wp\/v2\/types\/post"}],"author":[{"embeddable":true,"href":"https:\/\/javiervarelactor.com\/index.php?rest_route=\/wp\/v2\/users\/1"}],"replies":[{"embeddable":true,"href":"https:\/\/javiervarelactor.com\/index.php?rest_route=%2Fwp%2Fv2%2Fcomments&post=282"}],"version-history":[{"count":4,"href":"https:\/\/javiervarelactor.com\/index.php?rest_route=\/wp\/v2\/posts\/282\/revisions"}],"predecessor-version":[{"id":460,"href":"https:\/\/javiervarelactor.com\/index.php?rest_route=\/wp\/v2\/posts\/282\/revisions\/460"}],"wp:attachment":[{"href":"https:\/\/javiervarelactor.com\/index.php?rest_route=%2Fwp%2Fv2%2Fmedia&parent=282"}],"wp:term":[{"taxonomy":"category","embeddable":true,"href":"https:\/\/javiervarelactor.com\/index.php?rest_route=%2Fwp%2Fv2%2Fcategories&post=282"},{"taxonomy":"post_tag","embeddable":true,"href":"https:\/\/javiervarelactor.com\/index.php?rest_route=%2Fwp%2Fv2%2Ftags&post=282"}],"curies":[{"name":"wp","href":"https:\/\/api.w.org\/{rel}","templated":true}]}}