{"id":24,"date":"2015-04-06T20:48:34","date_gmt":"2015-04-06T20:48:34","guid":{"rendered":"http:\/\/cetras.org\/javiervarela\/?p=24"},"modified":"2015-09-22T14:30:55","modified_gmt":"2015-09-22T14:30:55","slug":"monologo-en-santiago-de-compostela","status":"publish","type":"post","link":"https:\/\/javiervarelactor.com\/?p=24","title":{"rendered":"Mon\u00f3logo en Santiago de Compostela"},"content":{"rendered":"<p>Los pr\u00f3ximos 5 jueves y 6 viernes de febrero en Sal\u00f3n Teatro de Santiago podr\u00e1s disfrutar del espect\u00e1culo mon\u00f3logo \u00abUn momento duro de ahora, 5 pesetas de las de antes\u00bb<a href=\"http:\/\/javiervarelactor.com\/wp-content\/uploads\/2015\/04\/javier_varela_500X500.jpg\"><img loading=\"lazy\" decoding=\"async\" class=\" wp-image-26 size-medium alignleft\" src=\"http:\/\/javiervarelactor.com\/wp-content\/uploads\/2015\/04\/javier_varela_500X500-300x289.jpg\" alt=\"javier_varela_500X500\" width=\"300\" height=\"289\" srcset=\"https:\/\/javiervarelactor.com\/wp-content\/uploads\/2015\/04\/javier_varela_500X500-300x289.jpg 300w, https:\/\/javiervarelactor.com\/wp-content\/uploads\/2015\/04\/javier_varela_500X500.jpg 500w\" sizes=\"(max-width: 300px) 100vw, 300px\" \/><\/a><\/p>\n<p><!--more--><\/p>\n<p>Tengo el gusto de compartir la presentaci\u00f3n de mi mon\u00f3logo en Santiago de Compostela, en el prestigioso Sal\u00f3n Teatro. Dos d\u00edas de risas, muchas risas, con el inmenso placer que supone tener al lado al gran Miguel Granero al piano, con sorpresas musicales, y a Rafa Dur\u00e1n como maestro de ceremonias, muchas risas.<\/p>\n<p>Un buen plan para la tarde del jueves o del viernes, a las 20.30h mon\u00f3logo en Santiago de Compostela.<br \/>\nO ser humano non est\u00e1 xeneticamente preparado para traballar. En Galicia somos todos artistas, e por moito que as cousas non vaian ben, sempre temos a capacidade de rirnos de nos mesmos, xa que o fin e o cabo, \u201cUn momento duro de ahora, 5 pesetas de las de antes\u201d<\/p>\n","protected":false},"excerpt":{"rendered":"<p>Los pr\u00f3ximos 5 jueves y 6 viernes de febrero en Sal\u00f3n Teatro de Santiago podr\u00e1s disfrutar del espect\u00e1culo mon\u00f3logo \u00abUn momento duro de ahora, 5 pesetas de las de antes\u00bb<\/p>\n","protected":false},"author":1,"featured_media":123,"comment_status":"closed","ping_status":"open","sticky":false,"template":"","format":"standard","meta":{"_monsterinsights_skip_tracking":false,"_monsterinsights_sitenote_active":false,"_monsterinsights_sitenote_note":"","_monsterinsights_sitenote_category":0,"footnotes":""},"categories":[2],"tags":[27,15],"yoast_head":"<!-- This site is optimized with the Yoast SEO plugin v22.7 - https:\/\/yoast.com\/wordpress\/plugins\/seo\/ -->\n<title>Mon\u00f3logo en Santiago de Compostela<\/title>\n<meta name=\"description\" content=\"Mon\u00f3logo en Santiago de Compostela\" \/>\n<meta name=\"robots\" content=\"index, follow, max-snippet:-1, max-image-preview:large, max-video-preview:-1\" \/>\n<link rel=\"canonical\" href=\"https:\/\/javiervarelactor.com\/?p=24\" \/>\n<meta property=\"og:locale\" content=\"es_ES\" \/>\n<meta property=\"og:type\" content=\"article\" \/>\n<meta property=\"og:title\" content=\"Mon\u00f3logo en Santiago de Compostela\" \/>\n<meta property=\"og:description\" content=\"Mon\u00f3logo en Santiago de Compostela\" \/>\n<meta property=\"og:url\" content=\"https:\/\/javiervarelactor.com\/?p=24\" \/>\n<meta property=\"og:site_name\" content=\"Javier Varela\" \/>\n<meta property=\"article:publisher\" content=\"https:\/\/www.facebook.com\/pages\/Javier-Varela\/145894855509796?sk=info&amp;amp%3bamp%3bamp%3bamp%3btab=page_info\" \/>\n<meta property=\"article:published_time\" content=\"2015-04-06T20:48:34+00:00\" \/>\n<meta property=\"article:modified_time\" content=\"2015-09-22T14:30:55+00:00\" \/>\n<meta property=\"og:image\" content=\"https:\/\/javiervarelactor.com\/wp-content\/uploads\/2015\/04\/monologo-alfil-2.jpg\" \/>\n\t<meta property=\"og:image:width\" content=\"506\" \/>\n\t<meta property=\"og:image:height\" content=\"464\" \/>\n\t<meta property=\"og:image:type\" content=\"image\/jpeg\" \/>\n<meta name=\"author\" content=\"Javier Varela\" \/>\n<meta name=\"twitter:label1\" content=\"Escrito por\" \/>\n\t<meta name=\"twitter:data1\" content=\"Javier Varela\" \/>\n\t<meta name=\"twitter:label2\" content=\"Tiempo de lectura\" \/>\n\t<meta name=\"twitter:data2\" content=\"1 minuto\" \/>\n<script type=\"application\/ld+json\" class=\"yoast-schema-graph\">{\"@context\":\"https:\/\/schema.org\",\"@graph\":[{\"@type\":\"WebPage\",\"@id\":\"https:\/\/javiervarelactor.com\/?p=24\",\"url\":\"https:\/\/javiervarelactor.com\/?p=24\",\"name\":\"Mon\u00f3logo en Santiago de Compostela\",\"isPartOf\":{\"@id\":\"https:\/\/javiervarelactor.com\/#website\"},\"primaryImageOfPage\":{\"@id\":\"https:\/\/javiervarelactor.com\/?p=24#primaryimage\"},\"image\":{\"@id\":\"https:\/\/javiervarelactor.com\/?p=24#primaryimage\"},\"thumbnailUrl\":\"https:\/\/javiervarelactor.com\/wp-content\/uploads\/2015\/04\/monologo-alfil-2.jpg\",\"datePublished\":\"2015-04-06T20:48:34+00:00\",\"dateModified\":\"2015-09-22T14:30:55+00:00\",\"author\":{\"@id\":\"https:\/\/javiervarelactor.com\/#\/schema\/person\/e3104f2f3cca87d9a07b40f5281c02ba\"},\"description\":\"Mon\u00f3logo en Santiago de Compostela\",\"breadcrumb\":{\"@id\":\"https:\/\/javiervarelactor.com\/?p=24#breadcrumb\"},\"inLanguage\":\"es\",\"potentialAction\":[{\"@type\":\"ReadAction\",\"target\":[\"https:\/\/javiervarelactor.com\/?p=24\"]}]},{\"@type\":\"ImageObject\",\"inLanguage\":\"es\",\"@id\":\"https:\/\/javiervarelactor.com\/?p=24#primaryimage\",\"url\":\"https:\/\/javiervarelactor.com\/wp-content\/uploads\/2015\/04\/monologo-alfil-2.jpg\",\"contentUrl\":\"https:\/\/javiervarelactor.com\/wp-content\/uploads\/2015\/04\/monologo-alfil-2.jpg\",\"width\":506,\"height\":464},{\"@type\":\"BreadcrumbList\",\"@id\":\"https:\/\/javiervarelactor.com\/?p=24#breadcrumb\",\"itemListElement\":[{\"@type\":\"ListItem\",\"position\":1,\"name\":\"Inicio\",\"item\":\"https:\/\/javiervarelactor.com\/\"},{\"@type\":\"ListItem\",\"position\":2,\"name\":\"Mon\u00f3logo en Santiago de Compostela\"}]},{\"@type\":\"WebSite\",\"@id\":\"https:\/\/javiervarelactor.com\/#website\",\"url\":\"https:\/\/javiervarelactor.com\/\",\"name\":\"Javier Varela\",\"description\":\"Actor y Presentador\",\"potentialAction\":[{\"@type\":\"SearchAction\",\"target\":{\"@type\":\"EntryPoint\",\"urlTemplate\":\"https:\/\/javiervarelactor.com\/?s={search_term_string}\"},\"query-input\":\"required name=search_term_string\"}],\"inLanguage\":\"es\"},{\"@type\":\"Person\",\"@id\":\"https:\/\/javiervarelactor.com\/#\/schema\/person\/e3104f2f3cca87d9a07b40f5281c02ba\",\"name\":\"Javier Varela\",\"image\":{\"@type\":\"ImageObject\",\"inLanguage\":\"es\",\"@id\":\"https:\/\/javiervarelactor.com\/#\/schema\/person\/image\/\",\"url\":\"https:\/\/secure.gravatar.com\/avatar\/858edfdbe98ed682c9723085564a87b3?s=96&d=mm&r=g\",\"contentUrl\":\"https:\/\/secure.gravatar.com\/avatar\/858edfdbe98ed682c9723085564a87b3?s=96&d=mm&r=g\",\"caption\":\"Javier Varela\"},\"sameAs\":[\"http:\/\/www.javiervarelactor.com\"],\"url\":\"https:\/\/javiervarelactor.com\/?author=1\"}]}<\/script>\n<!-- \/ Yoast SEO plugin. -->","yoast_head_json":{"title":"Mon\u00f3logo en Santiago de Compostela","description":"Mon\u00f3logo en Santiago de Compostela","robots":{"index":"index","follow":"follow","max-snippet":"max-snippet:-1","max-image-preview":"max-image-preview:large","max-video-preview":"max-video-preview:-1"},"canonical":"https:\/\/javiervarelactor.com\/?p=24","og_locale":"es_ES","og_type":"article","og_title":"Mon\u00f3logo en Santiago de Compostela","og_description":"Mon\u00f3logo en Santiago de Compostela","og_url":"https:\/\/javiervarelactor.com\/?p=24","og_site_name":"Javier Varela","article_publisher":"https:\/\/www.facebook.com\/pages\/Javier-Varela\/145894855509796?sk=info&amp%3bamp%3bamp%3bamp%3btab=page_info","article_published_time":"2015-04-06T20:48:34+00:00","article_modified_time":"2015-09-22T14:30:55+00:00","og_image":[{"width":506,"height":464,"url":"https:\/\/javiervarelactor.com\/wp-content\/uploads\/2015\/04\/monologo-alfil-2.jpg","type":"image\/jpeg"}],"author":"Javier Varela","twitter_misc":{"Escrito por":"Javier Varela","Tiempo de lectura":"1 minuto"},"schema":{"@context":"https:\/\/schema.org","@graph":[{"@type":"WebPage","@id":"https:\/\/javiervarelactor.com\/?p=24","url":"https:\/\/javiervarelactor.com\/?p=24","name":"Mon\u00f3logo en Santiago de Compostela","isPartOf":{"@id":"https:\/\/javiervarelactor.com\/#website"},"primaryImageOfPage":{"@id":"https:\/\/javiervarelactor.com\/?p=24#primaryimage"},"image":{"@id":"https:\/\/javiervarelactor.com\/?p=24#primaryimage"},"thumbnailUrl":"https:\/\/javiervarelactor.com\/wp-content\/uploads\/2015\/04\/monologo-alfil-2.jpg","datePublished":"2015-04-06T20:48:34+00:00","dateModified":"2015-09-22T14:30:55+00:00","author":{"@id":"https:\/\/javiervarelactor.com\/#\/schema\/person\/e3104f2f3cca87d9a07b40f5281c02ba"},"description":"Mon\u00f3logo en Santiago de Compostela","breadcrumb":{"@id":"https:\/\/javiervarelactor.com\/?p=24#breadcrumb"},"inLanguage":"es","potentialAction":[{"@type":"ReadAction","target":["https:\/\/javiervarelactor.com\/?p=24"]}]},{"@type":"ImageObject","inLanguage":"es","@id":"https:\/\/javiervarelactor.com\/?p=24#primaryimage","url":"https:\/\/javiervarelactor.com\/wp-content\/uploads\/2015\/04\/monologo-alfil-2.jpg","contentUrl":"https:\/\/javiervarelactor.com\/wp-content\/uploads\/2015\/04\/monologo-alfil-2.jpg","width":506,"height":464},{"@type":"BreadcrumbList","@id":"https:\/\/javiervarelactor.com\/?p=24#breadcrumb","itemListElement":[{"@type":"ListItem","position":1,"name":"Inicio","item":"https:\/\/javiervarelactor.com\/"},{"@type":"ListItem","position":2,"name":"Mon\u00f3logo en Santiago de Compostela"}]},{"@type":"WebSite","@id":"https:\/\/javiervarelactor.com\/#website","url":"https:\/\/javiervarelactor.com\/","name":"Javier Varela","description":"Actor y Presentador","potentialAction":[{"@type":"SearchAction","target":{"@type":"EntryPoint","urlTemplate":"https:\/\/javiervarelactor.com\/?s={search_term_string}"},"query-input":"required name=search_term_string"}],"inLanguage":"es"},{"@type":"Person","@id":"https:\/\/javiervarelactor.com\/#\/schema\/person\/e3104f2f3cca87d9a07b40f5281c02ba","name":"Javier Varela","image":{"@type":"ImageObject","inLanguage":"es","@id":"https:\/\/javiervarelactor.com\/#\/schema\/person\/image\/","url":"https:\/\/secure.gravatar.com\/avatar\/858edfdbe98ed682c9723085564a87b3?s=96&d=mm&r=g","contentUrl":"https:\/\/secure.gravatar.com\/avatar\/858edfdbe98ed682c9723085564a87b3?s=96&d=mm&r=g","caption":"Javier Varela"},"sameAs":["http:\/\/www.javiervarelactor.com"],"url":"https:\/\/javiervarelactor.com\/?author=1"}]}},"_links":{"self":[{"href":"https:\/\/javiervarelactor.com\/index.php?rest_route=\/wp\/v2\/posts\/24"}],"collection":[{"href":"https:\/\/javiervarelactor.com\/index.php?rest_route=\/wp\/v2\/posts"}],"about":[{"href":"https:\/\/javiervarelactor.com\/index.php?rest_route=\/wp\/v2\/types\/post"}],"author":[{"embeddable":true,"href":"https:\/\/javiervarelactor.com\/index.php?rest_route=\/wp\/v2\/users\/1"}],"replies":[{"embeddable":true,"href":"https:\/\/javiervarelactor.com\/index.php?rest_route=%2Fwp%2Fv2%2Fcomments&post=24"}],"version-history":[{"count":1,"href":"https:\/\/javiervarelactor.com\/index.php?rest_route=\/wp\/v2\/posts\/24\/revisions"}],"predecessor-version":[{"id":156,"href":"https:\/\/javiervarelactor.com\/index.php?rest_route=\/wp\/v2\/posts\/24\/revisions\/156"}],"wp:featuredmedia":[{"embeddable":true,"href":"https:\/\/javiervarelactor.com\/index.php?rest_route=\/wp\/v2\/media\/123"}],"wp:attachment":[{"href":"https:\/\/javiervarelactor.com\/index.php?rest_route=%2Fwp%2Fv2%2Fmedia&parent=24"}],"wp:term":[{"taxonomy":"category","embeddable":true,"href":"https:\/\/javiervarelactor.com\/index.php?rest_route=%2Fwp%2Fv2%2Fcategories&post=24"},{"taxonomy":"post_tag","embeddable":true,"href":"https:\/\/javiervarelactor.com\/index.php?rest_route=%2Fwp%2Fv2%2Ftags&post=24"}],"curies":[{"name":"wp","href":"https:\/\/api.w.org\/{rel}","templated":true}]}}