{"id":2060,"date":"2026-02-13T16:15:52","date_gmt":"2026-02-13T16:15:52","guid":{"rendered":"https:\/\/javiervarelactor.com\/?p=2060"},"modified":"2026-02-13T16:29:59","modified_gmt":"2026-02-13T16:29:59","slug":"presentador-de-eventos-en-valladolid","status":"publish","type":"post","link":"https:\/\/javiervarelactor.com\/?p=2060","title":{"rendered":"Presentador de eventos en Valladolid"},"content":{"rendered":"\n<p class=\"has-small-font-size\">En este inicio de a\u00f1o he estado inmerso en trabajo como <strong>presentador de eventos en Valladolid<\/strong>, y acompa\u00f1ando a empresas e instituciones en la conducci\u00f3n de actos corporativos, congresos, convenciones y encuentros profesionales. Mi trabajo como presentador de eventos consiste en dar estructura, ritmo y coherencia a cada evento, cuidando tanto el contenido como la experiencia del p\u00fablico.<\/p>\n\n\n\n<p>Recientemente he tenido la oportunidad de presentar el <strong>II Congreso de Educaci\u00f3n en Elche<\/strong>, que un a\u00f1o m\u00e1s han confiado en mi como presentador del evento, en un formato exigente y de gran participaci\u00f3n. Fue un trabajo de precisi\u00f3n, comunicaci\u00f3n y escucha activa para que todo fluyera con naturalidad, y mucha diversi\u00f3n, pues el tono elegido por la organizaci\u00f3n as\u00ed lo requer\u00eda. <\/p>\n\n\n\n<p>Como presentador eventos corporativos Valladolid. me adapto al tono que requiere cada ocasi\u00f3n: desde eventos corporativos con car\u00e1cter institucional y formal, hasta jornadas de empresa m\u00e1s din\u00e1micas donde el humor y la cercan\u00eda ayudan a generar conexi\u00f3n. Entiendo cada proyecto como algo \u00fanico, por eso preparo cada intervenci\u00f3n a medida, aline\u00e1ndome con los objetivos de la organizaci\u00f3n y el perfil de los asistentes.<\/p>\n\n\n\n<p>Como <strong>presentador de eventos en Valladolid<\/strong>, aporto experiencia esc\u00e9nica, capacidad de improvisaci\u00f3n y compromiso con el trabajo en equipo, siempre con la intenci\u00f3n de que cada evento cumpla sus objetivos y deje una impresi\u00f3n profesional y cercana. \u00bfHablamos?<\/p>\n\n\n\n<p><strong>\n<div class=\"wpcf7 no-js\" id=\"wpcf7-f1975-o1\" lang=\"es-ES\" dir=\"ltr\">\n<div class=\"screen-reader-response\"><p role=\"status\" aria-live=\"polite\" aria-atomic=\"true\"><\/p> <ul><\/ul><\/div>\n<form action=\"\/index.php?rest_route=%2Fwp%2Fv2%2Fposts%2F2060#wpcf7-f1975-o1\" method=\"post\" class=\"wpcf7-form init\" aria-label=\"Formulario de contacto\" novalidate=\"novalidate\" data-status=\"init\">\n<div style=\"display: none;\">\n<input type=\"hidden\" name=\"_wpcf7\" value=\"1975\" \/>\n<input type=\"hidden\" name=\"_wpcf7_version\" value=\"5.9.4\" \/>\n<input type=\"hidden\" name=\"_wpcf7_locale\" value=\"es_ES\" \/>\n<input type=\"hidden\" name=\"_wpcf7_unit_tag\" value=\"wpcf7-f1975-o1\" \/>\n<input type=\"hidden\" name=\"_wpcf7_container_post\" value=\"0\" \/>\n<input type=\"hidden\" name=\"_wpcf7_posted_data_hash\" value=\"\" \/>\n<\/div>\n<p><label> Tu nombre<br \/>\n<span class=\"wpcf7-form-control-wrap\" data-name=\"your-name\"><input size=\"40\" class=\"wpcf7-form-control wpcf7-text wpcf7-validates-as-required\" autocomplete=\"name\" aria-required=\"true\" aria-invalid=\"false\" value=\"\" type=\"text\" name=\"your-name\" \/><\/span> <\/label>\n<\/p>\n<p><label> Mail<br \/>\n<span class=\"wpcf7-form-control-wrap\" data-name=\"your-email\"><input size=\"40\" class=\"wpcf7-form-control wpcf7-email wpcf7-validates-as-required wpcf7-text wpcf7-validates-as-email\" autocomplete=\"email\" aria-required=\"true\" aria-invalid=\"false\" value=\"\" type=\"email\" name=\"your-email\" \/><\/span> <\/label>\n<\/p>\n<p><label> Asunto<br \/>\n<span class=\"wpcf7-form-control-wrap\" data-name=\"your-subject\"><input size=\"40\" class=\"wpcf7-form-control wpcf7-text wpcf7-validates-as-required\" aria-required=\"true\" aria-invalid=\"false\" value=\"\" type=\"text\" name=\"your-subject\" \/><\/span> <\/label>\n<\/p>\n<p><label> Tu mensaje<br \/>\n<span class=\"wpcf7-form-control-wrap\" data-name=\"your-message\"><textarea cols=\"40\" rows=\"10\" class=\"wpcf7-form-control wpcf7-textarea\" aria-invalid=\"false\" name=\"your-message\"><\/textarea><\/span> <\/label>\n<\/p>\n<p><input class=\"wpcf7-form-control wpcf7-submit has-spinner\" type=\"submit\" value=\"Enviar\" \/>\n<\/p><p style=\"display: none !important;\" class=\"akismet-fields-container\" data-prefix=\"_wpcf7_ak_\"><label>&#916;<textarea name=\"_wpcf7_ak_hp_textarea\" cols=\"45\" rows=\"8\" maxlength=\"100\"><\/textarea><\/label><input type=\"hidden\" id=\"ak_js_1\" name=\"_wpcf7_ak_js\" value=\"136\"\/><script>document.getElementById( \"ak_js_1\" ).setAttribute( \"value\", ( new Date() ).getTime() );<\/script><\/p><div class=\"wpcf7-response-output\" aria-hidden=\"true\"><\/div>\n<\/form>\n<\/div>\n<\/strong><\/p>\n","protected":false},"excerpt":{"rendered":"<p>En este inicio de a\u00f1o he estado inmerso en trabajo como presentador de eventos en Valladolid, y acompa\u00f1ando a empresas e instituciones en la conducci\u00f3n de actos corporativos, congresos, convenciones y encuentros profesionales. Mi trabajo como presentador de eventos consiste en dar estructura, ritmo y coherencia a cada evento, cuidando tanto el contenido como la <a class=\"read-more\" href=\"https:\/\/javiervarelactor.com\/?p=2060\">Leer m\u00e1s<\/a><\/p>\n","protected":false},"author":1,"featured_media":2063,"comment_status":"closed","ping_status":"open","sticky":false,"template":"","format":"standard","meta":{"_monsterinsights_skip_tracking":false,"_monsterinsights_sitenote_active":false,"_monsterinsights_sitenote_note":"","_monsterinsights_sitenote_category":0,"footnotes":""},"categories":[22,78],"tags":[],"yoast_head":"<!-- This site is optimized with the Yoast SEO plugin v22.7 - https:\/\/yoast.com\/wordpress\/plugins\/seo\/ -->\n<title>Presentador de eventos en Valladolid - Javier Varela<\/title>\n<meta name=\"description\" content=\"Presentador eventos corporativos Valladolid. Acompa\u00f1o a empresas e instituciones en actos, congresos, convenciones y encuentros profesionales\" \/>\n<meta name=\"robots\" content=\"index, follow, max-snippet:-1, max-image-preview:large, max-video-preview:-1\" \/>\n<link rel=\"canonical\" href=\"https:\/\/javiervarelactor.com\/?p=2060\" \/>\n<meta property=\"og:locale\" content=\"es_ES\" \/>\n<meta property=\"og:type\" content=\"article\" \/>\n<meta property=\"og:title\" content=\"Presentador de eventos en Valladolid - Javier Varela\" \/>\n<meta property=\"og:description\" content=\"Presentador eventos corporativos Valladolid. Acompa\u00f1o a empresas e instituciones en actos, congresos, convenciones y encuentros profesionales\" \/>\n<meta property=\"og:url\" content=\"https:\/\/javiervarelactor.com\/?p=2060\" \/>\n<meta property=\"og:site_name\" content=\"Javier Varela\" \/>\n<meta property=\"article:publisher\" content=\"https:\/\/www.facebook.com\/pages\/Javier-Varela\/145894855509796?sk=info&amp;amp%3bamp%3bamp%3bamp%3btab=page_info\" \/>\n<meta property=\"article:published_time\" content=\"2026-02-13T16:15:52+00:00\" \/>\n<meta property=\"article:modified_time\" content=\"2026-02-13T16:29:59+00:00\" \/>\n<meta property=\"og:image\" content=\"http:\/\/javiervarelactor.com\/wp-content\/uploads\/2026\/02\/presentador-eventos-corporativos-valladolid.jpg\" \/>\n\t<meta property=\"og:image:width\" content=\"1258\" \/>\n\t<meta property=\"og:image:height\" content=\"775\" \/>\n\t<meta property=\"og:image:type\" content=\"image\/jpeg\" \/>\n<meta name=\"author\" content=\"Javier Varela\" \/>\n<meta name=\"twitter:label1\" content=\"Escrito por\" \/>\n\t<meta name=\"twitter:data1\" content=\"Javier Varela\" \/>\n\t<meta name=\"twitter:label2\" content=\"Tiempo de lectura\" \/>\n\t<meta name=\"twitter:data2\" content=\"2 minutos\" \/>\n<script type=\"application\/ld+json\" class=\"yoast-schema-graph\">{\"@context\":\"https:\/\/schema.org\",\"@graph\":[{\"@type\":\"WebPage\",\"@id\":\"https:\/\/javiervarelactor.com\/?p=2060\",\"url\":\"https:\/\/javiervarelactor.com\/?p=2060\",\"name\":\"Presentador de eventos en Valladolid - Javier Varela\",\"isPartOf\":{\"@id\":\"https:\/\/javiervarelactor.com\/#website\"},\"primaryImageOfPage\":{\"@id\":\"https:\/\/javiervarelactor.com\/?p=2060#primaryimage\"},\"image\":{\"@id\":\"https:\/\/javiervarelactor.com\/?p=2060#primaryimage\"},\"thumbnailUrl\":\"https:\/\/javiervarelactor.com\/wp-content\/uploads\/2026\/02\/presentador-eventos-corporativos-valladolid.jpg\",\"datePublished\":\"2026-02-13T16:15:52+00:00\",\"dateModified\":\"2026-02-13T16:29:59+00:00\",\"author\":{\"@id\":\"https:\/\/javiervarelactor.com\/#\/schema\/person\/e3104f2f3cca87d9a07b40f5281c02ba\"},\"description\":\"Presentador eventos corporativos Valladolid. Acompa\u00f1o a empresas e instituciones en actos, congresos, convenciones y encuentros profesionales\",\"breadcrumb\":{\"@id\":\"https:\/\/javiervarelactor.com\/?p=2060#breadcrumb\"},\"inLanguage\":\"es\",\"potentialAction\":[{\"@type\":\"ReadAction\",\"target\":[\"https:\/\/javiervarelactor.com\/?p=2060\"]}]},{\"@type\":\"ImageObject\",\"inLanguage\":\"es\",\"@id\":\"https:\/\/javiervarelactor.com\/?p=2060#primaryimage\",\"url\":\"https:\/\/javiervarelactor.com\/wp-content\/uploads\/2026\/02\/presentador-eventos-corporativos-valladolid.jpg\",\"contentUrl\":\"https:\/\/javiervarelactor.com\/wp-content\/uploads\/2026\/02\/presentador-eventos-corporativos-valladolid.jpg\",\"width\":1258,\"height\":775,\"caption\":\"Presentador eventos corporativos\"},{\"@type\":\"BreadcrumbList\",\"@id\":\"https:\/\/javiervarelactor.com\/?p=2060#breadcrumb\",\"itemListElement\":[{\"@type\":\"ListItem\",\"position\":1,\"name\":\"Inicio\",\"item\":\"https:\/\/javiervarelactor.com\/\"},{\"@type\":\"ListItem\",\"position\":2,\"name\":\"Presentador de eventos en Valladolid\"}]},{\"@type\":\"WebSite\",\"@id\":\"https:\/\/javiervarelactor.com\/#website\",\"url\":\"https:\/\/javiervarelactor.com\/\",\"name\":\"Javier Varela\",\"description\":\"Actor y Presentador\",\"potentialAction\":[{\"@type\":\"SearchAction\",\"target\":{\"@type\":\"EntryPoint\",\"urlTemplate\":\"https:\/\/javiervarelactor.com\/?s={search_term_string}\"},\"query-input\":\"required name=search_term_string\"}],\"inLanguage\":\"es\"},{\"@type\":\"Person\",\"@id\":\"https:\/\/javiervarelactor.com\/#\/schema\/person\/e3104f2f3cca87d9a07b40f5281c02ba\",\"name\":\"Javier Varela\",\"image\":{\"@type\":\"ImageObject\",\"inLanguage\":\"es\",\"@id\":\"https:\/\/javiervarelactor.com\/#\/schema\/person\/image\/\",\"url\":\"https:\/\/secure.gravatar.com\/avatar\/858edfdbe98ed682c9723085564a87b3?s=96&d=mm&r=g\",\"contentUrl\":\"https:\/\/secure.gravatar.com\/avatar\/858edfdbe98ed682c9723085564a87b3?s=96&d=mm&r=g\",\"caption\":\"Javier Varela\"},\"sameAs\":[\"http:\/\/www.javiervarelactor.com\"],\"url\":\"https:\/\/javiervarelactor.com\/?author=1\"}]}<\/script>\n<!-- \/ Yoast SEO plugin. -->","yoast_head_json":{"title":"Presentador de eventos en Valladolid - Javier Varela","description":"Presentador eventos corporativos Valladolid. Acompa\u00f1o a empresas e instituciones en actos, congresos, convenciones y encuentros profesionales","robots":{"index":"index","follow":"follow","max-snippet":"max-snippet:-1","max-image-preview":"max-image-preview:large","max-video-preview":"max-video-preview:-1"},"canonical":"https:\/\/javiervarelactor.com\/?p=2060","og_locale":"es_ES","og_type":"article","og_title":"Presentador de eventos en Valladolid - Javier Varela","og_description":"Presentador eventos corporativos Valladolid. Acompa\u00f1o a empresas e instituciones en actos, congresos, convenciones y encuentros profesionales","og_url":"https:\/\/javiervarelactor.com\/?p=2060","og_site_name":"Javier Varela","article_publisher":"https:\/\/www.facebook.com\/pages\/Javier-Varela\/145894855509796?sk=info&amp%3bamp%3bamp%3bamp%3btab=page_info","article_published_time":"2026-02-13T16:15:52+00:00","article_modified_time":"2026-02-13T16:29:59+00:00","og_image":[{"width":1258,"height":775,"url":"http:\/\/javiervarelactor.com\/wp-content\/uploads\/2026\/02\/presentador-eventos-corporativos-valladolid.jpg","type":"image\/jpeg"}],"author":"Javier Varela","twitter_misc":{"Escrito por":"Javier Varela","Tiempo de lectura":"2 minutos"},"schema":{"@context":"https:\/\/schema.org","@graph":[{"@type":"WebPage","@id":"https:\/\/javiervarelactor.com\/?p=2060","url":"https:\/\/javiervarelactor.com\/?p=2060","name":"Presentador de eventos en Valladolid - Javier Varela","isPartOf":{"@id":"https:\/\/javiervarelactor.com\/#website"},"primaryImageOfPage":{"@id":"https:\/\/javiervarelactor.com\/?p=2060#primaryimage"},"image":{"@id":"https:\/\/javiervarelactor.com\/?p=2060#primaryimage"},"thumbnailUrl":"https:\/\/javiervarelactor.com\/wp-content\/uploads\/2026\/02\/presentador-eventos-corporativos-valladolid.jpg","datePublished":"2026-02-13T16:15:52+00:00","dateModified":"2026-02-13T16:29:59+00:00","author":{"@id":"https:\/\/javiervarelactor.com\/#\/schema\/person\/e3104f2f3cca87d9a07b40f5281c02ba"},"description":"Presentador eventos corporativos Valladolid. Acompa\u00f1o a empresas e instituciones en actos, congresos, convenciones y encuentros profesionales","breadcrumb":{"@id":"https:\/\/javiervarelactor.com\/?p=2060#breadcrumb"},"inLanguage":"es","potentialAction":[{"@type":"ReadAction","target":["https:\/\/javiervarelactor.com\/?p=2060"]}]},{"@type":"ImageObject","inLanguage":"es","@id":"https:\/\/javiervarelactor.com\/?p=2060#primaryimage","url":"https:\/\/javiervarelactor.com\/wp-content\/uploads\/2026\/02\/presentador-eventos-corporativos-valladolid.jpg","contentUrl":"https:\/\/javiervarelactor.com\/wp-content\/uploads\/2026\/02\/presentador-eventos-corporativos-valladolid.jpg","width":1258,"height":775,"caption":"Presentador eventos corporativos"},{"@type":"BreadcrumbList","@id":"https:\/\/javiervarelactor.com\/?p=2060#breadcrumb","itemListElement":[{"@type":"ListItem","position":1,"name":"Inicio","item":"https:\/\/javiervarelactor.com\/"},{"@type":"ListItem","position":2,"name":"Presentador de eventos en Valladolid"}]},{"@type":"WebSite","@id":"https:\/\/javiervarelactor.com\/#website","url":"https:\/\/javiervarelactor.com\/","name":"Javier Varela","description":"Actor y Presentador","potentialAction":[{"@type":"SearchAction","target":{"@type":"EntryPoint","urlTemplate":"https:\/\/javiervarelactor.com\/?s={search_term_string}"},"query-input":"required name=search_term_string"}],"inLanguage":"es"},{"@type":"Person","@id":"https:\/\/javiervarelactor.com\/#\/schema\/person\/e3104f2f3cca87d9a07b40f5281c02ba","name":"Javier Varela","image":{"@type":"ImageObject","inLanguage":"es","@id":"https:\/\/javiervarelactor.com\/#\/schema\/person\/image\/","url":"https:\/\/secure.gravatar.com\/avatar\/858edfdbe98ed682c9723085564a87b3?s=96&d=mm&r=g","contentUrl":"https:\/\/secure.gravatar.com\/avatar\/858edfdbe98ed682c9723085564a87b3?s=96&d=mm&r=g","caption":"Javier Varela"},"sameAs":["http:\/\/www.javiervarelactor.com"],"url":"https:\/\/javiervarelactor.com\/?author=1"}]}},"_links":{"self":[{"href":"https:\/\/javiervarelactor.com\/index.php?rest_route=\/wp\/v2\/posts\/2060"}],"collection":[{"href":"https:\/\/javiervarelactor.com\/index.php?rest_route=\/wp\/v2\/posts"}],"about":[{"href":"https:\/\/javiervarelactor.com\/index.php?rest_route=\/wp\/v2\/types\/post"}],"author":[{"embeddable":true,"href":"https:\/\/javiervarelactor.com\/index.php?rest_route=\/wp\/v2\/users\/1"}],"replies":[{"embeddable":true,"href":"https:\/\/javiervarelactor.com\/index.php?rest_route=%2Fwp%2Fv2%2Fcomments&post=2060"}],"version-history":[{"count":3,"href":"https:\/\/javiervarelactor.com\/index.php?rest_route=\/wp\/v2\/posts\/2060\/revisions"}],"predecessor-version":[{"id":2067,"href":"https:\/\/javiervarelactor.com\/index.php?rest_route=\/wp\/v2\/posts\/2060\/revisions\/2067"}],"wp:featuredmedia":[{"embeddable":true,"href":"https:\/\/javiervarelactor.com\/index.php?rest_route=\/wp\/v2\/media\/2063"}],"wp:attachment":[{"href":"https:\/\/javiervarelactor.com\/index.php?rest_route=%2Fwp%2Fv2%2Fmedia&parent=2060"}],"wp:term":[{"taxonomy":"category","embeddable":true,"href":"https:\/\/javiervarelactor.com\/index.php?rest_route=%2Fwp%2Fv2%2Fcategories&post=2060"},{"taxonomy":"post_tag","embeddable":true,"href":"https:\/\/javiervarelactor.com\/index.php?rest_route=%2Fwp%2Fv2%2Ftags&post=2060"}],"curies":[{"name":"wp","href":"https:\/\/api.w.org\/{rel}","templated":true}]}}