{"id":2036,"date":"2025-10-24T10:12:00","date_gmt":"2025-10-24T10:12:00","guid":{"rendered":"https:\/\/javiervarelactor.com\/?p=2036"},"modified":"2025-10-24T10:24:56","modified_gmt":"2025-10-24T10:24:56","slug":"san-simon-la-pelicula","status":"publish","type":"post","link":"https:\/\/javiervarelactor.com\/?p=2036","title":{"rendered":"San Sim\u00f3n, la pel\u00edcula"},"content":{"rendered":"\n<p>El 24 de Octubre de 2025 se estrena en cines \u00abSan Sim\u00f3n\u00bb, la pel\u00edcula que descubre una parte de nuestra Historia, desconocida para muchos. Durante la \u00e9poca de postguerra en Espa\u00f1a, en la isla de San Sim\u00f3n, Pontevedra, el r\u00e9gimen franquista abre un campo de concentraci\u00f3n donde represi\u00f3n ideol\u00f3gica comparte espacio con vidas humanas y un escenario ideal. <\/p>\n\n\n\n<p>Javier Varela en San Sim\u00f3n, la pel\u00edcula, en el papel de D\u00e1maso Carrasco, periodista militante en el Partido Galeguista, que siendo preso en San Sim\u00f3n, document\u00f3 lo que all\u00ed acontec\u00eda.<\/p>\n\n\n\n<p>Una pel\u00edcula especial, por su enfoque realista, un trabajo intenso, por la labor de interpretaci\u00f3n y sobretodo, una pel\u00edcula emocionante por la veracidad del relato y el estilo de creaci\u00f3n. Haber vivido en San Sim\u00f3n intensos d\u00edas de rodaje, en los mismos caminos que aquellas personas hace tantos a\u00f1os, ha sido un ejercicio emocionante, intenso y muy satisfactorio. Ahora, viendo el resultado de la pel\u00edcula, os invito a no perder la oportunidad de pasar por el CINE a disfrutar de un trabajo de documentaci\u00f3n y realismo, de historia de nuestro tiempo, de parte de lo vivido tan cerca de nuestras casas, que no deber\u00eda dejarse en el olvido.<\/p>\n\n\n\n<p>Desde aqu\u00ed, mi m\u00e1s sincero agradecimiento al equipo de la pel\u00edcula, pero tambi\u00e9n a todos los familiares de todos los personajes reales por su amabilidad.<\/p>\n\n\n\n<p>San Sim\u00f3n, dirigida por Miguel \u00c1ngel Delgado, ya en cines.<\/p>\n\n\n<div class=\"wp-block-image\">\n<figure class=\"aligncenter size-full is-resized\"><a href=\"http:\/\/javiervarelactor.com\/wp-content\/uploads\/2025\/10\/san-simon-javier-varela.jpg\"><img loading=\"lazy\" decoding=\"async\" width=\"538\" height=\"769\" src=\"http:\/\/javiervarelactor.com\/wp-content\/uploads\/2025\/10\/san-simon-javier-varela.jpg\" alt=\"Javier Varela es D\u00e1maso Carrasco en San Sim\u00f3n\" class=\"wp-image-2037\" style=\"width:258px;height:auto\" srcset=\"https:\/\/javiervarelactor.com\/wp-content\/uploads\/2025\/10\/san-simon-javier-varela.jpg 538w, https:\/\/javiervarelactor.com\/wp-content\/uploads\/2025\/10\/san-simon-javier-varela-210x300.jpg 210w\" sizes=\"(max-width: 538px) 100vw, 538px\" \/><\/a><figcaption class=\"wp-element-caption\">Javier Varela es D\u00e1maso Carrasco en San Sim\u00f3n<\/figcaption><\/figure><\/div>","protected":false},"excerpt":{"rendered":"<p>El 24 de Octubre de 2025 se estrena en cines \u00abSan Sim\u00f3n\u00bb, la pel\u00edcula que descubre una parte de nuestra Historia, desconocida para muchos. Durante la \u00e9poca de postguerra en Espa\u00f1a, en la isla de San Sim\u00f3n, Pontevedra, el r\u00e9gimen franquista abre un campo de concentraci\u00f3n donde represi\u00f3n ideol\u00f3gica comparte espacio con vidas humanas y <a class=\"read-more\" href=\"https:\/\/javiervarelactor.com\/?p=2036\">Leer m\u00e1s<\/a><\/p>\n","protected":false},"author":1,"featured_media":2039,"comment_status":"closed","ping_status":"open","sticky":false,"template":"","format":"standard","meta":{"_monsterinsights_skip_tracking":false,"_monsterinsights_sitenote_active":false,"_monsterinsights_sitenote_note":"","_monsterinsights_sitenote_category":0,"footnotes":""},"categories":[21],"tags":[20,116],"yoast_head":"<!-- This site is optimized with the Yoast SEO plugin v22.7 - https:\/\/yoast.com\/wordpress\/plugins\/seo\/ -->\n<title>San Sim\u00f3n, la pel\u00edcula - Javier Varela<\/title>\n<meta name=\"description\" content=\"Javier Varela actor en la pel\u00edcula &quot;San Sim\u00f3n&quot;, en el personaje de D\u00e1maso Alonso. La isla gallega fue un campo de concentraci\u00f3n.\" \/>\n<meta name=\"robots\" content=\"index, follow, max-snippet:-1, max-image-preview:large, max-video-preview:-1\" \/>\n<link rel=\"canonical\" href=\"https:\/\/javiervarelactor.com\/?p=2036\" \/>\n<meta property=\"og:locale\" content=\"es_ES\" \/>\n<meta property=\"og:type\" content=\"article\" \/>\n<meta property=\"og:title\" content=\"San Sim\u00f3n, la pel\u00edcula - Javier Varela\" \/>\n<meta property=\"og:description\" content=\"Javier Varela actor en la pel\u00edcula &quot;San Sim\u00f3n&quot;, en el personaje de D\u00e1maso Alonso. La isla gallega fue un campo de concentraci\u00f3n.\" \/>\n<meta property=\"og:url\" content=\"https:\/\/javiervarelactor.com\/?p=2036\" \/>\n<meta property=\"og:site_name\" content=\"Javier Varela\" \/>\n<meta property=\"article:publisher\" content=\"https:\/\/www.facebook.com\/pages\/Javier-Varela\/145894855509796?sk=info&amp;amp%3bamp%3bamp%3bamp%3btab=page_info\" \/>\n<meta property=\"article:published_time\" content=\"2025-10-24T10:12:00+00:00\" \/>\n<meta property=\"article:modified_time\" content=\"2025-10-24T10:24:56+00:00\" \/>\n<meta property=\"og:image\" content=\"http:\/\/javiervarelactor.com\/wp-content\/uploads\/2025\/10\/image0.jpeg\" \/>\n\t<meta property=\"og:image:width\" content=\"720\" \/>\n\t<meta property=\"og:image:height\" content=\"790\" \/>\n\t<meta property=\"og:image:type\" content=\"image\/jpeg\" \/>\n<meta name=\"author\" content=\"Javier Varela\" \/>\n<meta name=\"twitter:label1\" content=\"Escrito por\" \/>\n\t<meta name=\"twitter:data1\" content=\"Javier Varela\" \/>\n\t<meta name=\"twitter:label2\" content=\"Tiempo de lectura\" \/>\n\t<meta name=\"twitter:data2\" content=\"2 minutos\" \/>\n<script type=\"application\/ld+json\" class=\"yoast-schema-graph\">{\"@context\":\"https:\/\/schema.org\",\"@graph\":[{\"@type\":\"WebPage\",\"@id\":\"https:\/\/javiervarelactor.com\/?p=2036\",\"url\":\"https:\/\/javiervarelactor.com\/?p=2036\",\"name\":\"San Sim\u00f3n, la pel\u00edcula - Javier Varela\",\"isPartOf\":{\"@id\":\"https:\/\/javiervarelactor.com\/#website\"},\"primaryImageOfPage\":{\"@id\":\"https:\/\/javiervarelactor.com\/?p=2036#primaryimage\"},\"image\":{\"@id\":\"https:\/\/javiervarelactor.com\/?p=2036#primaryimage\"},\"thumbnailUrl\":\"https:\/\/javiervarelactor.com\/wp-content\/uploads\/2025\/10\/image0.jpeg\",\"datePublished\":\"2025-10-24T10:12:00+00:00\",\"dateModified\":\"2025-10-24T10:24:56+00:00\",\"author\":{\"@id\":\"https:\/\/javiervarelactor.com\/#\/schema\/person\/e3104f2f3cca87d9a07b40f5281c02ba\"},\"description\":\"Javier Varela actor en la pel\u00edcula \\\"San Sim\u00f3n\\\", en el personaje de D\u00e1maso Alonso. La isla gallega fue un campo de concentraci\u00f3n.\",\"breadcrumb\":{\"@id\":\"https:\/\/javiervarelactor.com\/?p=2036#breadcrumb\"},\"inLanguage\":\"es\",\"potentialAction\":[{\"@type\":\"ReadAction\",\"target\":[\"https:\/\/javiervarelactor.com\/?p=2036\"]}]},{\"@type\":\"ImageObject\",\"inLanguage\":\"es\",\"@id\":\"https:\/\/javiervarelactor.com\/?p=2036#primaryimage\",\"url\":\"https:\/\/javiervarelactor.com\/wp-content\/uploads\/2025\/10\/image0.jpeg\",\"contentUrl\":\"https:\/\/javiervarelactor.com\/wp-content\/uploads\/2025\/10\/image0.jpeg\",\"width\":720,\"height\":790},{\"@type\":\"BreadcrumbList\",\"@id\":\"https:\/\/javiervarelactor.com\/?p=2036#breadcrumb\",\"itemListElement\":[{\"@type\":\"ListItem\",\"position\":1,\"name\":\"Inicio\",\"item\":\"https:\/\/javiervarelactor.com\/\"},{\"@type\":\"ListItem\",\"position\":2,\"name\":\"San Sim\u00f3n, la pel\u00edcula\"}]},{\"@type\":\"WebSite\",\"@id\":\"https:\/\/javiervarelactor.com\/#website\",\"url\":\"https:\/\/javiervarelactor.com\/\",\"name\":\"Javier Varela\",\"description\":\"Actor y Presentador\",\"potentialAction\":[{\"@type\":\"SearchAction\",\"target\":{\"@type\":\"EntryPoint\",\"urlTemplate\":\"https:\/\/javiervarelactor.com\/?s={search_term_string}\"},\"query-input\":\"required name=search_term_string\"}],\"inLanguage\":\"es\"},{\"@type\":\"Person\",\"@id\":\"https:\/\/javiervarelactor.com\/#\/schema\/person\/e3104f2f3cca87d9a07b40f5281c02ba\",\"name\":\"Javier Varela\",\"image\":{\"@type\":\"ImageObject\",\"inLanguage\":\"es\",\"@id\":\"https:\/\/javiervarelactor.com\/#\/schema\/person\/image\/\",\"url\":\"https:\/\/secure.gravatar.com\/avatar\/858edfdbe98ed682c9723085564a87b3?s=96&d=mm&r=g\",\"contentUrl\":\"https:\/\/secure.gravatar.com\/avatar\/858edfdbe98ed682c9723085564a87b3?s=96&d=mm&r=g\",\"caption\":\"Javier Varela\"},\"sameAs\":[\"http:\/\/www.javiervarelactor.com\"],\"url\":\"https:\/\/javiervarelactor.com\/?author=1\"}]}<\/script>\n<!-- \/ Yoast SEO plugin. -->","yoast_head_json":{"title":"San Sim\u00f3n, la pel\u00edcula - Javier Varela","description":"Javier Varela actor en la pel\u00edcula \"San Sim\u00f3n\", en el personaje de D\u00e1maso Alonso. La isla gallega fue un campo de concentraci\u00f3n.","robots":{"index":"index","follow":"follow","max-snippet":"max-snippet:-1","max-image-preview":"max-image-preview:large","max-video-preview":"max-video-preview:-1"},"canonical":"https:\/\/javiervarelactor.com\/?p=2036","og_locale":"es_ES","og_type":"article","og_title":"San Sim\u00f3n, la pel\u00edcula - Javier Varela","og_description":"Javier Varela actor en la pel\u00edcula \"San Sim\u00f3n\", en el personaje de D\u00e1maso Alonso. La isla gallega fue un campo de concentraci\u00f3n.","og_url":"https:\/\/javiervarelactor.com\/?p=2036","og_site_name":"Javier Varela","article_publisher":"https:\/\/www.facebook.com\/pages\/Javier-Varela\/145894855509796?sk=info&amp%3bamp%3bamp%3bamp%3btab=page_info","article_published_time":"2025-10-24T10:12:00+00:00","article_modified_time":"2025-10-24T10:24:56+00:00","og_image":[{"width":720,"height":790,"url":"http:\/\/javiervarelactor.com\/wp-content\/uploads\/2025\/10\/image0.jpeg","type":"image\/jpeg"}],"author":"Javier Varela","twitter_misc":{"Escrito por":"Javier Varela","Tiempo de lectura":"2 minutos"},"schema":{"@context":"https:\/\/schema.org","@graph":[{"@type":"WebPage","@id":"https:\/\/javiervarelactor.com\/?p=2036","url":"https:\/\/javiervarelactor.com\/?p=2036","name":"San Sim\u00f3n, la pel\u00edcula - Javier Varela","isPartOf":{"@id":"https:\/\/javiervarelactor.com\/#website"},"primaryImageOfPage":{"@id":"https:\/\/javiervarelactor.com\/?p=2036#primaryimage"},"image":{"@id":"https:\/\/javiervarelactor.com\/?p=2036#primaryimage"},"thumbnailUrl":"https:\/\/javiervarelactor.com\/wp-content\/uploads\/2025\/10\/image0.jpeg","datePublished":"2025-10-24T10:12:00+00:00","dateModified":"2025-10-24T10:24:56+00:00","author":{"@id":"https:\/\/javiervarelactor.com\/#\/schema\/person\/e3104f2f3cca87d9a07b40f5281c02ba"},"description":"Javier Varela actor en la pel\u00edcula \"San Sim\u00f3n\", en el personaje de D\u00e1maso Alonso. La isla gallega fue un campo de concentraci\u00f3n.","breadcrumb":{"@id":"https:\/\/javiervarelactor.com\/?p=2036#breadcrumb"},"inLanguage":"es","potentialAction":[{"@type":"ReadAction","target":["https:\/\/javiervarelactor.com\/?p=2036"]}]},{"@type":"ImageObject","inLanguage":"es","@id":"https:\/\/javiervarelactor.com\/?p=2036#primaryimage","url":"https:\/\/javiervarelactor.com\/wp-content\/uploads\/2025\/10\/image0.jpeg","contentUrl":"https:\/\/javiervarelactor.com\/wp-content\/uploads\/2025\/10\/image0.jpeg","width":720,"height":790},{"@type":"BreadcrumbList","@id":"https:\/\/javiervarelactor.com\/?p=2036#breadcrumb","itemListElement":[{"@type":"ListItem","position":1,"name":"Inicio","item":"https:\/\/javiervarelactor.com\/"},{"@type":"ListItem","position":2,"name":"San Sim\u00f3n, la pel\u00edcula"}]},{"@type":"WebSite","@id":"https:\/\/javiervarelactor.com\/#website","url":"https:\/\/javiervarelactor.com\/","name":"Javier Varela","description":"Actor y Presentador","potentialAction":[{"@type":"SearchAction","target":{"@type":"EntryPoint","urlTemplate":"https:\/\/javiervarelactor.com\/?s={search_term_string}"},"query-input":"required name=search_term_string"}],"inLanguage":"es"},{"@type":"Person","@id":"https:\/\/javiervarelactor.com\/#\/schema\/person\/e3104f2f3cca87d9a07b40f5281c02ba","name":"Javier Varela","image":{"@type":"ImageObject","inLanguage":"es","@id":"https:\/\/javiervarelactor.com\/#\/schema\/person\/image\/","url":"https:\/\/secure.gravatar.com\/avatar\/858edfdbe98ed682c9723085564a87b3?s=96&d=mm&r=g","contentUrl":"https:\/\/secure.gravatar.com\/avatar\/858edfdbe98ed682c9723085564a87b3?s=96&d=mm&r=g","caption":"Javier Varela"},"sameAs":["http:\/\/www.javiervarelactor.com"],"url":"https:\/\/javiervarelactor.com\/?author=1"}]}},"_links":{"self":[{"href":"https:\/\/javiervarelactor.com\/index.php?rest_route=\/wp\/v2\/posts\/2036"}],"collection":[{"href":"https:\/\/javiervarelactor.com\/index.php?rest_route=\/wp\/v2\/posts"}],"about":[{"href":"https:\/\/javiervarelactor.com\/index.php?rest_route=\/wp\/v2\/types\/post"}],"author":[{"embeddable":true,"href":"https:\/\/javiervarelactor.com\/index.php?rest_route=\/wp\/v2\/users\/1"}],"replies":[{"embeddable":true,"href":"https:\/\/javiervarelactor.com\/index.php?rest_route=%2Fwp%2Fv2%2Fcomments&post=2036"}],"version-history":[{"count":2,"href":"https:\/\/javiervarelactor.com\/index.php?rest_route=\/wp\/v2\/posts\/2036\/revisions"}],"predecessor-version":[{"id":2041,"href":"https:\/\/javiervarelactor.com\/index.php?rest_route=\/wp\/v2\/posts\/2036\/revisions\/2041"}],"wp:featuredmedia":[{"embeddable":true,"href":"https:\/\/javiervarelactor.com\/index.php?rest_route=\/wp\/v2\/media\/2039"}],"wp:attachment":[{"href":"https:\/\/javiervarelactor.com\/index.php?rest_route=%2Fwp%2Fv2%2Fmedia&parent=2036"}],"wp:term":[{"taxonomy":"category","embeddable":true,"href":"https:\/\/javiervarelactor.com\/index.php?rest_route=%2Fwp%2Fv2%2Fcategories&post=2036"},{"taxonomy":"post_tag","embeddable":true,"href":"https:\/\/javiervarelactor.com\/index.php?rest_route=%2Fwp%2Fv2%2Ftags&post=2036"}],"curies":[{"name":"wp","href":"https:\/\/api.w.org\/{rel}","templated":true}]}}