{"id":2028,"date":"2025-09-10T19:38:25","date_gmt":"2025-09-10T19:38:25","guid":{"rendered":"https:\/\/javiervarelactor.com\/?p=2028"},"modified":"2025-09-10T19:57:53","modified_gmt":"2025-09-10T19:57:53","slug":"presentacion-eventos-de-empresa","status":"publish","type":"post","link":"https:\/\/javiervarelactor.com\/?p=2028","title":{"rendered":"Presentaci\u00f3n eventos de empresa"},"content":{"rendered":"\n<p class=\"has-text-align-left\">Superado el verano, con su relajaci\u00f3n y sus fiestas, con el calor, la luz y las actividades al aire libre, con sus bodas y celebraciones familiares, con mucho trabajo como <strong>Oficiante de Ceremonias civiles<\/strong>, llega el nuevo curso y con el, nuevos retos a la vista.<\/p>\n\n\n<div class=\"wp-block-image\">\n<figure class=\"alignleft size-large is-resized\"><a href=\"http:\/\/javiervarelactor.com\/wp-content\/uploads\/2025\/09\/2Q7A8089.jpg\"><img loading=\"lazy\" decoding=\"async\" width=\"683\" height=\"1024\" src=\"http:\/\/javiervarelactor.com\/wp-content\/uploads\/2025\/09\/2Q7A8089-683x1024.jpg\" alt=\"\" class=\"wp-image-2021\" style=\"width:187px;height:auto\" srcset=\"https:\/\/javiervarelactor.com\/wp-content\/uploads\/2025\/09\/2Q7A8089-683x1024.jpg 683w, https:\/\/javiervarelactor.com\/wp-content\/uploads\/2025\/09\/2Q7A8089-200x300.jpg 200w, https:\/\/javiervarelactor.com\/wp-content\/uploads\/2025\/09\/2Q7A8089-768x1152.jpg 768w, https:\/\/javiervarelactor.com\/wp-content\/uploads\/2025\/09\/2Q7A8089-1024x1536.jpg 1024w, https:\/\/javiervarelactor.com\/wp-content\/uploads\/2025\/09\/2Q7A8089-1365x2048.jpg 1365w, https:\/\/javiervarelactor.com\/wp-content\/uploads\/2025\/09\/2Q7A8089.jpg 1493w\" sizes=\"(max-width: 683px) 100vw, 683px\" \/><\/a><\/figure><\/div>\n\n\n<p>Parece lejano, pero en nada estamos de lleno en la recta final de a\u00f1o, y ya son muchas las empresas que est\u00e1n planificando como celebrar y compartir una jornada con sus compa\u00f1eras y compa\u00f1eros. Un evento de empresa cuidado, pensado y preparado para cumplir objetivos y hacer sentir bien al equipo.<\/p>\n\n\n\n<p>Para que un evento de empresa sea un \u00e9xito, la planificaci\u00f3n y la elecci\u00f3n de un presentador de eventos que sea responsable y comprometido es fundamental. Mi labor como guionista y productor de eventos de empresa, acompa\u00f1ado de la presentaci\u00f3n de estos eventos de empresa, aseguran una celebraci\u00f3n acorde con la misi\u00f3n y los objetivos de la empresa y equipo.  <\/p>\n\n\n\n<p>\u00bfQuieres que trabajemos juntos? <a href=\"https:\/\/javiervarelactor.com\/?page_id=69\">contacta<\/a> conmigo para organizar y dejar en buenas manos la presentaci\u00f3n de tu evento de empresa, estamos a tiempo.<\/p>\n\n\n\n<p><\/p>\n\n\n","protected":false},"excerpt":{"rendered":"<p>presentaci\u00f3n eventos de empresa<\/p>\n","protected":false},"author":1,"featured_media":2021,"comment_status":"closed","ping_status":"open","sticky":false,"template":"","format":"standard","meta":{"_monsterinsights_skip_tracking":false,"_monsterinsights_sitenote_active":false,"_monsterinsights_sitenote_note":"","_monsterinsights_sitenote_category":0,"footnotes":""},"categories":[78],"tags":[37],"yoast_head":"<!-- This site is optimized with the Yoast SEO plugin v22.7 - https:\/\/yoast.com\/wordpress\/plugins\/seo\/ -->\n<title>Presentaci\u00f3n eventos de empresa - Javier Varela<\/title>\n<meta name=\"description\" content=\"Javier Varela, profesional dedicado a la presentaci\u00f3n eventos de empresa en Madrid, Galicia y Castilla y Le\u00f3n.\" \/>\n<meta name=\"robots\" content=\"index, follow, max-snippet:-1, max-image-preview:large, max-video-preview:-1\" \/>\n<link rel=\"canonical\" href=\"https:\/\/javiervarelactor.com\/?p=2028\" \/>\n<meta property=\"og:locale\" content=\"es_ES\" \/>\n<meta property=\"og:type\" content=\"article\" \/>\n<meta property=\"og:title\" content=\"Presentaci\u00f3n eventos de empresa - Javier Varela\" \/>\n<meta property=\"og:description\" content=\"Javier Varela, profesional dedicado a la presentaci\u00f3n eventos de empresa en Madrid, Galicia y Castilla y Le\u00f3n.\" \/>\n<meta property=\"og:url\" content=\"https:\/\/javiervarelactor.com\/?p=2028\" \/>\n<meta property=\"og:site_name\" content=\"Javier Varela\" \/>\n<meta property=\"article:publisher\" content=\"https:\/\/www.facebook.com\/pages\/Javier-Varela\/145894855509796?sk=info&amp;amp%3bamp%3bamp%3bamp%3btab=page_info\" \/>\n<meta property=\"article:published_time\" content=\"2025-09-10T19:38:25+00:00\" \/>\n<meta property=\"article:modified_time\" content=\"2025-09-10T19:57:53+00:00\" \/>\n<meta property=\"og:image\" content=\"http:\/\/javiervarelactor.com\/wp-content\/uploads\/2025\/09\/2Q7A8089.jpg\" \/>\n\t<meta property=\"og:image:width\" content=\"1493\" \/>\n\t<meta property=\"og:image:height\" content=\"2240\" \/>\n\t<meta property=\"og:image:type\" content=\"image\/jpeg\" \/>\n<meta name=\"author\" content=\"Javier Varela\" \/>\n<meta name=\"twitter:label1\" content=\"Escrito por\" \/>\n\t<meta name=\"twitter:data1\" content=\"Javier Varela\" \/>\n\t<meta name=\"twitter:label2\" content=\"Tiempo de lectura\" \/>\n\t<meta name=\"twitter:data2\" content=\"2 minutos\" \/>\n<script type=\"application\/ld+json\" class=\"yoast-schema-graph\">{\"@context\":\"https:\/\/schema.org\",\"@graph\":[{\"@type\":\"WebPage\",\"@id\":\"https:\/\/javiervarelactor.com\/?p=2028\",\"url\":\"https:\/\/javiervarelactor.com\/?p=2028\",\"name\":\"Presentaci\u00f3n eventos de empresa - Javier Varela\",\"isPartOf\":{\"@id\":\"https:\/\/javiervarelactor.com\/#website\"},\"primaryImageOfPage\":{\"@id\":\"https:\/\/javiervarelactor.com\/?p=2028#primaryimage\"},\"image\":{\"@id\":\"https:\/\/javiervarelactor.com\/?p=2028#primaryimage\"},\"thumbnailUrl\":\"https:\/\/javiervarelactor.com\/wp-content\/uploads\/2025\/09\/2Q7A8089.jpg\",\"datePublished\":\"2025-09-10T19:38:25+00:00\",\"dateModified\":\"2025-09-10T19:57:53+00:00\",\"author\":{\"@id\":\"https:\/\/javiervarelactor.com\/#\/schema\/person\/e3104f2f3cca87d9a07b40f5281c02ba\"},\"description\":\"Javier Varela, profesional dedicado a la presentaci\u00f3n eventos de empresa en Madrid, Galicia y Castilla y Le\u00f3n.\",\"breadcrumb\":{\"@id\":\"https:\/\/javiervarelactor.com\/?p=2028#breadcrumb\"},\"inLanguage\":\"es\",\"potentialAction\":[{\"@type\":\"ReadAction\",\"target\":[\"https:\/\/javiervarelactor.com\/?p=2028\"]}]},{\"@type\":\"ImageObject\",\"inLanguage\":\"es\",\"@id\":\"https:\/\/javiervarelactor.com\/?p=2028#primaryimage\",\"url\":\"https:\/\/javiervarelactor.com\/wp-content\/uploads\/2025\/09\/2Q7A8089.jpg\",\"contentUrl\":\"https:\/\/javiervarelactor.com\/wp-content\/uploads\/2025\/09\/2Q7A8089.jpg\",\"width\":1493,\"height\":2240},{\"@type\":\"BreadcrumbList\",\"@id\":\"https:\/\/javiervarelactor.com\/?p=2028#breadcrumb\",\"itemListElement\":[{\"@type\":\"ListItem\",\"position\":1,\"name\":\"Inicio\",\"item\":\"https:\/\/javiervarelactor.com\/\"},{\"@type\":\"ListItem\",\"position\":2,\"name\":\"Presentaci\u00f3n eventos de empresa\"}]},{\"@type\":\"WebSite\",\"@id\":\"https:\/\/javiervarelactor.com\/#website\",\"url\":\"https:\/\/javiervarelactor.com\/\",\"name\":\"Javier Varela\",\"description\":\"Actor y Presentador\",\"potentialAction\":[{\"@type\":\"SearchAction\",\"target\":{\"@type\":\"EntryPoint\",\"urlTemplate\":\"https:\/\/javiervarelactor.com\/?s={search_term_string}\"},\"query-input\":\"required name=search_term_string\"}],\"inLanguage\":\"es\"},{\"@type\":\"Person\",\"@id\":\"https:\/\/javiervarelactor.com\/#\/schema\/person\/e3104f2f3cca87d9a07b40f5281c02ba\",\"name\":\"Javier Varela\",\"image\":{\"@type\":\"ImageObject\",\"inLanguage\":\"es\",\"@id\":\"https:\/\/javiervarelactor.com\/#\/schema\/person\/image\/\",\"url\":\"https:\/\/secure.gravatar.com\/avatar\/858edfdbe98ed682c9723085564a87b3?s=96&d=mm&r=g\",\"contentUrl\":\"https:\/\/secure.gravatar.com\/avatar\/858edfdbe98ed682c9723085564a87b3?s=96&d=mm&r=g\",\"caption\":\"Javier Varela\"},\"sameAs\":[\"http:\/\/www.javiervarelactor.com\"],\"url\":\"https:\/\/javiervarelactor.com\/?author=1\"}]}<\/script>\n<!-- \/ Yoast SEO plugin. -->","yoast_head_json":{"title":"Presentaci\u00f3n eventos de empresa - Javier Varela","description":"Javier Varela, profesional dedicado a la presentaci\u00f3n eventos de empresa en Madrid, Galicia y Castilla y Le\u00f3n.","robots":{"index":"index","follow":"follow","max-snippet":"max-snippet:-1","max-image-preview":"max-image-preview:large","max-video-preview":"max-video-preview:-1"},"canonical":"https:\/\/javiervarelactor.com\/?p=2028","og_locale":"es_ES","og_type":"article","og_title":"Presentaci\u00f3n eventos de empresa - Javier Varela","og_description":"Javier Varela, profesional dedicado a la presentaci\u00f3n eventos de empresa en Madrid, Galicia y Castilla y Le\u00f3n.","og_url":"https:\/\/javiervarelactor.com\/?p=2028","og_site_name":"Javier Varela","article_publisher":"https:\/\/www.facebook.com\/pages\/Javier-Varela\/145894855509796?sk=info&amp%3bamp%3bamp%3bamp%3btab=page_info","article_published_time":"2025-09-10T19:38:25+00:00","article_modified_time":"2025-09-10T19:57:53+00:00","og_image":[{"width":1493,"height":2240,"url":"http:\/\/javiervarelactor.com\/wp-content\/uploads\/2025\/09\/2Q7A8089.jpg","type":"image\/jpeg"}],"author":"Javier Varela","twitter_misc":{"Escrito por":"Javier Varela","Tiempo de lectura":"2 minutos"},"schema":{"@context":"https:\/\/schema.org","@graph":[{"@type":"WebPage","@id":"https:\/\/javiervarelactor.com\/?p=2028","url":"https:\/\/javiervarelactor.com\/?p=2028","name":"Presentaci\u00f3n eventos de empresa - Javier Varela","isPartOf":{"@id":"https:\/\/javiervarelactor.com\/#website"},"primaryImageOfPage":{"@id":"https:\/\/javiervarelactor.com\/?p=2028#primaryimage"},"image":{"@id":"https:\/\/javiervarelactor.com\/?p=2028#primaryimage"},"thumbnailUrl":"https:\/\/javiervarelactor.com\/wp-content\/uploads\/2025\/09\/2Q7A8089.jpg","datePublished":"2025-09-10T19:38:25+00:00","dateModified":"2025-09-10T19:57:53+00:00","author":{"@id":"https:\/\/javiervarelactor.com\/#\/schema\/person\/e3104f2f3cca87d9a07b40f5281c02ba"},"description":"Javier Varela, profesional dedicado a la presentaci\u00f3n eventos de empresa en Madrid, Galicia y Castilla y Le\u00f3n.","breadcrumb":{"@id":"https:\/\/javiervarelactor.com\/?p=2028#breadcrumb"},"inLanguage":"es","potentialAction":[{"@type":"ReadAction","target":["https:\/\/javiervarelactor.com\/?p=2028"]}]},{"@type":"ImageObject","inLanguage":"es","@id":"https:\/\/javiervarelactor.com\/?p=2028#primaryimage","url":"https:\/\/javiervarelactor.com\/wp-content\/uploads\/2025\/09\/2Q7A8089.jpg","contentUrl":"https:\/\/javiervarelactor.com\/wp-content\/uploads\/2025\/09\/2Q7A8089.jpg","width":1493,"height":2240},{"@type":"BreadcrumbList","@id":"https:\/\/javiervarelactor.com\/?p=2028#breadcrumb","itemListElement":[{"@type":"ListItem","position":1,"name":"Inicio","item":"https:\/\/javiervarelactor.com\/"},{"@type":"ListItem","position":2,"name":"Presentaci\u00f3n eventos de empresa"}]},{"@type":"WebSite","@id":"https:\/\/javiervarelactor.com\/#website","url":"https:\/\/javiervarelactor.com\/","name":"Javier Varela","description":"Actor y Presentador","potentialAction":[{"@type":"SearchAction","target":{"@type":"EntryPoint","urlTemplate":"https:\/\/javiervarelactor.com\/?s={search_term_string}"},"query-input":"required name=search_term_string"}],"inLanguage":"es"},{"@type":"Person","@id":"https:\/\/javiervarelactor.com\/#\/schema\/person\/e3104f2f3cca87d9a07b40f5281c02ba","name":"Javier Varela","image":{"@type":"ImageObject","inLanguage":"es","@id":"https:\/\/javiervarelactor.com\/#\/schema\/person\/image\/","url":"https:\/\/secure.gravatar.com\/avatar\/858edfdbe98ed682c9723085564a87b3?s=96&d=mm&r=g","contentUrl":"https:\/\/secure.gravatar.com\/avatar\/858edfdbe98ed682c9723085564a87b3?s=96&d=mm&r=g","caption":"Javier Varela"},"sameAs":["http:\/\/www.javiervarelactor.com"],"url":"https:\/\/javiervarelactor.com\/?author=1"}]}},"_links":{"self":[{"href":"https:\/\/javiervarelactor.com\/index.php?rest_route=\/wp\/v2\/posts\/2028"}],"collection":[{"href":"https:\/\/javiervarelactor.com\/index.php?rest_route=\/wp\/v2\/posts"}],"about":[{"href":"https:\/\/javiervarelactor.com\/index.php?rest_route=\/wp\/v2\/types\/post"}],"author":[{"embeddable":true,"href":"https:\/\/javiervarelactor.com\/index.php?rest_route=\/wp\/v2\/users\/1"}],"replies":[{"embeddable":true,"href":"https:\/\/javiervarelactor.com\/index.php?rest_route=%2Fwp%2Fv2%2Fcomments&post=2028"}],"version-history":[{"count":3,"href":"https:\/\/javiervarelactor.com\/index.php?rest_route=\/wp\/v2\/posts\/2028\/revisions"}],"predecessor-version":[{"id":2032,"href":"https:\/\/javiervarelactor.com\/index.php?rest_route=\/wp\/v2\/posts\/2028\/revisions\/2032"}],"wp:featuredmedia":[{"embeddable":true,"href":"https:\/\/javiervarelactor.com\/index.php?rest_route=\/wp\/v2\/media\/2021"}],"wp:attachment":[{"href":"https:\/\/javiervarelactor.com\/index.php?rest_route=%2Fwp%2Fv2%2Fmedia&parent=2028"}],"wp:term":[{"taxonomy":"category","embeddable":true,"href":"https:\/\/javiervarelactor.com\/index.php?rest_route=%2Fwp%2Fv2%2Fcategories&post=2028"},{"taxonomy":"post_tag","embeddable":true,"href":"https:\/\/javiervarelactor.com\/index.php?rest_route=%2Fwp%2Fv2%2Ftags&post=2028"}],"curies":[{"name":"wp","href":"https:\/\/api.w.org\/{rel}","templated":true}]}}