{"id":2011,"date":"2025-02-13T20:14:36","date_gmt":"2025-02-13T20:14:36","guid":{"rendered":"https:\/\/javiervarelactor.com\/?p=2011"},"modified":"2025-02-13T20:18:01","modified_gmt":"2025-02-13T20:18:01","slug":"actor-video-corporativo-lugo","status":"publish","type":"post","link":"https:\/\/javiervarelactor.com\/?p=2011","title":{"rendered":"Actor v\u00eddeo corporativo Lugo"},"content":{"rendered":"\n<p>Es un orgullo para mi, un chico de Chantada, formar parte de esta pieza audiovisual que muestra los encantos de Lugo. Este v\u00eddeo se ha creado en exclusiva para mostrar a Lugo con todos sus encantos durante la feria <strong>FITUR 2025<\/strong>. \u00ab<em>Lugo, parte do teu cami\u00f1o<\/em>\u00bb \/ \u00ab<em>Lugo, parte de tu camino<\/em>\u00bb y he tenido el gusto de acompa\u00f1ar un apasionante viaje por Lugo como actor de v\u00eddeo corporativo.<\/p>\n\n\n\n<p>Los muchos rincones hist\u00f3ricos de la ciudad, el fant\u00e1stico valor arquitect\u00f3nico de sus edificaciones, el ambiente de sus calles, tapas y gentes, el Camino que pasa por sus bosques, la inigualable Muralla romana, Arde Lucus&#8230; podr\u00edamos seguir nombrando las muchas actividades y maravillas de esta ciudad, Lugo. Pero para no alargarnos, este v\u00eddeo producido por Granero V\u00eddeo, de Lugo tambi\u00e9n.<\/p>\n\n\n\n<figure class=\"wp-block-embed is-type-video is-provider-youtube wp-block-embed-youtube wp-embed-aspect-16-9 wp-has-aspect-ratio\"><div class=\"wp-block-embed__wrapper\">\n<iframe loading=\"lazy\" title=\"FITUR 2025: Lugo, parte de tu camino \/  Lugo, parte do teu cami\u00f1o\" width=\"832\" height=\"468\" src=\"https:\/\/www.youtube.com\/embed\/wcjGTrUTOE8?start=66&#038;feature=oembed\" frameborder=\"0\" allow=\"accelerometer; autoplay; clipboard-write; encrypted-media; gyroscope; picture-in-picture; web-share\" referrerpolicy=\"strict-origin-when-cross-origin\" allowfullscreen><\/iframe>\n<\/div><\/figure>\n\n\n\n<p>Un orgullo para mi poder mostrar al mundo mi tierra como actor de este v\u00eddeo corporativo, un placer haber formado parte de la creaci\u00f3n de esta pieza, por el trabajo compartido con el gran equipo profesional de Granero V\u00eddeo, por haber podido disfrutar de unos amables paseos por sus rincones naturales, su impresionante Muralla y sus encantadoras calles.<\/p>\n\n\n\n<p>Haz de Lugo parte de tu camino, como el m\u00edo. \u00bfNecesitas un presentador para un v\u00eddeo corporativo? \u00bfUn actor para una obra audiovisual? contacta conmigo en el <a href=\"https:\/\/javiervarelactor.com\/?page_id=69\">formulario<\/a>.<\/p>\n\n\n\n<p><\/p>\n","protected":false},"excerpt":{"rendered":"<p>Es un orgullo para mi, un chico de Chantada, formar parte de esta pieza audiovisual que muestra los encantos de Lugo. Este v\u00eddeo se ha creado en exclusiva para mostrar a Lugo con todos sus encantos durante la feria FITUR 2025. \u00abLugo, parte do teu cami\u00f1o\u00bb \/ \u00abLugo, parte de tu camino\u00bb y he tenido <a class=\"read-more\" href=\"https:\/\/javiervarelactor.com\/?p=2011\">Leer m\u00e1s<\/a><\/p>\n","protected":false},"author":1,"featured_media":0,"comment_status":"closed","ping_status":"open","sticky":false,"template":"","format":"standard","meta":{"_monsterinsights_skip_tracking":false,"_monsterinsights_sitenote_active":false,"_monsterinsights_sitenote_note":"","_monsterinsights_sitenote_category":0,"footnotes":""},"categories":[21],"tags":[],"yoast_head":"<!-- This site is optimized with the Yoast SEO plugin v22.7 - https:\/\/yoast.com\/wordpress\/plugins\/seo\/ -->\n<title>Actor v\u00eddeo corporativo Lugo - Javier Varela<\/title>\n<meta name=\"robots\" content=\"index, follow, max-snippet:-1, max-image-preview:large, max-video-preview:-1\" \/>\n<link rel=\"canonical\" href=\"https:\/\/javiervarelactor.com\/?p=2011\" \/>\n<meta property=\"og:locale\" content=\"es_ES\" \/>\n<meta property=\"og:type\" content=\"article\" \/>\n<meta property=\"og:title\" content=\"Actor v\u00eddeo corporativo Lugo - Javier Varela\" \/>\n<meta property=\"og:description\" content=\"Es un orgullo para mi, un chico de Chantada, formar parte de esta pieza audiovisual que muestra los encantos de Lugo. Este v\u00eddeo se ha creado en exclusiva para mostrar a Lugo con todos sus encantos durante la feria FITUR 2025. \u00abLugo, parte do teu cami\u00f1o\u00bb \/ \u00abLugo, parte de tu camino\u00bb y he tenido Leer m\u00e1s\" \/>\n<meta property=\"og:url\" content=\"https:\/\/javiervarelactor.com\/?p=2011\" \/>\n<meta property=\"og:site_name\" content=\"Javier Varela\" \/>\n<meta property=\"article:publisher\" content=\"https:\/\/www.facebook.com\/pages\/Javier-Varela\/145894855509796?sk=info&amp;amp%3bamp%3bamp%3bamp%3btab=page_info\" \/>\n<meta property=\"article:published_time\" content=\"2025-02-13T20:14:36+00:00\" \/>\n<meta property=\"article:modified_time\" content=\"2025-02-13T20:18:01+00:00\" \/>\n<meta name=\"author\" content=\"Javier Varela\" \/>\n<meta name=\"twitter:label1\" content=\"Escrito por\" \/>\n\t<meta name=\"twitter:data1\" content=\"Javier Varela\" \/>\n\t<meta name=\"twitter:label2\" content=\"Tiempo de lectura\" \/>\n\t<meta name=\"twitter:data2\" content=\"1 minuto\" \/>\n<script type=\"application\/ld+json\" class=\"yoast-schema-graph\">{\"@context\":\"https:\/\/schema.org\",\"@graph\":[{\"@type\":\"WebPage\",\"@id\":\"https:\/\/javiervarelactor.com\/?p=2011\",\"url\":\"https:\/\/javiervarelactor.com\/?p=2011\",\"name\":\"Actor v\u00eddeo corporativo Lugo - Javier Varela\",\"isPartOf\":{\"@id\":\"https:\/\/javiervarelactor.com\/#website\"},\"datePublished\":\"2025-02-13T20:14:36+00:00\",\"dateModified\":\"2025-02-13T20:18:01+00:00\",\"author\":{\"@id\":\"https:\/\/javiervarelactor.com\/#\/schema\/person\/e3104f2f3cca87d9a07b40f5281c02ba\"},\"breadcrumb\":{\"@id\":\"https:\/\/javiervarelactor.com\/?p=2011#breadcrumb\"},\"inLanguage\":\"es\",\"potentialAction\":[{\"@type\":\"ReadAction\",\"target\":[\"https:\/\/javiervarelactor.com\/?p=2011\"]}]},{\"@type\":\"BreadcrumbList\",\"@id\":\"https:\/\/javiervarelactor.com\/?p=2011#breadcrumb\",\"itemListElement\":[{\"@type\":\"ListItem\",\"position\":1,\"name\":\"Inicio\",\"item\":\"https:\/\/javiervarelactor.com\/\"},{\"@type\":\"ListItem\",\"position\":2,\"name\":\"Actor v\u00eddeo corporativo Lugo\"}]},{\"@type\":\"WebSite\",\"@id\":\"https:\/\/javiervarelactor.com\/#website\",\"url\":\"https:\/\/javiervarelactor.com\/\",\"name\":\"Javier Varela\",\"description\":\"Actor y Presentador\",\"potentialAction\":[{\"@type\":\"SearchAction\",\"target\":{\"@type\":\"EntryPoint\",\"urlTemplate\":\"https:\/\/javiervarelactor.com\/?s={search_term_string}\"},\"query-input\":\"required name=search_term_string\"}],\"inLanguage\":\"es\"},{\"@type\":\"Person\",\"@id\":\"https:\/\/javiervarelactor.com\/#\/schema\/person\/e3104f2f3cca87d9a07b40f5281c02ba\",\"name\":\"Javier Varela\",\"image\":{\"@type\":\"ImageObject\",\"inLanguage\":\"es\",\"@id\":\"https:\/\/javiervarelactor.com\/#\/schema\/person\/image\/\",\"url\":\"https:\/\/secure.gravatar.com\/avatar\/858edfdbe98ed682c9723085564a87b3?s=96&d=mm&r=g\",\"contentUrl\":\"https:\/\/secure.gravatar.com\/avatar\/858edfdbe98ed682c9723085564a87b3?s=96&d=mm&r=g\",\"caption\":\"Javier Varela\"},\"sameAs\":[\"http:\/\/www.javiervarelactor.com\"],\"url\":\"https:\/\/javiervarelactor.com\/?author=1\"}]}<\/script>\n<!-- \/ Yoast SEO plugin. -->","yoast_head_json":{"title":"Actor v\u00eddeo corporativo Lugo - Javier Varela","robots":{"index":"index","follow":"follow","max-snippet":"max-snippet:-1","max-image-preview":"max-image-preview:large","max-video-preview":"max-video-preview:-1"},"canonical":"https:\/\/javiervarelactor.com\/?p=2011","og_locale":"es_ES","og_type":"article","og_title":"Actor v\u00eddeo corporativo Lugo - Javier Varela","og_description":"Es un orgullo para mi, un chico de Chantada, formar parte de esta pieza audiovisual que muestra los encantos de Lugo. Este v\u00eddeo se ha creado en exclusiva para mostrar a Lugo con todos sus encantos durante la feria FITUR 2025. \u00abLugo, parte do teu cami\u00f1o\u00bb \/ \u00abLugo, parte de tu camino\u00bb y he tenido Leer m\u00e1s","og_url":"https:\/\/javiervarelactor.com\/?p=2011","og_site_name":"Javier Varela","article_publisher":"https:\/\/www.facebook.com\/pages\/Javier-Varela\/145894855509796?sk=info&amp%3bamp%3bamp%3bamp%3btab=page_info","article_published_time":"2025-02-13T20:14:36+00:00","article_modified_time":"2025-02-13T20:18:01+00:00","author":"Javier Varela","twitter_misc":{"Escrito por":"Javier Varela","Tiempo de lectura":"1 minuto"},"schema":{"@context":"https:\/\/schema.org","@graph":[{"@type":"WebPage","@id":"https:\/\/javiervarelactor.com\/?p=2011","url":"https:\/\/javiervarelactor.com\/?p=2011","name":"Actor v\u00eddeo corporativo Lugo - Javier Varela","isPartOf":{"@id":"https:\/\/javiervarelactor.com\/#website"},"datePublished":"2025-02-13T20:14:36+00:00","dateModified":"2025-02-13T20:18:01+00:00","author":{"@id":"https:\/\/javiervarelactor.com\/#\/schema\/person\/e3104f2f3cca87d9a07b40f5281c02ba"},"breadcrumb":{"@id":"https:\/\/javiervarelactor.com\/?p=2011#breadcrumb"},"inLanguage":"es","potentialAction":[{"@type":"ReadAction","target":["https:\/\/javiervarelactor.com\/?p=2011"]}]},{"@type":"BreadcrumbList","@id":"https:\/\/javiervarelactor.com\/?p=2011#breadcrumb","itemListElement":[{"@type":"ListItem","position":1,"name":"Inicio","item":"https:\/\/javiervarelactor.com\/"},{"@type":"ListItem","position":2,"name":"Actor v\u00eddeo corporativo Lugo"}]},{"@type":"WebSite","@id":"https:\/\/javiervarelactor.com\/#website","url":"https:\/\/javiervarelactor.com\/","name":"Javier Varela","description":"Actor y Presentador","potentialAction":[{"@type":"SearchAction","target":{"@type":"EntryPoint","urlTemplate":"https:\/\/javiervarelactor.com\/?s={search_term_string}"},"query-input":"required name=search_term_string"}],"inLanguage":"es"},{"@type":"Person","@id":"https:\/\/javiervarelactor.com\/#\/schema\/person\/e3104f2f3cca87d9a07b40f5281c02ba","name":"Javier Varela","image":{"@type":"ImageObject","inLanguage":"es","@id":"https:\/\/javiervarelactor.com\/#\/schema\/person\/image\/","url":"https:\/\/secure.gravatar.com\/avatar\/858edfdbe98ed682c9723085564a87b3?s=96&d=mm&r=g","contentUrl":"https:\/\/secure.gravatar.com\/avatar\/858edfdbe98ed682c9723085564a87b3?s=96&d=mm&r=g","caption":"Javier Varela"},"sameAs":["http:\/\/www.javiervarelactor.com"],"url":"https:\/\/javiervarelactor.com\/?author=1"}]}},"_links":{"self":[{"href":"https:\/\/javiervarelactor.com\/index.php?rest_route=\/wp\/v2\/posts\/2011"}],"collection":[{"href":"https:\/\/javiervarelactor.com\/index.php?rest_route=\/wp\/v2\/posts"}],"about":[{"href":"https:\/\/javiervarelactor.com\/index.php?rest_route=\/wp\/v2\/types\/post"}],"author":[{"embeddable":true,"href":"https:\/\/javiervarelactor.com\/index.php?rest_route=\/wp\/v2\/users\/1"}],"replies":[{"embeddable":true,"href":"https:\/\/javiervarelactor.com\/index.php?rest_route=%2Fwp%2Fv2%2Fcomments&post=2011"}],"version-history":[{"count":3,"href":"https:\/\/javiervarelactor.com\/index.php?rest_route=\/wp\/v2\/posts\/2011\/revisions"}],"predecessor-version":[{"id":2017,"href":"https:\/\/javiervarelactor.com\/index.php?rest_route=\/wp\/v2\/posts\/2011\/revisions\/2017"}],"wp:attachment":[{"href":"https:\/\/javiervarelactor.com\/index.php?rest_route=%2Fwp%2Fv2%2Fmedia&parent=2011"}],"wp:term":[{"taxonomy":"category","embeddable":true,"href":"https:\/\/javiervarelactor.com\/index.php?rest_route=%2Fwp%2Fv2%2Fcategories&post=2011"},{"taxonomy":"post_tag","embeddable":true,"href":"https:\/\/javiervarelactor.com\/index.php?rest_route=%2Fwp%2Fv2%2Ftags&post=2011"}],"curies":[{"name":"wp","href":"https:\/\/api.w.org\/{rel}","templated":true}]}}