{"id":2004,"date":"2024-10-02T17:42:40","date_gmt":"2024-10-02T17:42:40","guid":{"rendered":"https:\/\/javiervarelactor.com\/?p=2004"},"modified":"2024-10-05T15:51:43","modified_gmt":"2024-10-05T15:51:43","slug":"segunda-temporada-de-memento-mori-con-alvaro-peteira","status":"publish","type":"post","link":"https:\/\/javiervarelactor.com\/?p=2004","title":{"rendered":"2\u00aa temporada de \u00c1lvaro Peteira en \u00abMemento Mori\u00bb"},"content":{"rendered":"\n<p>Finaliza el rodaje de \u00abMemento Mori\u00bb de la 2\u00aa temporada, tras el \u00e9xito de la 1\u00aa temporada, con <strong>Javier Varela <\/strong>en el personaje de \u00ab<strong>\u00c1lvaro Peteira<\/strong>\u00ab. La exitosa serie basada en la novela de C\u00e9sar P\u00e9rez Gellida termina la grabaci\u00f3n de su 2\u00ba temporada que se emitir\u00e1 en los pr\u00f3ximos meses en Amazon Prime.<\/p>\n\n\n\n<p>Siguiendo con mi trabajo en el personaje de <strong>\u00c1lvaro Peteira<\/strong>, el peculiar agente que tantas alegr\u00edas me est\u00e1 dando. Alegr\u00eda por formar parte de un equipo de trabajo profesional y entregado a una producci\u00f3n espectacular. Los medios con los que se est\u00e1 produciendo esta serie son de primer nivel, pero sobretodo los medios humanos. \u00abMemento Mori\u00bb son Fernando Soto, Jon Gonz\u00e1lez, Carlota Bar\u00f3, Olivia Baglivi o Juan Echanove entre otras grandes interpretaciones. Pero el equipo de maquillaje, vestuario, producci\u00f3n y todas las personas que hacen posible que la serie salga adelante son brillantes. Fran Parra y Marco Castillo, gracias, por la direcci\u00f3n acertada, segura y la confianza que demostr\u00e1is en cada secuencia. Un equipazo \u00e9ste de Memento Mori.<\/p>\n\n\n\n<p><strong>\u00c1lvaro Peteira en \u00abMemento Mori<\/strong>\u00bb ha tenido noches y d\u00edas de intenso rodaje que se ver\u00e1 plasmado en una 2\u00aa temporada inquietante, trepidante y que te va a enganchar. Muy pronto en Amazon Prime.<\/p>\n\n\n\n<p>Javier Varela es <strong>\u00c1lvaro Peteira<\/strong> en \u00abMemento Mori\u00bb serie de ficci\u00f3n espa\u00f1ola para Amazon Prime producida por Zebra Producciones.<\/p>\n","protected":false},"excerpt":{"rendered":"<p>Finaliza el rodaje de \u00abMemento Mori\u00bb de la 2\u00aa temporada, tras el \u00e9xito de la 1\u00aa temporada, con Javier Varela en el personaje de \u00ab\u00c1lvaro Peteira\u00ab. La exitosa serie basada en la novela de C\u00e9sar P\u00e9rez Gellida termina la grabaci\u00f3n de su 2\u00ba temporada que se emitir\u00e1 en los pr\u00f3ximos meses en Amazon Prime. Siguiendo <a class=\"read-more\" href=\"https:\/\/javiervarelactor.com\/?p=2004\">Leer m\u00e1s<\/a><\/p>\n","protected":false},"author":1,"featured_media":2005,"comment_status":"closed","ping_status":"open","sticky":false,"template":"","format":"standard","meta":{"_monsterinsights_skip_tracking":false,"_monsterinsights_sitenote_active":false,"_monsterinsights_sitenote_note":"","_monsterinsights_sitenote_category":0,"footnotes":""},"categories":[21],"tags":[112],"yoast_head":"<!-- This site is optimized with the Yoast SEO plugin v22.7 - https:\/\/yoast.com\/wordpress\/plugins\/seo\/ -->\n<title>2\u00aa temporada de \u00c1lvaro Peteira en &quot;Memento Mori&quot; - Javier Varela<\/title>\n<meta name=\"description\" content=\"\u00c1lvaro Peteira en &quot;Memento Mori&quot; personaje interpretado por Javier Varela. Fin de rodaje de la serie de Amazon Prime.\" \/>\n<meta name=\"robots\" content=\"index, follow, max-snippet:-1, max-image-preview:large, max-video-preview:-1\" \/>\n<link rel=\"canonical\" href=\"https:\/\/javiervarelactor.com\/?p=2004\" \/>\n<meta property=\"og:locale\" content=\"es_ES\" \/>\n<meta property=\"og:type\" content=\"article\" \/>\n<meta property=\"og:title\" content=\"2\u00aa temporada de \u00c1lvaro Peteira en &quot;Memento Mori&quot; - Javier Varela\" \/>\n<meta property=\"og:description\" content=\"\u00c1lvaro Peteira en &quot;Memento Mori&quot; personaje interpretado por Javier Varela. Fin de rodaje de la serie de Amazon Prime.\" \/>\n<meta property=\"og:url\" content=\"https:\/\/javiervarelactor.com\/?p=2004\" \/>\n<meta property=\"og:site_name\" content=\"Javier Varela\" \/>\n<meta property=\"article:publisher\" content=\"https:\/\/www.facebook.com\/pages\/Javier-Varela\/145894855509796?sk=info&amp;amp%3bamp%3bamp%3bamp%3btab=page_info\" \/>\n<meta property=\"article:published_time\" content=\"2024-10-02T17:42:40+00:00\" \/>\n<meta property=\"article:modified_time\" content=\"2024-10-05T15:51:43+00:00\" \/>\n<meta property=\"og:image\" content=\"http:\/\/javiervarelactor.com\/wp-content\/uploads\/2024\/10\/668afd26-1c93-419a-a64a-0b0076c2b38c-e1727891020538.jpg\" \/>\n\t<meta property=\"og:image:width\" content=\"1400\" \/>\n\t<meta property=\"og:image:height\" content=\"1326\" \/>\n\t<meta property=\"og:image:type\" content=\"image\/jpeg\" \/>\n<meta name=\"author\" content=\"Javier Varela\" \/>\n<meta name=\"twitter:label1\" content=\"Escrito por\" \/>\n\t<meta name=\"twitter:data1\" content=\"Javier Varela\" \/>\n\t<meta name=\"twitter:label2\" content=\"Tiempo de lectura\" \/>\n\t<meta name=\"twitter:data2\" content=\"2 minutos\" \/>\n<script type=\"application\/ld+json\" class=\"yoast-schema-graph\">{\"@context\":\"https:\/\/schema.org\",\"@graph\":[{\"@type\":\"WebPage\",\"@id\":\"https:\/\/javiervarelactor.com\/?p=2004\",\"url\":\"https:\/\/javiervarelactor.com\/?p=2004\",\"name\":\"2\u00aa temporada de \u00c1lvaro Peteira en \\\"Memento Mori\\\" - Javier Varela\",\"isPartOf\":{\"@id\":\"https:\/\/javiervarelactor.com\/#website\"},\"primaryImageOfPage\":{\"@id\":\"https:\/\/javiervarelactor.com\/?p=2004#primaryimage\"},\"image\":{\"@id\":\"https:\/\/javiervarelactor.com\/?p=2004#primaryimage\"},\"thumbnailUrl\":\"https:\/\/javiervarelactor.com\/wp-content\/uploads\/2024\/10\/668afd26-1c93-419a-a64a-0b0076c2b38c-e1727891020538.jpg\",\"datePublished\":\"2024-10-02T17:42:40+00:00\",\"dateModified\":\"2024-10-05T15:51:43+00:00\",\"author\":{\"@id\":\"https:\/\/javiervarelactor.com\/#\/schema\/person\/e3104f2f3cca87d9a07b40f5281c02ba\"},\"description\":\"\u00c1lvaro Peteira en \\\"Memento Mori\\\" personaje interpretado por Javier Varela. Fin de rodaje de la serie de Amazon Prime.\",\"breadcrumb\":{\"@id\":\"https:\/\/javiervarelactor.com\/?p=2004#breadcrumb\"},\"inLanguage\":\"es\",\"potentialAction\":[{\"@type\":\"ReadAction\",\"target\":[\"https:\/\/javiervarelactor.com\/?p=2004\"]}]},{\"@type\":\"ImageObject\",\"inLanguage\":\"es\",\"@id\":\"https:\/\/javiervarelactor.com\/?p=2004#primaryimage\",\"url\":\"https:\/\/javiervarelactor.com\/wp-content\/uploads\/2024\/10\/668afd26-1c93-419a-a64a-0b0076c2b38c-e1727891020538.jpg\",\"contentUrl\":\"https:\/\/javiervarelactor.com\/wp-content\/uploads\/2024\/10\/668afd26-1c93-419a-a64a-0b0076c2b38c-e1727891020538.jpg\",\"width\":1400,\"height\":1326,\"caption\":\"\u00c1lvaro Peteira en Memento Mori\"},{\"@type\":\"BreadcrumbList\",\"@id\":\"https:\/\/javiervarelactor.com\/?p=2004#breadcrumb\",\"itemListElement\":[{\"@type\":\"ListItem\",\"position\":1,\"name\":\"Inicio\",\"item\":\"https:\/\/javiervarelactor.com\/\"},{\"@type\":\"ListItem\",\"position\":2,\"name\":\"2\u00aa temporada de \u00c1lvaro Peteira en \u00abMemento Mori\u00bb\"}]},{\"@type\":\"WebSite\",\"@id\":\"https:\/\/javiervarelactor.com\/#website\",\"url\":\"https:\/\/javiervarelactor.com\/\",\"name\":\"Javier Varela\",\"description\":\"Actor y Presentador\",\"potentialAction\":[{\"@type\":\"SearchAction\",\"target\":{\"@type\":\"EntryPoint\",\"urlTemplate\":\"https:\/\/javiervarelactor.com\/?s={search_term_string}\"},\"query-input\":\"required name=search_term_string\"}],\"inLanguage\":\"es\"},{\"@type\":\"Person\",\"@id\":\"https:\/\/javiervarelactor.com\/#\/schema\/person\/e3104f2f3cca87d9a07b40f5281c02ba\",\"name\":\"Javier Varela\",\"image\":{\"@type\":\"ImageObject\",\"inLanguage\":\"es\",\"@id\":\"https:\/\/javiervarelactor.com\/#\/schema\/person\/image\/\",\"url\":\"https:\/\/secure.gravatar.com\/avatar\/858edfdbe98ed682c9723085564a87b3?s=96&d=mm&r=g\",\"contentUrl\":\"https:\/\/secure.gravatar.com\/avatar\/858edfdbe98ed682c9723085564a87b3?s=96&d=mm&r=g\",\"caption\":\"Javier Varela\"},\"sameAs\":[\"http:\/\/www.javiervarelactor.com\"],\"url\":\"https:\/\/javiervarelactor.com\/?author=1\"}]}<\/script>\n<!-- \/ Yoast SEO plugin. -->","yoast_head_json":{"title":"2\u00aa temporada de \u00c1lvaro Peteira en \"Memento Mori\" - Javier Varela","description":"\u00c1lvaro Peteira en \"Memento Mori\" personaje interpretado por Javier Varela. Fin de rodaje de la serie de Amazon Prime.","robots":{"index":"index","follow":"follow","max-snippet":"max-snippet:-1","max-image-preview":"max-image-preview:large","max-video-preview":"max-video-preview:-1"},"canonical":"https:\/\/javiervarelactor.com\/?p=2004","og_locale":"es_ES","og_type":"article","og_title":"2\u00aa temporada de \u00c1lvaro Peteira en \"Memento Mori\" - Javier Varela","og_description":"\u00c1lvaro Peteira en \"Memento Mori\" personaje interpretado por Javier Varela. Fin de rodaje de la serie de Amazon Prime.","og_url":"https:\/\/javiervarelactor.com\/?p=2004","og_site_name":"Javier Varela","article_publisher":"https:\/\/www.facebook.com\/pages\/Javier-Varela\/145894855509796?sk=info&amp%3bamp%3bamp%3bamp%3btab=page_info","article_published_time":"2024-10-02T17:42:40+00:00","article_modified_time":"2024-10-05T15:51:43+00:00","og_image":[{"width":1400,"height":1326,"url":"http:\/\/javiervarelactor.com\/wp-content\/uploads\/2024\/10\/668afd26-1c93-419a-a64a-0b0076c2b38c-e1727891020538.jpg","type":"image\/jpeg"}],"author":"Javier Varela","twitter_misc":{"Escrito por":"Javier Varela","Tiempo de lectura":"2 minutos"},"schema":{"@context":"https:\/\/schema.org","@graph":[{"@type":"WebPage","@id":"https:\/\/javiervarelactor.com\/?p=2004","url":"https:\/\/javiervarelactor.com\/?p=2004","name":"2\u00aa temporada de \u00c1lvaro Peteira en \"Memento Mori\" - Javier Varela","isPartOf":{"@id":"https:\/\/javiervarelactor.com\/#website"},"primaryImageOfPage":{"@id":"https:\/\/javiervarelactor.com\/?p=2004#primaryimage"},"image":{"@id":"https:\/\/javiervarelactor.com\/?p=2004#primaryimage"},"thumbnailUrl":"https:\/\/javiervarelactor.com\/wp-content\/uploads\/2024\/10\/668afd26-1c93-419a-a64a-0b0076c2b38c-e1727891020538.jpg","datePublished":"2024-10-02T17:42:40+00:00","dateModified":"2024-10-05T15:51:43+00:00","author":{"@id":"https:\/\/javiervarelactor.com\/#\/schema\/person\/e3104f2f3cca87d9a07b40f5281c02ba"},"description":"\u00c1lvaro Peteira en \"Memento Mori\" personaje interpretado por Javier Varela. Fin de rodaje de la serie de Amazon Prime.","breadcrumb":{"@id":"https:\/\/javiervarelactor.com\/?p=2004#breadcrumb"},"inLanguage":"es","potentialAction":[{"@type":"ReadAction","target":["https:\/\/javiervarelactor.com\/?p=2004"]}]},{"@type":"ImageObject","inLanguage":"es","@id":"https:\/\/javiervarelactor.com\/?p=2004#primaryimage","url":"https:\/\/javiervarelactor.com\/wp-content\/uploads\/2024\/10\/668afd26-1c93-419a-a64a-0b0076c2b38c-e1727891020538.jpg","contentUrl":"https:\/\/javiervarelactor.com\/wp-content\/uploads\/2024\/10\/668afd26-1c93-419a-a64a-0b0076c2b38c-e1727891020538.jpg","width":1400,"height":1326,"caption":"\u00c1lvaro Peteira en Memento Mori"},{"@type":"BreadcrumbList","@id":"https:\/\/javiervarelactor.com\/?p=2004#breadcrumb","itemListElement":[{"@type":"ListItem","position":1,"name":"Inicio","item":"https:\/\/javiervarelactor.com\/"},{"@type":"ListItem","position":2,"name":"2\u00aa temporada de \u00c1lvaro Peteira en \u00abMemento Mori\u00bb"}]},{"@type":"WebSite","@id":"https:\/\/javiervarelactor.com\/#website","url":"https:\/\/javiervarelactor.com\/","name":"Javier Varela","description":"Actor y Presentador","potentialAction":[{"@type":"SearchAction","target":{"@type":"EntryPoint","urlTemplate":"https:\/\/javiervarelactor.com\/?s={search_term_string}"},"query-input":"required name=search_term_string"}],"inLanguage":"es"},{"@type":"Person","@id":"https:\/\/javiervarelactor.com\/#\/schema\/person\/e3104f2f3cca87d9a07b40f5281c02ba","name":"Javier Varela","image":{"@type":"ImageObject","inLanguage":"es","@id":"https:\/\/javiervarelactor.com\/#\/schema\/person\/image\/","url":"https:\/\/secure.gravatar.com\/avatar\/858edfdbe98ed682c9723085564a87b3?s=96&d=mm&r=g","contentUrl":"https:\/\/secure.gravatar.com\/avatar\/858edfdbe98ed682c9723085564a87b3?s=96&d=mm&r=g","caption":"Javier Varela"},"sameAs":["http:\/\/www.javiervarelactor.com"],"url":"https:\/\/javiervarelactor.com\/?author=1"}]}},"_links":{"self":[{"href":"https:\/\/javiervarelactor.com\/index.php?rest_route=\/wp\/v2\/posts\/2004"}],"collection":[{"href":"https:\/\/javiervarelactor.com\/index.php?rest_route=\/wp\/v2\/posts"}],"about":[{"href":"https:\/\/javiervarelactor.com\/index.php?rest_route=\/wp\/v2\/types\/post"}],"author":[{"embeddable":true,"href":"https:\/\/javiervarelactor.com\/index.php?rest_route=\/wp\/v2\/users\/1"}],"replies":[{"embeddable":true,"href":"https:\/\/javiervarelactor.com\/index.php?rest_route=%2Fwp%2Fv2%2Fcomments&post=2004"}],"version-history":[{"count":2,"href":"https:\/\/javiervarelactor.com\/index.php?rest_route=\/wp\/v2\/posts\/2004\/revisions"}],"predecessor-version":[{"id":2008,"href":"https:\/\/javiervarelactor.com\/index.php?rest_route=\/wp\/v2\/posts\/2004\/revisions\/2008"}],"wp:featuredmedia":[{"embeddable":true,"href":"https:\/\/javiervarelactor.com\/index.php?rest_route=\/wp\/v2\/media\/2005"}],"wp:attachment":[{"href":"https:\/\/javiervarelactor.com\/index.php?rest_route=%2Fwp%2Fv2%2Fmedia&parent=2004"}],"wp:term":[{"taxonomy":"category","embeddable":true,"href":"https:\/\/javiervarelactor.com\/index.php?rest_route=%2Fwp%2Fv2%2Fcategories&post=2004"},{"taxonomy":"post_tag","embeddable":true,"href":"https:\/\/javiervarelactor.com\/index.php?rest_route=%2Fwp%2Fv2%2Ftags&post=2004"}],"curies":[{"name":"wp","href":"https:\/\/api.w.org\/{rel}","templated":true}]}}