{"id":1997,"date":"2024-08-15T09:20:37","date_gmt":"2024-08-15T09:20:37","guid":{"rendered":"https:\/\/javiervarelactor.com\/?p=1997"},"modified":"2024-08-15T09:25:35","modified_gmt":"2024-08-15T09:25:35","slug":"2a-temporada-memento-mori-accion","status":"publish","type":"post","link":"https:\/\/javiervarelactor.com\/?p=1997","title":{"rendered":"2\u00aa Temporada Memento Mori \u00a1Acci\u00f3n!"},"content":{"rendered":"\n<p>En marcha la <strong>2\u00aa Temporada de Memento Mori<\/strong>. Un verano intenso de trabajo para poner en acci\u00f3n la segunda temporada de esta original serie, estrenada en 2023 en Amazon Prime, Memento Mori est\u00e1 basada en la novela de <em>C\u00e9sar P\u00e9rez Gellida<\/em>. Ambientada en Valladolid, la primera temporada fue grabada en al ciudad castellana bajo la lluvia, una recreaci\u00f3n del ambiente oscuro y tenso de la narraci\u00f3n. <strong>Javier Varela interpretando al agente \u00c1lvaro Peteira<\/strong>.<\/p>\n\n\n\n<p>En esta segunda temporada la tensi\u00f3n seguir\u00e1 siendo la protagonista, acci\u00f3n y emoci\u00f3n. Dirigida por Marco A. Castillo y Fran Parra, rodeado de un elenco de actrices y actores con los que hemos creado un equipo en conexi\u00f3n y, adem\u00e1s, en diversi\u00f3n. Un equipo de producci\u00f3n, t\u00e9cnicas, maquilladoras, vestuario y todas las personas que hacen posible llevar a la realidad este guion que no deja indiferente.<\/p>\n\n\n\n<p>La 2\u00aa Temporada de Memento Mori tiene la suerte de seguir teniendo entre sus protagonistas a actores y actrices como Juan Echanove, Francisco Ortiz, Yon Gonz\u00e1lez, Carlota Bar\u00f3, Fernando Soto, Olivia Baglivi, Juan Fern\u00e1ndez y m\u00e1s int\u00e9rpretes de primer nivel que hacen que este original guion, esta trama que no te deja despegarte del sof\u00e1, tengan una calidad en la interpretaci\u00f3n maravillosa. <strong>Javier Varela <\/strong>en el papel del agente<strong> \u00c1lvaro Peteira<\/strong>.<\/p>\n\n\n\n<p>Seguimos trabajando con intensidad en esta 2\u00aa Temporada de Memento Mori, esperada por muchos para continuar los pasos de los personajes oscuros, intensos y sorprendentes.<\/p>\n\n\n\n<p><\/p>\n\n\n\n<p><\/p>\n","protected":false},"excerpt":{"rendered":"<p>Javier Varela interpreta al agente \u00c1lvaro Peteira en la 2\u00aa temporada de Memento Mori.<\/p>\n","protected":false},"author":1,"featured_media":1998,"comment_status":"closed","ping_status":"open","sticky":false,"template":"","format":"standard","meta":{"_monsterinsights_skip_tracking":false,"_monsterinsights_sitenote_active":false,"_monsterinsights_sitenote_note":"","_monsterinsights_sitenote_category":0,"footnotes":""},"categories":[21],"tags":[112],"yoast_head":"<!-- This site is optimized with the Yoast SEO plugin v22.7 - https:\/\/yoast.com\/wordpress\/plugins\/seo\/ -->\n<title>2\u00aa Temporada Memento Mori \u00a1Acci\u00f3n! - Javier Varela<\/title>\n<meta name=\"description\" content=\"La 2\u00aa temporada de Memento Mori ya en proceso de grabaci\u00f3n. Memento Mori con Javier Varela como \u00c1lvaro Peteira.\" \/>\n<meta name=\"robots\" content=\"index, follow, max-snippet:-1, max-image-preview:large, max-video-preview:-1\" \/>\n<link rel=\"canonical\" href=\"https:\/\/javiervarelactor.com\/?p=1997\" \/>\n<meta property=\"og:locale\" content=\"es_ES\" \/>\n<meta property=\"og:type\" content=\"article\" \/>\n<meta property=\"og:title\" content=\"2\u00aa Temporada Memento Mori \u00a1Acci\u00f3n! - Javier Varela\" \/>\n<meta property=\"og:description\" content=\"La 2\u00aa temporada de Memento Mori ya en proceso de grabaci\u00f3n. Memento Mori con Javier Varela como \u00c1lvaro Peteira.\" \/>\n<meta property=\"og:url\" content=\"https:\/\/javiervarelactor.com\/?p=1997\" \/>\n<meta property=\"og:site_name\" content=\"Javier Varela\" \/>\n<meta property=\"article:publisher\" content=\"https:\/\/www.facebook.com\/pages\/Javier-Varela\/145894855509796?sk=info&amp;amp%3bamp%3bamp%3bamp%3btab=page_info\" \/>\n<meta property=\"article:published_time\" content=\"2024-08-15T09:20:37+00:00\" \/>\n<meta property=\"article:modified_time\" content=\"2024-08-15T09:25:35+00:00\" \/>\n<meta property=\"og:image\" content=\"http:\/\/javiervarelactor.com\/wp-content\/uploads\/2024\/08\/jon-y-varela.jpg\" \/>\n\t<meta property=\"og:image:width\" content=\"750\" \/>\n\t<meta property=\"og:image:height\" content=\"453\" \/>\n\t<meta property=\"og:image:type\" content=\"image\/jpeg\" \/>\n<meta name=\"author\" content=\"Javier Varela\" \/>\n<meta name=\"twitter:label1\" content=\"Escrito por\" \/>\n\t<meta name=\"twitter:data1\" content=\"Javier Varela\" \/>\n\t<meta name=\"twitter:label2\" content=\"Tiempo de lectura\" \/>\n\t<meta name=\"twitter:data2\" content=\"2 minutos\" \/>\n<script type=\"application\/ld+json\" class=\"yoast-schema-graph\">{\"@context\":\"https:\/\/schema.org\",\"@graph\":[{\"@type\":\"WebPage\",\"@id\":\"https:\/\/javiervarelactor.com\/?p=1997\",\"url\":\"https:\/\/javiervarelactor.com\/?p=1997\",\"name\":\"2\u00aa Temporada Memento Mori \u00a1Acci\u00f3n! - Javier Varela\",\"isPartOf\":{\"@id\":\"https:\/\/javiervarelactor.com\/#website\"},\"primaryImageOfPage\":{\"@id\":\"https:\/\/javiervarelactor.com\/?p=1997#primaryimage\"},\"image\":{\"@id\":\"https:\/\/javiervarelactor.com\/?p=1997#primaryimage\"},\"thumbnailUrl\":\"https:\/\/javiervarelactor.com\/wp-content\/uploads\/2024\/08\/jon-y-varela.jpg\",\"datePublished\":\"2024-08-15T09:20:37+00:00\",\"dateModified\":\"2024-08-15T09:25:35+00:00\",\"author\":{\"@id\":\"https:\/\/javiervarelactor.com\/#\/schema\/person\/e3104f2f3cca87d9a07b40f5281c02ba\"},\"description\":\"La 2\u00aa temporada de Memento Mori ya en proceso de grabaci\u00f3n. Memento Mori con Javier Varela como \u00c1lvaro Peteira.\",\"breadcrumb\":{\"@id\":\"https:\/\/javiervarelactor.com\/?p=1997#breadcrumb\"},\"inLanguage\":\"es\",\"potentialAction\":[{\"@type\":\"ReadAction\",\"target\":[\"https:\/\/javiervarelactor.com\/?p=1997\"]}]},{\"@type\":\"ImageObject\",\"inLanguage\":\"es\",\"@id\":\"https:\/\/javiervarelactor.com\/?p=1997#primaryimage\",\"url\":\"https:\/\/javiervarelactor.com\/wp-content\/uploads\/2024\/08\/jon-y-varela.jpg\",\"contentUrl\":\"https:\/\/javiervarelactor.com\/wp-content\/uploads\/2024\/08\/jon-y-varela.jpg\",\"width\":750,\"height\":453,\"caption\":\"Javier Varela y yon gonz\u00e1lez\"},{\"@type\":\"BreadcrumbList\",\"@id\":\"https:\/\/javiervarelactor.com\/?p=1997#breadcrumb\",\"itemListElement\":[{\"@type\":\"ListItem\",\"position\":1,\"name\":\"Inicio\",\"item\":\"https:\/\/javiervarelactor.com\/\"},{\"@type\":\"ListItem\",\"position\":2,\"name\":\"2\u00aa Temporada Memento Mori \u00a1Acci\u00f3n!\"}]},{\"@type\":\"WebSite\",\"@id\":\"https:\/\/javiervarelactor.com\/#website\",\"url\":\"https:\/\/javiervarelactor.com\/\",\"name\":\"Javier Varela\",\"description\":\"Actor y Presentador\",\"potentialAction\":[{\"@type\":\"SearchAction\",\"target\":{\"@type\":\"EntryPoint\",\"urlTemplate\":\"https:\/\/javiervarelactor.com\/?s={search_term_string}\"},\"query-input\":\"required name=search_term_string\"}],\"inLanguage\":\"es\"},{\"@type\":\"Person\",\"@id\":\"https:\/\/javiervarelactor.com\/#\/schema\/person\/e3104f2f3cca87d9a07b40f5281c02ba\",\"name\":\"Javier Varela\",\"image\":{\"@type\":\"ImageObject\",\"inLanguage\":\"es\",\"@id\":\"https:\/\/javiervarelactor.com\/#\/schema\/person\/image\/\",\"url\":\"https:\/\/secure.gravatar.com\/avatar\/858edfdbe98ed682c9723085564a87b3?s=96&d=mm&r=g\",\"contentUrl\":\"https:\/\/secure.gravatar.com\/avatar\/858edfdbe98ed682c9723085564a87b3?s=96&d=mm&r=g\",\"caption\":\"Javier Varela\"},\"sameAs\":[\"http:\/\/www.javiervarelactor.com\"],\"url\":\"https:\/\/javiervarelactor.com\/?author=1\"}]}<\/script>\n<!-- \/ Yoast SEO plugin. -->","yoast_head_json":{"title":"2\u00aa Temporada Memento Mori \u00a1Acci\u00f3n! - Javier Varela","description":"La 2\u00aa temporada de Memento Mori ya en proceso de grabaci\u00f3n. Memento Mori con Javier Varela como \u00c1lvaro Peteira.","robots":{"index":"index","follow":"follow","max-snippet":"max-snippet:-1","max-image-preview":"max-image-preview:large","max-video-preview":"max-video-preview:-1"},"canonical":"https:\/\/javiervarelactor.com\/?p=1997","og_locale":"es_ES","og_type":"article","og_title":"2\u00aa Temporada Memento Mori \u00a1Acci\u00f3n! - Javier Varela","og_description":"La 2\u00aa temporada de Memento Mori ya en proceso de grabaci\u00f3n. Memento Mori con Javier Varela como \u00c1lvaro Peteira.","og_url":"https:\/\/javiervarelactor.com\/?p=1997","og_site_name":"Javier Varela","article_publisher":"https:\/\/www.facebook.com\/pages\/Javier-Varela\/145894855509796?sk=info&amp%3bamp%3bamp%3bamp%3btab=page_info","article_published_time":"2024-08-15T09:20:37+00:00","article_modified_time":"2024-08-15T09:25:35+00:00","og_image":[{"width":750,"height":453,"url":"http:\/\/javiervarelactor.com\/wp-content\/uploads\/2024\/08\/jon-y-varela.jpg","type":"image\/jpeg"}],"author":"Javier Varela","twitter_misc":{"Escrito por":"Javier Varela","Tiempo de lectura":"2 minutos"},"schema":{"@context":"https:\/\/schema.org","@graph":[{"@type":"WebPage","@id":"https:\/\/javiervarelactor.com\/?p=1997","url":"https:\/\/javiervarelactor.com\/?p=1997","name":"2\u00aa Temporada Memento Mori \u00a1Acci\u00f3n! - Javier Varela","isPartOf":{"@id":"https:\/\/javiervarelactor.com\/#website"},"primaryImageOfPage":{"@id":"https:\/\/javiervarelactor.com\/?p=1997#primaryimage"},"image":{"@id":"https:\/\/javiervarelactor.com\/?p=1997#primaryimage"},"thumbnailUrl":"https:\/\/javiervarelactor.com\/wp-content\/uploads\/2024\/08\/jon-y-varela.jpg","datePublished":"2024-08-15T09:20:37+00:00","dateModified":"2024-08-15T09:25:35+00:00","author":{"@id":"https:\/\/javiervarelactor.com\/#\/schema\/person\/e3104f2f3cca87d9a07b40f5281c02ba"},"description":"La 2\u00aa temporada de Memento Mori ya en proceso de grabaci\u00f3n. Memento Mori con Javier Varela como \u00c1lvaro Peteira.","breadcrumb":{"@id":"https:\/\/javiervarelactor.com\/?p=1997#breadcrumb"},"inLanguage":"es","potentialAction":[{"@type":"ReadAction","target":["https:\/\/javiervarelactor.com\/?p=1997"]}]},{"@type":"ImageObject","inLanguage":"es","@id":"https:\/\/javiervarelactor.com\/?p=1997#primaryimage","url":"https:\/\/javiervarelactor.com\/wp-content\/uploads\/2024\/08\/jon-y-varela.jpg","contentUrl":"https:\/\/javiervarelactor.com\/wp-content\/uploads\/2024\/08\/jon-y-varela.jpg","width":750,"height":453,"caption":"Javier Varela y yon gonz\u00e1lez"},{"@type":"BreadcrumbList","@id":"https:\/\/javiervarelactor.com\/?p=1997#breadcrumb","itemListElement":[{"@type":"ListItem","position":1,"name":"Inicio","item":"https:\/\/javiervarelactor.com\/"},{"@type":"ListItem","position":2,"name":"2\u00aa Temporada Memento Mori \u00a1Acci\u00f3n!"}]},{"@type":"WebSite","@id":"https:\/\/javiervarelactor.com\/#website","url":"https:\/\/javiervarelactor.com\/","name":"Javier Varela","description":"Actor y Presentador","potentialAction":[{"@type":"SearchAction","target":{"@type":"EntryPoint","urlTemplate":"https:\/\/javiervarelactor.com\/?s={search_term_string}"},"query-input":"required name=search_term_string"}],"inLanguage":"es"},{"@type":"Person","@id":"https:\/\/javiervarelactor.com\/#\/schema\/person\/e3104f2f3cca87d9a07b40f5281c02ba","name":"Javier Varela","image":{"@type":"ImageObject","inLanguage":"es","@id":"https:\/\/javiervarelactor.com\/#\/schema\/person\/image\/","url":"https:\/\/secure.gravatar.com\/avatar\/858edfdbe98ed682c9723085564a87b3?s=96&d=mm&r=g","contentUrl":"https:\/\/secure.gravatar.com\/avatar\/858edfdbe98ed682c9723085564a87b3?s=96&d=mm&r=g","caption":"Javier Varela"},"sameAs":["http:\/\/www.javiervarelactor.com"],"url":"https:\/\/javiervarelactor.com\/?author=1"}]}},"_links":{"self":[{"href":"https:\/\/javiervarelactor.com\/index.php?rest_route=\/wp\/v2\/posts\/1997"}],"collection":[{"href":"https:\/\/javiervarelactor.com\/index.php?rest_route=\/wp\/v2\/posts"}],"about":[{"href":"https:\/\/javiervarelactor.com\/index.php?rest_route=\/wp\/v2\/types\/post"}],"author":[{"embeddable":true,"href":"https:\/\/javiervarelactor.com\/index.php?rest_route=\/wp\/v2\/users\/1"}],"replies":[{"embeddable":true,"href":"https:\/\/javiervarelactor.com\/index.php?rest_route=%2Fwp%2Fv2%2Fcomments&post=1997"}],"version-history":[{"count":2,"href":"https:\/\/javiervarelactor.com\/index.php?rest_route=\/wp\/v2\/posts\/1997\/revisions"}],"predecessor-version":[{"id":2002,"href":"https:\/\/javiervarelactor.com\/index.php?rest_route=\/wp\/v2\/posts\/1997\/revisions\/2002"}],"wp:featuredmedia":[{"embeddable":true,"href":"https:\/\/javiervarelactor.com\/index.php?rest_route=\/wp\/v2\/media\/1998"}],"wp:attachment":[{"href":"https:\/\/javiervarelactor.com\/index.php?rest_route=%2Fwp%2Fv2%2Fmedia&parent=1997"}],"wp:term":[{"taxonomy":"category","embeddable":true,"href":"https:\/\/javiervarelactor.com\/index.php?rest_route=%2Fwp%2Fv2%2Fcategories&post=1997"},{"taxonomy":"post_tag","embeddable":true,"href":"https:\/\/javiervarelactor.com\/index.php?rest_route=%2Fwp%2Fv2%2Ftags&post=1997"}],"curies":[{"name":"wp","href":"https:\/\/api.w.org\/{rel}","templated":true}]}}