{"id":1987,"date":"2024-05-15T15:02:04","date_gmt":"2024-05-15T15:02:04","guid":{"rendered":"https:\/\/javiervarelactor.com\/?p=1987"},"modified":"2024-05-15T15:05:02","modified_gmt":"2024-05-15T15:05:02","slug":"actor-para-presentacion-de-eventos","status":"publish","type":"post","link":"https:\/\/javiervarelactor.com\/?p=1987","title":{"rendered":"Actor para presentaci\u00f3n de eventos"},"content":{"rendered":"\n<p>Entre las experiencias vividas como actor y presentador de eventos, tengo la suerte de poder descubrir diferentes sectores y muy diversos eventos. Convenciones comerciales, actos ben\u00e9ficos, entregas de premios, presentaciones de productos o servicios, ferias y congresos&#8230; La presentaci\u00f3n y direcci\u00f3n de presentaci\u00f3n en eventos es una labor intensa que requiere de un extenso conocimiento del contenido del mismo, destreza para gestionar al p\u00fablico y dotes de actor para conducir la sesi\u00f3n con el tono y ritmo que se desean.<\/p>\n\n\n\n<p class=\"has-text-align-left\"><img loading=\"lazy\" decoding=\"async\" width=\"150\" height=\"100\" class=\"wp-image-1989\" style=\"width: 150px;\" src=\"http:\/\/javiervarelactor.com\/wp-content\/uploads\/2024\/05\/7462cf51-2fc7-459a-a2b4-c734fc8ff881.jpg\" alt=\"\" srcset=\"https:\/\/javiervarelactor.com\/wp-content\/uploads\/2024\/05\/7462cf51-2fc7-459a-a2b4-c734fc8ff881.jpg 1024w, https:\/\/javiervarelactor.com\/wp-content\/uploads\/2024\/05\/7462cf51-2fc7-459a-a2b4-c734fc8ff881-300x200.jpg 300w, https:\/\/javiervarelactor.com\/wp-content\/uploads\/2024\/05\/7462cf51-2fc7-459a-a2b4-c734fc8ff881-768x512.jpg 768w\" sizes=\"(max-width: 150px) 100vw, 150px\" \/>Recientemente he tenido la oportunidad de presentar \u00abAlma Rural\u00bb, gracias a la Xunta de Galicia. un evento donde la mujer rural y su labor, su entrega y la aportaci\u00f3n a la vida diaria en cada ciudad y pueblo se han puesto en valor. Sobre el escenario todo mi apoyo, respeto y cari\u00f1o, y en la vida diaria tambi\u00e9n.<\/p>\n\n\n\n<p>La labor de actor para presentaci\u00f3n de eventos es intensa y muy enriquecedora. <\/p>\n\n\n\n<p>Puedes contactar con Javier Varela actor para presentaci\u00f3n de eventos y hacer de tu sesi\u00f3n una jornada cargada de valor y contenido.<\/p>\n\n\n\n<p><strong>\n<div class=\"wpcf7 no-js\" id=\"wpcf7-f1975-o1\" lang=\"es-ES\" dir=\"ltr\">\n<div class=\"screen-reader-response\"><p role=\"status\" aria-live=\"polite\" aria-atomic=\"true\"><\/p> <ul><\/ul><\/div>\n<form action=\"\/index.php?rest_route=%2Fwp%2Fv2%2Fposts%2F1987#wpcf7-f1975-o1\" method=\"post\" class=\"wpcf7-form init\" aria-label=\"Formulario de contacto\" novalidate=\"novalidate\" data-status=\"init\">\n<div style=\"display: none;\">\n<input type=\"hidden\" name=\"_wpcf7\" value=\"1975\" \/>\n<input type=\"hidden\" name=\"_wpcf7_version\" value=\"5.9.4\" \/>\n<input type=\"hidden\" name=\"_wpcf7_locale\" value=\"es_ES\" \/>\n<input type=\"hidden\" name=\"_wpcf7_unit_tag\" value=\"wpcf7-f1975-o1\" \/>\n<input type=\"hidden\" name=\"_wpcf7_container_post\" value=\"0\" \/>\n<input type=\"hidden\" name=\"_wpcf7_posted_data_hash\" value=\"\" \/>\n<\/div>\n<p><label> Tu nombre<br \/>\n<span class=\"wpcf7-form-control-wrap\" data-name=\"your-name\"><input size=\"40\" class=\"wpcf7-form-control wpcf7-text wpcf7-validates-as-required\" autocomplete=\"name\" aria-required=\"true\" aria-invalid=\"false\" value=\"\" type=\"text\" name=\"your-name\" \/><\/span> <\/label>\n<\/p>\n<p><label> Mail<br \/>\n<span class=\"wpcf7-form-control-wrap\" data-name=\"your-email\"><input size=\"40\" class=\"wpcf7-form-control wpcf7-email wpcf7-validates-as-required wpcf7-text wpcf7-validates-as-email\" autocomplete=\"email\" aria-required=\"true\" aria-invalid=\"false\" value=\"\" type=\"email\" name=\"your-email\" \/><\/span> <\/label>\n<\/p>\n<p><label> Asunto<br \/>\n<span class=\"wpcf7-form-control-wrap\" data-name=\"your-subject\"><input size=\"40\" class=\"wpcf7-form-control wpcf7-text wpcf7-validates-as-required\" aria-required=\"true\" aria-invalid=\"false\" value=\"\" type=\"text\" name=\"your-subject\" \/><\/span> <\/label>\n<\/p>\n<p><label> Tu mensaje<br \/>\n<span class=\"wpcf7-form-control-wrap\" data-name=\"your-message\"><textarea cols=\"40\" rows=\"10\" class=\"wpcf7-form-control wpcf7-textarea\" aria-invalid=\"false\" name=\"your-message\"><\/textarea><\/span> <\/label>\n<\/p>\n<p><input class=\"wpcf7-form-control wpcf7-submit has-spinner\" type=\"submit\" value=\"Enviar\" \/>\n<\/p><p style=\"display: none !important;\" class=\"akismet-fields-container\" data-prefix=\"_wpcf7_ak_\"><label>&#916;<textarea name=\"_wpcf7_ak_hp_textarea\" cols=\"45\" rows=\"8\" maxlength=\"100\"><\/textarea><\/label><input type=\"hidden\" id=\"ak_js_1\" name=\"_wpcf7_ak_js\" value=\"83\"\/><script>document.getElementById( \"ak_js_1\" ).setAttribute( \"value\", ( new Date() ).getTime() );<\/script><\/p><div class=\"wpcf7-response-output\" aria-hidden=\"true\"><\/div>\n<\/form>\n<\/div>\n<\/strong><\/p>\n","protected":false},"excerpt":{"rendered":"<p>Entre las experiencias vividas como actor y presentador de eventos, tengo la suerte de poder descubrir diferentes sectores y muy diversos eventos. Convenciones comerciales, actos ben\u00e9ficos, entregas de premios, presentaciones de productos o servicios, ferias y congresos&#8230; La presentaci\u00f3n y direcci\u00f3n de presentaci\u00f3n en eventos es una labor intensa que requiere de un extenso conocimiento <a class=\"read-more\" href=\"https:\/\/javiervarelactor.com\/?p=1987\">Leer m\u00e1s<\/a><\/p>\n","protected":false},"author":1,"featured_media":1990,"comment_status":"closed","ping_status":"open","sticky":false,"template":"","format":"standard","meta":{"_monsterinsights_skip_tracking":false,"_monsterinsights_sitenote_active":false,"_monsterinsights_sitenote_note":"","_monsterinsights_sitenote_category":0,"footnotes":""},"categories":[21,78],"tags":[37],"yoast_head":"<!-- This site is optimized with the Yoast SEO plugin v22.7 - https:\/\/yoast.com\/wordpress\/plugins\/seo\/ -->\n<title>Actor para presentaci\u00f3n de eventos - Javier Varela<\/title>\n<meta name=\"description\" content=\"Javier Varela es actor y presentador de eventos. Amplia experiencia como presentador de eventos de empresa, entregas de premios y ceremonias.\" \/>\n<meta name=\"robots\" content=\"index, follow, max-snippet:-1, max-image-preview:large, max-video-preview:-1\" \/>\n<link rel=\"canonical\" href=\"https:\/\/javiervarelactor.com\/?p=1987\" \/>\n<meta property=\"og:locale\" content=\"es_ES\" \/>\n<meta property=\"og:type\" content=\"article\" \/>\n<meta property=\"og:title\" content=\"Actor para presentaci\u00f3n de eventos - Javier Varela\" \/>\n<meta property=\"og:description\" content=\"Javier Varela es actor y presentador de eventos. Amplia experiencia como presentador de eventos de empresa, entregas de premios y ceremonias.\" \/>\n<meta property=\"og:url\" content=\"https:\/\/javiervarelactor.com\/?p=1987\" \/>\n<meta property=\"og:site_name\" content=\"Javier Varela\" \/>\n<meta property=\"article:publisher\" content=\"https:\/\/www.facebook.com\/pages\/Javier-Varela\/145894855509796?sk=info&amp;amp%3bamp%3bamp%3bamp%3btab=page_info\" \/>\n<meta property=\"article:published_time\" content=\"2024-05-15T15:02:04+00:00\" \/>\n<meta property=\"article:modified_time\" content=\"2024-05-15T15:05:02+00:00\" \/>\n<meta property=\"og:image\" content=\"http:\/\/javiervarelactor.com\/wp-content\/uploads\/2024\/05\/de213bd2-ac34-4b4e-9a91-63813995fcc9.jpg\" \/>\n\t<meta property=\"og:image:width\" content=\"640\" \/>\n\t<meta property=\"og:image:height\" content=\"427\" \/>\n\t<meta property=\"og:image:type\" content=\"image\/jpeg\" \/>\n<meta name=\"author\" content=\"Javier Varela\" \/>\n<meta name=\"twitter:label1\" content=\"Escrito por\" \/>\n\t<meta name=\"twitter:data1\" content=\"Javier Varela\" \/>\n\t<meta name=\"twitter:label2\" content=\"Tiempo de lectura\" \/>\n\t<meta name=\"twitter:data2\" content=\"2 minutos\" \/>\n<script type=\"application\/ld+json\" class=\"yoast-schema-graph\">{\"@context\":\"https:\/\/schema.org\",\"@graph\":[{\"@type\":\"WebPage\",\"@id\":\"https:\/\/javiervarelactor.com\/?p=1987\",\"url\":\"https:\/\/javiervarelactor.com\/?p=1987\",\"name\":\"Actor para presentaci\u00f3n de eventos - Javier Varela\",\"isPartOf\":{\"@id\":\"https:\/\/javiervarelactor.com\/#website\"},\"primaryImageOfPage\":{\"@id\":\"https:\/\/javiervarelactor.com\/?p=1987#primaryimage\"},\"image\":{\"@id\":\"https:\/\/javiervarelactor.com\/?p=1987#primaryimage\"},\"thumbnailUrl\":\"https:\/\/javiervarelactor.com\/wp-content\/uploads\/2024\/05\/de213bd2-ac34-4b4e-9a91-63813995fcc9.jpg\",\"datePublished\":\"2024-05-15T15:02:04+00:00\",\"dateModified\":\"2024-05-15T15:05:02+00:00\",\"author\":{\"@id\":\"https:\/\/javiervarelactor.com\/#\/schema\/person\/e3104f2f3cca87d9a07b40f5281c02ba\"},\"description\":\"Javier Varela es actor y presentador de eventos. Amplia experiencia como presentador de eventos de empresa, entregas de premios y ceremonias.\",\"breadcrumb\":{\"@id\":\"https:\/\/javiervarelactor.com\/?p=1987#breadcrumb\"},\"inLanguage\":\"es\",\"potentialAction\":[{\"@type\":\"ReadAction\",\"target\":[\"https:\/\/javiervarelactor.com\/?p=1987\"]}]},{\"@type\":\"ImageObject\",\"inLanguage\":\"es\",\"@id\":\"https:\/\/javiervarelactor.com\/?p=1987#primaryimage\",\"url\":\"https:\/\/javiervarelactor.com\/wp-content\/uploads\/2024\/05\/de213bd2-ac34-4b4e-9a91-63813995fcc9.jpg\",\"contentUrl\":\"https:\/\/javiervarelactor.com\/wp-content\/uploads\/2024\/05\/de213bd2-ac34-4b4e-9a91-63813995fcc9.jpg\",\"width\":640,\"height\":427,\"caption\":\"actor para presentador de eventos\"},{\"@type\":\"BreadcrumbList\",\"@id\":\"https:\/\/javiervarelactor.com\/?p=1987#breadcrumb\",\"itemListElement\":[{\"@type\":\"ListItem\",\"position\":1,\"name\":\"Inicio\",\"item\":\"https:\/\/javiervarelactor.com\/\"},{\"@type\":\"ListItem\",\"position\":2,\"name\":\"Actor para presentaci\u00f3n de eventos\"}]},{\"@type\":\"WebSite\",\"@id\":\"https:\/\/javiervarelactor.com\/#website\",\"url\":\"https:\/\/javiervarelactor.com\/\",\"name\":\"Javier Varela\",\"description\":\"Actor y Presentador\",\"potentialAction\":[{\"@type\":\"SearchAction\",\"target\":{\"@type\":\"EntryPoint\",\"urlTemplate\":\"https:\/\/javiervarelactor.com\/?s={search_term_string}\"},\"query-input\":\"required name=search_term_string\"}],\"inLanguage\":\"es\"},{\"@type\":\"Person\",\"@id\":\"https:\/\/javiervarelactor.com\/#\/schema\/person\/e3104f2f3cca87d9a07b40f5281c02ba\",\"name\":\"Javier Varela\",\"image\":{\"@type\":\"ImageObject\",\"inLanguage\":\"es\",\"@id\":\"https:\/\/javiervarelactor.com\/#\/schema\/person\/image\/\",\"url\":\"https:\/\/secure.gravatar.com\/avatar\/858edfdbe98ed682c9723085564a87b3?s=96&d=mm&r=g\",\"contentUrl\":\"https:\/\/secure.gravatar.com\/avatar\/858edfdbe98ed682c9723085564a87b3?s=96&d=mm&r=g\",\"caption\":\"Javier Varela\"},\"sameAs\":[\"http:\/\/www.javiervarelactor.com\"],\"url\":\"https:\/\/javiervarelactor.com\/?author=1\"}]}<\/script>\n<!-- \/ Yoast SEO plugin. -->","yoast_head_json":{"title":"Actor para presentaci\u00f3n de eventos - Javier Varela","description":"Javier Varela es actor y presentador de eventos. Amplia experiencia como presentador de eventos de empresa, entregas de premios y ceremonias.","robots":{"index":"index","follow":"follow","max-snippet":"max-snippet:-1","max-image-preview":"max-image-preview:large","max-video-preview":"max-video-preview:-1"},"canonical":"https:\/\/javiervarelactor.com\/?p=1987","og_locale":"es_ES","og_type":"article","og_title":"Actor para presentaci\u00f3n de eventos - Javier Varela","og_description":"Javier Varela es actor y presentador de eventos. Amplia experiencia como presentador de eventos de empresa, entregas de premios y ceremonias.","og_url":"https:\/\/javiervarelactor.com\/?p=1987","og_site_name":"Javier Varela","article_publisher":"https:\/\/www.facebook.com\/pages\/Javier-Varela\/145894855509796?sk=info&amp%3bamp%3bamp%3bamp%3btab=page_info","article_published_time":"2024-05-15T15:02:04+00:00","article_modified_time":"2024-05-15T15:05:02+00:00","og_image":[{"width":640,"height":427,"url":"http:\/\/javiervarelactor.com\/wp-content\/uploads\/2024\/05\/de213bd2-ac34-4b4e-9a91-63813995fcc9.jpg","type":"image\/jpeg"}],"author":"Javier Varela","twitter_misc":{"Escrito por":"Javier Varela","Tiempo de lectura":"2 minutos"},"schema":{"@context":"https:\/\/schema.org","@graph":[{"@type":"WebPage","@id":"https:\/\/javiervarelactor.com\/?p=1987","url":"https:\/\/javiervarelactor.com\/?p=1987","name":"Actor para presentaci\u00f3n de eventos - Javier Varela","isPartOf":{"@id":"https:\/\/javiervarelactor.com\/#website"},"primaryImageOfPage":{"@id":"https:\/\/javiervarelactor.com\/?p=1987#primaryimage"},"image":{"@id":"https:\/\/javiervarelactor.com\/?p=1987#primaryimage"},"thumbnailUrl":"https:\/\/javiervarelactor.com\/wp-content\/uploads\/2024\/05\/de213bd2-ac34-4b4e-9a91-63813995fcc9.jpg","datePublished":"2024-05-15T15:02:04+00:00","dateModified":"2024-05-15T15:05:02+00:00","author":{"@id":"https:\/\/javiervarelactor.com\/#\/schema\/person\/e3104f2f3cca87d9a07b40f5281c02ba"},"description":"Javier Varela es actor y presentador de eventos. Amplia experiencia como presentador de eventos de empresa, entregas de premios y ceremonias.","breadcrumb":{"@id":"https:\/\/javiervarelactor.com\/?p=1987#breadcrumb"},"inLanguage":"es","potentialAction":[{"@type":"ReadAction","target":["https:\/\/javiervarelactor.com\/?p=1987"]}]},{"@type":"ImageObject","inLanguage":"es","@id":"https:\/\/javiervarelactor.com\/?p=1987#primaryimage","url":"https:\/\/javiervarelactor.com\/wp-content\/uploads\/2024\/05\/de213bd2-ac34-4b4e-9a91-63813995fcc9.jpg","contentUrl":"https:\/\/javiervarelactor.com\/wp-content\/uploads\/2024\/05\/de213bd2-ac34-4b4e-9a91-63813995fcc9.jpg","width":640,"height":427,"caption":"actor para presentador de eventos"},{"@type":"BreadcrumbList","@id":"https:\/\/javiervarelactor.com\/?p=1987#breadcrumb","itemListElement":[{"@type":"ListItem","position":1,"name":"Inicio","item":"https:\/\/javiervarelactor.com\/"},{"@type":"ListItem","position":2,"name":"Actor para presentaci\u00f3n de eventos"}]},{"@type":"WebSite","@id":"https:\/\/javiervarelactor.com\/#website","url":"https:\/\/javiervarelactor.com\/","name":"Javier Varela","description":"Actor y Presentador","potentialAction":[{"@type":"SearchAction","target":{"@type":"EntryPoint","urlTemplate":"https:\/\/javiervarelactor.com\/?s={search_term_string}"},"query-input":"required name=search_term_string"}],"inLanguage":"es"},{"@type":"Person","@id":"https:\/\/javiervarelactor.com\/#\/schema\/person\/e3104f2f3cca87d9a07b40f5281c02ba","name":"Javier Varela","image":{"@type":"ImageObject","inLanguage":"es","@id":"https:\/\/javiervarelactor.com\/#\/schema\/person\/image\/","url":"https:\/\/secure.gravatar.com\/avatar\/858edfdbe98ed682c9723085564a87b3?s=96&d=mm&r=g","contentUrl":"https:\/\/secure.gravatar.com\/avatar\/858edfdbe98ed682c9723085564a87b3?s=96&d=mm&r=g","caption":"Javier Varela"},"sameAs":["http:\/\/www.javiervarelactor.com"],"url":"https:\/\/javiervarelactor.com\/?author=1"}]}},"_links":{"self":[{"href":"https:\/\/javiervarelactor.com\/index.php?rest_route=\/wp\/v2\/posts\/1987"}],"collection":[{"href":"https:\/\/javiervarelactor.com\/index.php?rest_route=\/wp\/v2\/posts"}],"about":[{"href":"https:\/\/javiervarelactor.com\/index.php?rest_route=\/wp\/v2\/types\/post"}],"author":[{"embeddable":true,"href":"https:\/\/javiervarelactor.com\/index.php?rest_route=\/wp\/v2\/users\/1"}],"replies":[{"embeddable":true,"href":"https:\/\/javiervarelactor.com\/index.php?rest_route=%2Fwp%2Fv2%2Fcomments&post=1987"}],"version-history":[{"count":2,"href":"https:\/\/javiervarelactor.com\/index.php?rest_route=\/wp\/v2\/posts\/1987\/revisions"}],"predecessor-version":[{"id":1993,"href":"https:\/\/javiervarelactor.com\/index.php?rest_route=\/wp\/v2\/posts\/1987\/revisions\/1993"}],"wp:featuredmedia":[{"embeddable":true,"href":"https:\/\/javiervarelactor.com\/index.php?rest_route=\/wp\/v2\/media\/1990"}],"wp:attachment":[{"href":"https:\/\/javiervarelactor.com\/index.php?rest_route=%2Fwp%2Fv2%2Fmedia&parent=1987"}],"wp:term":[{"taxonomy":"category","embeddable":true,"href":"https:\/\/javiervarelactor.com\/index.php?rest_route=%2Fwp%2Fv2%2Fcategories&post=1987"},{"taxonomy":"post_tag","embeddable":true,"href":"https:\/\/javiervarelactor.com\/index.php?rest_route=%2Fwp%2Fv2%2Ftags&post=1987"}],"curies":[{"name":"wp","href":"https:\/\/api.w.org\/{rel}","templated":true}]}}