{"id":1962,"date":"2023-11-13T10:13:00","date_gmt":"2023-11-13T10:13:00","guid":{"rendered":"https:\/\/javiervarelactor.com\/?p=1962"},"modified":"2023-11-01T19:33:51","modified_gmt":"2023-11-01T19:33:51","slug":"actor-en-valladolid","status":"publish","type":"post","link":"https:\/\/javiervarelactor.com\/?p=1962","title":{"rendered":"Actor en Valladolid"},"content":{"rendered":"\n<p>El oficio de actor es cuesti\u00f3n de constancia, trabajo y oportunidades. Gran dosis de ilusi\u00f3n, y eso es lo que provoca que ser en Actor en Valladolid sea un verdadero placer. Gracias al empuje de <a href=\"https:\/\/valladolidcityoffilm.com\/\" target=\"_blank\" rel=\"noreferrer noopener\">Valladolid City of Film<\/a> por traer la fant\u00e1stica producci\u00f3n de \u00abMemento Mori\u00bb a Valladolid.<\/p>\n\n\n<div class=\"wp-block-image\">\n<figure class=\"alignleft size-full is-resized\"><a href=\"https:\/\/javiervarelactor.com\/wp-content\/uploads\/2023\/11\/IMG_5629.jpg\"><img loading=\"lazy\" decoding=\"async\" src=\"https:\/\/javiervarelactor.com\/wp-content\/uploads\/2023\/11\/IMG_5629.jpg\" alt=\"\" class=\"wp-image-1963\" width=\"271\" height=\"203\" srcset=\"https:\/\/javiervarelactor.com\/wp-content\/uploads\/2023\/11\/IMG_5629.jpg 640w, https:\/\/javiervarelactor.com\/wp-content\/uploads\/2023\/11\/IMG_5629-300x225.jpg 300w\" sizes=\"(max-width: 271px) 100vw, 271px\" \/><\/a><figcaption>Javier Varela actor en Valladolid <\/figcaption><\/figure><\/div>\n\n\n<p>Si bien nacido en Chantada, Lugo, vivo en Valladolid y disfruto de su estilo de vida familiar y c\u00f3modo. Una ciudad con muchas posibilidades para vivir c\u00f3modamente. Como actor en Valladolid resulta c\u00f3modo localizarse cerca de Madrid y a poca distancia de Galicia. <\/p>\n\n\n\n<p>Despu\u00e9s de varios a\u00f1os viviendo en al ciudad, tengo el placer de trabajar como <a href=\"https:\/\/javiervarelactor.com\/?page_id=565\" target=\"_blank\" rel=\"noreferrer noopener\">presentador de eventos<\/a> para varias empresas que, durante varios a\u00f1os, siguen apostando por mi manera de hacer.<\/p>\n\n\n\n<p>Ser actor en Valladolid es un placer, con apoyos institucionales que hacen que las producciones quieran descubrir en la ciudad localizaciones y servicios que faciliten sus creaciones.<\/p>\n\n\n\n<p>En la foto, Javier Varela, <strong>actor en Valladolid<\/strong>, durante la presentaci\u00f3n de \u00abMemento Mori\u00bb en Madrid.<\/p>\n","protected":false},"excerpt":{"rendered":"<p>El oficio de actor es cuesti\u00f3n de constancia, trabajo y oportunidades. Gran dosis de ilusi\u00f3n, y eso es lo que provoca que ser en Actor en Valladolid sea un verdadero placer. Gracias al empuje de Valladolid City of Film por traer la fant\u00e1stica producci\u00f3n de \u00abMemento Mori\u00bb a Valladolid. Si bien nacido en Chantada, Lugo, <a class=\"read-more\" href=\"https:\/\/javiervarelactor.com\/?p=1962\">Leer m\u00e1s<\/a><\/p>\n","protected":false},"author":1,"featured_media":1963,"comment_status":"closed","ping_status":"open","sticky":false,"template":"","format":"standard","meta":{"_monsterinsights_skip_tracking":false,"_monsterinsights_sitenote_active":false,"_monsterinsights_sitenote_note":"","_monsterinsights_sitenote_category":0,"footnotes":""},"categories":[21,78],"tags":[],"yoast_head":"<!-- This site is optimized with the Yoast SEO plugin v22.7 - https:\/\/yoast.com\/wordpress\/plugins\/seo\/ -->\n<title>Actor en Valladolid - Javier Varela<\/title>\n<meta name=\"description\" content=\"Actor en Valladolid, presentador de eventos en Javier Varela es \u00c1lvaro Peteira en &quot;Memento Mori&quot;\" \/>\n<meta name=\"robots\" content=\"index, follow, max-snippet:-1, max-image-preview:large, max-video-preview:-1\" \/>\n<link rel=\"canonical\" href=\"https:\/\/javiervarelactor.com\/?p=1962\" \/>\n<meta property=\"og:locale\" content=\"es_ES\" \/>\n<meta property=\"og:type\" content=\"article\" \/>\n<meta property=\"og:title\" content=\"Actor en Valladolid - Javier Varela\" \/>\n<meta property=\"og:description\" content=\"Actor en Valladolid, presentador de eventos en Javier Varela es \u00c1lvaro Peteira en &quot;Memento Mori&quot;\" \/>\n<meta property=\"og:url\" content=\"https:\/\/javiervarelactor.com\/?p=1962\" \/>\n<meta property=\"og:site_name\" content=\"Javier Varela\" \/>\n<meta property=\"article:publisher\" content=\"https:\/\/www.facebook.com\/pages\/Javier-Varela\/145894855509796?sk=info&amp;amp%3bamp%3bamp%3bamp%3btab=page_info\" \/>\n<meta property=\"article:published_time\" content=\"2023-11-13T10:13:00+00:00\" \/>\n<meta property=\"article:modified_time\" content=\"2023-11-01T19:33:51+00:00\" \/>\n<meta property=\"og:image\" content=\"http:\/\/javiervarelactor.com\/wp-content\/uploads\/2023\/11\/IMG_5629.jpg\" \/>\n\t<meta property=\"og:image:width\" content=\"640\" \/>\n\t<meta property=\"og:image:height\" content=\"480\" \/>\n\t<meta property=\"og:image:type\" content=\"image\/jpeg\" \/>\n<meta name=\"author\" content=\"Javier Varela\" \/>\n<meta name=\"twitter:label1\" content=\"Escrito por\" \/>\n\t<meta name=\"twitter:data1\" content=\"Javier Varela\" \/>\n\t<meta name=\"twitter:label2\" content=\"Tiempo de lectura\" \/>\n\t<meta name=\"twitter:data2\" content=\"1 minuto\" \/>\n<script type=\"application\/ld+json\" class=\"yoast-schema-graph\">{\"@context\":\"https:\/\/schema.org\",\"@graph\":[{\"@type\":\"WebPage\",\"@id\":\"https:\/\/javiervarelactor.com\/?p=1962\",\"url\":\"https:\/\/javiervarelactor.com\/?p=1962\",\"name\":\"Actor en Valladolid - Javier Varela\",\"isPartOf\":{\"@id\":\"https:\/\/javiervarelactor.com\/#website\"},\"primaryImageOfPage\":{\"@id\":\"https:\/\/javiervarelactor.com\/?p=1962#primaryimage\"},\"image\":{\"@id\":\"https:\/\/javiervarelactor.com\/?p=1962#primaryimage\"},\"thumbnailUrl\":\"https:\/\/javiervarelactor.com\/wp-content\/uploads\/2023\/11\/IMG_5629.jpg\",\"datePublished\":\"2023-11-13T10:13:00+00:00\",\"dateModified\":\"2023-11-01T19:33:51+00:00\",\"author\":{\"@id\":\"https:\/\/javiervarelactor.com\/#\/schema\/person\/e3104f2f3cca87d9a07b40f5281c02ba\"},\"description\":\"Actor en Valladolid, presentador de eventos en Javier Varela es \u00c1lvaro Peteira en \\\"Memento Mori\\\"\",\"breadcrumb\":{\"@id\":\"https:\/\/javiervarelactor.com\/?p=1962#breadcrumb\"},\"inLanguage\":\"es\",\"potentialAction\":[{\"@type\":\"ReadAction\",\"target\":[\"https:\/\/javiervarelactor.com\/?p=1962\"]}]},{\"@type\":\"ImageObject\",\"inLanguage\":\"es\",\"@id\":\"https:\/\/javiervarelactor.com\/?p=1962#primaryimage\",\"url\":\"https:\/\/javiervarelactor.com\/wp-content\/uploads\/2023\/11\/IMG_5629.jpg\",\"contentUrl\":\"https:\/\/javiervarelactor.com\/wp-content\/uploads\/2023\/11\/IMG_5629.jpg\",\"width\":640,\"height\":480,\"caption\":\"actor en valladolid\"},{\"@type\":\"BreadcrumbList\",\"@id\":\"https:\/\/javiervarelactor.com\/?p=1962#breadcrumb\",\"itemListElement\":[{\"@type\":\"ListItem\",\"position\":1,\"name\":\"Inicio\",\"item\":\"https:\/\/javiervarelactor.com\/\"},{\"@type\":\"ListItem\",\"position\":2,\"name\":\"Actor en Valladolid\"}]},{\"@type\":\"WebSite\",\"@id\":\"https:\/\/javiervarelactor.com\/#website\",\"url\":\"https:\/\/javiervarelactor.com\/\",\"name\":\"Javier Varela\",\"description\":\"Actor y Presentador\",\"potentialAction\":[{\"@type\":\"SearchAction\",\"target\":{\"@type\":\"EntryPoint\",\"urlTemplate\":\"https:\/\/javiervarelactor.com\/?s={search_term_string}\"},\"query-input\":\"required name=search_term_string\"}],\"inLanguage\":\"es\"},{\"@type\":\"Person\",\"@id\":\"https:\/\/javiervarelactor.com\/#\/schema\/person\/e3104f2f3cca87d9a07b40f5281c02ba\",\"name\":\"Javier Varela\",\"image\":{\"@type\":\"ImageObject\",\"inLanguage\":\"es\",\"@id\":\"https:\/\/javiervarelactor.com\/#\/schema\/person\/image\/\",\"url\":\"https:\/\/secure.gravatar.com\/avatar\/858edfdbe98ed682c9723085564a87b3?s=96&d=mm&r=g\",\"contentUrl\":\"https:\/\/secure.gravatar.com\/avatar\/858edfdbe98ed682c9723085564a87b3?s=96&d=mm&r=g\",\"caption\":\"Javier Varela\"},\"sameAs\":[\"http:\/\/www.javiervarelactor.com\"],\"url\":\"https:\/\/javiervarelactor.com\/?author=1\"}]}<\/script>\n<!-- \/ Yoast SEO plugin. -->","yoast_head_json":{"title":"Actor en Valladolid - Javier Varela","description":"Actor en Valladolid, presentador de eventos en Javier Varela es \u00c1lvaro Peteira en \"Memento Mori\"","robots":{"index":"index","follow":"follow","max-snippet":"max-snippet:-1","max-image-preview":"max-image-preview:large","max-video-preview":"max-video-preview:-1"},"canonical":"https:\/\/javiervarelactor.com\/?p=1962","og_locale":"es_ES","og_type":"article","og_title":"Actor en Valladolid - Javier Varela","og_description":"Actor en Valladolid, presentador de eventos en Javier Varela es \u00c1lvaro Peteira en \"Memento Mori\"","og_url":"https:\/\/javiervarelactor.com\/?p=1962","og_site_name":"Javier Varela","article_publisher":"https:\/\/www.facebook.com\/pages\/Javier-Varela\/145894855509796?sk=info&amp%3bamp%3bamp%3bamp%3btab=page_info","article_published_time":"2023-11-13T10:13:00+00:00","article_modified_time":"2023-11-01T19:33:51+00:00","og_image":[{"width":640,"height":480,"url":"http:\/\/javiervarelactor.com\/wp-content\/uploads\/2023\/11\/IMG_5629.jpg","type":"image\/jpeg"}],"author":"Javier Varela","twitter_misc":{"Escrito por":"Javier Varela","Tiempo de lectura":"1 minuto"},"schema":{"@context":"https:\/\/schema.org","@graph":[{"@type":"WebPage","@id":"https:\/\/javiervarelactor.com\/?p=1962","url":"https:\/\/javiervarelactor.com\/?p=1962","name":"Actor en Valladolid - Javier Varela","isPartOf":{"@id":"https:\/\/javiervarelactor.com\/#website"},"primaryImageOfPage":{"@id":"https:\/\/javiervarelactor.com\/?p=1962#primaryimage"},"image":{"@id":"https:\/\/javiervarelactor.com\/?p=1962#primaryimage"},"thumbnailUrl":"https:\/\/javiervarelactor.com\/wp-content\/uploads\/2023\/11\/IMG_5629.jpg","datePublished":"2023-11-13T10:13:00+00:00","dateModified":"2023-11-01T19:33:51+00:00","author":{"@id":"https:\/\/javiervarelactor.com\/#\/schema\/person\/e3104f2f3cca87d9a07b40f5281c02ba"},"description":"Actor en Valladolid, presentador de eventos en Javier Varela es \u00c1lvaro Peteira en \"Memento Mori\"","breadcrumb":{"@id":"https:\/\/javiervarelactor.com\/?p=1962#breadcrumb"},"inLanguage":"es","potentialAction":[{"@type":"ReadAction","target":["https:\/\/javiervarelactor.com\/?p=1962"]}]},{"@type":"ImageObject","inLanguage":"es","@id":"https:\/\/javiervarelactor.com\/?p=1962#primaryimage","url":"https:\/\/javiervarelactor.com\/wp-content\/uploads\/2023\/11\/IMG_5629.jpg","contentUrl":"https:\/\/javiervarelactor.com\/wp-content\/uploads\/2023\/11\/IMG_5629.jpg","width":640,"height":480,"caption":"actor en valladolid"},{"@type":"BreadcrumbList","@id":"https:\/\/javiervarelactor.com\/?p=1962#breadcrumb","itemListElement":[{"@type":"ListItem","position":1,"name":"Inicio","item":"https:\/\/javiervarelactor.com\/"},{"@type":"ListItem","position":2,"name":"Actor en Valladolid"}]},{"@type":"WebSite","@id":"https:\/\/javiervarelactor.com\/#website","url":"https:\/\/javiervarelactor.com\/","name":"Javier Varela","description":"Actor y Presentador","potentialAction":[{"@type":"SearchAction","target":{"@type":"EntryPoint","urlTemplate":"https:\/\/javiervarelactor.com\/?s={search_term_string}"},"query-input":"required name=search_term_string"}],"inLanguage":"es"},{"@type":"Person","@id":"https:\/\/javiervarelactor.com\/#\/schema\/person\/e3104f2f3cca87d9a07b40f5281c02ba","name":"Javier Varela","image":{"@type":"ImageObject","inLanguage":"es","@id":"https:\/\/javiervarelactor.com\/#\/schema\/person\/image\/","url":"https:\/\/secure.gravatar.com\/avatar\/858edfdbe98ed682c9723085564a87b3?s=96&d=mm&r=g","contentUrl":"https:\/\/secure.gravatar.com\/avatar\/858edfdbe98ed682c9723085564a87b3?s=96&d=mm&r=g","caption":"Javier Varela"},"sameAs":["http:\/\/www.javiervarelactor.com"],"url":"https:\/\/javiervarelactor.com\/?author=1"}]}},"_links":{"self":[{"href":"https:\/\/javiervarelactor.com\/index.php?rest_route=\/wp\/v2\/posts\/1962"}],"collection":[{"href":"https:\/\/javiervarelactor.com\/index.php?rest_route=\/wp\/v2\/posts"}],"about":[{"href":"https:\/\/javiervarelactor.com\/index.php?rest_route=\/wp\/v2\/types\/post"}],"author":[{"embeddable":true,"href":"https:\/\/javiervarelactor.com\/index.php?rest_route=\/wp\/v2\/users\/1"}],"replies":[{"embeddable":true,"href":"https:\/\/javiervarelactor.com\/index.php?rest_route=%2Fwp%2Fv2%2Fcomments&post=1962"}],"version-history":[{"count":1,"href":"https:\/\/javiervarelactor.com\/index.php?rest_route=\/wp\/v2\/posts\/1962\/revisions"}],"predecessor-version":[{"id":1964,"href":"https:\/\/javiervarelactor.com\/index.php?rest_route=\/wp\/v2\/posts\/1962\/revisions\/1964"}],"wp:featuredmedia":[{"embeddable":true,"href":"https:\/\/javiervarelactor.com\/index.php?rest_route=\/wp\/v2\/media\/1963"}],"wp:attachment":[{"href":"https:\/\/javiervarelactor.com\/index.php?rest_route=%2Fwp%2Fv2%2Fmedia&parent=1962"}],"wp:term":[{"taxonomy":"category","embeddable":true,"href":"https:\/\/javiervarelactor.com\/index.php?rest_route=%2Fwp%2Fv2%2Fcategories&post=1962"},{"taxonomy":"post_tag","embeddable":true,"href":"https:\/\/javiervarelactor.com\/index.php?rest_route=%2Fwp%2Fv2%2Ftags&post=1962"}],"curies":[{"name":"wp","href":"https:\/\/api.w.org\/{rel}","templated":true}]}}