{"id":1952,"date":"2023-11-01T19:02:58","date_gmt":"2023-11-01T19:02:58","guid":{"rendered":"https:\/\/javiervarelactor.com\/?p=1952"},"modified":"2023-11-01T19:13:09","modified_gmt":"2023-11-01T19:13:09","slug":"estreno-de-memento-mori","status":"publish","type":"post","link":"https:\/\/javiervarelactor.com\/?p=1952","title":{"rendered":"Estreno \u00abMemento Mori\u00bb con Peteira"},"content":{"rendered":"\n<p>Ya tenemos disponible para disfrutar desde casa la intrigante \u00ab<strong>Memento Mori<\/strong>\u00bb basada en la novela de C\u00e9sar P\u00e9rez Gellida producida por <a href=\"https:\/\/zebraproducciones.com\/\" target=\"_blank\" rel=\"noreferrer noopener\">Zebra Producciones<\/a> para <a href=\"https:\/\/www.primevideo.com\/detail\/Memento-Mori\/0H69GXL24UNDZNY2OBJKH5QWOL\" target=\"_blank\" rel=\"noreferrer noopener\">Amazon Prime<\/a><\/p>\n\n\n<div class=\"wp-block-image\">\n<figure class=\"alignleft size-full is-resized\"><a href=\"https:\/\/javiervarelactor.com\/wp-content\/uploads\/2023\/11\/IMG_5625.jpg\"><img loading=\"lazy\" decoding=\"async\" src=\"https:\/\/javiervarelactor.com\/wp-content\/uploads\/2023\/11\/IMG_5625-edited.jpg\" alt=\"\" class=\"wp-image-1956\" width=\"175\" height=\"161\" srcset=\"https:\/\/javiervarelactor.com\/wp-content\/uploads\/2023\/11\/IMG_5625-edited.jpg 424w, https:\/\/javiervarelactor.com\/wp-content\/uploads\/2023\/11\/IMG_5625-edited-300x275.jpg 300w\" sizes=\"(max-width: 175px) 100vw, 175px\" \/><\/a><figcaption>Estreno de \u00abMemento Mori\u00bb con Peteira<\/figcaption><\/figure><\/div>\n\n\n<p>Mi personaje del agente \u00c1lvaro <strong>Peteira<\/strong> me est\u00e1 haciendo disfrutar del oficio de actor desde que comenc\u00e9 hace ya m\u00e1s de un a\u00f1o hasta estos d\u00edas. El estreno de \u00abMemento Mori\u00bb en Valladolid y en Madrid han sido unas experiencias fant\u00e1sticas para compartir la satisfacci\u00f3n del trabajo bien hecho con mis compa\u00f1eras y compa\u00f1eros. Un orgullo recibir las felicitaciones por nuestro trabajo y es que, cuando se est\u00e1 orgulloso del resultado como es el caso de este estreno de \u00abMemento Mori\u00bb, la alegr\u00eda es mayor.<\/p>\n\n\n\n<p>Gracias de nuevo a Romera Talent por su entrega, a los t\u00e9cnicos por este resultado tan tan elegante, a direcci\u00f3n por provocar este enganche a la pantalla y a actrices y actores por hacernos creer que corremos por las calles de Valladolid a su intensa velocidad. Enhorabuena al equipazo de \u00abMemento Mori\u00bb, enhorabuena a C\u00e9sar P. Gellida por crear esta historia tan tremenda. Gracias a quienes me hac\u00e9is llegar vuestra alegr\u00eda al verme en pantalla interpretando a Peteira, \u00a1l<em>arga vida a Peteira<\/em>!<\/p>\n\n\n\n<p>Comparto algunas fotos del estreno de \u00abMemento Mori\u00bb en Seminci de Valladolid y en Cines Callao de Madrid. <\/p>\n\n\n\n<p>Maravillosos looks gracias al buen gusto y buen hacer de las profesionales de <strong>Pintaderas<\/strong>, en Valladolid. Agradezco a <strong>Luis Diago<\/strong> peluquero su cari\u00f1o y su atino con la tijera.<\/p>\n\n\n<div class=\"wp-block-image\">\n<figure class=\"aligncenter size-full is-resized\"><a href=\"http:\/\/javiervarelactor.com\/wp-content\/uploads\/2023\/11\/8e7955c6-36e0-4a78-8e1f-094049176e6e.jpg\"><img loading=\"lazy\" decoding=\"async\" src=\"http:\/\/javiervarelactor.com\/wp-content\/uploads\/2023\/11\/8e7955c6-36e0-4a78-8e1f-094049176e6e.jpg\" alt=\"Estreno &quot;Memento Mori&quot; Peteira\" class=\"wp-image-1954\" width=\"272\" height=\"340\" srcset=\"https:\/\/javiervarelactor.com\/wp-content\/uploads\/2023\/11\/8e7955c6-36e0-4a78-8e1f-094049176e6e.jpg 409w, https:\/\/javiervarelactor.com\/wp-content\/uploads\/2023\/11\/8e7955c6-36e0-4a78-8e1f-094049176e6e-240x300.jpg 240w\" sizes=\"(max-width: 272px) 100vw, 272px\" \/><\/a><figcaption>Javier Varela es Peteira en \u00abMemento Mori\u00bb<\/figcaption><\/figure><\/div>\n\n\n<p>La repercusi\u00f3n del Estreno de \u00abMemento Mori\u00bb ha sido grande, aqu\u00ed una muestra con la entrevista realizada para Tribuna donde conversamos sobre mi papel como \u00c1lvaro Peteira y otras curiosidades de mi carrera. <\/p>\n\n\n\n<figure class=\"wp-block-embed is-type-video is-provider-youtube wp-block-embed-youtube wp-embed-aspect-16-9 wp-has-aspect-ratio\"><div class=\"wp-block-embed__wrapper\">\n<iframe loading=\"lazy\" title=\"Javier Varela, de &#039;Memento Mori&#039;: &quot;Valladolid ha quedado a la altura de cualquier s\u00faper producci\u00f3n&quot;\" width=\"832\" height=\"468\" src=\"https:\/\/www.youtube.com\/embed\/Ygs041tGQqQ?start=177&#038;feature=oembed\" frameborder=\"0\" allow=\"accelerometer; autoplay; clipboard-write; encrypted-media; gyroscope; picture-in-picture; web-share\" allowfullscreen><\/iframe>\n<\/div><figcaption>Javier Varela para Tribuna compartiendo impresiones sobre su personaje en \u00abMemento Mori\u00bb \u00c1lvaro Peteira<\/figcaption><\/figure>\n\n\n\n<p><\/p>\n\n\n\n<figure class=\"wp-block-embed is-type-video is-provider-youtube wp-block-embed-youtube wp-embed-aspect-16-9 wp-has-aspect-ratio\"><div class=\"wp-block-embed__wrapper\">\n<iframe loading=\"lazy\" title=\"Javier Varela en el estreno de &quot;Memento Mori&quot;\" width=\"832\" height=\"468\" src=\"https:\/\/www.youtube.com\/embed\/vHQYqzNAWf4?feature=oembed\" frameborder=\"0\" allow=\"accelerometer; autoplay; clipboard-write; encrypted-media; gyroscope; picture-in-picture; web-share\" allowfullscreen><\/iframe>\n<\/div><figcaption>Entrevista durante el Estreno de \u00abMemento Mori\u00bb en Cines Callao de Madrid<\/figcaption><\/figure>\n","protected":false},"excerpt":{"rendered":"<p>Ya tenemos disponible para disfrutar desde casa la intrigante \u00abMemento Mori\u00bb basada en la novela de C\u00e9sar P\u00e9rez Gellida producida por Zebra Producciones para Amazon Prime Mi personaje del agente \u00c1lvaro Peteira me est\u00e1 haciendo disfrutar del oficio de actor desde que comenc\u00e9 hace ya m\u00e1s de un a\u00f1o hasta estos d\u00edas. El estreno de <a class=\"read-more\" href=\"https:\/\/javiervarelactor.com\/?p=1952\">Leer m\u00e1s<\/a><\/p>\n","protected":false},"author":1,"featured_media":1954,"comment_status":"closed","ping_status":"open","sticky":false,"template":"","format":"standard","meta":{"_monsterinsights_skip_tracking":false,"_monsterinsights_sitenote_active":false,"_monsterinsights_sitenote_note":"","_monsterinsights_sitenote_category":0,"footnotes":""},"categories":[21],"tags":[20,112],"yoast_head":"<!-- This site is optimized with the Yoast SEO plugin v22.7 - https:\/\/yoast.com\/wordpress\/plugins\/seo\/ -->\n<title>Estreno &quot;Memento Mori&quot; con Peteira - Javier Varela<\/title>\n<meta name=\"description\" content=\"Estreno de &quot;Memento Mori&quot; con Javier Varela como \u00c1lvaro Peteira. Producida por Zebra producciones para Amazon Prime.\" \/>\n<meta name=\"robots\" content=\"index, follow, max-snippet:-1, max-image-preview:large, max-video-preview:-1\" \/>\n<link rel=\"canonical\" href=\"https:\/\/javiervarelactor.com\/?p=1952\" \/>\n<meta property=\"og:locale\" content=\"es_ES\" \/>\n<meta property=\"og:type\" content=\"article\" \/>\n<meta property=\"og:title\" content=\"Estreno &quot;Memento Mori&quot; con Peteira - Javier Varela\" \/>\n<meta property=\"og:description\" content=\"Estreno de &quot;Memento Mori&quot; con Javier Varela como \u00c1lvaro Peteira. Producida por Zebra producciones para Amazon Prime.\" \/>\n<meta property=\"og:url\" content=\"https:\/\/javiervarelactor.com\/?p=1952\" \/>\n<meta property=\"og:site_name\" content=\"Javier Varela\" \/>\n<meta property=\"article:publisher\" content=\"https:\/\/www.facebook.com\/pages\/Javier-Varela\/145894855509796?sk=info&amp;amp%3bamp%3bamp%3bamp%3btab=page_info\" \/>\n<meta property=\"article:published_time\" content=\"2023-11-01T19:02:58+00:00\" \/>\n<meta property=\"article:modified_time\" content=\"2023-11-01T19:13:09+00:00\" \/>\n<meta property=\"og:image\" content=\"http:\/\/javiervarelactor.com\/wp-content\/uploads\/2023\/11\/8e7955c6-36e0-4a78-8e1f-094049176e6e.jpg\" \/>\n\t<meta property=\"og:image:width\" content=\"409\" \/>\n\t<meta property=\"og:image:height\" content=\"512\" \/>\n\t<meta property=\"og:image:type\" content=\"image\/jpeg\" \/>\n<meta name=\"author\" content=\"Javier Varela\" \/>\n<meta name=\"twitter:label1\" content=\"Escrito por\" \/>\n\t<meta name=\"twitter:data1\" content=\"Javier Varela\" \/>\n\t<meta name=\"twitter:label2\" content=\"Tiempo de lectura\" \/>\n\t<meta name=\"twitter:data2\" content=\"2 minutos\" \/>\n<script type=\"application\/ld+json\" class=\"yoast-schema-graph\">{\"@context\":\"https:\/\/schema.org\",\"@graph\":[{\"@type\":\"WebPage\",\"@id\":\"https:\/\/javiervarelactor.com\/?p=1952\",\"url\":\"https:\/\/javiervarelactor.com\/?p=1952\",\"name\":\"Estreno \\\"Memento Mori\\\" con Peteira - Javier Varela\",\"isPartOf\":{\"@id\":\"https:\/\/javiervarelactor.com\/#website\"},\"primaryImageOfPage\":{\"@id\":\"https:\/\/javiervarelactor.com\/?p=1952#primaryimage\"},\"image\":{\"@id\":\"https:\/\/javiervarelactor.com\/?p=1952#primaryimage\"},\"thumbnailUrl\":\"https:\/\/javiervarelactor.com\/wp-content\/uploads\/2023\/11\/8e7955c6-36e0-4a78-8e1f-094049176e6e.jpg\",\"datePublished\":\"2023-11-01T19:02:58+00:00\",\"dateModified\":\"2023-11-01T19:13:09+00:00\",\"author\":{\"@id\":\"https:\/\/javiervarelactor.com\/#\/schema\/person\/e3104f2f3cca87d9a07b40f5281c02ba\"},\"description\":\"Estreno de \\\"Memento Mori\\\" con Javier Varela como \u00c1lvaro Peteira. Producida por Zebra producciones para Amazon Prime.\",\"breadcrumb\":{\"@id\":\"https:\/\/javiervarelactor.com\/?p=1952#breadcrumb\"},\"inLanguage\":\"es\",\"potentialAction\":[{\"@type\":\"ReadAction\",\"target\":[\"https:\/\/javiervarelactor.com\/?p=1952\"]}]},{\"@type\":\"ImageObject\",\"inLanguage\":\"es\",\"@id\":\"https:\/\/javiervarelactor.com\/?p=1952#primaryimage\",\"url\":\"https:\/\/javiervarelactor.com\/wp-content\/uploads\/2023\/11\/8e7955c6-36e0-4a78-8e1f-094049176e6e.jpg\",\"contentUrl\":\"https:\/\/javiervarelactor.com\/wp-content\/uploads\/2023\/11\/8e7955c6-36e0-4a78-8e1f-094049176e6e.jpg\",\"width\":409,\"height\":512,\"caption\":\"Estreno \\\"Memento Mori\\\" Peteira\"},{\"@type\":\"BreadcrumbList\",\"@id\":\"https:\/\/javiervarelactor.com\/?p=1952#breadcrumb\",\"itemListElement\":[{\"@type\":\"ListItem\",\"position\":1,\"name\":\"Inicio\",\"item\":\"https:\/\/javiervarelactor.com\/\"},{\"@type\":\"ListItem\",\"position\":2,\"name\":\"Estreno \u00abMemento Mori\u00bb con Peteira\"}]},{\"@type\":\"WebSite\",\"@id\":\"https:\/\/javiervarelactor.com\/#website\",\"url\":\"https:\/\/javiervarelactor.com\/\",\"name\":\"Javier Varela\",\"description\":\"Actor y Presentador\",\"potentialAction\":[{\"@type\":\"SearchAction\",\"target\":{\"@type\":\"EntryPoint\",\"urlTemplate\":\"https:\/\/javiervarelactor.com\/?s={search_term_string}\"},\"query-input\":\"required name=search_term_string\"}],\"inLanguage\":\"es\"},{\"@type\":\"Person\",\"@id\":\"https:\/\/javiervarelactor.com\/#\/schema\/person\/e3104f2f3cca87d9a07b40f5281c02ba\",\"name\":\"Javier Varela\",\"image\":{\"@type\":\"ImageObject\",\"inLanguage\":\"es\",\"@id\":\"https:\/\/javiervarelactor.com\/#\/schema\/person\/image\/\",\"url\":\"https:\/\/secure.gravatar.com\/avatar\/858edfdbe98ed682c9723085564a87b3?s=96&d=mm&r=g\",\"contentUrl\":\"https:\/\/secure.gravatar.com\/avatar\/858edfdbe98ed682c9723085564a87b3?s=96&d=mm&r=g\",\"caption\":\"Javier Varela\"},\"sameAs\":[\"http:\/\/www.javiervarelactor.com\"],\"url\":\"https:\/\/javiervarelactor.com\/?author=1\"}]}<\/script>\n<!-- \/ Yoast SEO plugin. -->","yoast_head_json":{"title":"Estreno \"Memento Mori\" con Peteira - Javier Varela","description":"Estreno de \"Memento Mori\" con Javier Varela como \u00c1lvaro Peteira. Producida por Zebra producciones para Amazon Prime.","robots":{"index":"index","follow":"follow","max-snippet":"max-snippet:-1","max-image-preview":"max-image-preview:large","max-video-preview":"max-video-preview:-1"},"canonical":"https:\/\/javiervarelactor.com\/?p=1952","og_locale":"es_ES","og_type":"article","og_title":"Estreno \"Memento Mori\" con Peteira - Javier Varela","og_description":"Estreno de \"Memento Mori\" con Javier Varela como \u00c1lvaro Peteira. Producida por Zebra producciones para Amazon Prime.","og_url":"https:\/\/javiervarelactor.com\/?p=1952","og_site_name":"Javier Varela","article_publisher":"https:\/\/www.facebook.com\/pages\/Javier-Varela\/145894855509796?sk=info&amp%3bamp%3bamp%3bamp%3btab=page_info","article_published_time":"2023-11-01T19:02:58+00:00","article_modified_time":"2023-11-01T19:13:09+00:00","og_image":[{"width":409,"height":512,"url":"http:\/\/javiervarelactor.com\/wp-content\/uploads\/2023\/11\/8e7955c6-36e0-4a78-8e1f-094049176e6e.jpg","type":"image\/jpeg"}],"author":"Javier Varela","twitter_misc":{"Escrito por":"Javier Varela","Tiempo de lectura":"2 minutos"},"schema":{"@context":"https:\/\/schema.org","@graph":[{"@type":"WebPage","@id":"https:\/\/javiervarelactor.com\/?p=1952","url":"https:\/\/javiervarelactor.com\/?p=1952","name":"Estreno \"Memento Mori\" con Peteira - Javier Varela","isPartOf":{"@id":"https:\/\/javiervarelactor.com\/#website"},"primaryImageOfPage":{"@id":"https:\/\/javiervarelactor.com\/?p=1952#primaryimage"},"image":{"@id":"https:\/\/javiervarelactor.com\/?p=1952#primaryimage"},"thumbnailUrl":"https:\/\/javiervarelactor.com\/wp-content\/uploads\/2023\/11\/8e7955c6-36e0-4a78-8e1f-094049176e6e.jpg","datePublished":"2023-11-01T19:02:58+00:00","dateModified":"2023-11-01T19:13:09+00:00","author":{"@id":"https:\/\/javiervarelactor.com\/#\/schema\/person\/e3104f2f3cca87d9a07b40f5281c02ba"},"description":"Estreno de \"Memento Mori\" con Javier Varela como \u00c1lvaro Peteira. Producida por Zebra producciones para Amazon Prime.","breadcrumb":{"@id":"https:\/\/javiervarelactor.com\/?p=1952#breadcrumb"},"inLanguage":"es","potentialAction":[{"@type":"ReadAction","target":["https:\/\/javiervarelactor.com\/?p=1952"]}]},{"@type":"ImageObject","inLanguage":"es","@id":"https:\/\/javiervarelactor.com\/?p=1952#primaryimage","url":"https:\/\/javiervarelactor.com\/wp-content\/uploads\/2023\/11\/8e7955c6-36e0-4a78-8e1f-094049176e6e.jpg","contentUrl":"https:\/\/javiervarelactor.com\/wp-content\/uploads\/2023\/11\/8e7955c6-36e0-4a78-8e1f-094049176e6e.jpg","width":409,"height":512,"caption":"Estreno \"Memento Mori\" Peteira"},{"@type":"BreadcrumbList","@id":"https:\/\/javiervarelactor.com\/?p=1952#breadcrumb","itemListElement":[{"@type":"ListItem","position":1,"name":"Inicio","item":"https:\/\/javiervarelactor.com\/"},{"@type":"ListItem","position":2,"name":"Estreno \u00abMemento Mori\u00bb con Peteira"}]},{"@type":"WebSite","@id":"https:\/\/javiervarelactor.com\/#website","url":"https:\/\/javiervarelactor.com\/","name":"Javier Varela","description":"Actor y Presentador","potentialAction":[{"@type":"SearchAction","target":{"@type":"EntryPoint","urlTemplate":"https:\/\/javiervarelactor.com\/?s={search_term_string}"},"query-input":"required name=search_term_string"}],"inLanguage":"es"},{"@type":"Person","@id":"https:\/\/javiervarelactor.com\/#\/schema\/person\/e3104f2f3cca87d9a07b40f5281c02ba","name":"Javier Varela","image":{"@type":"ImageObject","inLanguage":"es","@id":"https:\/\/javiervarelactor.com\/#\/schema\/person\/image\/","url":"https:\/\/secure.gravatar.com\/avatar\/858edfdbe98ed682c9723085564a87b3?s=96&d=mm&r=g","contentUrl":"https:\/\/secure.gravatar.com\/avatar\/858edfdbe98ed682c9723085564a87b3?s=96&d=mm&r=g","caption":"Javier Varela"},"sameAs":["http:\/\/www.javiervarelactor.com"],"url":"https:\/\/javiervarelactor.com\/?author=1"}]}},"_links":{"self":[{"href":"https:\/\/javiervarelactor.com\/index.php?rest_route=\/wp\/v2\/posts\/1952"}],"collection":[{"href":"https:\/\/javiervarelactor.com\/index.php?rest_route=\/wp\/v2\/posts"}],"about":[{"href":"https:\/\/javiervarelactor.com\/index.php?rest_route=\/wp\/v2\/types\/post"}],"author":[{"embeddable":true,"href":"https:\/\/javiervarelactor.com\/index.php?rest_route=\/wp\/v2\/users\/1"}],"replies":[{"embeddable":true,"href":"https:\/\/javiervarelactor.com\/index.php?rest_route=%2Fwp%2Fv2%2Fcomments&post=1952"}],"version-history":[{"count":1,"href":"https:\/\/javiervarelactor.com\/index.php?rest_route=\/wp\/v2\/posts\/1952\/revisions"}],"predecessor-version":[{"id":1959,"href":"https:\/\/javiervarelactor.com\/index.php?rest_route=\/wp\/v2\/posts\/1952\/revisions\/1959"}],"wp:featuredmedia":[{"embeddable":true,"href":"https:\/\/javiervarelactor.com\/index.php?rest_route=\/wp\/v2\/media\/1954"}],"wp:attachment":[{"href":"https:\/\/javiervarelactor.com\/index.php?rest_route=%2Fwp%2Fv2%2Fmedia&parent=1952"}],"wp:term":[{"taxonomy":"category","embeddable":true,"href":"https:\/\/javiervarelactor.com\/index.php?rest_route=%2Fwp%2Fv2%2Fcategories&post=1952"},{"taxonomy":"post_tag","embeddable":true,"href":"https:\/\/javiervarelactor.com\/index.php?rest_route=%2Fwp%2Fv2%2Ftags&post=1952"}],"curies":[{"name":"wp","href":"https:\/\/api.w.org\/{rel}","templated":true}]}}