{"id":1942,"date":"2023-10-03T16:08:11","date_gmt":"2023-10-03T16:08:11","guid":{"rendered":"https:\/\/javiervarelactor.com\/?p=1942"},"modified":"2023-11-01T18:35:01","modified_gmt":"2023-11-01T18:35:01","slug":"peteira-en-memento-mori","status":"publish","type":"post","link":"https:\/\/javiervarelactor.com\/?p=1942","title":{"rendered":"Peteira en \u00abMemento Mori\u00bb"},"content":{"rendered":"\n<p>Ya tenemos fecha para descubrir mi nuevo personaje de ficci\u00f3n; \u00c1lvaro Peteira en \u00abMemento Mori\u00bb, la nueva serie producida por Amazon Prime, con Zebra producciones y un elenco de actores y actrices que dan miedo. \u00abMemento Mori\u00bb es la adaptaci\u00f3n de la novela escrita por C\u00e9sar P\u00e9rez Gellida. Ambientada en Valladolid, este trepidante thriller se estrenar\u00e1 en primer lugar durante la Semana Internacional de Cine de Valladolid, Seminci.  Estreno mundial desde la capital castellana de esta serie que no dejar\u00e1 a nadie indiferente. La fotograf\u00eda, una producci\u00f3n seria y bien dirigida y un elenco de actores como Juan Echanove, Carlota Bar\u00f3, Yon Gonz\u00e1lez, Francisco Ortiz, Manuela Vell\u00e9s y yo, Javier Varela en el personaja de \u00c1lvaro Peteira, una oportunidad de trabajar con mucho gusto, dedicaci\u00f3n y energ\u00eda.<\/p>\n\n\n\n<p>Aqu\u00ed el tr\u00e1iler, para que vayamos descubriendo poco a poco \u00abMemento Mori\u00bb la serie.<\/p>\n\n\n\n<figure class=\"wp-block-embed is-type-video is-provider-youtube wp-block-embed-youtube wp-embed-aspect-16-9 wp-has-aspect-ratio\"><div class=\"wp-block-embed__wrapper\">\n<iframe loading=\"lazy\" title=\"Memento Mori | Tr\u00e1iler oficial | Prime Video Espa\u00f1a\" width=\"832\" height=\"468\" src=\"https:\/\/www.youtube.com\/embed\/u3kh3heertg?feature=oembed\" frameborder=\"0\" allow=\"accelerometer; autoplay; clipboard-write; encrypted-media; gyroscope; picture-in-picture; web-share\" allowfullscreen><\/iframe>\n<\/div><\/figure>\n\n\n\n<p>Javier Varela como \u00c1lvaro Peteira, nos vemos a partir del 27 de octubre en Amazon Prime<\/p>\n","protected":false},"excerpt":{"rendered":"<p>Ya tenemos fecha para descubrir mi nuevo personaje de ficci\u00f3n; \u00c1lvaro Peteira en \u00abMemento Mori\u00bb, la nueva serie producida por Amazon Prime, con Zebra producciones y un elenco de actores y actrices que dan miedo. \u00abMemento Mori\u00bb es la adaptaci\u00f3n de la novela escrita por C\u00e9sar P\u00e9rez Gellida. Ambientada en Valladolid, este trepidante thriller se <a class=\"read-more\" href=\"https:\/\/javiervarelactor.com\/?p=1942\">Leer m\u00e1s<\/a><\/p>\n","protected":false},"author":1,"featured_media":1950,"comment_status":"closed","ping_status":"open","sticky":false,"template":"","format":"standard","meta":{"_monsterinsights_skip_tracking":false,"_monsterinsights_sitenote_active":false,"_monsterinsights_sitenote_note":"","_monsterinsights_sitenote_category":0,"footnotes":""},"categories":[21],"tags":[112],"yoast_head":"<!-- This site is optimized with the Yoast SEO plugin v22.7 - https:\/\/yoast.com\/wordpress\/plugins\/seo\/ -->\n<title>Peteira en &quot;Memento Mori&quot; - Javier Varela<\/title>\n<meta name=\"description\" content=\"Javier Varela actor de &quot;Memento Mori&quot; producida por Amazon Prime estreno el 27 de Octubre. Interpreta a \u00c1lvaro Peteira.\" \/>\n<meta name=\"robots\" content=\"index, follow, max-snippet:-1, max-image-preview:large, max-video-preview:-1\" \/>\n<link rel=\"canonical\" href=\"https:\/\/javiervarelactor.com\/?p=1942\" \/>\n<meta property=\"og:locale\" content=\"es_ES\" \/>\n<meta property=\"og:type\" content=\"article\" \/>\n<meta property=\"og:title\" content=\"Peteira en &quot;Memento Mori&quot; - Javier Varela\" \/>\n<meta property=\"og:description\" content=\"Javier Varela actor de &quot;Memento Mori&quot; producida por Amazon Prime estreno el 27 de Octubre. Interpreta a \u00c1lvaro Peteira.\" \/>\n<meta property=\"og:url\" content=\"https:\/\/javiervarelactor.com\/?p=1942\" \/>\n<meta property=\"og:site_name\" content=\"Javier Varela\" \/>\n<meta property=\"article:publisher\" content=\"https:\/\/www.facebook.com\/pages\/Javier-Varela\/145894855509796?sk=info&amp;amp%3bamp%3bamp%3bamp%3btab=page_info\" \/>\n<meta property=\"article:published_time\" content=\"2023-10-03T16:08:11+00:00\" \/>\n<meta property=\"article:modified_time\" content=\"2023-11-01T18:35:01+00:00\" \/>\n<meta property=\"og:image\" content=\"http:\/\/javiervarelactor.com\/wp-content\/uploads\/2023\/11\/peteira-scaled.jpg\" \/>\n\t<meta property=\"og:image:width\" content=\"2560\" \/>\n\t<meta property=\"og:image:height\" content=\"1703\" \/>\n\t<meta property=\"og:image:type\" content=\"image\/jpeg\" \/>\n<meta name=\"author\" content=\"Javier Varela\" \/>\n<meta name=\"twitter:label1\" content=\"Escrito por\" \/>\n\t<meta name=\"twitter:data1\" content=\"Javier Varela\" \/>\n\t<meta name=\"twitter:label2\" content=\"Tiempo de lectura\" \/>\n\t<meta name=\"twitter:data2\" content=\"1 minuto\" \/>\n<script type=\"application\/ld+json\" class=\"yoast-schema-graph\">{\"@context\":\"https:\/\/schema.org\",\"@graph\":[{\"@type\":\"WebPage\",\"@id\":\"https:\/\/javiervarelactor.com\/?p=1942\",\"url\":\"https:\/\/javiervarelactor.com\/?p=1942\",\"name\":\"Peteira en \\\"Memento Mori\\\" - Javier Varela\",\"isPartOf\":{\"@id\":\"https:\/\/javiervarelactor.com\/#website\"},\"primaryImageOfPage\":{\"@id\":\"https:\/\/javiervarelactor.com\/?p=1942#primaryimage\"},\"image\":{\"@id\":\"https:\/\/javiervarelactor.com\/?p=1942#primaryimage\"},\"thumbnailUrl\":\"https:\/\/javiervarelactor.com\/wp-content\/uploads\/2023\/11\/peteira-scaled.jpg\",\"datePublished\":\"2023-10-03T16:08:11+00:00\",\"dateModified\":\"2023-11-01T18:35:01+00:00\",\"author\":{\"@id\":\"https:\/\/javiervarelactor.com\/#\/schema\/person\/e3104f2f3cca87d9a07b40f5281c02ba\"},\"description\":\"Javier Varela actor de \\\"Memento Mori\\\" producida por Amazon Prime estreno el 27 de Octubre. Interpreta a \u00c1lvaro Peteira.\",\"breadcrumb\":{\"@id\":\"https:\/\/javiervarelactor.com\/?p=1942#breadcrumb\"},\"inLanguage\":\"es\",\"potentialAction\":[{\"@type\":\"ReadAction\",\"target\":[\"https:\/\/javiervarelactor.com\/?p=1942\"]}]},{\"@type\":\"ImageObject\",\"inLanguage\":\"es\",\"@id\":\"https:\/\/javiervarelactor.com\/?p=1942#primaryimage\",\"url\":\"https:\/\/javiervarelactor.com\/wp-content\/uploads\/2023\/11\/peteira-scaled.jpg\",\"contentUrl\":\"https:\/\/javiervarelactor.com\/wp-content\/uploads\/2023\/11\/peteira-scaled.jpg\",\"width\":2560,\"height\":1703,\"caption\":\"Peteira en \\\"Memento Mori\\\"\"},{\"@type\":\"BreadcrumbList\",\"@id\":\"https:\/\/javiervarelactor.com\/?p=1942#breadcrumb\",\"itemListElement\":[{\"@type\":\"ListItem\",\"position\":1,\"name\":\"Inicio\",\"item\":\"https:\/\/javiervarelactor.com\/\"},{\"@type\":\"ListItem\",\"position\":2,\"name\":\"Peteira en \u00abMemento Mori\u00bb\"}]},{\"@type\":\"WebSite\",\"@id\":\"https:\/\/javiervarelactor.com\/#website\",\"url\":\"https:\/\/javiervarelactor.com\/\",\"name\":\"Javier Varela\",\"description\":\"Actor y Presentador\",\"potentialAction\":[{\"@type\":\"SearchAction\",\"target\":{\"@type\":\"EntryPoint\",\"urlTemplate\":\"https:\/\/javiervarelactor.com\/?s={search_term_string}\"},\"query-input\":\"required name=search_term_string\"}],\"inLanguage\":\"es\"},{\"@type\":\"Person\",\"@id\":\"https:\/\/javiervarelactor.com\/#\/schema\/person\/e3104f2f3cca87d9a07b40f5281c02ba\",\"name\":\"Javier Varela\",\"image\":{\"@type\":\"ImageObject\",\"inLanguage\":\"es\",\"@id\":\"https:\/\/javiervarelactor.com\/#\/schema\/person\/image\/\",\"url\":\"https:\/\/secure.gravatar.com\/avatar\/858edfdbe98ed682c9723085564a87b3?s=96&d=mm&r=g\",\"contentUrl\":\"https:\/\/secure.gravatar.com\/avatar\/858edfdbe98ed682c9723085564a87b3?s=96&d=mm&r=g\",\"caption\":\"Javier Varela\"},\"sameAs\":[\"http:\/\/www.javiervarelactor.com\"],\"url\":\"https:\/\/javiervarelactor.com\/?author=1\"}]}<\/script>\n<!-- \/ Yoast SEO plugin. -->","yoast_head_json":{"title":"Peteira en \"Memento Mori\" - Javier Varela","description":"Javier Varela actor de \"Memento Mori\" producida por Amazon Prime estreno el 27 de Octubre. Interpreta a \u00c1lvaro Peteira.","robots":{"index":"index","follow":"follow","max-snippet":"max-snippet:-1","max-image-preview":"max-image-preview:large","max-video-preview":"max-video-preview:-1"},"canonical":"https:\/\/javiervarelactor.com\/?p=1942","og_locale":"es_ES","og_type":"article","og_title":"Peteira en \"Memento Mori\" - Javier Varela","og_description":"Javier Varela actor de \"Memento Mori\" producida por Amazon Prime estreno el 27 de Octubre. Interpreta a \u00c1lvaro Peteira.","og_url":"https:\/\/javiervarelactor.com\/?p=1942","og_site_name":"Javier Varela","article_publisher":"https:\/\/www.facebook.com\/pages\/Javier-Varela\/145894855509796?sk=info&amp%3bamp%3bamp%3bamp%3btab=page_info","article_published_time":"2023-10-03T16:08:11+00:00","article_modified_time":"2023-11-01T18:35:01+00:00","og_image":[{"width":2560,"height":1703,"url":"http:\/\/javiervarelactor.com\/wp-content\/uploads\/2023\/11\/peteira-scaled.jpg","type":"image\/jpeg"}],"author":"Javier Varela","twitter_misc":{"Escrito por":"Javier Varela","Tiempo de lectura":"1 minuto"},"schema":{"@context":"https:\/\/schema.org","@graph":[{"@type":"WebPage","@id":"https:\/\/javiervarelactor.com\/?p=1942","url":"https:\/\/javiervarelactor.com\/?p=1942","name":"Peteira en \"Memento Mori\" - Javier Varela","isPartOf":{"@id":"https:\/\/javiervarelactor.com\/#website"},"primaryImageOfPage":{"@id":"https:\/\/javiervarelactor.com\/?p=1942#primaryimage"},"image":{"@id":"https:\/\/javiervarelactor.com\/?p=1942#primaryimage"},"thumbnailUrl":"https:\/\/javiervarelactor.com\/wp-content\/uploads\/2023\/11\/peteira-scaled.jpg","datePublished":"2023-10-03T16:08:11+00:00","dateModified":"2023-11-01T18:35:01+00:00","author":{"@id":"https:\/\/javiervarelactor.com\/#\/schema\/person\/e3104f2f3cca87d9a07b40f5281c02ba"},"description":"Javier Varela actor de \"Memento Mori\" producida por Amazon Prime estreno el 27 de Octubre. Interpreta a \u00c1lvaro Peteira.","breadcrumb":{"@id":"https:\/\/javiervarelactor.com\/?p=1942#breadcrumb"},"inLanguage":"es","potentialAction":[{"@type":"ReadAction","target":["https:\/\/javiervarelactor.com\/?p=1942"]}]},{"@type":"ImageObject","inLanguage":"es","@id":"https:\/\/javiervarelactor.com\/?p=1942#primaryimage","url":"https:\/\/javiervarelactor.com\/wp-content\/uploads\/2023\/11\/peteira-scaled.jpg","contentUrl":"https:\/\/javiervarelactor.com\/wp-content\/uploads\/2023\/11\/peteira-scaled.jpg","width":2560,"height":1703,"caption":"Peteira en \"Memento Mori\""},{"@type":"BreadcrumbList","@id":"https:\/\/javiervarelactor.com\/?p=1942#breadcrumb","itemListElement":[{"@type":"ListItem","position":1,"name":"Inicio","item":"https:\/\/javiervarelactor.com\/"},{"@type":"ListItem","position":2,"name":"Peteira en \u00abMemento Mori\u00bb"}]},{"@type":"WebSite","@id":"https:\/\/javiervarelactor.com\/#website","url":"https:\/\/javiervarelactor.com\/","name":"Javier Varela","description":"Actor y Presentador","potentialAction":[{"@type":"SearchAction","target":{"@type":"EntryPoint","urlTemplate":"https:\/\/javiervarelactor.com\/?s={search_term_string}"},"query-input":"required name=search_term_string"}],"inLanguage":"es"},{"@type":"Person","@id":"https:\/\/javiervarelactor.com\/#\/schema\/person\/e3104f2f3cca87d9a07b40f5281c02ba","name":"Javier Varela","image":{"@type":"ImageObject","inLanguage":"es","@id":"https:\/\/javiervarelactor.com\/#\/schema\/person\/image\/","url":"https:\/\/secure.gravatar.com\/avatar\/858edfdbe98ed682c9723085564a87b3?s=96&d=mm&r=g","contentUrl":"https:\/\/secure.gravatar.com\/avatar\/858edfdbe98ed682c9723085564a87b3?s=96&d=mm&r=g","caption":"Javier Varela"},"sameAs":["http:\/\/www.javiervarelactor.com"],"url":"https:\/\/javiervarelactor.com\/?author=1"}]}},"_links":{"self":[{"href":"https:\/\/javiervarelactor.com\/index.php?rest_route=\/wp\/v2\/posts\/1942"}],"collection":[{"href":"https:\/\/javiervarelactor.com\/index.php?rest_route=\/wp\/v2\/posts"}],"about":[{"href":"https:\/\/javiervarelactor.com\/index.php?rest_route=\/wp\/v2\/types\/post"}],"author":[{"embeddable":true,"href":"https:\/\/javiervarelactor.com\/index.php?rest_route=\/wp\/v2\/users\/1"}],"replies":[{"embeddable":true,"href":"https:\/\/javiervarelactor.com\/index.php?rest_route=%2Fwp%2Fv2%2Fcomments&post=1942"}],"version-history":[{"count":2,"href":"https:\/\/javiervarelactor.com\/index.php?rest_route=\/wp\/v2\/posts\/1942\/revisions"}],"predecessor-version":[{"id":1946,"href":"https:\/\/javiervarelactor.com\/index.php?rest_route=\/wp\/v2\/posts\/1942\/revisions\/1946"}],"wp:featuredmedia":[{"embeddable":true,"href":"https:\/\/javiervarelactor.com\/index.php?rest_route=\/wp\/v2\/media\/1950"}],"wp:attachment":[{"href":"https:\/\/javiervarelactor.com\/index.php?rest_route=%2Fwp%2Fv2%2Fmedia&parent=1942"}],"wp:term":[{"taxonomy":"category","embeddable":true,"href":"https:\/\/javiervarelactor.com\/index.php?rest_route=%2Fwp%2Fv2%2Fcategories&post=1942"},{"taxonomy":"post_tag","embeddable":true,"href":"https:\/\/javiervarelactor.com\/index.php?rest_route=%2Fwp%2Fv2%2Ftags&post=1942"}],"curies":[{"name":"wp","href":"https:\/\/api.w.org\/{rel}","templated":true}]}}