{"id":1917,"date":"2023-06-01T18:07:22","date_gmt":"2023-06-01T18:07:22","guid":{"rendered":"https:\/\/javiervarelactor.com\/?p=1917"},"modified":"2023-06-01T18:07:26","modified_gmt":"2023-06-01T18:07:26","slug":"presentador-para-eventos-en-valladolid","status":"publish","type":"post","link":"https:\/\/javiervarelactor.com\/?p=1917","title":{"rendered":"Presentador para Eventos en Valladolid"},"content":{"rendered":"\n<p>Temporada de Eventos en Valladolid, Madrid y Galicia. Mi trabajo como <strong>presentador para eventos<\/strong> es energ\u00eda, dedicaci\u00f3n y disfrute. Son muchas las empresas que conf\u00edan en mi labor como presentador de eventos para sus convenciones, actividades y sesiones en equipo. <\/p>\n\n\n\n<p>Como presentador de eventos en Valladolid he tenido la oportunidad de trabajar con empresas que han depositado en mi su confianza para la creaci\u00f3n, producci\u00f3n y presentaci\u00f3n de eventos durante todo el a\u00f1o.<\/p>\n\n\n\n<p>Si buscas un presentador en quien confiar tu actividad, transmitir los valores y objetivos que buscas y disfrutar de un evento enriquecedor, puedes contactar con Javier Varela como presentador para eventos en Valladolid, Madrid y Galicia. Consulta para m\u00e1s desplazamientos.<\/p>\n","protected":false},"excerpt":{"rendered":"<p>Temporada de Eventos en Valladolid, Madrid y Galicia. Mi trabajo como presentador para eventos es energ\u00eda, dedicaci\u00f3n y disfrute. Son muchas las empresas que conf\u00edan en mi labor como presentador de eventos para sus convenciones, actividades y sesiones en equipo. Como presentador de eventos en Valladolid he tenido la oportunidad de trabajar con empresas que <a class=\"read-more\" href=\"https:\/\/javiervarelactor.com\/?p=1917\">Leer m\u00e1s<\/a><\/p>\n","protected":false},"author":1,"featured_media":1914,"comment_status":"closed","ping_status":"open","sticky":false,"template":"","format":"standard","meta":{"_monsterinsights_skip_tracking":false,"_monsterinsights_sitenote_active":false,"_monsterinsights_sitenote_note":"","_monsterinsights_sitenote_category":0,"footnotes":""},"categories":[78],"tags":[37],"yoast_head":"<!-- This site is optimized with the Yoast SEO plugin v22.7 - https:\/\/yoast.com\/wordpress\/plugins\/seo\/ -->\n<title>Presentador para Eventos en Valladolid - Javier Varela<\/title>\n<meta name=\"description\" content=\"Javier Varela es presentador de eventos para empresas en Madrid, Valladolid y Galicia. Energ\u00eda, calidad y seguridad para eventos.\" \/>\n<meta name=\"robots\" content=\"index, follow, max-snippet:-1, max-image-preview:large, max-video-preview:-1\" \/>\n<link rel=\"canonical\" href=\"https:\/\/javiervarelactor.com\/?p=1917\" \/>\n<meta property=\"og:locale\" content=\"es_ES\" \/>\n<meta property=\"og:type\" content=\"article\" \/>\n<meta property=\"og:title\" content=\"Presentador para Eventos en Valladolid - Javier Varela\" \/>\n<meta property=\"og:description\" content=\"Javier Varela es presentador de eventos para empresas en Madrid, Valladolid y Galicia. Energ\u00eda, calidad y seguridad para eventos.\" \/>\n<meta property=\"og:url\" content=\"https:\/\/javiervarelactor.com\/?p=1917\" \/>\n<meta property=\"og:site_name\" content=\"Javier Varela\" \/>\n<meta property=\"article:publisher\" content=\"https:\/\/www.facebook.com\/pages\/Javier-Varela\/145894855509796?sk=info&amp;amp%3bamp%3bamp%3bamp%3btab=page_info\" \/>\n<meta property=\"article:published_time\" content=\"2023-06-01T18:07:22+00:00\" \/>\n<meta property=\"article:modified_time\" content=\"2023-06-01T18:07:26+00:00\" \/>\n<meta property=\"og:image\" content=\"http:\/\/javiervarelactor.com\/wp-content\/uploads\/2023\/06\/2023-Javier-Varela-Moises-Fdez-Acosta-book-moifernandez-023.jpg\" \/>\n\t<meta property=\"og:image:width\" content=\"1493\" \/>\n\t<meta property=\"og:image:height\" content=\"2240\" \/>\n\t<meta property=\"og:image:type\" content=\"image\/jpeg\" \/>\n<meta name=\"author\" content=\"Javier Varela\" \/>\n<meta name=\"twitter:label1\" content=\"Escrito por\" \/>\n\t<meta name=\"twitter:data1\" content=\"Javier Varela\" \/>\n\t<meta name=\"twitter:label2\" content=\"Tiempo de lectura\" \/>\n\t<meta name=\"twitter:data2\" content=\"1 minuto\" \/>\n<script type=\"application\/ld+json\" class=\"yoast-schema-graph\">{\"@context\":\"https:\/\/schema.org\",\"@graph\":[{\"@type\":\"WebPage\",\"@id\":\"https:\/\/javiervarelactor.com\/?p=1917\",\"url\":\"https:\/\/javiervarelactor.com\/?p=1917\",\"name\":\"Presentador para Eventos en Valladolid - Javier Varela\",\"isPartOf\":{\"@id\":\"https:\/\/javiervarelactor.com\/#website\"},\"primaryImageOfPage\":{\"@id\":\"https:\/\/javiervarelactor.com\/?p=1917#primaryimage\"},\"image\":{\"@id\":\"https:\/\/javiervarelactor.com\/?p=1917#primaryimage\"},\"thumbnailUrl\":\"https:\/\/javiervarelactor.com\/wp-content\/uploads\/2023\/06\/2023-Javier-Varela-Moises-Fdez-Acosta-book-moifernandez-023.jpg\",\"datePublished\":\"2023-06-01T18:07:22+00:00\",\"dateModified\":\"2023-06-01T18:07:26+00:00\",\"author\":{\"@id\":\"https:\/\/javiervarelactor.com\/#\/schema\/person\/e3104f2f3cca87d9a07b40f5281c02ba\"},\"description\":\"Javier Varela es presentador de eventos para empresas en Madrid, Valladolid y Galicia. Energ\u00eda, calidad y seguridad para eventos.\",\"breadcrumb\":{\"@id\":\"https:\/\/javiervarelactor.com\/?p=1917#breadcrumb\"},\"inLanguage\":\"es\",\"potentialAction\":[{\"@type\":\"ReadAction\",\"target\":[\"https:\/\/javiervarelactor.com\/?p=1917\"]}]},{\"@type\":\"ImageObject\",\"inLanguage\":\"es\",\"@id\":\"https:\/\/javiervarelactor.com\/?p=1917#primaryimage\",\"url\":\"https:\/\/javiervarelactor.com\/wp-content\/uploads\/2023\/06\/2023-Javier-Varela-Moises-Fdez-Acosta-book-moifernandez-023.jpg\",\"contentUrl\":\"https:\/\/javiervarelactor.com\/wp-content\/uploads\/2023\/06\/2023-Javier-Varela-Moises-Fdez-Acosta-book-moifernandez-023.jpg\",\"width\":1493,\"height\":2240,\"caption\":\"Javier Varela Actor\"},{\"@type\":\"BreadcrumbList\",\"@id\":\"https:\/\/javiervarelactor.com\/?p=1917#breadcrumb\",\"itemListElement\":[{\"@type\":\"ListItem\",\"position\":1,\"name\":\"Inicio\",\"item\":\"https:\/\/javiervarelactor.com\/\"},{\"@type\":\"ListItem\",\"position\":2,\"name\":\"Presentador para Eventos en Valladolid\"}]},{\"@type\":\"WebSite\",\"@id\":\"https:\/\/javiervarelactor.com\/#website\",\"url\":\"https:\/\/javiervarelactor.com\/\",\"name\":\"Javier Varela\",\"description\":\"Actor y Presentador\",\"potentialAction\":[{\"@type\":\"SearchAction\",\"target\":{\"@type\":\"EntryPoint\",\"urlTemplate\":\"https:\/\/javiervarelactor.com\/?s={search_term_string}\"},\"query-input\":\"required name=search_term_string\"}],\"inLanguage\":\"es\"},{\"@type\":\"Person\",\"@id\":\"https:\/\/javiervarelactor.com\/#\/schema\/person\/e3104f2f3cca87d9a07b40f5281c02ba\",\"name\":\"Javier Varela\",\"image\":{\"@type\":\"ImageObject\",\"inLanguage\":\"es\",\"@id\":\"https:\/\/javiervarelactor.com\/#\/schema\/person\/image\/\",\"url\":\"https:\/\/secure.gravatar.com\/avatar\/858edfdbe98ed682c9723085564a87b3?s=96&d=mm&r=g\",\"contentUrl\":\"https:\/\/secure.gravatar.com\/avatar\/858edfdbe98ed682c9723085564a87b3?s=96&d=mm&r=g\",\"caption\":\"Javier Varela\"},\"sameAs\":[\"http:\/\/www.javiervarelactor.com\"],\"url\":\"https:\/\/javiervarelactor.com\/?author=1\"}]}<\/script>\n<!-- \/ Yoast SEO plugin. -->","yoast_head_json":{"title":"Presentador para Eventos en Valladolid - Javier Varela","description":"Javier Varela es presentador de eventos para empresas en Madrid, Valladolid y Galicia. Energ\u00eda, calidad y seguridad para eventos.","robots":{"index":"index","follow":"follow","max-snippet":"max-snippet:-1","max-image-preview":"max-image-preview:large","max-video-preview":"max-video-preview:-1"},"canonical":"https:\/\/javiervarelactor.com\/?p=1917","og_locale":"es_ES","og_type":"article","og_title":"Presentador para Eventos en Valladolid - Javier Varela","og_description":"Javier Varela es presentador de eventos para empresas en Madrid, Valladolid y Galicia. Energ\u00eda, calidad y seguridad para eventos.","og_url":"https:\/\/javiervarelactor.com\/?p=1917","og_site_name":"Javier Varela","article_publisher":"https:\/\/www.facebook.com\/pages\/Javier-Varela\/145894855509796?sk=info&amp%3bamp%3bamp%3bamp%3btab=page_info","article_published_time":"2023-06-01T18:07:22+00:00","article_modified_time":"2023-06-01T18:07:26+00:00","og_image":[{"width":1493,"height":2240,"url":"http:\/\/javiervarelactor.com\/wp-content\/uploads\/2023\/06\/2023-Javier-Varela-Moises-Fdez-Acosta-book-moifernandez-023.jpg","type":"image\/jpeg"}],"author":"Javier Varela","twitter_misc":{"Escrito por":"Javier Varela","Tiempo de lectura":"1 minuto"},"schema":{"@context":"https:\/\/schema.org","@graph":[{"@type":"WebPage","@id":"https:\/\/javiervarelactor.com\/?p=1917","url":"https:\/\/javiervarelactor.com\/?p=1917","name":"Presentador para Eventos en Valladolid - Javier Varela","isPartOf":{"@id":"https:\/\/javiervarelactor.com\/#website"},"primaryImageOfPage":{"@id":"https:\/\/javiervarelactor.com\/?p=1917#primaryimage"},"image":{"@id":"https:\/\/javiervarelactor.com\/?p=1917#primaryimage"},"thumbnailUrl":"https:\/\/javiervarelactor.com\/wp-content\/uploads\/2023\/06\/2023-Javier-Varela-Moises-Fdez-Acosta-book-moifernandez-023.jpg","datePublished":"2023-06-01T18:07:22+00:00","dateModified":"2023-06-01T18:07:26+00:00","author":{"@id":"https:\/\/javiervarelactor.com\/#\/schema\/person\/e3104f2f3cca87d9a07b40f5281c02ba"},"description":"Javier Varela es presentador de eventos para empresas en Madrid, Valladolid y Galicia. Energ\u00eda, calidad y seguridad para eventos.","breadcrumb":{"@id":"https:\/\/javiervarelactor.com\/?p=1917#breadcrumb"},"inLanguage":"es","potentialAction":[{"@type":"ReadAction","target":["https:\/\/javiervarelactor.com\/?p=1917"]}]},{"@type":"ImageObject","inLanguage":"es","@id":"https:\/\/javiervarelactor.com\/?p=1917#primaryimage","url":"https:\/\/javiervarelactor.com\/wp-content\/uploads\/2023\/06\/2023-Javier-Varela-Moises-Fdez-Acosta-book-moifernandez-023.jpg","contentUrl":"https:\/\/javiervarelactor.com\/wp-content\/uploads\/2023\/06\/2023-Javier-Varela-Moises-Fdez-Acosta-book-moifernandez-023.jpg","width":1493,"height":2240,"caption":"Javier Varela Actor"},{"@type":"BreadcrumbList","@id":"https:\/\/javiervarelactor.com\/?p=1917#breadcrumb","itemListElement":[{"@type":"ListItem","position":1,"name":"Inicio","item":"https:\/\/javiervarelactor.com\/"},{"@type":"ListItem","position":2,"name":"Presentador para Eventos en Valladolid"}]},{"@type":"WebSite","@id":"https:\/\/javiervarelactor.com\/#website","url":"https:\/\/javiervarelactor.com\/","name":"Javier Varela","description":"Actor y Presentador","potentialAction":[{"@type":"SearchAction","target":{"@type":"EntryPoint","urlTemplate":"https:\/\/javiervarelactor.com\/?s={search_term_string}"},"query-input":"required name=search_term_string"}],"inLanguage":"es"},{"@type":"Person","@id":"https:\/\/javiervarelactor.com\/#\/schema\/person\/e3104f2f3cca87d9a07b40f5281c02ba","name":"Javier Varela","image":{"@type":"ImageObject","inLanguage":"es","@id":"https:\/\/javiervarelactor.com\/#\/schema\/person\/image\/","url":"https:\/\/secure.gravatar.com\/avatar\/858edfdbe98ed682c9723085564a87b3?s=96&d=mm&r=g","contentUrl":"https:\/\/secure.gravatar.com\/avatar\/858edfdbe98ed682c9723085564a87b3?s=96&d=mm&r=g","caption":"Javier Varela"},"sameAs":["http:\/\/www.javiervarelactor.com"],"url":"https:\/\/javiervarelactor.com\/?author=1"}]}},"_links":{"self":[{"href":"https:\/\/javiervarelactor.com\/index.php?rest_route=\/wp\/v2\/posts\/1917"}],"collection":[{"href":"https:\/\/javiervarelactor.com\/index.php?rest_route=\/wp\/v2\/posts"}],"about":[{"href":"https:\/\/javiervarelactor.com\/index.php?rest_route=\/wp\/v2\/types\/post"}],"author":[{"embeddable":true,"href":"https:\/\/javiervarelactor.com\/index.php?rest_route=\/wp\/v2\/users\/1"}],"replies":[{"embeddable":true,"href":"https:\/\/javiervarelactor.com\/index.php?rest_route=%2Fwp%2Fv2%2Fcomments&post=1917"}],"version-history":[{"count":1,"href":"https:\/\/javiervarelactor.com\/index.php?rest_route=\/wp\/v2\/posts\/1917\/revisions"}],"predecessor-version":[{"id":1919,"href":"https:\/\/javiervarelactor.com\/index.php?rest_route=\/wp\/v2\/posts\/1917\/revisions\/1919"}],"wp:featuredmedia":[{"embeddable":true,"href":"https:\/\/javiervarelactor.com\/index.php?rest_route=\/wp\/v2\/media\/1914"}],"wp:attachment":[{"href":"https:\/\/javiervarelactor.com\/index.php?rest_route=%2Fwp%2Fv2%2Fmedia&parent=1917"}],"wp:term":[{"taxonomy":"category","embeddable":true,"href":"https:\/\/javiervarelactor.com\/index.php?rest_route=%2Fwp%2Fv2%2Fcategories&post=1917"},{"taxonomy":"post_tag","embeddable":true,"href":"https:\/\/javiervarelactor.com\/index.php?rest_route=%2Fwp%2Fv2%2Ftags&post=1917"}],"curies":[{"name":"wp","href":"https:\/\/api.w.org\/{rel}","templated":true}]}}