{"id":1886,"date":"2022-11-10T19:47:03","date_gmt":"2022-11-10T19:47:03","guid":{"rendered":"https:\/\/javiervarelactor.com\/?p=1886"},"modified":"2022-11-10T19:53:12","modified_gmt":"2022-11-10T19:53:12","slug":"estreno-as-bestas","status":"publish","type":"post","link":"https:\/\/javiervarelactor.com\/?p=1886","title":{"rendered":"Estreno \u00abAs Bestas\u00bb"},"content":{"rendered":"\n<p class=\"has-text-align-left\">Viernes 11 de Noviembre de 2022 llega a cines en Espa\u00f1a la pel\u00edcula \u00ab<strong>As Bestas<\/strong>\u00ab, de Rodrigo Sorogoyen. Una historia que recoge muchas historias, una pel\u00edcula para disfrutar, para ver en pantalla grande. Un trabajo de cine, de luz, sonido e interpretaci\u00f3n que no te dejar\u00e1 indiferente.<\/p>\n\n\n\n<p>El estreno de \u00abAs Bestas\u00bb en Espa\u00f1a ha tenido lugar en Madrid, en una noche en la que he tenido el placer de compartir sala de cine con compa\u00f1eros de profesi\u00f3n y amantes del cine, del CINE. el estreno de \u00abAs Bestas\u00bb es la oportunidad de ir a pasar un rato de entretenimiento de calidad, de arte y de cultura. <\/p>\n\n\n\n<figure class=\"wp-block-image size-medium is-resized\"><a href=\"https:\/\/javiervarelactor.com\/wp-content\/uploads\/2022\/11\/as-bestas-javier-varela-actor-2.jpg\"><img loading=\"lazy\" decoding=\"async\" src=\"https:\/\/javiervarelactor.com\/wp-content\/uploads\/2022\/11\/as-bestas-javier-varela-actor-2-200x300.jpg\" alt=\"\" class=\"wp-image-1894\" width=\"200\" height=\"300\" srcset=\"https:\/\/javiervarelactor.com\/wp-content\/uploads\/2022\/11\/as-bestas-javier-varela-actor-2-200x300.jpg 200w, https:\/\/javiervarelactor.com\/wp-content\/uploads\/2022\/11\/as-bestas-javier-varela-actor-2-682x1024.jpg 682w, https:\/\/javiervarelactor.com\/wp-content\/uploads\/2022\/11\/as-bestas-javier-varela-actor-2-768x1152.jpg 768w, https:\/\/javiervarelactor.com\/wp-content\/uploads\/2022\/11\/as-bestas-javier-varela-actor-2.jpg 853w\" sizes=\"(max-width: 200px) 100vw, 200px\" \/><\/a><figcaption>Estreno de \u00abAs Bestass\u00bb con Javier Varela en el personaje de Xos\u00e9<\/figcaption><\/figure>\n\n\n\n<p>En la pel\u00edcula de Rodrigo Sorogoyen participo interpretando a Xos\u00e9, un verdadero placer trabajar con el director, el equipo en general, pero sin duda, una maravilla compartir rodaje con Luis Zahera, Diego Anido, Machi Salgado, Denis Menochet o Marina Fois entre otros actores y actrices.<\/p>\n\n\n\n<p>sin m\u00e1s, un placer compartir las im\u00e1genes de mi paso por el estreno de \u00abAs Bestas\u00bb en Madrid. Nos vemos en las salas de cine,<\/p>\n","protected":false},"excerpt":{"rendered":"<p>Javier Varela interpreta a Xos\u00e9 en la pel\u00edcula \u00abAs Bestas\u00bb dirigida por Rodrigo Sorogoyen, se estrena el 11 de noviembre. <\/p>\n","protected":false},"author":1,"featured_media":1887,"comment_status":"closed","ping_status":"open","sticky":false,"template":"","format":"standard","meta":{"_monsterinsights_skip_tracking":false,"_monsterinsights_sitenote_active":false,"_monsterinsights_sitenote_note":"","_monsterinsights_sitenote_category":0,"footnotes":""},"categories":[21],"tags":[110],"yoast_head":"<!-- This site is optimized with the Yoast SEO plugin v22.7 - https:\/\/yoast.com\/wordpress\/plugins\/seo\/ -->\n<title>Estreno &quot;As Bestas&quot; - Javier Varela<\/title>\n<meta name=\"description\" content=\"Javier Varela interpreta a Xos\u00e9 en la pel\u00edcula &quot;As Bestas&quot; dirigida por Rodrigo Sorogoyen, se estrena el 11 de noviembre.\" \/>\n<meta name=\"robots\" content=\"index, follow, max-snippet:-1, max-image-preview:large, max-video-preview:-1\" \/>\n<link rel=\"canonical\" href=\"https:\/\/javiervarelactor.com\/?p=1886\" \/>\n<meta property=\"og:locale\" content=\"es_ES\" \/>\n<meta property=\"og:type\" content=\"article\" \/>\n<meta property=\"og:title\" content=\"Estreno &quot;As Bestas&quot; - Javier Varela\" \/>\n<meta property=\"og:description\" content=\"Javier Varela interpreta a Xos\u00e9 en la pel\u00edcula &quot;As Bestas&quot; dirigida por Rodrigo Sorogoyen, se estrena el 11 de noviembre.\" \/>\n<meta property=\"og:url\" content=\"https:\/\/javiervarelactor.com\/?p=1886\" \/>\n<meta property=\"og:site_name\" content=\"Javier Varela\" \/>\n<meta property=\"article:publisher\" content=\"https:\/\/www.facebook.com\/pages\/Javier-Varela\/145894855509796?sk=info&amp;amp%3bamp%3bamp%3bamp%3btab=page_info\" \/>\n<meta property=\"article:published_time\" content=\"2022-11-10T19:47:03+00:00\" \/>\n<meta property=\"article:modified_time\" content=\"2022-11-10T19:53:12+00:00\" \/>\n<meta property=\"og:image\" content=\"http:\/\/javiervarelactor.com\/wp-content\/uploads\/2022\/11\/as-bestas-xose.jpg\" \/>\n\t<meta property=\"og:image:width\" content=\"1280\" \/>\n\t<meta property=\"og:image:height\" content=\"853\" \/>\n\t<meta property=\"og:image:type\" content=\"image\/jpeg\" \/>\n<meta name=\"author\" content=\"Javier Varela\" \/>\n<meta name=\"twitter:label1\" content=\"Escrito por\" \/>\n\t<meta name=\"twitter:data1\" content=\"Javier Varela\" \/>\n\t<meta name=\"twitter:label2\" content=\"Tiempo de lectura\" \/>\n\t<meta name=\"twitter:data2\" content=\"1 minuto\" \/>\n<script type=\"application\/ld+json\" class=\"yoast-schema-graph\">{\"@context\":\"https:\/\/schema.org\",\"@graph\":[{\"@type\":\"WebPage\",\"@id\":\"https:\/\/javiervarelactor.com\/?p=1886\",\"url\":\"https:\/\/javiervarelactor.com\/?p=1886\",\"name\":\"Estreno \\\"As Bestas\\\" - Javier Varela\",\"isPartOf\":{\"@id\":\"https:\/\/javiervarelactor.com\/#website\"},\"primaryImageOfPage\":{\"@id\":\"https:\/\/javiervarelactor.com\/?p=1886#primaryimage\"},\"image\":{\"@id\":\"https:\/\/javiervarelactor.com\/?p=1886#primaryimage\"},\"thumbnailUrl\":\"https:\/\/javiervarelactor.com\/wp-content\/uploads\/2022\/11\/as-bestas-xose.jpg\",\"datePublished\":\"2022-11-10T19:47:03+00:00\",\"dateModified\":\"2022-11-10T19:53:12+00:00\",\"author\":{\"@id\":\"https:\/\/javiervarelactor.com\/#\/schema\/person\/e3104f2f3cca87d9a07b40f5281c02ba\"},\"description\":\"Javier Varela interpreta a Xos\u00e9 en la pel\u00edcula \\\"As Bestas\\\" dirigida por Rodrigo Sorogoyen, se estrena el 11 de noviembre.\",\"breadcrumb\":{\"@id\":\"https:\/\/javiervarelactor.com\/?p=1886#breadcrumb\"},\"inLanguage\":\"es\",\"potentialAction\":[{\"@type\":\"ReadAction\",\"target\":[\"https:\/\/javiervarelactor.com\/?p=1886\"]}]},{\"@type\":\"ImageObject\",\"inLanguage\":\"es\",\"@id\":\"https:\/\/javiervarelactor.com\/?p=1886#primaryimage\",\"url\":\"https:\/\/javiervarelactor.com\/wp-content\/uploads\/2022\/11\/as-bestas-xose.jpg\",\"contentUrl\":\"https:\/\/javiervarelactor.com\/wp-content\/uploads\/2022\/11\/as-bestas-xose.jpg\",\"width\":1280,\"height\":853},{\"@type\":\"BreadcrumbList\",\"@id\":\"https:\/\/javiervarelactor.com\/?p=1886#breadcrumb\",\"itemListElement\":[{\"@type\":\"ListItem\",\"position\":1,\"name\":\"Inicio\",\"item\":\"https:\/\/javiervarelactor.com\/\"},{\"@type\":\"ListItem\",\"position\":2,\"name\":\"Estreno \u00abAs Bestas\u00bb\"}]},{\"@type\":\"WebSite\",\"@id\":\"https:\/\/javiervarelactor.com\/#website\",\"url\":\"https:\/\/javiervarelactor.com\/\",\"name\":\"Javier Varela\",\"description\":\"Actor y Presentador\",\"potentialAction\":[{\"@type\":\"SearchAction\",\"target\":{\"@type\":\"EntryPoint\",\"urlTemplate\":\"https:\/\/javiervarelactor.com\/?s={search_term_string}\"},\"query-input\":\"required name=search_term_string\"}],\"inLanguage\":\"es\"},{\"@type\":\"Person\",\"@id\":\"https:\/\/javiervarelactor.com\/#\/schema\/person\/e3104f2f3cca87d9a07b40f5281c02ba\",\"name\":\"Javier Varela\",\"image\":{\"@type\":\"ImageObject\",\"inLanguage\":\"es\",\"@id\":\"https:\/\/javiervarelactor.com\/#\/schema\/person\/image\/\",\"url\":\"https:\/\/secure.gravatar.com\/avatar\/858edfdbe98ed682c9723085564a87b3?s=96&d=mm&r=g\",\"contentUrl\":\"https:\/\/secure.gravatar.com\/avatar\/858edfdbe98ed682c9723085564a87b3?s=96&d=mm&r=g\",\"caption\":\"Javier Varela\"},\"sameAs\":[\"http:\/\/www.javiervarelactor.com\"],\"url\":\"https:\/\/javiervarelactor.com\/?author=1\"}]}<\/script>\n<!-- \/ Yoast SEO plugin. -->","yoast_head_json":{"title":"Estreno \"As Bestas\" - Javier Varela","description":"Javier Varela interpreta a Xos\u00e9 en la pel\u00edcula \"As Bestas\" dirigida por Rodrigo Sorogoyen, se estrena el 11 de noviembre.","robots":{"index":"index","follow":"follow","max-snippet":"max-snippet:-1","max-image-preview":"max-image-preview:large","max-video-preview":"max-video-preview:-1"},"canonical":"https:\/\/javiervarelactor.com\/?p=1886","og_locale":"es_ES","og_type":"article","og_title":"Estreno \"As Bestas\" - Javier Varela","og_description":"Javier Varela interpreta a Xos\u00e9 en la pel\u00edcula \"As Bestas\" dirigida por Rodrigo Sorogoyen, se estrena el 11 de noviembre.","og_url":"https:\/\/javiervarelactor.com\/?p=1886","og_site_name":"Javier Varela","article_publisher":"https:\/\/www.facebook.com\/pages\/Javier-Varela\/145894855509796?sk=info&amp%3bamp%3bamp%3bamp%3btab=page_info","article_published_time":"2022-11-10T19:47:03+00:00","article_modified_time":"2022-11-10T19:53:12+00:00","og_image":[{"width":1280,"height":853,"url":"http:\/\/javiervarelactor.com\/wp-content\/uploads\/2022\/11\/as-bestas-xose.jpg","type":"image\/jpeg"}],"author":"Javier Varela","twitter_misc":{"Escrito por":"Javier Varela","Tiempo de lectura":"1 minuto"},"schema":{"@context":"https:\/\/schema.org","@graph":[{"@type":"WebPage","@id":"https:\/\/javiervarelactor.com\/?p=1886","url":"https:\/\/javiervarelactor.com\/?p=1886","name":"Estreno \"As Bestas\" - Javier Varela","isPartOf":{"@id":"https:\/\/javiervarelactor.com\/#website"},"primaryImageOfPage":{"@id":"https:\/\/javiervarelactor.com\/?p=1886#primaryimage"},"image":{"@id":"https:\/\/javiervarelactor.com\/?p=1886#primaryimage"},"thumbnailUrl":"https:\/\/javiervarelactor.com\/wp-content\/uploads\/2022\/11\/as-bestas-xose.jpg","datePublished":"2022-11-10T19:47:03+00:00","dateModified":"2022-11-10T19:53:12+00:00","author":{"@id":"https:\/\/javiervarelactor.com\/#\/schema\/person\/e3104f2f3cca87d9a07b40f5281c02ba"},"description":"Javier Varela interpreta a Xos\u00e9 en la pel\u00edcula \"As Bestas\" dirigida por Rodrigo Sorogoyen, se estrena el 11 de noviembre.","breadcrumb":{"@id":"https:\/\/javiervarelactor.com\/?p=1886#breadcrumb"},"inLanguage":"es","potentialAction":[{"@type":"ReadAction","target":["https:\/\/javiervarelactor.com\/?p=1886"]}]},{"@type":"ImageObject","inLanguage":"es","@id":"https:\/\/javiervarelactor.com\/?p=1886#primaryimage","url":"https:\/\/javiervarelactor.com\/wp-content\/uploads\/2022\/11\/as-bestas-xose.jpg","contentUrl":"https:\/\/javiervarelactor.com\/wp-content\/uploads\/2022\/11\/as-bestas-xose.jpg","width":1280,"height":853},{"@type":"BreadcrumbList","@id":"https:\/\/javiervarelactor.com\/?p=1886#breadcrumb","itemListElement":[{"@type":"ListItem","position":1,"name":"Inicio","item":"https:\/\/javiervarelactor.com\/"},{"@type":"ListItem","position":2,"name":"Estreno \u00abAs Bestas\u00bb"}]},{"@type":"WebSite","@id":"https:\/\/javiervarelactor.com\/#website","url":"https:\/\/javiervarelactor.com\/","name":"Javier Varela","description":"Actor y Presentador","potentialAction":[{"@type":"SearchAction","target":{"@type":"EntryPoint","urlTemplate":"https:\/\/javiervarelactor.com\/?s={search_term_string}"},"query-input":"required name=search_term_string"}],"inLanguage":"es"},{"@type":"Person","@id":"https:\/\/javiervarelactor.com\/#\/schema\/person\/e3104f2f3cca87d9a07b40f5281c02ba","name":"Javier Varela","image":{"@type":"ImageObject","inLanguage":"es","@id":"https:\/\/javiervarelactor.com\/#\/schema\/person\/image\/","url":"https:\/\/secure.gravatar.com\/avatar\/858edfdbe98ed682c9723085564a87b3?s=96&d=mm&r=g","contentUrl":"https:\/\/secure.gravatar.com\/avatar\/858edfdbe98ed682c9723085564a87b3?s=96&d=mm&r=g","caption":"Javier Varela"},"sameAs":["http:\/\/www.javiervarelactor.com"],"url":"https:\/\/javiervarelactor.com\/?author=1"}]}},"_links":{"self":[{"href":"https:\/\/javiervarelactor.com\/index.php?rest_route=\/wp\/v2\/posts\/1886"}],"collection":[{"href":"https:\/\/javiervarelactor.com\/index.php?rest_route=\/wp\/v2\/posts"}],"about":[{"href":"https:\/\/javiervarelactor.com\/index.php?rest_route=\/wp\/v2\/types\/post"}],"author":[{"embeddable":true,"href":"https:\/\/javiervarelactor.com\/index.php?rest_route=\/wp\/v2\/users\/1"}],"replies":[{"embeddable":true,"href":"https:\/\/javiervarelactor.com\/index.php?rest_route=%2Fwp%2Fv2%2Fcomments&post=1886"}],"version-history":[{"count":4,"href":"https:\/\/javiervarelactor.com\/index.php?rest_route=\/wp\/v2\/posts\/1886\/revisions"}],"predecessor-version":[{"id":1899,"href":"https:\/\/javiervarelactor.com\/index.php?rest_route=\/wp\/v2\/posts\/1886\/revisions\/1899"}],"wp:featuredmedia":[{"embeddable":true,"href":"https:\/\/javiervarelactor.com\/index.php?rest_route=\/wp\/v2\/media\/1887"}],"wp:attachment":[{"href":"https:\/\/javiervarelactor.com\/index.php?rest_route=%2Fwp%2Fv2%2Fmedia&parent=1886"}],"wp:term":[{"taxonomy":"category","embeddable":true,"href":"https:\/\/javiervarelactor.com\/index.php?rest_route=%2Fwp%2Fv2%2Fcategories&post=1886"},{"taxonomy":"post_tag","embeddable":true,"href":"https:\/\/javiervarelactor.com\/index.php?rest_route=%2Fwp%2Fv2%2Ftags&post=1886"}],"curies":[{"name":"wp","href":"https:\/\/api.w.org\/{rel}","templated":true}]}}