{"id":1851,"date":"2022-11-03T10:55:00","date_gmt":"2022-11-03T10:55:00","guid":{"rendered":"http:\/\/javiervarelactor.com\/?p=1851"},"modified":"2022-10-30T11:08:01","modified_gmt":"2022-10-30T11:08:01","slug":"trailer-as-bestas-con-javier-varela","status":"publish","type":"post","link":"https:\/\/javiervarelactor.com\/?p=1851","title":{"rendered":"Tr\u00e1iler \u00abAs Bestas\u00bb con Javier Varela"},"content":{"rendered":"\n<p>Muy pronto, el 11 de noviembre se estrena \u00abAs Bestas\u00bb en cones, la \u00faltima pel\u00edcula de Rodrigo Sorogoyen que ya ha tenido \u00e9xito en festivales de prestigio cono Sitges, San Sebasti\u00e1n o Seminci de Valladolid. Este este fragmento del tr\u00e1ilerde \u00ab<strong>As Bestas<\/strong>\u00bb con Javier Varela en el personaje de Xos\u00e9. <\/p>\n\n\n\n<figure class=\"wp-block-embed-youtube wp-block-embed is-type-rich is-provider-gestor-del-servicio wp-embed-aspect-16-9 wp-has-aspect-ratio\"><div class=\"wp-block-embed__wrapper\">\n<iframe loading=\"lazy\" title=\"Javier Varela en &quot;As Bestas&quot; tr\u00e1iler\" width=\"832\" height=\"468\" src=\"https:\/\/www.youtube.com\/embed\/E_a8qvLt7ig?feature=oembed\" frameborder=\"0\" allow=\"accelerometer; autoplay; clipboard-write; encrypted-media; gyroscope; picture-in-picture\" allowfullscreen><\/iframe>\n<\/div><figcaption>Tr\u00e1iler de la pel\u00edcula \u00abAs Bestas\u00bb de Rodrigo Sorogoyen con Javier Varela en el personaje de Xos\u00e9. <\/figcaption><\/figure>\n\n\n\n<p>Todo preparado para que ir al cine sea una experiencia que merezca la pena. La pel\u00edcula, considerada por algunos, como una obra maestra de Sorogoyen, se estrena en cines el 11 de Noviembre. Es una ocasi\u00f3n excelente para tomar asiento y disfrutar de una producci\u00f3n a lo grande, paisajes, historia, personajes, merecen ser vistos en pantalla grande.<\/p>\n\n\n\n<p>Prepara el plan, desde el 11 de noviembre, \u00abAs Bestas\u00bb de Rodrigo Sorogoyen en cines, con Javier Varela en el personaje de Xos\u00e9.<\/p>\n","protected":false},"excerpt":{"rendered":"<p>Javier Varela en tr\u00e1iler de \u00abAs Bestas\u00bb de Rodrigo Sorogoyen<\/p>\n","protected":false},"author":1,"featured_media":1854,"comment_status":"closed","ping_status":"open","sticky":false,"template":"","format":"standard","meta":{"_monsterinsights_skip_tracking":false,"_monsterinsights_sitenote_active":false,"_monsterinsights_sitenote_note":"","_monsterinsights_sitenote_category":0,"footnotes":""},"categories":[21],"tags":[110],"yoast_head":"<!-- This site is optimized with the Yoast SEO plugin v22.7 - https:\/\/yoast.com\/wordpress\/plugins\/seo\/ -->\n<title>Tr\u00e1iler &quot;As Bestas&quot; con Javier Varela - Javier Varela<\/title>\n<meta name=\"description\" content=\"Tr\u00e1iler de la pel\u00edcula &quot;As Bestas&quot; de Rodrigo Sorogoyen con Javier Varela en el personaje de Xos\u00e9. Estreno en cines 11\/11\" \/>\n<meta name=\"robots\" content=\"index, follow, max-snippet:-1, max-image-preview:large, max-video-preview:-1\" \/>\n<link rel=\"canonical\" href=\"https:\/\/javiervarelactor.com\/?p=1851\" \/>\n<meta property=\"og:locale\" content=\"es_ES\" \/>\n<meta property=\"og:type\" content=\"article\" \/>\n<meta property=\"og:title\" content=\"Tr\u00e1iler &quot;As Bestas&quot; con Javier Varela - Javier Varela\" \/>\n<meta property=\"og:description\" content=\"Tr\u00e1iler de la pel\u00edcula &quot;As Bestas&quot; de Rodrigo Sorogoyen con Javier Varela en el personaje de Xos\u00e9. Estreno en cines 11\/11\" \/>\n<meta property=\"og:url\" content=\"https:\/\/javiervarelactor.com\/?p=1851\" \/>\n<meta property=\"og:site_name\" content=\"Javier Varela\" \/>\n<meta property=\"article:publisher\" content=\"https:\/\/www.facebook.com\/pages\/Javier-Varela\/145894855509796?sk=info&amp;amp%3bamp%3bamp%3bamp%3btab=page_info\" \/>\n<meta property=\"article:published_time\" content=\"2022-11-03T10:55:00+00:00\" \/>\n<meta property=\"article:modified_time\" content=\"2022-10-30T11:08:01+00:00\" \/>\n<meta property=\"og:image\" content=\"http:\/\/javiervarelactor.com\/wp-content\/uploads\/2022\/10\/trailer-asbestas.jpg\" \/>\n\t<meta property=\"og:image:width\" content=\"537\" \/>\n\t<meta property=\"og:image:height\" content=\"243\" \/>\n\t<meta property=\"og:image:type\" content=\"image\/jpeg\" \/>\n<meta name=\"author\" content=\"Javier Varela\" \/>\n<meta name=\"twitter:label1\" content=\"Escrito por\" \/>\n\t<meta name=\"twitter:data1\" content=\"Javier Varela\" \/>\n\t<meta name=\"twitter:label2\" content=\"Tiempo de lectura\" \/>\n\t<meta name=\"twitter:data2\" content=\"1 minuto\" \/>\n<script type=\"application\/ld+json\" class=\"yoast-schema-graph\">{\"@context\":\"https:\/\/schema.org\",\"@graph\":[{\"@type\":\"WebPage\",\"@id\":\"https:\/\/javiervarelactor.com\/?p=1851\",\"url\":\"https:\/\/javiervarelactor.com\/?p=1851\",\"name\":\"Tr\u00e1iler \\\"As Bestas\\\" con Javier Varela - Javier Varela\",\"isPartOf\":{\"@id\":\"https:\/\/javiervarelactor.com\/#website\"},\"primaryImageOfPage\":{\"@id\":\"https:\/\/javiervarelactor.com\/?p=1851#primaryimage\"},\"image\":{\"@id\":\"https:\/\/javiervarelactor.com\/?p=1851#primaryimage\"},\"thumbnailUrl\":\"https:\/\/javiervarelactor.com\/wp-content\/uploads\/2022\/10\/trailer-asbestas.jpg\",\"datePublished\":\"2022-11-03T10:55:00+00:00\",\"dateModified\":\"2022-10-30T11:08:01+00:00\",\"author\":{\"@id\":\"https:\/\/javiervarelactor.com\/#\/schema\/person\/e3104f2f3cca87d9a07b40f5281c02ba\"},\"description\":\"Tr\u00e1iler de la pel\u00edcula \\\"As Bestas\\\" de Rodrigo Sorogoyen con Javier Varela en el personaje de Xos\u00e9. Estreno en cines 11\/11\",\"breadcrumb\":{\"@id\":\"https:\/\/javiervarelactor.com\/?p=1851#breadcrumb\"},\"inLanguage\":\"es\",\"potentialAction\":[{\"@type\":\"ReadAction\",\"target\":[\"https:\/\/javiervarelactor.com\/?p=1851\"]}]},{\"@type\":\"ImageObject\",\"inLanguage\":\"es\",\"@id\":\"https:\/\/javiervarelactor.com\/?p=1851#primaryimage\",\"url\":\"https:\/\/javiervarelactor.com\/wp-content\/uploads\/2022\/10\/trailer-asbestas.jpg\",\"contentUrl\":\"https:\/\/javiervarelactor.com\/wp-content\/uploads\/2022\/10\/trailer-asbestas.jpg\",\"width\":537,\"height\":243,\"caption\":\"Javier Varela en tr\u00e1iler de AS Bestas de Rodrigo Sorogoyen\"},{\"@type\":\"BreadcrumbList\",\"@id\":\"https:\/\/javiervarelactor.com\/?p=1851#breadcrumb\",\"itemListElement\":[{\"@type\":\"ListItem\",\"position\":1,\"name\":\"Inicio\",\"item\":\"https:\/\/javiervarelactor.com\/\"},{\"@type\":\"ListItem\",\"position\":2,\"name\":\"Tr\u00e1iler \u00abAs Bestas\u00bb con Javier Varela\"}]},{\"@type\":\"WebSite\",\"@id\":\"https:\/\/javiervarelactor.com\/#website\",\"url\":\"https:\/\/javiervarelactor.com\/\",\"name\":\"Javier Varela\",\"description\":\"Actor y Presentador\",\"potentialAction\":[{\"@type\":\"SearchAction\",\"target\":{\"@type\":\"EntryPoint\",\"urlTemplate\":\"https:\/\/javiervarelactor.com\/?s={search_term_string}\"},\"query-input\":\"required name=search_term_string\"}],\"inLanguage\":\"es\"},{\"@type\":\"Person\",\"@id\":\"https:\/\/javiervarelactor.com\/#\/schema\/person\/e3104f2f3cca87d9a07b40f5281c02ba\",\"name\":\"Javier Varela\",\"image\":{\"@type\":\"ImageObject\",\"inLanguage\":\"es\",\"@id\":\"https:\/\/javiervarelactor.com\/#\/schema\/person\/image\/\",\"url\":\"https:\/\/secure.gravatar.com\/avatar\/858edfdbe98ed682c9723085564a87b3?s=96&d=mm&r=g\",\"contentUrl\":\"https:\/\/secure.gravatar.com\/avatar\/858edfdbe98ed682c9723085564a87b3?s=96&d=mm&r=g\",\"caption\":\"Javier Varela\"},\"sameAs\":[\"http:\/\/www.javiervarelactor.com\"],\"url\":\"https:\/\/javiervarelactor.com\/?author=1\"}]}<\/script>\n<!-- \/ Yoast SEO plugin. -->","yoast_head_json":{"title":"Tr\u00e1iler \"As Bestas\" con Javier Varela - Javier Varela","description":"Tr\u00e1iler de la pel\u00edcula \"As Bestas\" de Rodrigo Sorogoyen con Javier Varela en el personaje de Xos\u00e9. Estreno en cines 11\/11","robots":{"index":"index","follow":"follow","max-snippet":"max-snippet:-1","max-image-preview":"max-image-preview:large","max-video-preview":"max-video-preview:-1"},"canonical":"https:\/\/javiervarelactor.com\/?p=1851","og_locale":"es_ES","og_type":"article","og_title":"Tr\u00e1iler \"As Bestas\" con Javier Varela - Javier Varela","og_description":"Tr\u00e1iler de la pel\u00edcula \"As Bestas\" de Rodrigo Sorogoyen con Javier Varela en el personaje de Xos\u00e9. Estreno en cines 11\/11","og_url":"https:\/\/javiervarelactor.com\/?p=1851","og_site_name":"Javier Varela","article_publisher":"https:\/\/www.facebook.com\/pages\/Javier-Varela\/145894855509796?sk=info&amp%3bamp%3bamp%3bamp%3btab=page_info","article_published_time":"2022-11-03T10:55:00+00:00","article_modified_time":"2022-10-30T11:08:01+00:00","og_image":[{"width":537,"height":243,"url":"http:\/\/javiervarelactor.com\/wp-content\/uploads\/2022\/10\/trailer-asbestas.jpg","type":"image\/jpeg"}],"author":"Javier Varela","twitter_misc":{"Escrito por":"Javier Varela","Tiempo de lectura":"1 minuto"},"schema":{"@context":"https:\/\/schema.org","@graph":[{"@type":"WebPage","@id":"https:\/\/javiervarelactor.com\/?p=1851","url":"https:\/\/javiervarelactor.com\/?p=1851","name":"Tr\u00e1iler \"As Bestas\" con Javier Varela - Javier Varela","isPartOf":{"@id":"https:\/\/javiervarelactor.com\/#website"},"primaryImageOfPage":{"@id":"https:\/\/javiervarelactor.com\/?p=1851#primaryimage"},"image":{"@id":"https:\/\/javiervarelactor.com\/?p=1851#primaryimage"},"thumbnailUrl":"https:\/\/javiervarelactor.com\/wp-content\/uploads\/2022\/10\/trailer-asbestas.jpg","datePublished":"2022-11-03T10:55:00+00:00","dateModified":"2022-10-30T11:08:01+00:00","author":{"@id":"https:\/\/javiervarelactor.com\/#\/schema\/person\/e3104f2f3cca87d9a07b40f5281c02ba"},"description":"Tr\u00e1iler de la pel\u00edcula \"As Bestas\" de Rodrigo Sorogoyen con Javier Varela en el personaje de Xos\u00e9. Estreno en cines 11\/11","breadcrumb":{"@id":"https:\/\/javiervarelactor.com\/?p=1851#breadcrumb"},"inLanguage":"es","potentialAction":[{"@type":"ReadAction","target":["https:\/\/javiervarelactor.com\/?p=1851"]}]},{"@type":"ImageObject","inLanguage":"es","@id":"https:\/\/javiervarelactor.com\/?p=1851#primaryimage","url":"https:\/\/javiervarelactor.com\/wp-content\/uploads\/2022\/10\/trailer-asbestas.jpg","contentUrl":"https:\/\/javiervarelactor.com\/wp-content\/uploads\/2022\/10\/trailer-asbestas.jpg","width":537,"height":243,"caption":"Javier Varela en tr\u00e1iler de AS Bestas de Rodrigo Sorogoyen"},{"@type":"BreadcrumbList","@id":"https:\/\/javiervarelactor.com\/?p=1851#breadcrumb","itemListElement":[{"@type":"ListItem","position":1,"name":"Inicio","item":"https:\/\/javiervarelactor.com\/"},{"@type":"ListItem","position":2,"name":"Tr\u00e1iler \u00abAs Bestas\u00bb con Javier Varela"}]},{"@type":"WebSite","@id":"https:\/\/javiervarelactor.com\/#website","url":"https:\/\/javiervarelactor.com\/","name":"Javier Varela","description":"Actor y Presentador","potentialAction":[{"@type":"SearchAction","target":{"@type":"EntryPoint","urlTemplate":"https:\/\/javiervarelactor.com\/?s={search_term_string}"},"query-input":"required name=search_term_string"}],"inLanguage":"es"},{"@type":"Person","@id":"https:\/\/javiervarelactor.com\/#\/schema\/person\/e3104f2f3cca87d9a07b40f5281c02ba","name":"Javier Varela","image":{"@type":"ImageObject","inLanguage":"es","@id":"https:\/\/javiervarelactor.com\/#\/schema\/person\/image\/","url":"https:\/\/secure.gravatar.com\/avatar\/858edfdbe98ed682c9723085564a87b3?s=96&d=mm&r=g","contentUrl":"https:\/\/secure.gravatar.com\/avatar\/858edfdbe98ed682c9723085564a87b3?s=96&d=mm&r=g","caption":"Javier Varela"},"sameAs":["http:\/\/www.javiervarelactor.com"],"url":"https:\/\/javiervarelactor.com\/?author=1"}]}},"_links":{"self":[{"href":"https:\/\/javiervarelactor.com\/index.php?rest_route=\/wp\/v2\/posts\/1851"}],"collection":[{"href":"https:\/\/javiervarelactor.com\/index.php?rest_route=\/wp\/v2\/posts"}],"about":[{"href":"https:\/\/javiervarelactor.com\/index.php?rest_route=\/wp\/v2\/types\/post"}],"author":[{"embeddable":true,"href":"https:\/\/javiervarelactor.com\/index.php?rest_route=\/wp\/v2\/users\/1"}],"replies":[{"embeddable":true,"href":"https:\/\/javiervarelactor.com\/index.php?rest_route=%2Fwp%2Fv2%2Fcomments&post=1851"}],"version-history":[{"count":2,"href":"https:\/\/javiervarelactor.com\/index.php?rest_route=\/wp\/v2\/posts\/1851\/revisions"}],"predecessor-version":[{"id":1855,"href":"https:\/\/javiervarelactor.com\/index.php?rest_route=\/wp\/v2\/posts\/1851\/revisions\/1855"}],"wp:featuredmedia":[{"embeddable":true,"href":"https:\/\/javiervarelactor.com\/index.php?rest_route=\/wp\/v2\/media\/1854"}],"wp:attachment":[{"href":"https:\/\/javiervarelactor.com\/index.php?rest_route=%2Fwp%2Fv2%2Fmedia&parent=1851"}],"wp:term":[{"taxonomy":"category","embeddable":true,"href":"https:\/\/javiervarelactor.com\/index.php?rest_route=%2Fwp%2Fv2%2Fcategories&post=1851"},{"taxonomy":"post_tag","embeddable":true,"href":"https:\/\/javiervarelactor.com\/index.php?rest_route=%2Fwp%2Fv2%2Ftags&post=1851"}],"curies":[{"name":"wp","href":"https:\/\/api.w.org\/{rel}","templated":true}]}}