{"id":1842,"date":"2022-10-30T10:29:57","date_gmt":"2022-10-30T10:29:57","guid":{"rendered":"http:\/\/javiervarelactor.com\/?p=1842"},"modified":"2022-10-30T10:30:00","modified_gmt":"2022-10-30T10:30:00","slug":"javier-varela-memento-mori","status":"publish","type":"post","link":"https:\/\/javiervarelactor.com\/?p=1842","title":{"rendered":"\u00c1lvaro Peteira en \u00abMemento Mori\u00bb"},"content":{"rendered":"\n<p>En pleno rodaje de la nueva serie para AmazonPrime \u00ab<strong>MEMENTO MORI<\/strong>\u00ab, de Zebra Producciones sobre la intrigante novela de <em>C\u00e9sar P\u00e9rez Gellida<\/em>. Un lujazo formar parte de un elenco de profesionales con lo que desarrollar un personaje, <em>\u00c1lvaro Peteira<\/em>, que es todo un privilegio interpretar. Una producci\u00f3n de primer nivel con equipo t\u00e9cnico involucrado, una ciudad volcada, unos guiones interesantes y una direcci\u00f3n clara y din\u00e1mica. Rodeado de un elenco de actores y actrices con los que es f\u00e1cil, divertido y muy enroquecedor trabajar.<\/p>\n\n\n\n<p>Mi personaje de <em>\u00c1lvaro Peteira<\/em> en \u00ab<strong>Memento Mori<\/strong>\u00bb est\u00e1 rodeado de compa\u00f1eros como <em>Fernando Soto<\/em> como \u00abMatesanz\u00bb, <em>Jon Gonz\u00e1lez<\/em> es \u00abAugusto\u00bb, <em>Carlota Bar\u00f3<\/em> es \u00abCarmen\u00bb, <em>Juan Echanove<\/em> \u00abCarapocha\u00bb, <em>Francisco Ortiz<\/em> en el papel de \u00abSancho\u00bb y <em>Juan Fern\u00e1ndez <\/em>es \u00abMej\u00eda\u00bb entre otros.<\/p>\n\n\n\n<div class=\"wp-block-image\"><figure class=\"aligncenter size-medium\"><img loading=\"lazy\" decoding=\"async\" width=\"300\" height=\"225\" src=\"https:\/\/javiervarelactor.com\/wp-content\/uploads\/2022\/10\/rueda-prensa-javier-varela-memento-mori-1-edited-300x225.jpg\" alt=\"Parte del elenco de actores de &quot;Memento Mori&quot; Rueda de prensa en Valladolid. Javier Varela es &quot;\u00c1lvaro Peteira&quot;\" class=\"wp-image-1845\" srcset=\"https:\/\/javiervarelactor.com\/wp-content\/uploads\/2022\/10\/rueda-prensa-javier-varela-memento-mori-1-edited-300x225.jpg 300w, https:\/\/javiervarelactor.com\/wp-content\/uploads\/2022\/10\/rueda-prensa-javier-varela-memento-mori-1-edited-1024x768.jpg 1024w, https:\/\/javiervarelactor.com\/wp-content\/uploads\/2022\/10\/rueda-prensa-javier-varela-memento-mori-1-edited-768x576.jpg 768w, https:\/\/javiervarelactor.com\/wp-content\/uploads\/2022\/10\/rueda-prensa-javier-varela-memento-mori-1-edited.jpg 1349w\" sizes=\"(max-width: 300px) 100vw, 300px\" \/><figcaption>Parte del elenco de actores de \u00abMemento Mori\u00bb Rueda de prensa en Valladolid. Javier Varela es \u00ab\u00c1lvaro Peteira\u00bb<\/figcaption><\/figure><\/div>\n\n\n\n<p>Javier Varela es \u00c1lvaro Peteira en \u00abMemento Mori\u00bb, serie basada en la novela de C\u00e9sar P.Gellida, rodada en Valladolid para Amazon Prime.<em> <\/em>Aun quedan d\u00edas de rodaje que llevar\u00e1n \u00c1lvaro Peteira a Madrid o Canarias, sin dejar los espacios que se han dedicado a la producci\u00f3n en Valladolid. La Plaza de la Universidad, el r\u00edo Pisuerga o las calles del centro de la ciudad entregadas a la producci\u00f3n.<\/p>\n\n\n\n<p>Un placer formar parte de \u00abMemento Mori\u00bb y con muchas ganas de que podamos ir viendo el resultado, porque con este guion, esta historia, la direcci\u00f3n y el equipo humano va a resultar una serie que nos va enganchar. \u00abMemento Mori\u00bb para AmazonPrime con Javier Varela como \u00c1lvaro Peteira. Mientras llega&#8230;puedes leerte el libro \ud83d\ude09 <\/p>\n","protected":false},"excerpt":{"rendered":"<p>Javier Varela es \u00c1lvaro Peteira en \u00abMemento Mori\u00bb, serie basada en la novela de C\u00e9sar P.Gellida, rodada en Valladolid para Amazon Prime. <\/p>\n","protected":false},"author":1,"featured_media":1846,"comment_status":"closed","ping_status":"open","sticky":false,"template":"","format":"standard","meta":{"_monsterinsights_skip_tracking":false,"_monsterinsights_sitenote_active":false,"_monsterinsights_sitenote_note":"","_monsterinsights_sitenote_category":0,"footnotes":""},"categories":[21],"tags":[],"yoast_head":"<!-- This site is optimized with the Yoast SEO plugin v22.7 - https:\/\/yoast.com\/wordpress\/plugins\/seo\/ -->\n<title>\u00c1lvaro Peteira en &quot;Memento Mori&quot; - Javier Varela<\/title>\n<meta name=\"description\" content=\"Javier Varela es \u00c1lvaro Peteira en &quot;Memento Mori&quot;, serie basada en la novela de C\u00e9sar P.Gellida, rodada en Valladolid para Amazon Prime.\" \/>\n<meta name=\"robots\" content=\"index, follow, max-snippet:-1, max-image-preview:large, max-video-preview:-1\" \/>\n<link rel=\"canonical\" href=\"https:\/\/javiervarelactor.com\/?p=1842\" \/>\n<meta property=\"og:locale\" content=\"es_ES\" \/>\n<meta property=\"og:type\" content=\"article\" \/>\n<meta property=\"og:title\" content=\"\u00c1lvaro Peteira en &quot;Memento Mori&quot; - Javier Varela\" \/>\n<meta property=\"og:description\" content=\"Javier Varela es \u00c1lvaro Peteira en &quot;Memento Mori&quot;, serie basada en la novela de C\u00e9sar P.Gellida, rodada en Valladolid para Amazon Prime.\" \/>\n<meta property=\"og:url\" content=\"https:\/\/javiervarelactor.com\/?p=1842\" \/>\n<meta property=\"og:site_name\" content=\"Javier Varela\" \/>\n<meta property=\"article:publisher\" content=\"https:\/\/www.facebook.com\/pages\/Javier-Varela\/145894855509796?sk=info&amp;amp%3bamp%3bamp%3bamp%3btab=page_info\" \/>\n<meta property=\"article:published_time\" content=\"2022-10-30T10:29:57+00:00\" \/>\n<meta property=\"article:modified_time\" content=\"2022-10-30T10:30:00+00:00\" \/>\n<meta property=\"og:image\" content=\"http:\/\/javiervarelactor.com\/wp-content\/uploads\/2022\/10\/rueda-prensa-Memento-Mori.jpg\" \/>\n\t<meta property=\"og:image:width\" content=\"1080\" \/>\n\t<meta property=\"og:image:height\" content=\"786\" \/>\n\t<meta property=\"og:image:type\" content=\"image\/jpeg\" \/>\n<meta name=\"author\" content=\"Javier Varela\" \/>\n<meta name=\"twitter:label1\" content=\"Escrito por\" \/>\n\t<meta name=\"twitter:data1\" content=\"Javier Varela\" \/>\n\t<meta name=\"twitter:label2\" content=\"Tiempo de lectura\" \/>\n\t<meta name=\"twitter:data2\" content=\"1 minuto\" \/>\n<script type=\"application\/ld+json\" class=\"yoast-schema-graph\">{\"@context\":\"https:\/\/schema.org\",\"@graph\":[{\"@type\":\"WebPage\",\"@id\":\"https:\/\/javiervarelactor.com\/?p=1842\",\"url\":\"https:\/\/javiervarelactor.com\/?p=1842\",\"name\":\"\u00c1lvaro Peteira en \\\"Memento Mori\\\" - Javier Varela\",\"isPartOf\":{\"@id\":\"https:\/\/javiervarelactor.com\/#website\"},\"primaryImageOfPage\":{\"@id\":\"https:\/\/javiervarelactor.com\/?p=1842#primaryimage\"},\"image\":{\"@id\":\"https:\/\/javiervarelactor.com\/?p=1842#primaryimage\"},\"thumbnailUrl\":\"https:\/\/javiervarelactor.com\/wp-content\/uploads\/2022\/10\/rueda-prensa-Memento-Mori.jpg\",\"datePublished\":\"2022-10-30T10:29:57+00:00\",\"dateModified\":\"2022-10-30T10:30:00+00:00\",\"author\":{\"@id\":\"https:\/\/javiervarelactor.com\/#\/schema\/person\/e3104f2f3cca87d9a07b40f5281c02ba\"},\"description\":\"Javier Varela es \u00c1lvaro Peteira en \\\"Memento Mori\\\", serie basada en la novela de C\u00e9sar P.Gellida, rodada en Valladolid para Amazon Prime.\",\"breadcrumb\":{\"@id\":\"https:\/\/javiervarelactor.com\/?p=1842#breadcrumb\"},\"inLanguage\":\"es\",\"potentialAction\":[{\"@type\":\"ReadAction\",\"target\":[\"https:\/\/javiervarelactor.com\/?p=1842\"]}]},{\"@type\":\"ImageObject\",\"inLanguage\":\"es\",\"@id\":\"https:\/\/javiervarelactor.com\/?p=1842#primaryimage\",\"url\":\"https:\/\/javiervarelactor.com\/wp-content\/uploads\/2022\/10\/rueda-prensa-Memento-Mori.jpg\",\"contentUrl\":\"https:\/\/javiervarelactor.com\/wp-content\/uploads\/2022\/10\/rueda-prensa-Memento-Mori.jpg\",\"width\":1080,\"height\":786,\"caption\":\"Javier Varela en Memento Mori con Fernando Soto\"},{\"@type\":\"BreadcrumbList\",\"@id\":\"https:\/\/javiervarelactor.com\/?p=1842#breadcrumb\",\"itemListElement\":[{\"@type\":\"ListItem\",\"position\":1,\"name\":\"Inicio\",\"item\":\"https:\/\/javiervarelactor.com\/\"},{\"@type\":\"ListItem\",\"position\":2,\"name\":\"\u00c1lvaro Peteira en \u00abMemento Mori\u00bb\"}]},{\"@type\":\"WebSite\",\"@id\":\"https:\/\/javiervarelactor.com\/#website\",\"url\":\"https:\/\/javiervarelactor.com\/\",\"name\":\"Javier Varela\",\"description\":\"Actor y Presentador\",\"potentialAction\":[{\"@type\":\"SearchAction\",\"target\":{\"@type\":\"EntryPoint\",\"urlTemplate\":\"https:\/\/javiervarelactor.com\/?s={search_term_string}\"},\"query-input\":\"required name=search_term_string\"}],\"inLanguage\":\"es\"},{\"@type\":\"Person\",\"@id\":\"https:\/\/javiervarelactor.com\/#\/schema\/person\/e3104f2f3cca87d9a07b40f5281c02ba\",\"name\":\"Javier Varela\",\"image\":{\"@type\":\"ImageObject\",\"inLanguage\":\"es\",\"@id\":\"https:\/\/javiervarelactor.com\/#\/schema\/person\/image\/\",\"url\":\"https:\/\/secure.gravatar.com\/avatar\/858edfdbe98ed682c9723085564a87b3?s=96&d=mm&r=g\",\"contentUrl\":\"https:\/\/secure.gravatar.com\/avatar\/858edfdbe98ed682c9723085564a87b3?s=96&d=mm&r=g\",\"caption\":\"Javier Varela\"},\"sameAs\":[\"http:\/\/www.javiervarelactor.com\"],\"url\":\"https:\/\/javiervarelactor.com\/?author=1\"}]}<\/script>\n<!-- \/ Yoast SEO plugin. -->","yoast_head_json":{"title":"\u00c1lvaro Peteira en \"Memento Mori\" - Javier Varela","description":"Javier Varela es \u00c1lvaro Peteira en \"Memento Mori\", serie basada en la novela de C\u00e9sar P.Gellida, rodada en Valladolid para Amazon Prime.","robots":{"index":"index","follow":"follow","max-snippet":"max-snippet:-1","max-image-preview":"max-image-preview:large","max-video-preview":"max-video-preview:-1"},"canonical":"https:\/\/javiervarelactor.com\/?p=1842","og_locale":"es_ES","og_type":"article","og_title":"\u00c1lvaro Peteira en \"Memento Mori\" - Javier Varela","og_description":"Javier Varela es \u00c1lvaro Peteira en \"Memento Mori\", serie basada en la novela de C\u00e9sar P.Gellida, rodada en Valladolid para Amazon Prime.","og_url":"https:\/\/javiervarelactor.com\/?p=1842","og_site_name":"Javier Varela","article_publisher":"https:\/\/www.facebook.com\/pages\/Javier-Varela\/145894855509796?sk=info&amp%3bamp%3bamp%3bamp%3btab=page_info","article_published_time":"2022-10-30T10:29:57+00:00","article_modified_time":"2022-10-30T10:30:00+00:00","og_image":[{"width":1080,"height":786,"url":"http:\/\/javiervarelactor.com\/wp-content\/uploads\/2022\/10\/rueda-prensa-Memento-Mori.jpg","type":"image\/jpeg"}],"author":"Javier Varela","twitter_misc":{"Escrito por":"Javier Varela","Tiempo de lectura":"1 minuto"},"schema":{"@context":"https:\/\/schema.org","@graph":[{"@type":"WebPage","@id":"https:\/\/javiervarelactor.com\/?p=1842","url":"https:\/\/javiervarelactor.com\/?p=1842","name":"\u00c1lvaro Peteira en \"Memento Mori\" - Javier Varela","isPartOf":{"@id":"https:\/\/javiervarelactor.com\/#website"},"primaryImageOfPage":{"@id":"https:\/\/javiervarelactor.com\/?p=1842#primaryimage"},"image":{"@id":"https:\/\/javiervarelactor.com\/?p=1842#primaryimage"},"thumbnailUrl":"https:\/\/javiervarelactor.com\/wp-content\/uploads\/2022\/10\/rueda-prensa-Memento-Mori.jpg","datePublished":"2022-10-30T10:29:57+00:00","dateModified":"2022-10-30T10:30:00+00:00","author":{"@id":"https:\/\/javiervarelactor.com\/#\/schema\/person\/e3104f2f3cca87d9a07b40f5281c02ba"},"description":"Javier Varela es \u00c1lvaro Peteira en \"Memento Mori\", serie basada en la novela de C\u00e9sar P.Gellida, rodada en Valladolid para Amazon Prime.","breadcrumb":{"@id":"https:\/\/javiervarelactor.com\/?p=1842#breadcrumb"},"inLanguage":"es","potentialAction":[{"@type":"ReadAction","target":["https:\/\/javiervarelactor.com\/?p=1842"]}]},{"@type":"ImageObject","inLanguage":"es","@id":"https:\/\/javiervarelactor.com\/?p=1842#primaryimage","url":"https:\/\/javiervarelactor.com\/wp-content\/uploads\/2022\/10\/rueda-prensa-Memento-Mori.jpg","contentUrl":"https:\/\/javiervarelactor.com\/wp-content\/uploads\/2022\/10\/rueda-prensa-Memento-Mori.jpg","width":1080,"height":786,"caption":"Javier Varela en Memento Mori con Fernando Soto"},{"@type":"BreadcrumbList","@id":"https:\/\/javiervarelactor.com\/?p=1842#breadcrumb","itemListElement":[{"@type":"ListItem","position":1,"name":"Inicio","item":"https:\/\/javiervarelactor.com\/"},{"@type":"ListItem","position":2,"name":"\u00c1lvaro Peteira en \u00abMemento Mori\u00bb"}]},{"@type":"WebSite","@id":"https:\/\/javiervarelactor.com\/#website","url":"https:\/\/javiervarelactor.com\/","name":"Javier Varela","description":"Actor y Presentador","potentialAction":[{"@type":"SearchAction","target":{"@type":"EntryPoint","urlTemplate":"https:\/\/javiervarelactor.com\/?s={search_term_string}"},"query-input":"required name=search_term_string"}],"inLanguage":"es"},{"@type":"Person","@id":"https:\/\/javiervarelactor.com\/#\/schema\/person\/e3104f2f3cca87d9a07b40f5281c02ba","name":"Javier Varela","image":{"@type":"ImageObject","inLanguage":"es","@id":"https:\/\/javiervarelactor.com\/#\/schema\/person\/image\/","url":"https:\/\/secure.gravatar.com\/avatar\/858edfdbe98ed682c9723085564a87b3?s=96&d=mm&r=g","contentUrl":"https:\/\/secure.gravatar.com\/avatar\/858edfdbe98ed682c9723085564a87b3?s=96&d=mm&r=g","caption":"Javier Varela"},"sameAs":["http:\/\/www.javiervarelactor.com"],"url":"https:\/\/javiervarelactor.com\/?author=1"}]}},"_links":{"self":[{"href":"https:\/\/javiervarelactor.com\/index.php?rest_route=\/wp\/v2\/posts\/1842"}],"collection":[{"href":"https:\/\/javiervarelactor.com\/index.php?rest_route=\/wp\/v2\/posts"}],"about":[{"href":"https:\/\/javiervarelactor.com\/index.php?rest_route=\/wp\/v2\/types\/post"}],"author":[{"embeddable":true,"href":"https:\/\/javiervarelactor.com\/index.php?rest_route=\/wp\/v2\/users\/1"}],"replies":[{"embeddable":true,"href":"https:\/\/javiervarelactor.com\/index.php?rest_route=%2Fwp%2Fv2%2Fcomments&post=1842"}],"version-history":[{"count":1,"href":"https:\/\/javiervarelactor.com\/index.php?rest_route=\/wp\/v2\/posts\/1842\/revisions"}],"predecessor-version":[{"id":1847,"href":"https:\/\/javiervarelactor.com\/index.php?rest_route=\/wp\/v2\/posts\/1842\/revisions\/1847"}],"wp:featuredmedia":[{"embeddable":true,"href":"https:\/\/javiervarelactor.com\/index.php?rest_route=\/wp\/v2\/media\/1846"}],"wp:attachment":[{"href":"https:\/\/javiervarelactor.com\/index.php?rest_route=%2Fwp%2Fv2%2Fmedia&parent=1842"}],"wp:term":[{"taxonomy":"category","embeddable":true,"href":"https:\/\/javiervarelactor.com\/index.php?rest_route=%2Fwp%2Fv2%2Fcategories&post=1842"},{"taxonomy":"post_tag","embeddable":true,"href":"https:\/\/javiervarelactor.com\/index.php?rest_route=%2Fwp%2Fv2%2Ftags&post=1842"}],"curies":[{"name":"wp","href":"https:\/\/api.w.org\/{rel}","templated":true}]}}