{"id":1832,"date":"2022-09-14T15:29:41","date_gmt":"2022-09-14T15:29:41","guid":{"rendered":"http:\/\/javiervarelactor.com\/?p=1832"},"modified":"2022-09-14T15:29:43","modified_gmt":"2022-09-14T15:29:43","slug":"personaje-xose-en-as-bestas","status":"publish","type":"post","link":"https:\/\/javiervarelactor.com\/?p=1832","title":{"rendered":"Personaje Xos\u00e9 en \u00abAs Bestas\u00bb"},"content":{"rendered":"\n<p>Ya son muchos quienes est\u00e1n pudiendo disfrutar de la \u00faltima pel\u00edcula de Rodrigo Sorogoyen \u00abAs Bestas\u00bb, Francia, B\u00e9lgica y varios festivales de \u00e9xito. Estoy muy, muy, feliz y orgulloso de haber participado en esta apasionante producci\u00f3n como el personaje <strong>Xos\u00e9<\/strong>.<\/p>\n\n\n\n<p>Quienes hayan visto ya la pel\u00edcula sabr\u00e1n el perfil de mi personaje en \u00ab<strong>As Bestas<\/strong>\u00ab, para el resto que tenga inter\u00e9s por disfrutar de una buena pel\u00edcula, un pelicul\u00f3n: paisajes, personajes, historia y emoci\u00f3n. \u00abAs Bestas\u00bb ha sido para mi una oportunidad de disfrutar del trabajo como actor en un rodaje que ha pasado por fases intensas a expensas del clima, de la luz, de los colores de la naturaleza. Rodrigo Sorogoyen ha cuidado cada rayo de luz, cada grado de temperatura que hac\u00eda intuir la llegada del invierno. Todo para que \u00abAs Bestas\u00bb te haga disfrutar.<\/p>\n\n\n\n<p>Agradecido al equipo, encantado con la compa\u00f1\u00eda (<em>Luis Zahera<\/em> impresionante, <em>Marina Fois<\/em>, <em>Denis Menochet, Diego Anido, Mar\u00eda Colom, Federico P\u00e9rez Rey y David Men\u00e9ndez<\/em>) y pendiente de poder compartir los entresijos de la pel\u00edcula que <strong>se estrena el 11 de Noviembre en Espa\u00f1a<\/strong>, pero antes pasar\u00e1 por el prestigioso Festival Internacional de Cine de San Sebasti\u00e1n y por el Sitges Film Festival. Menci\u00f3n merece que ha sido candidata a representar a los \u00d3scar \u00bfa qu\u00e9 apetece verla?<\/p>\n\n\n\n<p>El 11 de Noviembre, mi personaje Xos\u00e9 en \u00abAs Bestas\u00bb, para que vuelvas al cine, te sientes y disfrutes de una pel\u00edcula hecha con cuidado y calidad.<\/p>\n","protected":false},"excerpt":{"rendered":"<p>Ya son muchos quienes est\u00e1n pudiendo disfrutar de la \u00faltima pel\u00edcula de Rodrigo Sorogoyen \u00abAs Bestas\u00bb, Francia, B\u00e9lgica y varios festivales de \u00e9xito. Estoy muy, muy, feliz y orgulloso de haber participado en esta apasionante producci\u00f3n como el personaje Xos\u00e9. Quienes hayan visto ya la pel\u00edcula sabr\u00e1n el perfil de mi personaje en \u00abAs Bestas\u00ab, <a class=\"read-more\" href=\"https:\/\/javiervarelactor.com\/?p=1832\">Leer m\u00e1s<\/a><\/p>\n","protected":false},"author":1,"featured_media":1833,"comment_status":"closed","ping_status":"open","sticky":false,"template":"","format":"standard","meta":{"_monsterinsights_skip_tracking":false,"_monsterinsights_sitenote_active":false,"_monsterinsights_sitenote_note":"","_monsterinsights_sitenote_category":0,"footnotes":""},"categories":[21],"tags":[],"yoast_head":"<!-- This site is optimized with the Yoast SEO plugin v22.7 - https:\/\/yoast.com\/wordpress\/plugins\/seo\/ -->\n<title>Personaje Xos\u00e9 en &quot;As Bestas&quot; - Javier Varela<\/title>\n<meta name=\"robots\" content=\"index, follow, max-snippet:-1, max-image-preview:large, max-video-preview:-1\" \/>\n<link rel=\"canonical\" href=\"https:\/\/javiervarelactor.com\/?p=1832\" \/>\n<meta property=\"og:locale\" content=\"es_ES\" \/>\n<meta property=\"og:type\" content=\"article\" \/>\n<meta property=\"og:title\" content=\"Personaje Xos\u00e9 en &quot;As Bestas&quot; - Javier Varela\" \/>\n<meta property=\"og:description\" content=\"Ya son muchos quienes est\u00e1n pudiendo disfrutar de la \u00faltima pel\u00edcula de Rodrigo Sorogoyen \u00abAs Bestas\u00bb, Francia, B\u00e9lgica y varios festivales de \u00e9xito. Estoy muy, muy, feliz y orgulloso de haber participado en esta apasionante producci\u00f3n como el personaje Xos\u00e9. Quienes hayan visto ya la pel\u00edcula sabr\u00e1n el perfil de mi personaje en \u00abAs Bestas\u00ab, Leer m\u00e1s\" \/>\n<meta property=\"og:url\" content=\"https:\/\/javiervarelactor.com\/?p=1832\" \/>\n<meta property=\"og:site_name\" content=\"Javier Varela\" \/>\n<meta property=\"article:publisher\" content=\"https:\/\/www.facebook.com\/pages\/Javier-Varela\/145894855509796?sk=info&amp;amp%3bamp%3bamp%3bamp%3btab=page_info\" \/>\n<meta property=\"article:published_time\" content=\"2022-09-14T15:29:41+00:00\" \/>\n<meta property=\"article:modified_time\" content=\"2022-09-14T15:29:43+00:00\" \/>\n<meta property=\"og:image\" content=\"http:\/\/javiervarelactor.com\/wp-content\/uploads\/2022\/09\/49I4164-scaled.jpg\" \/>\n\t<meta property=\"og:image:width\" content=\"2560\" \/>\n\t<meta property=\"og:image:height\" content=\"1707\" \/>\n\t<meta property=\"og:image:type\" content=\"image\/jpeg\" \/>\n<meta name=\"author\" content=\"Javier Varela\" \/>\n<meta name=\"twitter:label1\" content=\"Escrito por\" \/>\n\t<meta name=\"twitter:data1\" content=\"Javier Varela\" \/>\n\t<meta name=\"twitter:label2\" content=\"Tiempo de lectura\" \/>\n\t<meta name=\"twitter:data2\" content=\"1 minuto\" \/>\n<script type=\"application\/ld+json\" class=\"yoast-schema-graph\">{\"@context\":\"https:\/\/schema.org\",\"@graph\":[{\"@type\":\"WebPage\",\"@id\":\"https:\/\/javiervarelactor.com\/?p=1832\",\"url\":\"https:\/\/javiervarelactor.com\/?p=1832\",\"name\":\"Personaje Xos\u00e9 en \\\"As Bestas\\\" - Javier Varela\",\"isPartOf\":{\"@id\":\"https:\/\/javiervarelactor.com\/#website\"},\"primaryImageOfPage\":{\"@id\":\"https:\/\/javiervarelactor.com\/?p=1832#primaryimage\"},\"image\":{\"@id\":\"https:\/\/javiervarelactor.com\/?p=1832#primaryimage\"},\"thumbnailUrl\":\"https:\/\/javiervarelactor.com\/wp-content\/uploads\/2022\/09\/49I4164-scaled.jpg\",\"datePublished\":\"2022-09-14T15:29:41+00:00\",\"dateModified\":\"2022-09-14T15:29:43+00:00\",\"author\":{\"@id\":\"https:\/\/javiervarelactor.com\/#\/schema\/person\/e3104f2f3cca87d9a07b40f5281c02ba\"},\"breadcrumb\":{\"@id\":\"https:\/\/javiervarelactor.com\/?p=1832#breadcrumb\"},\"inLanguage\":\"es\",\"potentialAction\":[{\"@type\":\"ReadAction\",\"target\":[\"https:\/\/javiervarelactor.com\/?p=1832\"]}]},{\"@type\":\"ImageObject\",\"inLanguage\":\"es\",\"@id\":\"https:\/\/javiervarelactor.com\/?p=1832#primaryimage\",\"url\":\"https:\/\/javiervarelactor.com\/wp-content\/uploads\/2022\/09\/49I4164-scaled.jpg\",\"contentUrl\":\"https:\/\/javiervarelactor.com\/wp-content\/uploads\/2022\/09\/49I4164-scaled.jpg\",\"width\":2560,\"height\":1707,\"caption\":\"Javier Varela y Rodrigo Sorogoyen\"},{\"@type\":\"BreadcrumbList\",\"@id\":\"https:\/\/javiervarelactor.com\/?p=1832#breadcrumb\",\"itemListElement\":[{\"@type\":\"ListItem\",\"position\":1,\"name\":\"Inicio\",\"item\":\"https:\/\/javiervarelactor.com\/\"},{\"@type\":\"ListItem\",\"position\":2,\"name\":\"Personaje Xos\u00e9 en \u00abAs Bestas\u00bb\"}]},{\"@type\":\"WebSite\",\"@id\":\"https:\/\/javiervarelactor.com\/#website\",\"url\":\"https:\/\/javiervarelactor.com\/\",\"name\":\"Javier Varela\",\"description\":\"Actor y Presentador\",\"potentialAction\":[{\"@type\":\"SearchAction\",\"target\":{\"@type\":\"EntryPoint\",\"urlTemplate\":\"https:\/\/javiervarelactor.com\/?s={search_term_string}\"},\"query-input\":\"required name=search_term_string\"}],\"inLanguage\":\"es\"},{\"@type\":\"Person\",\"@id\":\"https:\/\/javiervarelactor.com\/#\/schema\/person\/e3104f2f3cca87d9a07b40f5281c02ba\",\"name\":\"Javier Varela\",\"image\":{\"@type\":\"ImageObject\",\"inLanguage\":\"es\",\"@id\":\"https:\/\/javiervarelactor.com\/#\/schema\/person\/image\/\",\"url\":\"https:\/\/secure.gravatar.com\/avatar\/858edfdbe98ed682c9723085564a87b3?s=96&d=mm&r=g\",\"contentUrl\":\"https:\/\/secure.gravatar.com\/avatar\/858edfdbe98ed682c9723085564a87b3?s=96&d=mm&r=g\",\"caption\":\"Javier Varela\"},\"sameAs\":[\"http:\/\/www.javiervarelactor.com\"],\"url\":\"https:\/\/javiervarelactor.com\/?author=1\"}]}<\/script>\n<!-- \/ Yoast SEO plugin. -->","yoast_head_json":{"title":"Personaje Xos\u00e9 en \"As Bestas\" - Javier Varela","robots":{"index":"index","follow":"follow","max-snippet":"max-snippet:-1","max-image-preview":"max-image-preview:large","max-video-preview":"max-video-preview:-1"},"canonical":"https:\/\/javiervarelactor.com\/?p=1832","og_locale":"es_ES","og_type":"article","og_title":"Personaje Xos\u00e9 en \"As Bestas\" - Javier Varela","og_description":"Ya son muchos quienes est\u00e1n pudiendo disfrutar de la \u00faltima pel\u00edcula de Rodrigo Sorogoyen \u00abAs Bestas\u00bb, Francia, B\u00e9lgica y varios festivales de \u00e9xito. Estoy muy, muy, feliz y orgulloso de haber participado en esta apasionante producci\u00f3n como el personaje Xos\u00e9. Quienes hayan visto ya la pel\u00edcula sabr\u00e1n el perfil de mi personaje en \u00abAs Bestas\u00ab, Leer m\u00e1s","og_url":"https:\/\/javiervarelactor.com\/?p=1832","og_site_name":"Javier Varela","article_publisher":"https:\/\/www.facebook.com\/pages\/Javier-Varela\/145894855509796?sk=info&amp%3bamp%3bamp%3bamp%3btab=page_info","article_published_time":"2022-09-14T15:29:41+00:00","article_modified_time":"2022-09-14T15:29:43+00:00","og_image":[{"width":2560,"height":1707,"url":"http:\/\/javiervarelactor.com\/wp-content\/uploads\/2022\/09\/49I4164-scaled.jpg","type":"image\/jpeg"}],"author":"Javier Varela","twitter_misc":{"Escrito por":"Javier Varela","Tiempo de lectura":"1 minuto"},"schema":{"@context":"https:\/\/schema.org","@graph":[{"@type":"WebPage","@id":"https:\/\/javiervarelactor.com\/?p=1832","url":"https:\/\/javiervarelactor.com\/?p=1832","name":"Personaje Xos\u00e9 en \"As Bestas\" - Javier Varela","isPartOf":{"@id":"https:\/\/javiervarelactor.com\/#website"},"primaryImageOfPage":{"@id":"https:\/\/javiervarelactor.com\/?p=1832#primaryimage"},"image":{"@id":"https:\/\/javiervarelactor.com\/?p=1832#primaryimage"},"thumbnailUrl":"https:\/\/javiervarelactor.com\/wp-content\/uploads\/2022\/09\/49I4164-scaled.jpg","datePublished":"2022-09-14T15:29:41+00:00","dateModified":"2022-09-14T15:29:43+00:00","author":{"@id":"https:\/\/javiervarelactor.com\/#\/schema\/person\/e3104f2f3cca87d9a07b40f5281c02ba"},"breadcrumb":{"@id":"https:\/\/javiervarelactor.com\/?p=1832#breadcrumb"},"inLanguage":"es","potentialAction":[{"@type":"ReadAction","target":["https:\/\/javiervarelactor.com\/?p=1832"]}]},{"@type":"ImageObject","inLanguage":"es","@id":"https:\/\/javiervarelactor.com\/?p=1832#primaryimage","url":"https:\/\/javiervarelactor.com\/wp-content\/uploads\/2022\/09\/49I4164-scaled.jpg","contentUrl":"https:\/\/javiervarelactor.com\/wp-content\/uploads\/2022\/09\/49I4164-scaled.jpg","width":2560,"height":1707,"caption":"Javier Varela y Rodrigo Sorogoyen"},{"@type":"BreadcrumbList","@id":"https:\/\/javiervarelactor.com\/?p=1832#breadcrumb","itemListElement":[{"@type":"ListItem","position":1,"name":"Inicio","item":"https:\/\/javiervarelactor.com\/"},{"@type":"ListItem","position":2,"name":"Personaje Xos\u00e9 en \u00abAs Bestas\u00bb"}]},{"@type":"WebSite","@id":"https:\/\/javiervarelactor.com\/#website","url":"https:\/\/javiervarelactor.com\/","name":"Javier Varela","description":"Actor y Presentador","potentialAction":[{"@type":"SearchAction","target":{"@type":"EntryPoint","urlTemplate":"https:\/\/javiervarelactor.com\/?s={search_term_string}"},"query-input":"required name=search_term_string"}],"inLanguage":"es"},{"@type":"Person","@id":"https:\/\/javiervarelactor.com\/#\/schema\/person\/e3104f2f3cca87d9a07b40f5281c02ba","name":"Javier Varela","image":{"@type":"ImageObject","inLanguage":"es","@id":"https:\/\/javiervarelactor.com\/#\/schema\/person\/image\/","url":"https:\/\/secure.gravatar.com\/avatar\/858edfdbe98ed682c9723085564a87b3?s=96&d=mm&r=g","contentUrl":"https:\/\/secure.gravatar.com\/avatar\/858edfdbe98ed682c9723085564a87b3?s=96&d=mm&r=g","caption":"Javier Varela"},"sameAs":["http:\/\/www.javiervarelactor.com"],"url":"https:\/\/javiervarelactor.com\/?author=1"}]}},"_links":{"self":[{"href":"https:\/\/javiervarelactor.com\/index.php?rest_route=\/wp\/v2\/posts\/1832"}],"collection":[{"href":"https:\/\/javiervarelactor.com\/index.php?rest_route=\/wp\/v2\/posts"}],"about":[{"href":"https:\/\/javiervarelactor.com\/index.php?rest_route=\/wp\/v2\/types\/post"}],"author":[{"embeddable":true,"href":"https:\/\/javiervarelactor.com\/index.php?rest_route=\/wp\/v2\/users\/1"}],"replies":[{"embeddable":true,"href":"https:\/\/javiervarelactor.com\/index.php?rest_route=%2Fwp%2Fv2%2Fcomments&post=1832"}],"version-history":[{"count":1,"href":"https:\/\/javiervarelactor.com\/index.php?rest_route=\/wp\/v2\/posts\/1832\/revisions"}],"predecessor-version":[{"id":1834,"href":"https:\/\/javiervarelactor.com\/index.php?rest_route=\/wp\/v2\/posts\/1832\/revisions\/1834"}],"wp:featuredmedia":[{"embeddable":true,"href":"https:\/\/javiervarelactor.com\/index.php?rest_route=\/wp\/v2\/media\/1833"}],"wp:attachment":[{"href":"https:\/\/javiervarelactor.com\/index.php?rest_route=%2Fwp%2Fv2%2Fmedia&parent=1832"}],"wp:term":[{"taxonomy":"category","embeddable":true,"href":"https:\/\/javiervarelactor.com\/index.php?rest_route=%2Fwp%2Fv2%2Fcategories&post=1832"},{"taxonomy":"post_tag","embeddable":true,"href":"https:\/\/javiervarelactor.com\/index.php?rest_route=%2Fwp%2Fv2%2Ftags&post=1832"}],"curies":[{"name":"wp","href":"https:\/\/api.w.org\/{rel}","templated":true}]}}