{"id":1825,"date":"2022-06-27T13:57:56","date_gmt":"2022-06-27T13:57:56","guid":{"rendered":"http:\/\/javiervarelactor.com\/?p=1825"},"modified":"2022-06-27T13:57:58","modified_gmt":"2022-06-27T13:57:58","slug":"presentador-tv-verano-2022","status":"publish","type":"post","link":"https:\/\/javiervarelactor.com\/?p=1825","title":{"rendered":"Presentador TV verano 2022"},"content":{"rendered":"\n<p>Comenzamos el verano disfrutando de la grabaci\u00f3n de una nueva temporada de \u00ab<strong>Imos de Feira<\/strong>\u00ab, el programa para TVG que nos acerca a las ferias de las localidades m\u00e1s animadas de Galicia. Junto a Rafa Dur\u00e1n y un equipo de profesionales que, c\u00e1mara, micro y cuaderno en mano, hacemos kil\u00f3metros sobre ruedas y a pie, disfrutamos de personas y labores, de puestos de venta, de costumbres y damos premios a los concursantes que, siempre con un excelente \u00e1nimo, participan de este juego.<\/p>\n\n\n\n<p>Es para mi un privilegio, a pesar de los madrugones y las muchas horas de coche, poder descubrir, a trav\u00e9s de sus ferias y sus gentes, los rincones que convierten Galicia en un espacio diverso, rico en costumbres y sorprendente. Es divertido, enriquecedor y amable, un programa que se hace aun m\u00e1s gustoso al compartir equipo con mi querido Rafa Dur\u00e1n, compa\u00f1ero desde hace tantos a\u00f1os que puedes redescubrir nuestras andanzas en v\u00eddeos como \u00e9ste hace ya unos a\u00f1os en \u00abPoloChan\u00bb<\/p>\n\n\n\n<figure class=\"wp-block-embed-youtube wp-block-embed is-type-rich is-provider-gestor-del-servicio wp-embed-aspect-4-3 wp-has-aspect-ratio\"><div class=\"wp-block-embed__wrapper\">\n<iframe loading=\"lazy\" title=\"POLO CHAN TVG- presentaci\u00f3n de PROGRAMA. RAFA DUR\u00c1N e JAVIER VARELA\" width=\"832\" height=\"624\" src=\"https:\/\/www.youtube.com\/embed\/IQbq2j92H40?feature=oembed\" frameborder=\"0\" allow=\"accelerometer; autoplay; clipboard-write; encrypted-media; gyroscope; picture-in-picture\" allowfullscreen><\/iframe>\n<\/div><\/figure>\n\n\n\n<p>Presentador de Imos de Feira, Javier Varela. Muy pronto nueva temporada en TVG.<\/p>\n\n\n\n<p>Puedes ver las anteriores temporadas <a href=\"https:\/\/www.crtvg.es\/tvg\/programas\/imos-de-feira\" target=\"_blank\" rel=\"noreferrer noopener\">aqu\u00ed<\/a>. <\/p>\n\n\n\n<p>Mientras, s\u00edgueme en <a href=\"https:\/\/www.instagram.com\/javiervarelactor\/\" target=\"_blank\" rel=\"noreferrer noopener\">Instagram<\/a> para disfrutar conmigo del proceso y de todo lo que vamos viviendo este verano 2022.<\/p>\n","protected":false},"excerpt":{"rendered":"<p>Comenzamos el verano disfrutando de la grabaci\u00f3n de una nueva temporada de \u00abImos de Feira\u00ab, el programa para TVG que nos acerca a las ferias de las localidades m\u00e1s animadas de Galicia. Junto a Rafa Dur\u00e1n y un equipo de profesionales que, c\u00e1mara, micro y cuaderno en mano, hacemos kil\u00f3metros sobre ruedas y a pie, <a class=\"read-more\" href=\"https:\/\/javiervarelactor.com\/?p=1825\">Leer m\u00e1s<\/a><\/p>\n","protected":false},"author":1,"featured_media":1827,"comment_status":"closed","ping_status":"open","sticky":false,"template":"","format":"standard","meta":{"_monsterinsights_skip_tracking":false,"_monsterinsights_sitenote_active":false,"_monsterinsights_sitenote_note":"","_monsterinsights_sitenote_category":0,"footnotes":""},"categories":[41,22],"tags":[],"yoast_head":"<!-- This site is optimized with the Yoast SEO plugin v22.7 - https:\/\/yoast.com\/wordpress\/plugins\/seo\/ -->\n<title>Presentador TV verano 2022 - Javier Varela<\/title>\n<meta name=\"robots\" content=\"index, follow, max-snippet:-1, max-image-preview:large, max-video-preview:-1\" \/>\n<link rel=\"canonical\" href=\"https:\/\/javiervarelactor.com\/?p=1825\" \/>\n<meta property=\"og:locale\" content=\"es_ES\" \/>\n<meta property=\"og:type\" content=\"article\" \/>\n<meta property=\"og:title\" content=\"Presentador TV verano 2022 - Javier Varela\" \/>\n<meta property=\"og:description\" content=\"Comenzamos el verano disfrutando de la grabaci\u00f3n de una nueva temporada de \u00abImos de Feira\u00ab, el programa para TVG que nos acerca a las ferias de las localidades m\u00e1s animadas de Galicia. Junto a Rafa Dur\u00e1n y un equipo de profesionales que, c\u00e1mara, micro y cuaderno en mano, hacemos kil\u00f3metros sobre ruedas y a pie, Leer m\u00e1s\" \/>\n<meta property=\"og:url\" content=\"https:\/\/javiervarelactor.com\/?p=1825\" \/>\n<meta property=\"og:site_name\" content=\"Javier Varela\" \/>\n<meta property=\"article:publisher\" content=\"https:\/\/www.facebook.com\/pages\/Javier-Varela\/145894855509796?sk=info&amp;amp%3bamp%3bamp%3bamp%3btab=page_info\" \/>\n<meta property=\"article:published_time\" content=\"2022-06-27T13:57:56+00:00\" \/>\n<meta property=\"article:modified_time\" content=\"2022-06-27T13:57:58+00:00\" \/>\n<meta property=\"og:image\" content=\"http:\/\/javiervarelactor.com\/wp-content\/uploads\/2022\/06\/JL71728.jpg\" \/>\n\t<meta property=\"og:image:width\" content=\"900\" \/>\n\t<meta property=\"og:image:height\" content=\"601\" \/>\n\t<meta property=\"og:image:type\" content=\"image\/jpeg\" \/>\n<meta name=\"author\" content=\"Javier Varela\" \/>\n<meta name=\"twitter:label1\" content=\"Escrito por\" \/>\n\t<meta name=\"twitter:data1\" content=\"Javier Varela\" \/>\n\t<meta name=\"twitter:label2\" content=\"Tiempo de lectura\" \/>\n\t<meta name=\"twitter:data2\" content=\"1 minuto\" \/>\n<script type=\"application\/ld+json\" class=\"yoast-schema-graph\">{\"@context\":\"https:\/\/schema.org\",\"@graph\":[{\"@type\":\"WebPage\",\"@id\":\"https:\/\/javiervarelactor.com\/?p=1825\",\"url\":\"https:\/\/javiervarelactor.com\/?p=1825\",\"name\":\"Presentador TV verano 2022 - Javier Varela\",\"isPartOf\":{\"@id\":\"https:\/\/javiervarelactor.com\/#website\"},\"primaryImageOfPage\":{\"@id\":\"https:\/\/javiervarelactor.com\/?p=1825#primaryimage\"},\"image\":{\"@id\":\"https:\/\/javiervarelactor.com\/?p=1825#primaryimage\"},\"thumbnailUrl\":\"https:\/\/javiervarelactor.com\/wp-content\/uploads\/2022\/06\/JL71728.jpg\",\"datePublished\":\"2022-06-27T13:57:56+00:00\",\"dateModified\":\"2022-06-27T13:57:58+00:00\",\"author\":{\"@id\":\"https:\/\/javiervarelactor.com\/#\/schema\/person\/e3104f2f3cca87d9a07b40f5281c02ba\"},\"breadcrumb\":{\"@id\":\"https:\/\/javiervarelactor.com\/?p=1825#breadcrumb\"},\"inLanguage\":\"es\",\"potentialAction\":[{\"@type\":\"ReadAction\",\"target\":[\"https:\/\/javiervarelactor.com\/?p=1825\"]}]},{\"@type\":\"ImageObject\",\"inLanguage\":\"es\",\"@id\":\"https:\/\/javiervarelactor.com\/?p=1825#primaryimage\",\"url\":\"https:\/\/javiervarelactor.com\/wp-content\/uploads\/2022\/06\/JL71728.jpg\",\"contentUrl\":\"https:\/\/javiervarelactor.com\/wp-content\/uploads\/2022\/06\/JL71728.jpg\",\"width\":900,\"height\":601,\"caption\":\"Prsentador Eventos\"},{\"@type\":\"BreadcrumbList\",\"@id\":\"https:\/\/javiervarelactor.com\/?p=1825#breadcrumb\",\"itemListElement\":[{\"@type\":\"ListItem\",\"position\":1,\"name\":\"Inicio\",\"item\":\"https:\/\/javiervarelactor.com\/\"},{\"@type\":\"ListItem\",\"position\":2,\"name\":\"Presentador TV verano 2022\"}]},{\"@type\":\"WebSite\",\"@id\":\"https:\/\/javiervarelactor.com\/#website\",\"url\":\"https:\/\/javiervarelactor.com\/\",\"name\":\"Javier Varela\",\"description\":\"Actor y Presentador\",\"potentialAction\":[{\"@type\":\"SearchAction\",\"target\":{\"@type\":\"EntryPoint\",\"urlTemplate\":\"https:\/\/javiervarelactor.com\/?s={search_term_string}\"},\"query-input\":\"required name=search_term_string\"}],\"inLanguage\":\"es\"},{\"@type\":\"Person\",\"@id\":\"https:\/\/javiervarelactor.com\/#\/schema\/person\/e3104f2f3cca87d9a07b40f5281c02ba\",\"name\":\"Javier Varela\",\"image\":{\"@type\":\"ImageObject\",\"inLanguage\":\"es\",\"@id\":\"https:\/\/javiervarelactor.com\/#\/schema\/person\/image\/\",\"url\":\"https:\/\/secure.gravatar.com\/avatar\/858edfdbe98ed682c9723085564a87b3?s=96&d=mm&r=g\",\"contentUrl\":\"https:\/\/secure.gravatar.com\/avatar\/858edfdbe98ed682c9723085564a87b3?s=96&d=mm&r=g\",\"caption\":\"Javier Varela\"},\"sameAs\":[\"http:\/\/www.javiervarelactor.com\"],\"url\":\"https:\/\/javiervarelactor.com\/?author=1\"}]}<\/script>\n<!-- \/ Yoast SEO plugin. -->","yoast_head_json":{"title":"Presentador TV verano 2022 - Javier Varela","robots":{"index":"index","follow":"follow","max-snippet":"max-snippet:-1","max-image-preview":"max-image-preview:large","max-video-preview":"max-video-preview:-1"},"canonical":"https:\/\/javiervarelactor.com\/?p=1825","og_locale":"es_ES","og_type":"article","og_title":"Presentador TV verano 2022 - Javier Varela","og_description":"Comenzamos el verano disfrutando de la grabaci\u00f3n de una nueva temporada de \u00abImos de Feira\u00ab, el programa para TVG que nos acerca a las ferias de las localidades m\u00e1s animadas de Galicia. Junto a Rafa Dur\u00e1n y un equipo de profesionales que, c\u00e1mara, micro y cuaderno en mano, hacemos kil\u00f3metros sobre ruedas y a pie, Leer m\u00e1s","og_url":"https:\/\/javiervarelactor.com\/?p=1825","og_site_name":"Javier Varela","article_publisher":"https:\/\/www.facebook.com\/pages\/Javier-Varela\/145894855509796?sk=info&amp%3bamp%3bamp%3bamp%3btab=page_info","article_published_time":"2022-06-27T13:57:56+00:00","article_modified_time":"2022-06-27T13:57:58+00:00","og_image":[{"width":900,"height":601,"url":"http:\/\/javiervarelactor.com\/wp-content\/uploads\/2022\/06\/JL71728.jpg","type":"image\/jpeg"}],"author":"Javier Varela","twitter_misc":{"Escrito por":"Javier Varela","Tiempo de lectura":"1 minuto"},"schema":{"@context":"https:\/\/schema.org","@graph":[{"@type":"WebPage","@id":"https:\/\/javiervarelactor.com\/?p=1825","url":"https:\/\/javiervarelactor.com\/?p=1825","name":"Presentador TV verano 2022 - Javier Varela","isPartOf":{"@id":"https:\/\/javiervarelactor.com\/#website"},"primaryImageOfPage":{"@id":"https:\/\/javiervarelactor.com\/?p=1825#primaryimage"},"image":{"@id":"https:\/\/javiervarelactor.com\/?p=1825#primaryimage"},"thumbnailUrl":"https:\/\/javiervarelactor.com\/wp-content\/uploads\/2022\/06\/JL71728.jpg","datePublished":"2022-06-27T13:57:56+00:00","dateModified":"2022-06-27T13:57:58+00:00","author":{"@id":"https:\/\/javiervarelactor.com\/#\/schema\/person\/e3104f2f3cca87d9a07b40f5281c02ba"},"breadcrumb":{"@id":"https:\/\/javiervarelactor.com\/?p=1825#breadcrumb"},"inLanguage":"es","potentialAction":[{"@type":"ReadAction","target":["https:\/\/javiervarelactor.com\/?p=1825"]}]},{"@type":"ImageObject","inLanguage":"es","@id":"https:\/\/javiervarelactor.com\/?p=1825#primaryimage","url":"https:\/\/javiervarelactor.com\/wp-content\/uploads\/2022\/06\/JL71728.jpg","contentUrl":"https:\/\/javiervarelactor.com\/wp-content\/uploads\/2022\/06\/JL71728.jpg","width":900,"height":601,"caption":"Prsentador Eventos"},{"@type":"BreadcrumbList","@id":"https:\/\/javiervarelactor.com\/?p=1825#breadcrumb","itemListElement":[{"@type":"ListItem","position":1,"name":"Inicio","item":"https:\/\/javiervarelactor.com\/"},{"@type":"ListItem","position":2,"name":"Presentador TV verano 2022"}]},{"@type":"WebSite","@id":"https:\/\/javiervarelactor.com\/#website","url":"https:\/\/javiervarelactor.com\/","name":"Javier Varela","description":"Actor y Presentador","potentialAction":[{"@type":"SearchAction","target":{"@type":"EntryPoint","urlTemplate":"https:\/\/javiervarelactor.com\/?s={search_term_string}"},"query-input":"required name=search_term_string"}],"inLanguage":"es"},{"@type":"Person","@id":"https:\/\/javiervarelactor.com\/#\/schema\/person\/e3104f2f3cca87d9a07b40f5281c02ba","name":"Javier Varela","image":{"@type":"ImageObject","inLanguage":"es","@id":"https:\/\/javiervarelactor.com\/#\/schema\/person\/image\/","url":"https:\/\/secure.gravatar.com\/avatar\/858edfdbe98ed682c9723085564a87b3?s=96&d=mm&r=g","contentUrl":"https:\/\/secure.gravatar.com\/avatar\/858edfdbe98ed682c9723085564a87b3?s=96&d=mm&r=g","caption":"Javier Varela"},"sameAs":["http:\/\/www.javiervarelactor.com"],"url":"https:\/\/javiervarelactor.com\/?author=1"}]}},"_links":{"self":[{"href":"https:\/\/javiervarelactor.com\/index.php?rest_route=\/wp\/v2\/posts\/1825"}],"collection":[{"href":"https:\/\/javiervarelactor.com\/index.php?rest_route=\/wp\/v2\/posts"}],"about":[{"href":"https:\/\/javiervarelactor.com\/index.php?rest_route=\/wp\/v2\/types\/post"}],"author":[{"embeddable":true,"href":"https:\/\/javiervarelactor.com\/index.php?rest_route=\/wp\/v2\/users\/1"}],"replies":[{"embeddable":true,"href":"https:\/\/javiervarelactor.com\/index.php?rest_route=%2Fwp%2Fv2%2Fcomments&post=1825"}],"version-history":[{"count":1,"href":"https:\/\/javiervarelactor.com\/index.php?rest_route=\/wp\/v2\/posts\/1825\/revisions"}],"predecessor-version":[{"id":1829,"href":"https:\/\/javiervarelactor.com\/index.php?rest_route=\/wp\/v2\/posts\/1825\/revisions\/1829"}],"wp:featuredmedia":[{"embeddable":true,"href":"https:\/\/javiervarelactor.com\/index.php?rest_route=\/wp\/v2\/media\/1827"}],"wp:attachment":[{"href":"https:\/\/javiervarelactor.com\/index.php?rest_route=%2Fwp%2Fv2%2Fmedia&parent=1825"}],"wp:term":[{"taxonomy":"category","embeddable":true,"href":"https:\/\/javiervarelactor.com\/index.php?rest_route=%2Fwp%2Fv2%2Fcategories&post=1825"},{"taxonomy":"post_tag","embeddable":true,"href":"https:\/\/javiervarelactor.com\/index.php?rest_route=%2Fwp%2Fv2%2Ftags&post=1825"}],"curies":[{"name":"wp","href":"https:\/\/api.w.org\/{rel}","templated":true}]}}