{"id":1788,"date":"2022-01-24T16:21:08","date_gmt":"2022-01-24T16:21:08","guid":{"rendered":"http:\/\/javiervarelactor.com\/?p=1788"},"modified":"2022-01-24T16:43:53","modified_gmt":"2022-01-24T16:43:53","slug":"prsentador-de-eventos-personalizados","status":"publish","type":"post","link":"https:\/\/javiervarelactor.com\/?p=1788","title":{"rendered":"Presentador de Eventos de Empresa personalizados"},"content":{"rendered":"\n<p>Un a\u00f1o m\u00e1s termin\u00f3 con la celebraci\u00f3n de la Gala anual de la compa\u00f1\u00eda Metrolec y, un a\u00f1o m\u00e1s, confiaron en mi y en mi equipo para idear el hilo conductor, la animaci\u00f3n y la direcci\u00f3n de un Evento de empresa muy especial. En los tiempos que nos ocupan, con las restricciones que nos acompa\u00f1an y las medidas que escrupulosamente cumplimos, poder llevar a cabo un evento de tal magnitud, con gran \u00e9xito, participaci\u00f3n y compromiso por parte de los empleados, es un lujo.<\/p>\n\n\n\n<p>Muchas gracias a <a href=\"https:\/\/granerovideo.com\/\">Granero Video<\/a>, sin sus medios t\u00e9cnicos ser\u00eda imposible dar un servicio de calidad y de tal grado de originalidad como el que ofrecimos en este Evento de Empresa. Un guion personalizado, con una presentaci\u00f3n en directo \u00fanica y un v\u00eddeo resumen que dejar\u00e1 huella en los asistentes a la fiesta. Un bonito recuerdo de un evento de empresa que, bajo todas las medidas de seguridad, pudo realizarsecon m\u00fasica, audiovisuales y alegr\u00eda.<\/p>\n\n\n\n<p>Gracias al equipo de Metrolec por confiar en mi un a\u00f1o m\u00e1s, es un honor poder acompa\u00f1aros en el viaje hacia la innovaci\u00f3n y el crecimiento un a\u00f1o m\u00e1s.<\/p>\n\n\n\n<p>\u00bfEst\u00e1s buscando un presentador para tu evento de empresa? Conf\u00eda en un profesional para compartir tus objetivos con el equipo, desarrollar el plan que imaginas y poder celebrar con tu empresa un a\u00f1o m\u00e1s.<\/p>\n\n\n\n<p>Javier Varela, Presentador de Eventos de Empresa personalizados<\/p>\n\n\n\n<figure class=\"wp-block-image size-large\"><img loading=\"lazy\" decoding=\"async\" width=\"1024\" height=\"577\" src=\"https:\/\/javiervarelactor.com\/wp-content\/uploads\/2022\/01\/image0-1024x577.jpeg\" alt=\"\" class=\"wp-image-1794\" srcset=\"https:\/\/javiervarelactor.com\/wp-content\/uploads\/2022\/01\/image0-1024x577.jpeg 1024w, https:\/\/javiervarelactor.com\/wp-content\/uploads\/2022\/01\/image0-300x169.jpeg 300w, https:\/\/javiervarelactor.com\/wp-content\/uploads\/2022\/01\/image0-768x433.jpeg 768w, https:\/\/javiervarelactor.com\/wp-content\/uploads\/2022\/01\/image0-1536x866.jpeg 1536w, https:\/\/javiervarelactor.com\/wp-content\/uploads\/2022\/01\/image0.jpeg 2048w\" sizes=\"(max-width: 1024px) 100vw, 1024px\" \/><\/figure>\n\n\n\n<p><\/p>\n","protected":false},"excerpt":{"rendered":"<p>Presentador de Eventos de Empresa personalizados en Valladolid, Madrid o Galicia. Presentador Javier Varela evento Metrolec.<\/p>\n","protected":false},"author":1,"featured_media":1790,"comment_status":"closed","ping_status":"open","sticky":false,"template":"","format":"standard","meta":{"_monsterinsights_skip_tracking":false,"_monsterinsights_sitenote_active":false,"_monsterinsights_sitenote_note":"","_monsterinsights_sitenote_category":0,"footnotes":""},"categories":[21,78],"tags":[],"yoast_head":"<!-- This site is optimized with the Yoast SEO plugin v22.7 - https:\/\/yoast.com\/wordpress\/plugins\/seo\/ -->\n<title>Presentador de Eventos de Empresa personalizados - Javier Varela<\/title>\n<meta name=\"description\" content=\"Presentador de Eventos de Empresa personalizados en Valladolid, Madrid y Galicia. Guion direcci\u00f3n y producci\u00f3n para que no tengas que preocuparte m\u00e1s que de disfrutar.\" \/>\n<meta name=\"robots\" content=\"index, follow, max-snippet:-1, max-image-preview:large, max-video-preview:-1\" \/>\n<link rel=\"canonical\" href=\"https:\/\/javiervarelactor.com\/?p=1788\" \/>\n<meta property=\"og:locale\" content=\"es_ES\" \/>\n<meta property=\"og:type\" content=\"article\" \/>\n<meta property=\"og:title\" content=\"Presentador de Eventos de Empresa personalizados - Javier Varela\" \/>\n<meta property=\"og:description\" content=\"Presentador de Eventos de Empresa personalizados en Valladolid, Madrid y Galicia. Guion direcci\u00f3n y producci\u00f3n para que no tengas que preocuparte m\u00e1s que de disfrutar.\" \/>\n<meta property=\"og:url\" content=\"https:\/\/javiervarelactor.com\/?p=1788\" \/>\n<meta property=\"og:site_name\" content=\"Javier Varela\" \/>\n<meta property=\"article:publisher\" content=\"https:\/\/www.facebook.com\/pages\/Javier-Varela\/145894855509796?sk=info&amp;amp%3bamp%3bamp%3bamp%3btab=page_info\" \/>\n<meta property=\"article:published_time\" content=\"2022-01-24T16:21:08+00:00\" \/>\n<meta property=\"article:modified_time\" content=\"2022-01-24T16:43:53+00:00\" \/>\n<meta property=\"og:image\" content=\"http:\/\/javiervarelactor.com\/wp-content\/uploads\/2022\/01\/image2-1-edited.jpeg\" \/>\n\t<meta property=\"og:image:width\" content=\"1234\" \/>\n\t<meta property=\"og:image:height\" content=\"695\" \/>\n\t<meta property=\"og:image:type\" content=\"image\/jpeg\" \/>\n<meta name=\"author\" content=\"Javier Varela\" \/>\n<meta name=\"twitter:label1\" content=\"Escrito por\" \/>\n\t<meta name=\"twitter:data1\" content=\"Javier Varela\" \/>\n\t<meta name=\"twitter:label2\" content=\"Tiempo de lectura\" \/>\n\t<meta name=\"twitter:data2\" content=\"1 minuto\" \/>\n<script type=\"application\/ld+json\" class=\"yoast-schema-graph\">{\"@context\":\"https:\/\/schema.org\",\"@graph\":[{\"@type\":\"WebPage\",\"@id\":\"https:\/\/javiervarelactor.com\/?p=1788\",\"url\":\"https:\/\/javiervarelactor.com\/?p=1788\",\"name\":\"Presentador de Eventos de Empresa personalizados - Javier Varela\",\"isPartOf\":{\"@id\":\"https:\/\/javiervarelactor.com\/#website\"},\"primaryImageOfPage\":{\"@id\":\"https:\/\/javiervarelactor.com\/?p=1788#primaryimage\"},\"image\":{\"@id\":\"https:\/\/javiervarelactor.com\/?p=1788#primaryimage\"},\"thumbnailUrl\":\"https:\/\/javiervarelactor.com\/wp-content\/uploads\/2022\/01\/image2-1-edited.jpeg\",\"datePublished\":\"2022-01-24T16:21:08+00:00\",\"dateModified\":\"2022-01-24T16:43:53+00:00\",\"author\":{\"@id\":\"https:\/\/javiervarelactor.com\/#\/schema\/person\/e3104f2f3cca87d9a07b40f5281c02ba\"},\"description\":\"Presentador de Eventos de Empresa personalizados en Valladolid, Madrid y Galicia. Guion direcci\u00f3n y producci\u00f3n para que no tengas que preocuparte m\u00e1s que de disfrutar.\",\"breadcrumb\":{\"@id\":\"https:\/\/javiervarelactor.com\/?p=1788#breadcrumb\"},\"inLanguage\":\"es\",\"potentialAction\":[{\"@type\":\"ReadAction\",\"target\":[\"https:\/\/javiervarelactor.com\/?p=1788\"]}]},{\"@type\":\"ImageObject\",\"inLanguage\":\"es\",\"@id\":\"https:\/\/javiervarelactor.com\/?p=1788#primaryimage\",\"url\":\"https:\/\/javiervarelactor.com\/wp-content\/uploads\/2022\/01\/image2-1-edited.jpeg\",\"contentUrl\":\"https:\/\/javiervarelactor.com\/wp-content\/uploads\/2022\/01\/image2-1-edited.jpeg\",\"width\":1234,\"height\":695,\"caption\":\"presentador evento metrolec\"},{\"@type\":\"BreadcrumbList\",\"@id\":\"https:\/\/javiervarelactor.com\/?p=1788#breadcrumb\",\"itemListElement\":[{\"@type\":\"ListItem\",\"position\":1,\"name\":\"Inicio\",\"item\":\"https:\/\/javiervarelactor.com\/\"},{\"@type\":\"ListItem\",\"position\":2,\"name\":\"Presentador de Eventos de Empresa personalizados\"}]},{\"@type\":\"WebSite\",\"@id\":\"https:\/\/javiervarelactor.com\/#website\",\"url\":\"https:\/\/javiervarelactor.com\/\",\"name\":\"Javier Varela\",\"description\":\"Actor y Presentador\",\"potentialAction\":[{\"@type\":\"SearchAction\",\"target\":{\"@type\":\"EntryPoint\",\"urlTemplate\":\"https:\/\/javiervarelactor.com\/?s={search_term_string}\"},\"query-input\":\"required name=search_term_string\"}],\"inLanguage\":\"es\"},{\"@type\":\"Person\",\"@id\":\"https:\/\/javiervarelactor.com\/#\/schema\/person\/e3104f2f3cca87d9a07b40f5281c02ba\",\"name\":\"Javier Varela\",\"image\":{\"@type\":\"ImageObject\",\"inLanguage\":\"es\",\"@id\":\"https:\/\/javiervarelactor.com\/#\/schema\/person\/image\/\",\"url\":\"https:\/\/secure.gravatar.com\/avatar\/858edfdbe98ed682c9723085564a87b3?s=96&d=mm&r=g\",\"contentUrl\":\"https:\/\/secure.gravatar.com\/avatar\/858edfdbe98ed682c9723085564a87b3?s=96&d=mm&r=g\",\"caption\":\"Javier Varela\"},\"sameAs\":[\"http:\/\/www.javiervarelactor.com\"],\"url\":\"https:\/\/javiervarelactor.com\/?author=1\"}]}<\/script>\n<!-- \/ Yoast SEO plugin. -->","yoast_head_json":{"title":"Presentador de Eventos de Empresa personalizados - Javier Varela","description":"Presentador de Eventos de Empresa personalizados en Valladolid, Madrid y Galicia. Guion direcci\u00f3n y producci\u00f3n para que no tengas que preocuparte m\u00e1s que de disfrutar.","robots":{"index":"index","follow":"follow","max-snippet":"max-snippet:-1","max-image-preview":"max-image-preview:large","max-video-preview":"max-video-preview:-1"},"canonical":"https:\/\/javiervarelactor.com\/?p=1788","og_locale":"es_ES","og_type":"article","og_title":"Presentador de Eventos de Empresa personalizados - Javier Varela","og_description":"Presentador de Eventos de Empresa personalizados en Valladolid, Madrid y Galicia. Guion direcci\u00f3n y producci\u00f3n para que no tengas que preocuparte m\u00e1s que de disfrutar.","og_url":"https:\/\/javiervarelactor.com\/?p=1788","og_site_name":"Javier Varela","article_publisher":"https:\/\/www.facebook.com\/pages\/Javier-Varela\/145894855509796?sk=info&amp%3bamp%3bamp%3bamp%3btab=page_info","article_published_time":"2022-01-24T16:21:08+00:00","article_modified_time":"2022-01-24T16:43:53+00:00","og_image":[{"width":1234,"height":695,"url":"http:\/\/javiervarelactor.com\/wp-content\/uploads\/2022\/01\/image2-1-edited.jpeg","type":"image\/jpeg"}],"author":"Javier Varela","twitter_misc":{"Escrito por":"Javier Varela","Tiempo de lectura":"1 minuto"},"schema":{"@context":"https:\/\/schema.org","@graph":[{"@type":"WebPage","@id":"https:\/\/javiervarelactor.com\/?p=1788","url":"https:\/\/javiervarelactor.com\/?p=1788","name":"Presentador de Eventos de Empresa personalizados - Javier Varela","isPartOf":{"@id":"https:\/\/javiervarelactor.com\/#website"},"primaryImageOfPage":{"@id":"https:\/\/javiervarelactor.com\/?p=1788#primaryimage"},"image":{"@id":"https:\/\/javiervarelactor.com\/?p=1788#primaryimage"},"thumbnailUrl":"https:\/\/javiervarelactor.com\/wp-content\/uploads\/2022\/01\/image2-1-edited.jpeg","datePublished":"2022-01-24T16:21:08+00:00","dateModified":"2022-01-24T16:43:53+00:00","author":{"@id":"https:\/\/javiervarelactor.com\/#\/schema\/person\/e3104f2f3cca87d9a07b40f5281c02ba"},"description":"Presentador de Eventos de Empresa personalizados en Valladolid, Madrid y Galicia. Guion direcci\u00f3n y producci\u00f3n para que no tengas que preocuparte m\u00e1s que de disfrutar.","breadcrumb":{"@id":"https:\/\/javiervarelactor.com\/?p=1788#breadcrumb"},"inLanguage":"es","potentialAction":[{"@type":"ReadAction","target":["https:\/\/javiervarelactor.com\/?p=1788"]}]},{"@type":"ImageObject","inLanguage":"es","@id":"https:\/\/javiervarelactor.com\/?p=1788#primaryimage","url":"https:\/\/javiervarelactor.com\/wp-content\/uploads\/2022\/01\/image2-1-edited.jpeg","contentUrl":"https:\/\/javiervarelactor.com\/wp-content\/uploads\/2022\/01\/image2-1-edited.jpeg","width":1234,"height":695,"caption":"presentador evento metrolec"},{"@type":"BreadcrumbList","@id":"https:\/\/javiervarelactor.com\/?p=1788#breadcrumb","itemListElement":[{"@type":"ListItem","position":1,"name":"Inicio","item":"https:\/\/javiervarelactor.com\/"},{"@type":"ListItem","position":2,"name":"Presentador de Eventos de Empresa personalizados"}]},{"@type":"WebSite","@id":"https:\/\/javiervarelactor.com\/#website","url":"https:\/\/javiervarelactor.com\/","name":"Javier Varela","description":"Actor y Presentador","potentialAction":[{"@type":"SearchAction","target":{"@type":"EntryPoint","urlTemplate":"https:\/\/javiervarelactor.com\/?s={search_term_string}"},"query-input":"required name=search_term_string"}],"inLanguage":"es"},{"@type":"Person","@id":"https:\/\/javiervarelactor.com\/#\/schema\/person\/e3104f2f3cca87d9a07b40f5281c02ba","name":"Javier Varela","image":{"@type":"ImageObject","inLanguage":"es","@id":"https:\/\/javiervarelactor.com\/#\/schema\/person\/image\/","url":"https:\/\/secure.gravatar.com\/avatar\/858edfdbe98ed682c9723085564a87b3?s=96&d=mm&r=g","contentUrl":"https:\/\/secure.gravatar.com\/avatar\/858edfdbe98ed682c9723085564a87b3?s=96&d=mm&r=g","caption":"Javier Varela"},"sameAs":["http:\/\/www.javiervarelactor.com"],"url":"https:\/\/javiervarelactor.com\/?author=1"}]}},"_links":{"self":[{"href":"https:\/\/javiervarelactor.com\/index.php?rest_route=\/wp\/v2\/posts\/1788"}],"collection":[{"href":"https:\/\/javiervarelactor.com\/index.php?rest_route=\/wp\/v2\/posts"}],"about":[{"href":"https:\/\/javiervarelactor.com\/index.php?rest_route=\/wp\/v2\/types\/post"}],"author":[{"embeddable":true,"href":"https:\/\/javiervarelactor.com\/index.php?rest_route=\/wp\/v2\/users\/1"}],"replies":[{"embeddable":true,"href":"https:\/\/javiervarelactor.com\/index.php?rest_route=%2Fwp%2Fv2%2Fcomments&post=1788"}],"version-history":[{"count":4,"href":"https:\/\/javiervarelactor.com\/index.php?rest_route=\/wp\/v2\/posts\/1788\/revisions"}],"predecessor-version":[{"id":1801,"href":"https:\/\/javiervarelactor.com\/index.php?rest_route=\/wp\/v2\/posts\/1788\/revisions\/1801"}],"wp:featuredmedia":[{"embeddable":true,"href":"https:\/\/javiervarelactor.com\/index.php?rest_route=\/wp\/v2\/media\/1790"}],"wp:attachment":[{"href":"https:\/\/javiervarelactor.com\/index.php?rest_route=%2Fwp%2Fv2%2Fmedia&parent=1788"}],"wp:term":[{"taxonomy":"category","embeddable":true,"href":"https:\/\/javiervarelactor.com\/index.php?rest_route=%2Fwp%2Fv2%2Fcategories&post=1788"},{"taxonomy":"post_tag","embeddable":true,"href":"https:\/\/javiervarelactor.com\/index.php?rest_route=%2Fwp%2Fv2%2Ftags&post=1788"}],"curies":[{"name":"wp","href":"https:\/\/api.w.org\/{rel}","templated":true}]}}