{"id":1781,"date":"2021-11-02T08:46:15","date_gmt":"2021-11-02T08:46:15","guid":{"rendered":"http:\/\/javiervarelactor.com\/?p=1781"},"modified":"2021-11-02T08:48:37","modified_gmt":"2021-11-02T08:48:37","slug":"nuevos-proyectos-navidad-2021","status":"publish","type":"post","link":"https:\/\/javiervarelactor.com\/?p=1781","title":{"rendered":"Nuevos proyectos Navidad 2021"},"content":{"rendered":"\n<p>En estas fechas ya empezamos a hacer balances del a\u00f1o que se escapa, y planes para el a\u00f1o que entra. Desde aqu\u00ed pronto podr\u00e9 compartir balance con un resumen de todo lo que me ha ocupado durante este 2021; televisi\u00f3n, series y cine, o CINE mejor dicho. Como muchas veces escuch\u00e9 de referentes en la profesi\u00f3n, frases que parec\u00edan hechas y vac\u00edas de significado, hoy tengo el honor, el placer y, proque no, el privilegio, de poder decir con pleno significado que \u00abpronto podr\u00e9 contar en qu\u00e9 ando metido pero que, por el momento, no puedo desvelar\u00bb. <\/p>\n\n\n\n<p>Asi que, mientras la emoci\u00f3n, la concentraci\u00f3n y el desempe\u00f1o del trabajo como actor me ocupa, sigo en ello.Horas de pantalla, de tel\u00e9fono y de espejo. Hablar solo, so\u00f1ar solo y trabajar acompa\u00f1ado de gente profesional y muy dispuesta a compartir para crear proyectos en los que hace a\u00f1os no pod\u00eda ni imaginar estar involucrado.<\/p>\n\n\n\n<p>Para la Navidad 2022 me alegra deciros que si, que vuelven los EVENTOS DE EMPRESA, asunto que me divierte y me mantiene activo creando y disfrutando del m\u00e1s riguroso directo.<\/p>\n\n\n\n<figure class=\"wp-block-image size-large is-resized\"><img loading=\"lazy\" decoding=\"async\" src=\"https:\/\/javiervarelactor.com\/wp-content\/uploads\/2021\/11\/presentador-eventos-empresa.jpg\" alt=\"\" class=\"wp-image-1782\" width=\"461\" height=\"273\" srcset=\"https:\/\/javiervarelactor.com\/wp-content\/uploads\/2021\/11\/presentador-eventos-empresa.jpg 861w, https:\/\/javiervarelactor.com\/wp-content\/uploads\/2021\/11\/presentador-eventos-empresa-300x177.jpg 300w, https:\/\/javiervarelactor.com\/wp-content\/uploads\/2021\/11\/presentador-eventos-empresa-768x454.jpg 768w\" sizes=\"(max-width: 461px) 100vw, 461px\" \/><figcaption>Presentador Eventos de Empresa Navidad 2021<\/figcaption><\/figure>\n\n\n\n<p><\/p>\n","protected":false},"excerpt":{"rendered":"<p>En estas fechas ya empezamos a hacer balances del a\u00f1o que se escapa, y planes para el a\u00f1o que entra. Desde aqu\u00ed pronto podr\u00e9 compartir balance con un resumen de todo lo que me ha ocupado durante este 2021; televisi\u00f3n, series y cine, o CINE mejor dicho. Como muchas veces escuch\u00e9 de referentes en la <a class=\"read-more\" href=\"https:\/\/javiervarelactor.com\/?p=1781\">Leer m\u00e1s<\/a><\/p>\n","protected":false},"author":1,"featured_media":1782,"comment_status":"closed","ping_status":"open","sticky":false,"template":"","format":"standard","meta":{"_monsterinsights_skip_tracking":false,"_monsterinsights_sitenote_active":false,"_monsterinsights_sitenote_note":"","_monsterinsights_sitenote_category":0,"footnotes":""},"categories":[21],"tags":[],"yoast_head":"<!-- This site is optimized with the Yoast SEO plugin v22.7 - https:\/\/yoast.com\/wordpress\/plugins\/seo\/ -->\n<title>Nuevos proyectos Navidad 2021 - Javier Varela<\/title>\n<meta name=\"robots\" content=\"index, follow, max-snippet:-1, max-image-preview:large, max-video-preview:-1\" \/>\n<link rel=\"canonical\" href=\"https:\/\/javiervarelactor.com\/?p=1781\" \/>\n<meta property=\"og:locale\" content=\"es_ES\" \/>\n<meta property=\"og:type\" content=\"article\" \/>\n<meta property=\"og:title\" content=\"Nuevos proyectos Navidad 2021 - Javier Varela\" \/>\n<meta property=\"og:description\" content=\"En estas fechas ya empezamos a hacer balances del a\u00f1o que se escapa, y planes para el a\u00f1o que entra. Desde aqu\u00ed pronto podr\u00e9 compartir balance con un resumen de todo lo que me ha ocupado durante este 2021; televisi\u00f3n, series y cine, o CINE mejor dicho. Como muchas veces escuch\u00e9 de referentes en la Leer m\u00e1s\" \/>\n<meta property=\"og:url\" content=\"https:\/\/javiervarelactor.com\/?p=1781\" \/>\n<meta property=\"og:site_name\" content=\"Javier Varela\" \/>\n<meta property=\"article:publisher\" content=\"https:\/\/www.facebook.com\/pages\/Javier-Varela\/145894855509796?sk=info&amp;amp%3bamp%3bamp%3bamp%3btab=page_info\" \/>\n<meta property=\"article:published_time\" content=\"2021-11-02T08:46:15+00:00\" \/>\n<meta property=\"article:modified_time\" content=\"2021-11-02T08:48:37+00:00\" \/>\n<meta property=\"og:image\" content=\"http:\/\/javiervarelactor.com\/wp-content\/uploads\/2021\/11\/presentador-eventos-empresa.jpg\" \/>\n\t<meta property=\"og:image:width\" content=\"861\" \/>\n\t<meta property=\"og:image:height\" content=\"509\" \/>\n\t<meta property=\"og:image:type\" content=\"image\/jpeg\" \/>\n<meta name=\"author\" content=\"Javier Varela\" \/>\n<meta name=\"twitter:label1\" content=\"Escrito por\" \/>\n\t<meta name=\"twitter:data1\" content=\"Javier Varela\" \/>\n\t<meta name=\"twitter:label2\" content=\"Tiempo de lectura\" \/>\n\t<meta name=\"twitter:data2\" content=\"1 minuto\" \/>\n<script type=\"application\/ld+json\" class=\"yoast-schema-graph\">{\"@context\":\"https:\/\/schema.org\",\"@graph\":[{\"@type\":\"WebPage\",\"@id\":\"https:\/\/javiervarelactor.com\/?p=1781\",\"url\":\"https:\/\/javiervarelactor.com\/?p=1781\",\"name\":\"Nuevos proyectos Navidad 2021 - Javier Varela\",\"isPartOf\":{\"@id\":\"https:\/\/javiervarelactor.com\/#website\"},\"primaryImageOfPage\":{\"@id\":\"https:\/\/javiervarelactor.com\/?p=1781#primaryimage\"},\"image\":{\"@id\":\"https:\/\/javiervarelactor.com\/?p=1781#primaryimage\"},\"thumbnailUrl\":\"https:\/\/javiervarelactor.com\/wp-content\/uploads\/2021\/11\/presentador-eventos-empresa.jpg\",\"datePublished\":\"2021-11-02T08:46:15+00:00\",\"dateModified\":\"2021-11-02T08:48:37+00:00\",\"author\":{\"@id\":\"https:\/\/javiervarelactor.com\/#\/schema\/person\/e3104f2f3cca87d9a07b40f5281c02ba\"},\"breadcrumb\":{\"@id\":\"https:\/\/javiervarelactor.com\/?p=1781#breadcrumb\"},\"inLanguage\":\"es\",\"potentialAction\":[{\"@type\":\"ReadAction\",\"target\":[\"https:\/\/javiervarelactor.com\/?p=1781\"]}]},{\"@type\":\"ImageObject\",\"inLanguage\":\"es\",\"@id\":\"https:\/\/javiervarelactor.com\/?p=1781#primaryimage\",\"url\":\"https:\/\/javiervarelactor.com\/wp-content\/uploads\/2021\/11\/presentador-eventos-empresa.jpg\",\"contentUrl\":\"https:\/\/javiervarelactor.com\/wp-content\/uploads\/2021\/11\/presentador-eventos-empresa.jpg\",\"width\":861,\"height\":509,\"caption\":\"Presentador eventos Navidad 2021\"},{\"@type\":\"BreadcrumbList\",\"@id\":\"https:\/\/javiervarelactor.com\/?p=1781#breadcrumb\",\"itemListElement\":[{\"@type\":\"ListItem\",\"position\":1,\"name\":\"Inicio\",\"item\":\"https:\/\/javiervarelactor.com\/\"},{\"@type\":\"ListItem\",\"position\":2,\"name\":\"Nuevos proyectos Navidad 2021\"}]},{\"@type\":\"WebSite\",\"@id\":\"https:\/\/javiervarelactor.com\/#website\",\"url\":\"https:\/\/javiervarelactor.com\/\",\"name\":\"Javier Varela\",\"description\":\"Actor y Presentador\",\"potentialAction\":[{\"@type\":\"SearchAction\",\"target\":{\"@type\":\"EntryPoint\",\"urlTemplate\":\"https:\/\/javiervarelactor.com\/?s={search_term_string}\"},\"query-input\":\"required name=search_term_string\"}],\"inLanguage\":\"es\"},{\"@type\":\"Person\",\"@id\":\"https:\/\/javiervarelactor.com\/#\/schema\/person\/e3104f2f3cca87d9a07b40f5281c02ba\",\"name\":\"Javier Varela\",\"image\":{\"@type\":\"ImageObject\",\"inLanguage\":\"es\",\"@id\":\"https:\/\/javiervarelactor.com\/#\/schema\/person\/image\/\",\"url\":\"https:\/\/secure.gravatar.com\/avatar\/858edfdbe98ed682c9723085564a87b3?s=96&d=mm&r=g\",\"contentUrl\":\"https:\/\/secure.gravatar.com\/avatar\/858edfdbe98ed682c9723085564a87b3?s=96&d=mm&r=g\",\"caption\":\"Javier Varela\"},\"sameAs\":[\"http:\/\/www.javiervarelactor.com\"],\"url\":\"https:\/\/javiervarelactor.com\/?author=1\"}]}<\/script>\n<!-- \/ Yoast SEO plugin. -->","yoast_head_json":{"title":"Nuevos proyectos Navidad 2021 - Javier Varela","robots":{"index":"index","follow":"follow","max-snippet":"max-snippet:-1","max-image-preview":"max-image-preview:large","max-video-preview":"max-video-preview:-1"},"canonical":"https:\/\/javiervarelactor.com\/?p=1781","og_locale":"es_ES","og_type":"article","og_title":"Nuevos proyectos Navidad 2021 - Javier Varela","og_description":"En estas fechas ya empezamos a hacer balances del a\u00f1o que se escapa, y planes para el a\u00f1o que entra. Desde aqu\u00ed pronto podr\u00e9 compartir balance con un resumen de todo lo que me ha ocupado durante este 2021; televisi\u00f3n, series y cine, o CINE mejor dicho. Como muchas veces escuch\u00e9 de referentes en la Leer m\u00e1s","og_url":"https:\/\/javiervarelactor.com\/?p=1781","og_site_name":"Javier Varela","article_publisher":"https:\/\/www.facebook.com\/pages\/Javier-Varela\/145894855509796?sk=info&amp%3bamp%3bamp%3bamp%3btab=page_info","article_published_time":"2021-11-02T08:46:15+00:00","article_modified_time":"2021-11-02T08:48:37+00:00","og_image":[{"width":861,"height":509,"url":"http:\/\/javiervarelactor.com\/wp-content\/uploads\/2021\/11\/presentador-eventos-empresa.jpg","type":"image\/jpeg"}],"author":"Javier Varela","twitter_misc":{"Escrito por":"Javier Varela","Tiempo de lectura":"1 minuto"},"schema":{"@context":"https:\/\/schema.org","@graph":[{"@type":"WebPage","@id":"https:\/\/javiervarelactor.com\/?p=1781","url":"https:\/\/javiervarelactor.com\/?p=1781","name":"Nuevos proyectos Navidad 2021 - Javier Varela","isPartOf":{"@id":"https:\/\/javiervarelactor.com\/#website"},"primaryImageOfPage":{"@id":"https:\/\/javiervarelactor.com\/?p=1781#primaryimage"},"image":{"@id":"https:\/\/javiervarelactor.com\/?p=1781#primaryimage"},"thumbnailUrl":"https:\/\/javiervarelactor.com\/wp-content\/uploads\/2021\/11\/presentador-eventos-empresa.jpg","datePublished":"2021-11-02T08:46:15+00:00","dateModified":"2021-11-02T08:48:37+00:00","author":{"@id":"https:\/\/javiervarelactor.com\/#\/schema\/person\/e3104f2f3cca87d9a07b40f5281c02ba"},"breadcrumb":{"@id":"https:\/\/javiervarelactor.com\/?p=1781#breadcrumb"},"inLanguage":"es","potentialAction":[{"@type":"ReadAction","target":["https:\/\/javiervarelactor.com\/?p=1781"]}]},{"@type":"ImageObject","inLanguage":"es","@id":"https:\/\/javiervarelactor.com\/?p=1781#primaryimage","url":"https:\/\/javiervarelactor.com\/wp-content\/uploads\/2021\/11\/presentador-eventos-empresa.jpg","contentUrl":"https:\/\/javiervarelactor.com\/wp-content\/uploads\/2021\/11\/presentador-eventos-empresa.jpg","width":861,"height":509,"caption":"Presentador eventos Navidad 2021"},{"@type":"BreadcrumbList","@id":"https:\/\/javiervarelactor.com\/?p=1781#breadcrumb","itemListElement":[{"@type":"ListItem","position":1,"name":"Inicio","item":"https:\/\/javiervarelactor.com\/"},{"@type":"ListItem","position":2,"name":"Nuevos proyectos Navidad 2021"}]},{"@type":"WebSite","@id":"https:\/\/javiervarelactor.com\/#website","url":"https:\/\/javiervarelactor.com\/","name":"Javier Varela","description":"Actor y Presentador","potentialAction":[{"@type":"SearchAction","target":{"@type":"EntryPoint","urlTemplate":"https:\/\/javiervarelactor.com\/?s={search_term_string}"},"query-input":"required name=search_term_string"}],"inLanguage":"es"},{"@type":"Person","@id":"https:\/\/javiervarelactor.com\/#\/schema\/person\/e3104f2f3cca87d9a07b40f5281c02ba","name":"Javier Varela","image":{"@type":"ImageObject","inLanguage":"es","@id":"https:\/\/javiervarelactor.com\/#\/schema\/person\/image\/","url":"https:\/\/secure.gravatar.com\/avatar\/858edfdbe98ed682c9723085564a87b3?s=96&d=mm&r=g","contentUrl":"https:\/\/secure.gravatar.com\/avatar\/858edfdbe98ed682c9723085564a87b3?s=96&d=mm&r=g","caption":"Javier Varela"},"sameAs":["http:\/\/www.javiervarelactor.com"],"url":"https:\/\/javiervarelactor.com\/?author=1"}]}},"_links":{"self":[{"href":"https:\/\/javiervarelactor.com\/index.php?rest_route=\/wp\/v2\/posts\/1781"}],"collection":[{"href":"https:\/\/javiervarelactor.com\/index.php?rest_route=\/wp\/v2\/posts"}],"about":[{"href":"https:\/\/javiervarelactor.com\/index.php?rest_route=\/wp\/v2\/types\/post"}],"author":[{"embeddable":true,"href":"https:\/\/javiervarelactor.com\/index.php?rest_route=\/wp\/v2\/users\/1"}],"replies":[{"embeddable":true,"href":"https:\/\/javiervarelactor.com\/index.php?rest_route=%2Fwp%2Fv2%2Fcomments&post=1781"}],"version-history":[{"count":1,"href":"https:\/\/javiervarelactor.com\/index.php?rest_route=\/wp\/v2\/posts\/1781\/revisions"}],"predecessor-version":[{"id":1783,"href":"https:\/\/javiervarelactor.com\/index.php?rest_route=\/wp\/v2\/posts\/1781\/revisions\/1783"}],"wp:featuredmedia":[{"embeddable":true,"href":"https:\/\/javiervarelactor.com\/index.php?rest_route=\/wp\/v2\/media\/1782"}],"wp:attachment":[{"href":"https:\/\/javiervarelactor.com\/index.php?rest_route=%2Fwp%2Fv2%2Fmedia&parent=1781"}],"wp:term":[{"taxonomy":"category","embeddable":true,"href":"https:\/\/javiervarelactor.com\/index.php?rest_route=%2Fwp%2Fv2%2Fcategories&post=1781"},{"taxonomy":"post_tag","embeddable":true,"href":"https:\/\/javiervarelactor.com\/index.php?rest_route=%2Fwp%2Fv2%2Ftags&post=1781"}],"curies":[{"name":"wp","href":"https:\/\/api.w.org\/{rel}","templated":true}]}}