{"id":1777,"date":"2021-07-23T14:31:38","date_gmt":"2021-07-23T14:31:38","guid":{"rendered":"http:\/\/javiervarelactor.com\/?p=1777"},"modified":"2021-07-23T14:32:11","modified_gmt":"2021-07-23T14:32:11","slug":"estreno-nueva-temporada-imos-de-feira","status":"publish","type":"post","link":"https:\/\/javiervarelactor.com\/?p=1777","title":{"rendered":"Estreno nueva temporada \u00abImos de Feira\u00bb"},"content":{"rendered":"\n<p>Ya est\u00e1 aqu\u00ed, ya podemos disfrutar de la nueva temporada de \u00ab<strong>Imos de Feira<\/strong>\u00bb en Tvg, el programa que presento junto a mi maravilloso compa\u00f1ero Rafa Dur\u00e1n en TVG.<\/p>\n\n\n\n<p>En cada programa visitamos la feria de una localidad gallega, conocemos a sus vecinos, conectamos con los puestos y sus responsables y adem\u00e1s, ponemos en juego un sencillo concurso para ganar un interesante premio a gastar en la misma localidad. Una manera de poner en valor el trabajo, dedicaci\u00f3n y buen ambiente que se respira en las ferias cada d\u00eda en nuestras tierras gallegas.<\/p>\n\n\n\n<p>Ha sido un placer poder formar parte de un tandem tan amable y divertido con mi, siempre querido, Rafa Dur\u00e1n. Desde aqu\u00ed mi abrazo m\u00e1s c\u00e1lido, todo mi cari\u00f1o, que espero pod\u00e1is sentir desde vuestras casas, y aprovecho, as\u00ed como una exaltaci\u00f3n merecida, quiero agradecer a Rafa su profesionalidad y, en lo personal, estar siempre tan cerca y tan ocupado por mi y mis asuntos. Es una lujo poder trabajar con un hermano. Asi que, gracias a Imos de Feira y a la TVG por, una vez m\u00e1s, provocar que hagamos de nuestra profesi\u00f3n un bue rato, una manera agradable de llevar las horas de espera, los viajes y las estancias fuera de casa.<\/p>\n\n\n\n<p>Estreno de nueva temporada de \u00abImos de Feira\u00bb, los lunes en TVG 22.40h o cuando tu quieras en este enlace: <a href=\"https:\/\/www.crtvg.es\/tvg\/programas\/imos-de-feira\">Imos de Feira<\/a><\/p>\n","protected":false},"excerpt":{"rendered":"<p>Ya est\u00e1 aqu\u00ed, ya podemos disfrutar de la nueva temporada de \u00abImos de Feira\u00bb en Tvg, el programa que presento junto a mi maravilloso compa\u00f1ero Rafa Dur\u00e1n en TVG. En cada programa visitamos la feria de una localidad gallega, conocemos a sus vecinos, conectamos con los puestos y sus responsables y adem\u00e1s, ponemos en juego <a class=\"read-more\" href=\"https:\/\/javiervarelactor.com\/?p=1777\">Leer m\u00e1s<\/a><\/p>\n","protected":false},"author":1,"featured_media":1778,"comment_status":"closed","ping_status":"open","sticky":false,"template":"","format":"standard","meta":{"_monsterinsights_skip_tracking":false,"_monsterinsights_sitenote_active":false,"_monsterinsights_sitenote_note":"","_monsterinsights_sitenote_category":0,"footnotes":""},"categories":[41,22],"tags":[43],"yoast_head":"<!-- This site is optimized with the Yoast SEO plugin v22.7 - https:\/\/yoast.com\/wordpress\/plugins\/seo\/ -->\n<title>Estreno nueva temporada &quot;Imos de Feira&quot; - Javier Varela<\/title>\n<meta name=\"robots\" content=\"index, follow, max-snippet:-1, max-image-preview:large, max-video-preview:-1\" \/>\n<link rel=\"canonical\" href=\"https:\/\/javiervarelactor.com\/?p=1777\" \/>\n<meta property=\"og:locale\" content=\"es_ES\" \/>\n<meta property=\"og:type\" content=\"article\" \/>\n<meta property=\"og:title\" content=\"Estreno nueva temporada &quot;Imos de Feira&quot; - Javier Varela\" \/>\n<meta property=\"og:description\" content=\"Ya est\u00e1 aqu\u00ed, ya podemos disfrutar de la nueva temporada de \u00abImos de Feira\u00bb en Tvg, el programa que presento junto a mi maravilloso compa\u00f1ero Rafa Dur\u00e1n en TVG. En cada programa visitamos la feria de una localidad gallega, conocemos a sus vecinos, conectamos con los puestos y sus responsables y adem\u00e1s, ponemos en juego Leer m\u00e1s\" \/>\n<meta property=\"og:url\" content=\"https:\/\/javiervarelactor.com\/?p=1777\" \/>\n<meta property=\"og:site_name\" content=\"Javier Varela\" \/>\n<meta property=\"article:publisher\" content=\"https:\/\/www.facebook.com\/pages\/Javier-Varela\/145894855509796?sk=info&amp;amp%3bamp%3bamp%3bamp%3btab=page_info\" \/>\n<meta property=\"article:published_time\" content=\"2021-07-23T14:31:38+00:00\" \/>\n<meta property=\"article:modified_time\" content=\"2021-07-23T14:32:11+00:00\" \/>\n<meta property=\"og:image\" content=\"http:\/\/javiervarelactor.com\/wp-content\/uploads\/2021\/07\/presentador-television-de-galicia.jpg\" \/>\n\t<meta property=\"og:image:width\" content=\"1066\" \/>\n\t<meta property=\"og:image:height\" content=\"1600\" \/>\n\t<meta property=\"og:image:type\" content=\"image\/jpeg\" \/>\n<meta name=\"author\" content=\"Javier Varela\" \/>\n<meta name=\"twitter:label1\" content=\"Escrito por\" \/>\n\t<meta name=\"twitter:data1\" content=\"Javier Varela\" \/>\n\t<meta name=\"twitter:label2\" content=\"Tiempo de lectura\" \/>\n\t<meta name=\"twitter:data2\" content=\"1 minuto\" \/>\n<script type=\"application\/ld+json\" class=\"yoast-schema-graph\">{\"@context\":\"https:\/\/schema.org\",\"@graph\":[{\"@type\":\"WebPage\",\"@id\":\"https:\/\/javiervarelactor.com\/?p=1777\",\"url\":\"https:\/\/javiervarelactor.com\/?p=1777\",\"name\":\"Estreno nueva temporada \\\"Imos de Feira\\\" - Javier Varela\",\"isPartOf\":{\"@id\":\"https:\/\/javiervarelactor.com\/#website\"},\"primaryImageOfPage\":{\"@id\":\"https:\/\/javiervarelactor.com\/?p=1777#primaryimage\"},\"image\":{\"@id\":\"https:\/\/javiervarelactor.com\/?p=1777#primaryimage\"},\"thumbnailUrl\":\"https:\/\/javiervarelactor.com\/wp-content\/uploads\/2021\/07\/presentador-television-de-galicia.jpg\",\"datePublished\":\"2021-07-23T14:31:38+00:00\",\"dateModified\":\"2021-07-23T14:32:11+00:00\",\"author\":{\"@id\":\"https:\/\/javiervarelactor.com\/#\/schema\/person\/e3104f2f3cca87d9a07b40f5281c02ba\"},\"breadcrumb\":{\"@id\":\"https:\/\/javiervarelactor.com\/?p=1777#breadcrumb\"},\"inLanguage\":\"es\",\"potentialAction\":[{\"@type\":\"ReadAction\",\"target\":[\"https:\/\/javiervarelactor.com\/?p=1777\"]}]},{\"@type\":\"ImageObject\",\"inLanguage\":\"es\",\"@id\":\"https:\/\/javiervarelactor.com\/?p=1777#primaryimage\",\"url\":\"https:\/\/javiervarelactor.com\/wp-content\/uploads\/2021\/07\/presentador-television-de-galicia.jpg\",\"contentUrl\":\"https:\/\/javiervarelactor.com\/wp-content\/uploads\/2021\/07\/presentador-television-de-galicia.jpg\",\"width\":1066,\"height\":1600,\"caption\":\"estreno imos de feira\"},{\"@type\":\"BreadcrumbList\",\"@id\":\"https:\/\/javiervarelactor.com\/?p=1777#breadcrumb\",\"itemListElement\":[{\"@type\":\"ListItem\",\"position\":1,\"name\":\"Inicio\",\"item\":\"https:\/\/javiervarelactor.com\/\"},{\"@type\":\"ListItem\",\"position\":2,\"name\":\"Estreno nueva temporada \u00abImos de Feira\u00bb\"}]},{\"@type\":\"WebSite\",\"@id\":\"https:\/\/javiervarelactor.com\/#website\",\"url\":\"https:\/\/javiervarelactor.com\/\",\"name\":\"Javier Varela\",\"description\":\"Actor y Presentador\",\"potentialAction\":[{\"@type\":\"SearchAction\",\"target\":{\"@type\":\"EntryPoint\",\"urlTemplate\":\"https:\/\/javiervarelactor.com\/?s={search_term_string}\"},\"query-input\":\"required name=search_term_string\"}],\"inLanguage\":\"es\"},{\"@type\":\"Person\",\"@id\":\"https:\/\/javiervarelactor.com\/#\/schema\/person\/e3104f2f3cca87d9a07b40f5281c02ba\",\"name\":\"Javier Varela\",\"image\":{\"@type\":\"ImageObject\",\"inLanguage\":\"es\",\"@id\":\"https:\/\/javiervarelactor.com\/#\/schema\/person\/image\/\",\"url\":\"https:\/\/secure.gravatar.com\/avatar\/858edfdbe98ed682c9723085564a87b3?s=96&d=mm&r=g\",\"contentUrl\":\"https:\/\/secure.gravatar.com\/avatar\/858edfdbe98ed682c9723085564a87b3?s=96&d=mm&r=g\",\"caption\":\"Javier Varela\"},\"sameAs\":[\"http:\/\/www.javiervarelactor.com\"],\"url\":\"https:\/\/javiervarelactor.com\/?author=1\"}]}<\/script>\n<!-- \/ Yoast SEO plugin. -->","yoast_head_json":{"title":"Estreno nueva temporada \"Imos de Feira\" - Javier Varela","robots":{"index":"index","follow":"follow","max-snippet":"max-snippet:-1","max-image-preview":"max-image-preview:large","max-video-preview":"max-video-preview:-1"},"canonical":"https:\/\/javiervarelactor.com\/?p=1777","og_locale":"es_ES","og_type":"article","og_title":"Estreno nueva temporada \"Imos de Feira\" - Javier Varela","og_description":"Ya est\u00e1 aqu\u00ed, ya podemos disfrutar de la nueva temporada de \u00abImos de Feira\u00bb en Tvg, el programa que presento junto a mi maravilloso compa\u00f1ero Rafa Dur\u00e1n en TVG. En cada programa visitamos la feria de una localidad gallega, conocemos a sus vecinos, conectamos con los puestos y sus responsables y adem\u00e1s, ponemos en juego Leer m\u00e1s","og_url":"https:\/\/javiervarelactor.com\/?p=1777","og_site_name":"Javier Varela","article_publisher":"https:\/\/www.facebook.com\/pages\/Javier-Varela\/145894855509796?sk=info&amp%3bamp%3bamp%3bamp%3btab=page_info","article_published_time":"2021-07-23T14:31:38+00:00","article_modified_time":"2021-07-23T14:32:11+00:00","og_image":[{"width":1066,"height":1600,"url":"http:\/\/javiervarelactor.com\/wp-content\/uploads\/2021\/07\/presentador-television-de-galicia.jpg","type":"image\/jpeg"}],"author":"Javier Varela","twitter_misc":{"Escrito por":"Javier Varela","Tiempo de lectura":"1 minuto"},"schema":{"@context":"https:\/\/schema.org","@graph":[{"@type":"WebPage","@id":"https:\/\/javiervarelactor.com\/?p=1777","url":"https:\/\/javiervarelactor.com\/?p=1777","name":"Estreno nueva temporada \"Imos de Feira\" - Javier Varela","isPartOf":{"@id":"https:\/\/javiervarelactor.com\/#website"},"primaryImageOfPage":{"@id":"https:\/\/javiervarelactor.com\/?p=1777#primaryimage"},"image":{"@id":"https:\/\/javiervarelactor.com\/?p=1777#primaryimage"},"thumbnailUrl":"https:\/\/javiervarelactor.com\/wp-content\/uploads\/2021\/07\/presentador-television-de-galicia.jpg","datePublished":"2021-07-23T14:31:38+00:00","dateModified":"2021-07-23T14:32:11+00:00","author":{"@id":"https:\/\/javiervarelactor.com\/#\/schema\/person\/e3104f2f3cca87d9a07b40f5281c02ba"},"breadcrumb":{"@id":"https:\/\/javiervarelactor.com\/?p=1777#breadcrumb"},"inLanguage":"es","potentialAction":[{"@type":"ReadAction","target":["https:\/\/javiervarelactor.com\/?p=1777"]}]},{"@type":"ImageObject","inLanguage":"es","@id":"https:\/\/javiervarelactor.com\/?p=1777#primaryimage","url":"https:\/\/javiervarelactor.com\/wp-content\/uploads\/2021\/07\/presentador-television-de-galicia.jpg","contentUrl":"https:\/\/javiervarelactor.com\/wp-content\/uploads\/2021\/07\/presentador-television-de-galicia.jpg","width":1066,"height":1600,"caption":"estreno imos de feira"},{"@type":"BreadcrumbList","@id":"https:\/\/javiervarelactor.com\/?p=1777#breadcrumb","itemListElement":[{"@type":"ListItem","position":1,"name":"Inicio","item":"https:\/\/javiervarelactor.com\/"},{"@type":"ListItem","position":2,"name":"Estreno nueva temporada \u00abImos de Feira\u00bb"}]},{"@type":"WebSite","@id":"https:\/\/javiervarelactor.com\/#website","url":"https:\/\/javiervarelactor.com\/","name":"Javier Varela","description":"Actor y Presentador","potentialAction":[{"@type":"SearchAction","target":{"@type":"EntryPoint","urlTemplate":"https:\/\/javiervarelactor.com\/?s={search_term_string}"},"query-input":"required name=search_term_string"}],"inLanguage":"es"},{"@type":"Person","@id":"https:\/\/javiervarelactor.com\/#\/schema\/person\/e3104f2f3cca87d9a07b40f5281c02ba","name":"Javier Varela","image":{"@type":"ImageObject","inLanguage":"es","@id":"https:\/\/javiervarelactor.com\/#\/schema\/person\/image\/","url":"https:\/\/secure.gravatar.com\/avatar\/858edfdbe98ed682c9723085564a87b3?s=96&d=mm&r=g","contentUrl":"https:\/\/secure.gravatar.com\/avatar\/858edfdbe98ed682c9723085564a87b3?s=96&d=mm&r=g","caption":"Javier Varela"},"sameAs":["http:\/\/www.javiervarelactor.com"],"url":"https:\/\/javiervarelactor.com\/?author=1"}]}},"_links":{"self":[{"href":"https:\/\/javiervarelactor.com\/index.php?rest_route=\/wp\/v2\/posts\/1777"}],"collection":[{"href":"https:\/\/javiervarelactor.com\/index.php?rest_route=\/wp\/v2\/posts"}],"about":[{"href":"https:\/\/javiervarelactor.com\/index.php?rest_route=\/wp\/v2\/types\/post"}],"author":[{"embeddable":true,"href":"https:\/\/javiervarelactor.com\/index.php?rest_route=\/wp\/v2\/users\/1"}],"replies":[{"embeddable":true,"href":"https:\/\/javiervarelactor.com\/index.php?rest_route=%2Fwp%2Fv2%2Fcomments&post=1777"}],"version-history":[{"count":1,"href":"https:\/\/javiervarelactor.com\/index.php?rest_route=\/wp\/v2\/posts\/1777\/revisions"}],"predecessor-version":[{"id":1779,"href":"https:\/\/javiervarelactor.com\/index.php?rest_route=\/wp\/v2\/posts\/1777\/revisions\/1779"}],"wp:featuredmedia":[{"embeddable":true,"href":"https:\/\/javiervarelactor.com\/index.php?rest_route=\/wp\/v2\/media\/1778"}],"wp:attachment":[{"href":"https:\/\/javiervarelactor.com\/index.php?rest_route=%2Fwp%2Fv2%2Fmedia&parent=1777"}],"wp:term":[{"taxonomy":"category","embeddable":true,"href":"https:\/\/javiervarelactor.com\/index.php?rest_route=%2Fwp%2Fv2%2Fcategories&post=1777"},{"taxonomy":"post_tag","embeddable":true,"href":"https:\/\/javiervarelactor.com\/index.php?rest_route=%2Fwp%2Fv2%2Ftags&post=1777"}],"curies":[{"name":"wp","href":"https:\/\/api.w.org\/{rel}","templated":true}]}}