{"id":1767,"date":"2021-05-19T09:22:58","date_gmt":"2021-05-19T09:22:58","guid":{"rendered":"http:\/\/javiervarelactor.com\/?p=1767"},"modified":"2021-05-19T10:21:16","modified_gmt":"2021-05-19T10:21:16","slug":"entrevista-para-rne-un-contador-de-historias","status":"publish","type":"post","link":"https:\/\/javiervarelactor.com\/?p=1767","title":{"rendered":"Entrevista para RNE \u00abUn contador de historias\u00bb"},"content":{"rendered":"\n<p>Tras el \u00e9xito en la emisi\u00f3n del programa \u00abSen Fronteiras\u00bb tanto en la televisi\u00f3n p\u00fablica gallega TVG como en la RTP de Portugal, he tenido el privilegio de ser entrevistado en Radio Nacional. Una conversaci\u00f3n animada, sosegada y amable donde comparto mi experiencia laboral m\u00e1s reciente asi como las sensaciones de estos \u00faltimos tiempos.<\/p>\n\n\n\n<p>Os invito a escuchar esta Entrevista para Radio Nacional, son unos 8 minutos para compartir impresiones. Un balance de estos \u00faltimos meses donde hemos estrenado \u00ab<a href=\"https:\/\/javiervarelactor.com\/?tag=o-sabor-das-margaridas\">O Sabor Das Margaritas<\/a>\u00bb en Netflix con un enorme \u00e9xito mundial.<\/p>\n\n\n\n<p>Puedes escuchar el v\u00eddeo directamente aqu\u00ed abajo en el siguiente enlace<\/p>\n\n\n\n<div class=\"wp-block-buttons aligncenter is-layout-flex wp-block-buttons-is-layout-flex\">\n<div class=\"wp-block-button\"><a class=\"wp-block-button__link\" href=\"https:\/\/www.rtve.es\/alacarta\/audios\/cuaderno-mayor\/cuaderno-mayor-javier-varela-contador-historias\/5907000\/\">Entrevista RNE \u00abJavier Varela, un contador de historias\u00bb<\/a><\/div>\n<\/div>\n\n\n\n<figure class=\"wp-block-video aligncenter\"><video controls poster=\"http:\/\/javiervarelactor.com\/wp-content\/uploads\/2019\/11\/ribeira-sacra-javier-e1572858401645.jpg\" src=\"https:\/\/javiervarelactor.com\/wp-content\/uploads\/2021\/05\/Entrevista-RNE.mp4\"><\/video><\/figure>\n\n\n\n<p>Much\u00edsimas gracias a quienes han hecho esta entrevista posible; el gran <a href=\"http:\/\/emilio-gonzalez.com\/\">Emilio Gonz\u00e1lez<\/a>, siempre atento, y a la periodista Juani Loro por el cari\u00f1o y profesionalidad con la que ha articulado esta conversaci\u00f3n, hacerme sentir tan c\u00f3modo y difundir en medios tan interesantes. Espero que con esta entrevista en RNE me conozcais un poco mejor, os resulte ameno y disfrut\u00e9is tanto al escucharla como yo al hacerla.<\/p>\n\n\n\n<p>Ojo con el tema final, una selecci\u00f3n musical maravillosa \u00a1qu\u00e9 buen gusto! \u00ab<strong>Cedeira: Guadi Galeo e Iv\u00e1n Ferreiro<\/strong>\u00ab<\/p>\n\n\n\n<figure class=\"wp-block-embed-youtube wp-block-embed is-type-video is-provider-youtube wp-embed-aspect-16-9 wp-has-aspect-ratio\"><div class=\"wp-block-embed__wrapper\">\n<iframe loading=\"lazy\" title=\"Cedeira: Iv\u00e1n Ferreiro canta en galego con Guadi Galego\" width=\"832\" height=\"468\" src=\"https:\/\/www.youtube.com\/embed\/mpKjWY4dnFo?feature=oembed\" frameborder=\"0\" allow=\"accelerometer; autoplay; clipboard-write; encrypted-media; gyroscope; picture-in-picture\" allowfullscreen><\/iframe>\n<\/div><\/figure>\n","protected":false},"excerpt":{"rendered":"<p>Tras el \u00e9xito en la emisi\u00f3n del programa \u00abSen Fronteiras\u00bb tanto en la televisi\u00f3n p\u00fablica gallega TVG como en la RTP de Portugal, he tenido el privilegio de ser entrevistado en Radio Nacional. Una conversaci\u00f3n animada, sosegada y amable donde comparto mi experiencia laboral m\u00e1s reciente asi como las sensaciones de estos \u00faltimos tiempos. Os <a class=\"read-more\" href=\"https:\/\/javiervarelactor.com\/?p=1767\">Leer m\u00e1s<\/a><\/p>\n","protected":false},"author":1,"featured_media":1533,"comment_status":"closed","ping_status":"open","sticky":false,"template":"","format":"standard","meta":{"_monsterinsights_skip_tracking":false,"_monsterinsights_sitenote_active":false,"_monsterinsights_sitenote_note":"","_monsterinsights_sitenote_category":0,"footnotes":""},"categories":[21,22],"tags":[20,37,69],"yoast_head":"<!-- This site is optimized with the Yoast SEO plugin v22.7 - https:\/\/yoast.com\/wordpress\/plugins\/seo\/ -->\n<title>Entrevista para RNE &quot;Un contador de historias&quot; - Javier Varela<\/title>\n<meta name=\"robots\" content=\"index, follow, max-snippet:-1, max-image-preview:large, max-video-preview:-1\" \/>\n<link rel=\"canonical\" href=\"https:\/\/javiervarelactor.com\/?p=1767\" \/>\n<meta property=\"og:locale\" content=\"es_ES\" \/>\n<meta property=\"og:type\" content=\"article\" \/>\n<meta property=\"og:title\" content=\"Entrevista para RNE &quot;Un contador de historias&quot; - Javier Varela\" \/>\n<meta property=\"og:description\" content=\"Tras el \u00e9xito en la emisi\u00f3n del programa \u00abSen Fronteiras\u00bb tanto en la televisi\u00f3n p\u00fablica gallega TVG como en la RTP de Portugal, he tenido el privilegio de ser entrevistado en Radio Nacional. Una conversaci\u00f3n animada, sosegada y amable donde comparto mi experiencia laboral m\u00e1s reciente asi como las sensaciones de estos \u00faltimos tiempos. Os Leer m\u00e1s\" \/>\n<meta property=\"og:url\" content=\"https:\/\/javiervarelactor.com\/?p=1767\" \/>\n<meta property=\"og:site_name\" content=\"Javier Varela\" \/>\n<meta property=\"article:publisher\" content=\"https:\/\/www.facebook.com\/pages\/Javier-Varela\/145894855509796?sk=info&amp;amp%3bamp%3bamp%3bamp%3btab=page_info\" \/>\n<meta property=\"article:published_time\" content=\"2021-05-19T09:22:58+00:00\" \/>\n<meta property=\"article:modified_time\" content=\"2021-05-19T10:21:16+00:00\" \/>\n<meta property=\"og:image\" content=\"http:\/\/javiervarelactor.com\/wp-content\/uploads\/2019\/11\/ribeira-sacra-javier-e1572858401645.jpg\" \/>\n\t<meta property=\"og:image:width\" content=\"566\" \/>\n\t<meta property=\"og:image:height\" content=\"506\" \/>\n\t<meta property=\"og:image:type\" content=\"image\/jpeg\" \/>\n<meta name=\"author\" content=\"Javier Varela\" \/>\n<meta name=\"twitter:label1\" content=\"Escrito por\" \/>\n\t<meta name=\"twitter:data1\" content=\"Javier Varela\" \/>\n\t<meta name=\"twitter:label2\" content=\"Tiempo de lectura\" \/>\n\t<meta name=\"twitter:data2\" content=\"1 minuto\" \/>\n<script type=\"application\/ld+json\" class=\"yoast-schema-graph\">{\"@context\":\"https:\/\/schema.org\",\"@graph\":[{\"@type\":\"WebPage\",\"@id\":\"https:\/\/javiervarelactor.com\/?p=1767\",\"url\":\"https:\/\/javiervarelactor.com\/?p=1767\",\"name\":\"Entrevista para RNE \\\"Un contador de historias\\\" - Javier Varela\",\"isPartOf\":{\"@id\":\"https:\/\/javiervarelactor.com\/#website\"},\"primaryImageOfPage\":{\"@id\":\"https:\/\/javiervarelactor.com\/?p=1767#primaryimage\"},\"image\":{\"@id\":\"https:\/\/javiervarelactor.com\/?p=1767#primaryimage\"},\"thumbnailUrl\":\"https:\/\/javiervarelactor.com\/wp-content\/uploads\/2019\/11\/ribeira-sacra-javier-e1572858401645.jpg\",\"datePublished\":\"2021-05-19T09:22:58+00:00\",\"dateModified\":\"2021-05-19T10:21:16+00:00\",\"author\":{\"@id\":\"https:\/\/javiervarelactor.com\/#\/schema\/person\/e3104f2f3cca87d9a07b40f5281c02ba\"},\"breadcrumb\":{\"@id\":\"https:\/\/javiervarelactor.com\/?p=1767#breadcrumb\"},\"inLanguage\":\"es\",\"potentialAction\":[{\"@type\":\"ReadAction\",\"target\":[\"https:\/\/javiervarelactor.com\/?p=1767\"]}]},{\"@type\":\"ImageObject\",\"inLanguage\":\"es\",\"@id\":\"https:\/\/javiervarelactor.com\/?p=1767#primaryimage\",\"url\":\"https:\/\/javiervarelactor.com\/wp-content\/uploads\/2019\/11\/ribeira-sacra-javier-e1572858401645.jpg\",\"contentUrl\":\"https:\/\/javiervarelactor.com\/wp-content\/uploads\/2019\/11\/ribeira-sacra-javier-e1572858401645.jpg\",\"width\":566,\"height\":506,\"caption\":\"presentador televisi\u00f3n galicia\"},{\"@type\":\"BreadcrumbList\",\"@id\":\"https:\/\/javiervarelactor.com\/?p=1767#breadcrumb\",\"itemListElement\":[{\"@type\":\"ListItem\",\"position\":1,\"name\":\"Inicio\",\"item\":\"https:\/\/javiervarelactor.com\/\"},{\"@type\":\"ListItem\",\"position\":2,\"name\":\"Entrevista para RNE \u00abUn contador de historias\u00bb\"}]},{\"@type\":\"WebSite\",\"@id\":\"https:\/\/javiervarelactor.com\/#website\",\"url\":\"https:\/\/javiervarelactor.com\/\",\"name\":\"Javier Varela\",\"description\":\"Actor y Presentador\",\"potentialAction\":[{\"@type\":\"SearchAction\",\"target\":{\"@type\":\"EntryPoint\",\"urlTemplate\":\"https:\/\/javiervarelactor.com\/?s={search_term_string}\"},\"query-input\":\"required name=search_term_string\"}],\"inLanguage\":\"es\"},{\"@type\":\"Person\",\"@id\":\"https:\/\/javiervarelactor.com\/#\/schema\/person\/e3104f2f3cca87d9a07b40f5281c02ba\",\"name\":\"Javier Varela\",\"image\":{\"@type\":\"ImageObject\",\"inLanguage\":\"es\",\"@id\":\"https:\/\/javiervarelactor.com\/#\/schema\/person\/image\/\",\"url\":\"https:\/\/secure.gravatar.com\/avatar\/858edfdbe98ed682c9723085564a87b3?s=96&d=mm&r=g\",\"contentUrl\":\"https:\/\/secure.gravatar.com\/avatar\/858edfdbe98ed682c9723085564a87b3?s=96&d=mm&r=g\",\"caption\":\"Javier Varela\"},\"sameAs\":[\"http:\/\/www.javiervarelactor.com\"],\"url\":\"https:\/\/javiervarelactor.com\/?author=1\"}]}<\/script>\n<!-- \/ Yoast SEO plugin. -->","yoast_head_json":{"title":"Entrevista para RNE \"Un contador de historias\" - Javier Varela","robots":{"index":"index","follow":"follow","max-snippet":"max-snippet:-1","max-image-preview":"max-image-preview:large","max-video-preview":"max-video-preview:-1"},"canonical":"https:\/\/javiervarelactor.com\/?p=1767","og_locale":"es_ES","og_type":"article","og_title":"Entrevista para RNE \"Un contador de historias\" - Javier Varela","og_description":"Tras el \u00e9xito en la emisi\u00f3n del programa \u00abSen Fronteiras\u00bb tanto en la televisi\u00f3n p\u00fablica gallega TVG como en la RTP de Portugal, he tenido el privilegio de ser entrevistado en Radio Nacional. Una conversaci\u00f3n animada, sosegada y amable donde comparto mi experiencia laboral m\u00e1s reciente asi como las sensaciones de estos \u00faltimos tiempos. Os Leer m\u00e1s","og_url":"https:\/\/javiervarelactor.com\/?p=1767","og_site_name":"Javier Varela","article_publisher":"https:\/\/www.facebook.com\/pages\/Javier-Varela\/145894855509796?sk=info&amp%3bamp%3bamp%3bamp%3btab=page_info","article_published_time":"2021-05-19T09:22:58+00:00","article_modified_time":"2021-05-19T10:21:16+00:00","og_image":[{"width":566,"height":506,"url":"http:\/\/javiervarelactor.com\/wp-content\/uploads\/2019\/11\/ribeira-sacra-javier-e1572858401645.jpg","type":"image\/jpeg"}],"author":"Javier Varela","twitter_misc":{"Escrito por":"Javier Varela","Tiempo de lectura":"1 minuto"},"schema":{"@context":"https:\/\/schema.org","@graph":[{"@type":"WebPage","@id":"https:\/\/javiervarelactor.com\/?p=1767","url":"https:\/\/javiervarelactor.com\/?p=1767","name":"Entrevista para RNE \"Un contador de historias\" - Javier Varela","isPartOf":{"@id":"https:\/\/javiervarelactor.com\/#website"},"primaryImageOfPage":{"@id":"https:\/\/javiervarelactor.com\/?p=1767#primaryimage"},"image":{"@id":"https:\/\/javiervarelactor.com\/?p=1767#primaryimage"},"thumbnailUrl":"https:\/\/javiervarelactor.com\/wp-content\/uploads\/2019\/11\/ribeira-sacra-javier-e1572858401645.jpg","datePublished":"2021-05-19T09:22:58+00:00","dateModified":"2021-05-19T10:21:16+00:00","author":{"@id":"https:\/\/javiervarelactor.com\/#\/schema\/person\/e3104f2f3cca87d9a07b40f5281c02ba"},"breadcrumb":{"@id":"https:\/\/javiervarelactor.com\/?p=1767#breadcrumb"},"inLanguage":"es","potentialAction":[{"@type":"ReadAction","target":["https:\/\/javiervarelactor.com\/?p=1767"]}]},{"@type":"ImageObject","inLanguage":"es","@id":"https:\/\/javiervarelactor.com\/?p=1767#primaryimage","url":"https:\/\/javiervarelactor.com\/wp-content\/uploads\/2019\/11\/ribeira-sacra-javier-e1572858401645.jpg","contentUrl":"https:\/\/javiervarelactor.com\/wp-content\/uploads\/2019\/11\/ribeira-sacra-javier-e1572858401645.jpg","width":566,"height":506,"caption":"presentador televisi\u00f3n galicia"},{"@type":"BreadcrumbList","@id":"https:\/\/javiervarelactor.com\/?p=1767#breadcrumb","itemListElement":[{"@type":"ListItem","position":1,"name":"Inicio","item":"https:\/\/javiervarelactor.com\/"},{"@type":"ListItem","position":2,"name":"Entrevista para RNE \u00abUn contador de historias\u00bb"}]},{"@type":"WebSite","@id":"https:\/\/javiervarelactor.com\/#website","url":"https:\/\/javiervarelactor.com\/","name":"Javier Varela","description":"Actor y Presentador","potentialAction":[{"@type":"SearchAction","target":{"@type":"EntryPoint","urlTemplate":"https:\/\/javiervarelactor.com\/?s={search_term_string}"},"query-input":"required name=search_term_string"}],"inLanguage":"es"},{"@type":"Person","@id":"https:\/\/javiervarelactor.com\/#\/schema\/person\/e3104f2f3cca87d9a07b40f5281c02ba","name":"Javier Varela","image":{"@type":"ImageObject","inLanguage":"es","@id":"https:\/\/javiervarelactor.com\/#\/schema\/person\/image\/","url":"https:\/\/secure.gravatar.com\/avatar\/858edfdbe98ed682c9723085564a87b3?s=96&d=mm&r=g","contentUrl":"https:\/\/secure.gravatar.com\/avatar\/858edfdbe98ed682c9723085564a87b3?s=96&d=mm&r=g","caption":"Javier Varela"},"sameAs":["http:\/\/www.javiervarelactor.com"],"url":"https:\/\/javiervarelactor.com\/?author=1"}]}},"_links":{"self":[{"href":"https:\/\/javiervarelactor.com\/index.php?rest_route=\/wp\/v2\/posts\/1767"}],"collection":[{"href":"https:\/\/javiervarelactor.com\/index.php?rest_route=\/wp\/v2\/posts"}],"about":[{"href":"https:\/\/javiervarelactor.com\/index.php?rest_route=\/wp\/v2\/types\/post"}],"author":[{"embeddable":true,"href":"https:\/\/javiervarelactor.com\/index.php?rest_route=\/wp\/v2\/users\/1"}],"replies":[{"embeddable":true,"href":"https:\/\/javiervarelactor.com\/index.php?rest_route=%2Fwp%2Fv2%2Fcomments&post=1767"}],"version-history":[{"count":3,"href":"https:\/\/javiervarelactor.com\/index.php?rest_route=\/wp\/v2\/posts\/1767\/revisions"}],"predecessor-version":[{"id":1772,"href":"https:\/\/javiervarelactor.com\/index.php?rest_route=\/wp\/v2\/posts\/1767\/revisions\/1772"}],"wp:featuredmedia":[{"embeddable":true,"href":"https:\/\/javiervarelactor.com\/index.php?rest_route=\/wp\/v2\/media\/1533"}],"wp:attachment":[{"href":"https:\/\/javiervarelactor.com\/index.php?rest_route=%2Fwp%2Fv2%2Fmedia&parent=1767"}],"wp:term":[{"taxonomy":"category","embeddable":true,"href":"https:\/\/javiervarelactor.com\/index.php?rest_route=%2Fwp%2Fv2%2Fcategories&post=1767"},{"taxonomy":"post_tag","embeddable":true,"href":"https:\/\/javiervarelactor.com\/index.php?rest_route=%2Fwp%2Fv2%2Ftags&post=1767"}],"curies":[{"name":"wp","href":"https:\/\/api.w.org\/{rel}","templated":true}]}}