{"id":1756,"date":"2021-04-14T10:15:06","date_gmt":"2021-04-14T10:15:06","guid":{"rendered":"http:\/\/javiervarelactor.com\/?p=1756"},"modified":"2021-04-14T10:28:03","modified_gmt":"2021-04-14T10:28:03","slug":"presentador-de-sem-fronteiras","status":"publish","type":"post","link":"https:\/\/javiervarelactor.com\/?p=1756","title":{"rendered":"V\u00eddeo resumen presentador de \u00abSem Fronteiras\u00bb"},"content":{"rendered":"\n<p>Aqu\u00ed pode\u00eds ver un resumen de mi trabajo como Presentador del programa de viajes entre Portugal y Galicia \u00ab<strong>Sen Fronteiras<\/strong>\u00ab. La emisi\u00f3n de \u00ab<em>Sem Fronteiras<\/em>\u00bb en RTP y \u00ab<em>Sen Fronteiras<\/em>\u00bb en TVG ha resultado ser un \u00e9xito de audiencia. Muchas gracias a quienes han compartido en cada emisi\u00f3n estos 25 minutos de cultura, diversi\u00f3n y curiosidades con nosotros en cada programa. En Portugal el programa ya ha terminado su emisi\u00f3n, en Galicia a\u00fan est\u00e1n pendientes de descubrir unos cuantos s\u00e1bados m\u00e1s los rincones comunes de Galicia y Portugal.<\/p>\n\n\n\n<figure class=\"wp-block-embed is-type-video is-provider-vimeo\"><div class=\"wp-block-embed__wrapper\">\n<iframe loading=\"lazy\" title=\"Javier Varela presenta Sem Fronteiras\" src=\"https:\/\/player.vimeo.com\/video\/536715443?dnt=1&amp;app_id=122963\" width=\"832\" height=\"468\" frameborder=\"0\" allow=\"autoplay; fullscreen; picture-in-picture\" allowfullscreen><\/iframe>\n<\/div><\/figure>\n\n\n\n<p>Ha sido un placer descubrir rincones de Portugal maravillosos, compartir con su gente gastronom\u00eda, costumbres y parajes naturales impresionantes. Ser el representande de Galicia en este programa ha sido un verdadero orgullo, un trabajo agradecido y del que he disfrutado much\u00edsimo. Detr\u00e1s de este resultado tan amable hay horas de coche, esperas, fr\u00edo, calor, sue\u00f1o y horas y horas de compartir con un equipo de trabajo genial. As\u00ed que me encantar\u00e1 que disfrutes de este resumen tanto como he disfrutado yo del proceso de realizaci\u00f3n.<\/p>\n\n\n\n<p>Poder desarrollar mi trabajo como <a href=\"http:\/\/javiervarelactor.com\/?page_id=84\">presentador de televisi\u00f3n<\/a> es un placer, m\u00e1s en estos tiempos en los que disfrutar de viajar desde casa son fundamentales.<\/p>\n\n\n\n<p>El resumen de mi trabajo como presentador de \u00abSem Fronteiras\u00bb en este v\u00eddeo de menos de 3 minutos ha sido posible gracias al apoyo, ayuda y buen hacer de Carmela Velayos, una profesional que, desde aqu\u00ed aprovecho para agradecer su disposici\u00f3n permanente, su bune hacer bajo presi\u00f3n, su rapidez y buen gusto. Porque para hacer un v\u00eddeo resumen, sintetizar, extraer los mejores momentos hay que tener gusto y en <a href=\"https:\/\/granerovideo.com\/\">Granero V\u00eddeo<\/a> lo saben, porque Carmela es todo eso. Muchas gracia amiga.<\/p>\n\n\n\n<p><\/p>\n\n\n\n<p><\/p>\n","protected":false},"excerpt":{"rendered":"<p>Resumen de Javier Varela presentador de \u00abSem Fronteiras\u00bb en RTP1 y TVG.<\/p>\n","protected":false},"author":1,"featured_media":1760,"comment_status":"closed","ping_status":"open","sticky":false,"template":"","format":"standard","meta":{"_monsterinsights_skip_tracking":false,"_monsterinsights_sitenote_active":false,"_monsterinsights_sitenote_note":"","_monsterinsights_sitenote_category":0,"footnotes":""},"categories":[22,58],"tags":[69,104,108],"yoast_head":"<!-- This site is optimized with the Yoast SEO plugin v22.7 - https:\/\/yoast.com\/wordpress\/plugins\/seo\/ -->\n<title>V\u00eddeo resumen presentador de &quot;Sem Fronteiras&quot; - Javier Varela<\/title>\n<meta name=\"description\" content=\"V\u00eddeo resumen de Javier Varela presentador de &quot;Sem Fronteiras&quot; en RTP1 y TVG. Los mejores momentos del presentador de televisi\u00f3n Javier Varela.\" \/>\n<meta name=\"robots\" content=\"index, follow, max-snippet:-1, max-image-preview:large, max-video-preview:-1\" \/>\n<link rel=\"canonical\" href=\"https:\/\/javiervarelactor.com\/?p=1756\" \/>\n<meta property=\"og:locale\" content=\"es_ES\" \/>\n<meta property=\"og:type\" content=\"article\" \/>\n<meta property=\"og:title\" content=\"V\u00eddeo resumen presentador de &quot;Sem Fronteiras&quot; - Javier Varela\" \/>\n<meta property=\"og:description\" content=\"V\u00eddeo resumen de Javier Varela presentador de &quot;Sem Fronteiras&quot; en RTP1 y TVG. Los mejores momentos del presentador de televisi\u00f3n Javier Varela.\" \/>\n<meta property=\"og:url\" content=\"https:\/\/javiervarelactor.com\/?p=1756\" \/>\n<meta property=\"og:site_name\" content=\"Javier Varela\" \/>\n<meta property=\"article:publisher\" content=\"https:\/\/www.facebook.com\/pages\/Javier-Varela\/145894855509796?sk=info&amp;amp%3bamp%3bamp%3bamp%3btab=page_info\" \/>\n<meta property=\"article:published_time\" content=\"2021-04-14T10:15:06+00:00\" \/>\n<meta property=\"article:modified_time\" content=\"2021-04-14T10:28:03+00:00\" \/>\n<meta property=\"og:image\" content=\"http:\/\/javiervarelactor.com\/wp-content\/uploads\/2021\/04\/presentador-television-gallego.jpg\" \/>\n\t<meta property=\"og:image:width\" content=\"768\" \/>\n\t<meta property=\"og:image:height\" content=\"1024\" \/>\n\t<meta property=\"og:image:type\" content=\"image\/jpeg\" \/>\n<meta name=\"author\" content=\"Javier Varela\" \/>\n<meta name=\"twitter:label1\" content=\"Escrito por\" \/>\n\t<meta name=\"twitter:data1\" content=\"Javier Varela\" \/>\n\t<meta name=\"twitter:label2\" content=\"Tiempo de lectura\" \/>\n\t<meta name=\"twitter:data2\" content=\"2 minutos\" \/>\n<script type=\"application\/ld+json\" class=\"yoast-schema-graph\">{\"@context\":\"https:\/\/schema.org\",\"@graph\":[{\"@type\":\"WebPage\",\"@id\":\"https:\/\/javiervarelactor.com\/?p=1756\",\"url\":\"https:\/\/javiervarelactor.com\/?p=1756\",\"name\":\"V\u00eddeo resumen presentador de \\\"Sem Fronteiras\\\" - Javier Varela\",\"isPartOf\":{\"@id\":\"https:\/\/javiervarelactor.com\/#website\"},\"primaryImageOfPage\":{\"@id\":\"https:\/\/javiervarelactor.com\/?p=1756#primaryimage\"},\"image\":{\"@id\":\"https:\/\/javiervarelactor.com\/?p=1756#primaryimage\"},\"thumbnailUrl\":\"https:\/\/javiervarelactor.com\/wp-content\/uploads\/2021\/04\/presentador-television-gallego.jpg\",\"datePublished\":\"2021-04-14T10:15:06+00:00\",\"dateModified\":\"2021-04-14T10:28:03+00:00\",\"author\":{\"@id\":\"https:\/\/javiervarelactor.com\/#\/schema\/person\/e3104f2f3cca87d9a07b40f5281c02ba\"},\"description\":\"V\u00eddeo resumen de Javier Varela presentador de \\\"Sem Fronteiras\\\" en RTP1 y TVG. Los mejores momentos del presentador de televisi\u00f3n Javier Varela.\",\"breadcrumb\":{\"@id\":\"https:\/\/javiervarelactor.com\/?p=1756#breadcrumb\"},\"inLanguage\":\"es\",\"potentialAction\":[{\"@type\":\"ReadAction\",\"target\":[\"https:\/\/javiervarelactor.com\/?p=1756\"]}]},{\"@type\":\"ImageObject\",\"inLanguage\":\"es\",\"@id\":\"https:\/\/javiervarelactor.com\/?p=1756#primaryimage\",\"url\":\"https:\/\/javiervarelactor.com\/wp-content\/uploads\/2021\/04\/presentador-television-gallego.jpg\",\"contentUrl\":\"https:\/\/javiervarelactor.com\/wp-content\/uploads\/2021\/04\/presentador-television-gallego.jpg\",\"width\":768,\"height\":1024,\"caption\":\"presentador televisi\u00f3n gallego\"},{\"@type\":\"BreadcrumbList\",\"@id\":\"https:\/\/javiervarelactor.com\/?p=1756#breadcrumb\",\"itemListElement\":[{\"@type\":\"ListItem\",\"position\":1,\"name\":\"Inicio\",\"item\":\"https:\/\/javiervarelactor.com\/\"},{\"@type\":\"ListItem\",\"position\":2,\"name\":\"V\u00eddeo resumen presentador de \u00abSem Fronteiras\u00bb\"}]},{\"@type\":\"WebSite\",\"@id\":\"https:\/\/javiervarelactor.com\/#website\",\"url\":\"https:\/\/javiervarelactor.com\/\",\"name\":\"Javier Varela\",\"description\":\"Actor y Presentador\",\"potentialAction\":[{\"@type\":\"SearchAction\",\"target\":{\"@type\":\"EntryPoint\",\"urlTemplate\":\"https:\/\/javiervarelactor.com\/?s={search_term_string}\"},\"query-input\":\"required name=search_term_string\"}],\"inLanguage\":\"es\"},{\"@type\":\"Person\",\"@id\":\"https:\/\/javiervarelactor.com\/#\/schema\/person\/e3104f2f3cca87d9a07b40f5281c02ba\",\"name\":\"Javier Varela\",\"image\":{\"@type\":\"ImageObject\",\"inLanguage\":\"es\",\"@id\":\"https:\/\/javiervarelactor.com\/#\/schema\/person\/image\/\",\"url\":\"https:\/\/secure.gravatar.com\/avatar\/858edfdbe98ed682c9723085564a87b3?s=96&d=mm&r=g\",\"contentUrl\":\"https:\/\/secure.gravatar.com\/avatar\/858edfdbe98ed682c9723085564a87b3?s=96&d=mm&r=g\",\"caption\":\"Javier Varela\"},\"sameAs\":[\"http:\/\/www.javiervarelactor.com\"],\"url\":\"https:\/\/javiervarelactor.com\/?author=1\"}]}<\/script>\n<!-- \/ Yoast SEO plugin. -->","yoast_head_json":{"title":"V\u00eddeo resumen presentador de \"Sem Fronteiras\" - Javier Varela","description":"V\u00eddeo resumen de Javier Varela presentador de \"Sem Fronteiras\" en RTP1 y TVG. Los mejores momentos del presentador de televisi\u00f3n Javier Varela.","robots":{"index":"index","follow":"follow","max-snippet":"max-snippet:-1","max-image-preview":"max-image-preview:large","max-video-preview":"max-video-preview:-1"},"canonical":"https:\/\/javiervarelactor.com\/?p=1756","og_locale":"es_ES","og_type":"article","og_title":"V\u00eddeo resumen presentador de \"Sem Fronteiras\" - Javier Varela","og_description":"V\u00eddeo resumen de Javier Varela presentador de \"Sem Fronteiras\" en RTP1 y TVG. Los mejores momentos del presentador de televisi\u00f3n Javier Varela.","og_url":"https:\/\/javiervarelactor.com\/?p=1756","og_site_name":"Javier Varela","article_publisher":"https:\/\/www.facebook.com\/pages\/Javier-Varela\/145894855509796?sk=info&amp%3bamp%3bamp%3bamp%3btab=page_info","article_published_time":"2021-04-14T10:15:06+00:00","article_modified_time":"2021-04-14T10:28:03+00:00","og_image":[{"width":768,"height":1024,"url":"http:\/\/javiervarelactor.com\/wp-content\/uploads\/2021\/04\/presentador-television-gallego.jpg","type":"image\/jpeg"}],"author":"Javier Varela","twitter_misc":{"Escrito por":"Javier Varela","Tiempo de lectura":"2 minutos"},"schema":{"@context":"https:\/\/schema.org","@graph":[{"@type":"WebPage","@id":"https:\/\/javiervarelactor.com\/?p=1756","url":"https:\/\/javiervarelactor.com\/?p=1756","name":"V\u00eddeo resumen presentador de \"Sem Fronteiras\" - Javier Varela","isPartOf":{"@id":"https:\/\/javiervarelactor.com\/#website"},"primaryImageOfPage":{"@id":"https:\/\/javiervarelactor.com\/?p=1756#primaryimage"},"image":{"@id":"https:\/\/javiervarelactor.com\/?p=1756#primaryimage"},"thumbnailUrl":"https:\/\/javiervarelactor.com\/wp-content\/uploads\/2021\/04\/presentador-television-gallego.jpg","datePublished":"2021-04-14T10:15:06+00:00","dateModified":"2021-04-14T10:28:03+00:00","author":{"@id":"https:\/\/javiervarelactor.com\/#\/schema\/person\/e3104f2f3cca87d9a07b40f5281c02ba"},"description":"V\u00eddeo resumen de Javier Varela presentador de \"Sem Fronteiras\" en RTP1 y TVG. Los mejores momentos del presentador de televisi\u00f3n Javier Varela.","breadcrumb":{"@id":"https:\/\/javiervarelactor.com\/?p=1756#breadcrumb"},"inLanguage":"es","potentialAction":[{"@type":"ReadAction","target":["https:\/\/javiervarelactor.com\/?p=1756"]}]},{"@type":"ImageObject","inLanguage":"es","@id":"https:\/\/javiervarelactor.com\/?p=1756#primaryimage","url":"https:\/\/javiervarelactor.com\/wp-content\/uploads\/2021\/04\/presentador-television-gallego.jpg","contentUrl":"https:\/\/javiervarelactor.com\/wp-content\/uploads\/2021\/04\/presentador-television-gallego.jpg","width":768,"height":1024,"caption":"presentador televisi\u00f3n gallego"},{"@type":"BreadcrumbList","@id":"https:\/\/javiervarelactor.com\/?p=1756#breadcrumb","itemListElement":[{"@type":"ListItem","position":1,"name":"Inicio","item":"https:\/\/javiervarelactor.com\/"},{"@type":"ListItem","position":2,"name":"V\u00eddeo resumen presentador de \u00abSem Fronteiras\u00bb"}]},{"@type":"WebSite","@id":"https:\/\/javiervarelactor.com\/#website","url":"https:\/\/javiervarelactor.com\/","name":"Javier Varela","description":"Actor y Presentador","potentialAction":[{"@type":"SearchAction","target":{"@type":"EntryPoint","urlTemplate":"https:\/\/javiervarelactor.com\/?s={search_term_string}"},"query-input":"required name=search_term_string"}],"inLanguage":"es"},{"@type":"Person","@id":"https:\/\/javiervarelactor.com\/#\/schema\/person\/e3104f2f3cca87d9a07b40f5281c02ba","name":"Javier Varela","image":{"@type":"ImageObject","inLanguage":"es","@id":"https:\/\/javiervarelactor.com\/#\/schema\/person\/image\/","url":"https:\/\/secure.gravatar.com\/avatar\/858edfdbe98ed682c9723085564a87b3?s=96&d=mm&r=g","contentUrl":"https:\/\/secure.gravatar.com\/avatar\/858edfdbe98ed682c9723085564a87b3?s=96&d=mm&r=g","caption":"Javier Varela"},"sameAs":["http:\/\/www.javiervarelactor.com"],"url":"https:\/\/javiervarelactor.com\/?author=1"}]}},"_links":{"self":[{"href":"https:\/\/javiervarelactor.com\/index.php?rest_route=\/wp\/v2\/posts\/1756"}],"collection":[{"href":"https:\/\/javiervarelactor.com\/index.php?rest_route=\/wp\/v2\/posts"}],"about":[{"href":"https:\/\/javiervarelactor.com\/index.php?rest_route=\/wp\/v2\/types\/post"}],"author":[{"embeddable":true,"href":"https:\/\/javiervarelactor.com\/index.php?rest_route=\/wp\/v2\/users\/1"}],"replies":[{"embeddable":true,"href":"https:\/\/javiervarelactor.com\/index.php?rest_route=%2Fwp%2Fv2%2Fcomments&post=1756"}],"version-history":[{"count":5,"href":"https:\/\/javiervarelactor.com\/index.php?rest_route=\/wp\/v2\/posts\/1756\/revisions"}],"predecessor-version":[{"id":1765,"href":"https:\/\/javiervarelactor.com\/index.php?rest_route=\/wp\/v2\/posts\/1756\/revisions\/1765"}],"wp:featuredmedia":[{"embeddable":true,"href":"https:\/\/javiervarelactor.com\/index.php?rest_route=\/wp\/v2\/media\/1760"}],"wp:attachment":[{"href":"https:\/\/javiervarelactor.com\/index.php?rest_route=%2Fwp%2Fv2%2Fmedia&parent=1756"}],"wp:term":[{"taxonomy":"category","embeddable":true,"href":"https:\/\/javiervarelactor.com\/index.php?rest_route=%2Fwp%2Fv2%2Fcategories&post=1756"},{"taxonomy":"post_tag","embeddable":true,"href":"https:\/\/javiervarelactor.com\/index.php?rest_route=%2Fwp%2Fv2%2Ftags&post=1756"}],"curies":[{"name":"wp","href":"https:\/\/api.w.org\/{rel}","templated":true}]}}