{"id":1736,"date":"2021-02-10T10:26:03","date_gmt":"2021-02-10T10:26:03","guid":{"rendered":"http:\/\/javiervarelactor.com\/?p=1736"},"modified":"2021-03-15T10:50:38","modified_gmt":"2021-03-15T10:50:38","slug":"javier-varela-presenta-sen-fronteiras-en-tvg","status":"publish","type":"post","link":"https:\/\/javiervarelactor.com\/?p=1736","title":{"rendered":"Javier Varela presenta \u00abSen Fronteiras\u00bb en TVG"},"content":{"rendered":"\n<p>El pr\u00f3ximo s\u00e1bado <strong>13 de febrero a las 20,25h<\/strong> estrenamos \u00ab<strong>Sen Fronteiras<\/strong>\u00bb en TVG. Despu\u00e9s del \u00e9xito conseguido tras los primeros programas emitidos en RTP, la versi\u00f3n gallega del formato aterriza en nuestras pantallas. Un programa entretenido, emocionante y muy interesante para quienes disfrutan de los descubrimientos gastron\u00f3micos, culturales y naturales. <\/p>\n\n\n\n<p>En cada programa dos ciudades cuyos nombres se asemejan, sirven como hilo para descubrir que Portugal y Galicia tienen mucho en com\u00fan y unas diferencias interesantes y siempre amigables. En cada programa Javier Varela descubre pueblos de Portugal y, al mismo tiempo, Beatriz Gosta visita localidades gallegas. A trav\u00e9s de sus vecinos los presentadores nos cuentan qu\u00e9 costumbres, fiestas, historia esconde cada localidad. <\/p>\n\n\n\n<p>En un formato de 25 minutos, Javier Varela y Beatriz Gosta nos acompa\u00f1an con<strong> humor<\/strong> y buen gusto a descubrir localidades como Bayona en Galicia y Baiao en Portugal, Pontenova y Ponte de Lima o Vimianzo y Vimioso. \u00abSen Fronteiras\u00bb el s\u00e1bado en la TVG a las 20.25h justo antes del telediario en Galicia y \u00abSem Fronteiras\u00bb en RTP a las 12.30h para Portugal.<\/p>\n\n\n\n<p>Este s\u00e1bado, justo antes del telediario de la noche, pon la gallega TVG y disfruta de un viaje por Portugal y Galicia desde la comodidad de tu sal\u00f3n. Pero si te va la marcha, puedes verlo desde tu movil o tablet en la web de la TVG una vez est\u00e9 emitido.<\/p>\n\n\n\n<p>Muchas gracias, espero que os guste este trabajo con el que tanto he disfrutado.<\/p>\n\n\n\n<p><\/p>\n","protected":false},"excerpt":{"rendered":"<p>S\u00e1bados 20:25h en TVG. Javier Varela presentador Sen Fronteiras. <\/p>\n","protected":false},"author":1,"featured_media":1739,"comment_status":"closed","ping_status":"open","sticky":false,"template":"","format":"standard","meta":{"_monsterinsights_skip_tracking":false,"_monsterinsights_sitenote_active":false,"_monsterinsights_sitenote_note":"","_monsterinsights_sitenote_category":0,"footnotes":""},"categories":[22,58],"tags":[106,104],"yoast_head":"<!-- This site is optimized with the Yoast SEO plugin v22.7 - https:\/\/yoast.com\/wordpress\/plugins\/seo\/ -->\n<title>Javier Varela presenta &quot;Sen Fronteiras&quot; en TVG - Javier Varela<\/title>\n<meta name=\"description\" content=\"S\u00e1bado 13 de febrero estreno en TVG a las 20.20h Javier Varela presenta &quot;Sen Fronteiras&quot; en TVG. Descubre c\u00f3mo son de parecidas algunas localidades de Galicia y Portugal.\" \/>\n<meta name=\"robots\" content=\"index, follow, max-snippet:-1, max-image-preview:large, max-video-preview:-1\" \/>\n<link rel=\"canonical\" href=\"https:\/\/javiervarelactor.com\/?p=1736\" \/>\n<meta property=\"og:locale\" content=\"es_ES\" \/>\n<meta property=\"og:type\" content=\"article\" \/>\n<meta property=\"og:title\" content=\"Javier Varela presenta &quot;Sen Fronteiras&quot; en TVG - Javier Varela\" \/>\n<meta property=\"og:description\" content=\"S\u00e1bado 13 de febrero estreno en TVG a las 20.20h Javier Varela presenta &quot;Sen Fronteiras&quot; en TVG. Descubre c\u00f3mo son de parecidas algunas localidades de Galicia y Portugal.\" \/>\n<meta property=\"og:url\" content=\"https:\/\/javiervarelactor.com\/?p=1736\" \/>\n<meta property=\"og:site_name\" content=\"Javier Varela\" \/>\n<meta property=\"article:publisher\" content=\"https:\/\/www.facebook.com\/pages\/Javier-Varela\/145894855509796?sk=info&amp;amp%3bamp%3bamp%3bamp%3btab=page_info\" \/>\n<meta property=\"article:published_time\" content=\"2021-02-10T10:26:03+00:00\" \/>\n<meta property=\"article:modified_time\" content=\"2021-03-15T10:50:38+00:00\" \/>\n<meta property=\"og:image\" content=\"http:\/\/javiervarelactor.com\/wp-content\/uploads\/2021\/02\/1E17B265-C451-483D-AF9B-71B0581A0969-scaled-e1612952542367.jpeg\" \/>\n\t<meta property=\"og:image:width\" content=\"600\" \/>\n\t<meta property=\"og:image:height\" content=\"800\" \/>\n\t<meta property=\"og:image:type\" content=\"image\/jpeg\" \/>\n<meta name=\"author\" content=\"Javier Varela\" \/>\n<meta name=\"twitter:label1\" content=\"Escrito por\" \/>\n\t<meta name=\"twitter:data1\" content=\"Javier Varela\" \/>\n\t<meta name=\"twitter:label2\" content=\"Tiempo de lectura\" \/>\n\t<meta name=\"twitter:data2\" content=\"1 minuto\" \/>\n<script type=\"application\/ld+json\" class=\"yoast-schema-graph\">{\"@context\":\"https:\/\/schema.org\",\"@graph\":[{\"@type\":\"WebPage\",\"@id\":\"https:\/\/javiervarelactor.com\/?p=1736\",\"url\":\"https:\/\/javiervarelactor.com\/?p=1736\",\"name\":\"Javier Varela presenta \\\"Sen Fronteiras\\\" en TVG - Javier Varela\",\"isPartOf\":{\"@id\":\"https:\/\/javiervarelactor.com\/#website\"},\"primaryImageOfPage\":{\"@id\":\"https:\/\/javiervarelactor.com\/?p=1736#primaryimage\"},\"image\":{\"@id\":\"https:\/\/javiervarelactor.com\/?p=1736#primaryimage\"},\"thumbnailUrl\":\"https:\/\/javiervarelactor.com\/wp-content\/uploads\/2021\/02\/1E17B265-C451-483D-AF9B-71B0581A0969-scaled-e1612952542367.jpeg\",\"datePublished\":\"2021-02-10T10:26:03+00:00\",\"dateModified\":\"2021-03-15T10:50:38+00:00\",\"author\":{\"@id\":\"https:\/\/javiervarelactor.com\/#\/schema\/person\/e3104f2f3cca87d9a07b40f5281c02ba\"},\"description\":\"S\u00e1bado 13 de febrero estreno en TVG a las 20.20h Javier Varela presenta \\\"Sen Fronteiras\\\" en TVG. Descubre c\u00f3mo son de parecidas algunas localidades de Galicia y Portugal.\",\"breadcrumb\":{\"@id\":\"https:\/\/javiervarelactor.com\/?p=1736#breadcrumb\"},\"inLanguage\":\"es\",\"potentialAction\":[{\"@type\":\"ReadAction\",\"target\":[\"https:\/\/javiervarelactor.com\/?p=1736\"]}]},{\"@type\":\"ImageObject\",\"inLanguage\":\"es\",\"@id\":\"https:\/\/javiervarelactor.com\/?p=1736#primaryimage\",\"url\":\"https:\/\/javiervarelactor.com\/wp-content\/uploads\/2021\/02\/1E17B265-C451-483D-AF9B-71B0581A0969-scaled-e1612952542367.jpeg\",\"contentUrl\":\"https:\/\/javiervarelactor.com\/wp-content\/uploads\/2021\/02\/1E17B265-C451-483D-AF9B-71B0581A0969-scaled-e1612952542367.jpeg\",\"width\":600,\"height\":800,\"caption\":\"presentador Sen Fronteirass\"},{\"@type\":\"BreadcrumbList\",\"@id\":\"https:\/\/javiervarelactor.com\/?p=1736#breadcrumb\",\"itemListElement\":[{\"@type\":\"ListItem\",\"position\":1,\"name\":\"Inicio\",\"item\":\"https:\/\/javiervarelactor.com\/\"},{\"@type\":\"ListItem\",\"position\":2,\"name\":\"Javier Varela presenta \u00abSen Fronteiras\u00bb en TVG\"}]},{\"@type\":\"WebSite\",\"@id\":\"https:\/\/javiervarelactor.com\/#website\",\"url\":\"https:\/\/javiervarelactor.com\/\",\"name\":\"Javier Varela\",\"description\":\"Actor y Presentador\",\"potentialAction\":[{\"@type\":\"SearchAction\",\"target\":{\"@type\":\"EntryPoint\",\"urlTemplate\":\"https:\/\/javiervarelactor.com\/?s={search_term_string}\"},\"query-input\":\"required name=search_term_string\"}],\"inLanguage\":\"es\"},{\"@type\":\"Person\",\"@id\":\"https:\/\/javiervarelactor.com\/#\/schema\/person\/e3104f2f3cca87d9a07b40f5281c02ba\",\"name\":\"Javier Varela\",\"image\":{\"@type\":\"ImageObject\",\"inLanguage\":\"es\",\"@id\":\"https:\/\/javiervarelactor.com\/#\/schema\/person\/image\/\",\"url\":\"https:\/\/secure.gravatar.com\/avatar\/858edfdbe98ed682c9723085564a87b3?s=96&d=mm&r=g\",\"contentUrl\":\"https:\/\/secure.gravatar.com\/avatar\/858edfdbe98ed682c9723085564a87b3?s=96&d=mm&r=g\",\"caption\":\"Javier Varela\"},\"sameAs\":[\"http:\/\/www.javiervarelactor.com\"],\"url\":\"https:\/\/javiervarelactor.com\/?author=1\"}]}<\/script>\n<!-- \/ Yoast SEO plugin. -->","yoast_head_json":{"title":"Javier Varela presenta \"Sen Fronteiras\" en TVG - Javier Varela","description":"S\u00e1bado 13 de febrero estreno en TVG a las 20.20h Javier Varela presenta \"Sen Fronteiras\" en TVG. Descubre c\u00f3mo son de parecidas algunas localidades de Galicia y Portugal.","robots":{"index":"index","follow":"follow","max-snippet":"max-snippet:-1","max-image-preview":"max-image-preview:large","max-video-preview":"max-video-preview:-1"},"canonical":"https:\/\/javiervarelactor.com\/?p=1736","og_locale":"es_ES","og_type":"article","og_title":"Javier Varela presenta \"Sen Fronteiras\" en TVG - Javier Varela","og_description":"S\u00e1bado 13 de febrero estreno en TVG a las 20.20h Javier Varela presenta \"Sen Fronteiras\" en TVG. Descubre c\u00f3mo son de parecidas algunas localidades de Galicia y Portugal.","og_url":"https:\/\/javiervarelactor.com\/?p=1736","og_site_name":"Javier Varela","article_publisher":"https:\/\/www.facebook.com\/pages\/Javier-Varela\/145894855509796?sk=info&amp%3bamp%3bamp%3bamp%3btab=page_info","article_published_time":"2021-02-10T10:26:03+00:00","article_modified_time":"2021-03-15T10:50:38+00:00","og_image":[{"width":600,"height":800,"url":"http:\/\/javiervarelactor.com\/wp-content\/uploads\/2021\/02\/1E17B265-C451-483D-AF9B-71B0581A0969-scaled-e1612952542367.jpeg","type":"image\/jpeg"}],"author":"Javier Varela","twitter_misc":{"Escrito por":"Javier Varela","Tiempo de lectura":"1 minuto"},"schema":{"@context":"https:\/\/schema.org","@graph":[{"@type":"WebPage","@id":"https:\/\/javiervarelactor.com\/?p=1736","url":"https:\/\/javiervarelactor.com\/?p=1736","name":"Javier Varela presenta \"Sen Fronteiras\" en TVG - Javier Varela","isPartOf":{"@id":"https:\/\/javiervarelactor.com\/#website"},"primaryImageOfPage":{"@id":"https:\/\/javiervarelactor.com\/?p=1736#primaryimage"},"image":{"@id":"https:\/\/javiervarelactor.com\/?p=1736#primaryimage"},"thumbnailUrl":"https:\/\/javiervarelactor.com\/wp-content\/uploads\/2021\/02\/1E17B265-C451-483D-AF9B-71B0581A0969-scaled-e1612952542367.jpeg","datePublished":"2021-02-10T10:26:03+00:00","dateModified":"2021-03-15T10:50:38+00:00","author":{"@id":"https:\/\/javiervarelactor.com\/#\/schema\/person\/e3104f2f3cca87d9a07b40f5281c02ba"},"description":"S\u00e1bado 13 de febrero estreno en TVG a las 20.20h Javier Varela presenta \"Sen Fronteiras\" en TVG. Descubre c\u00f3mo son de parecidas algunas localidades de Galicia y Portugal.","breadcrumb":{"@id":"https:\/\/javiervarelactor.com\/?p=1736#breadcrumb"},"inLanguage":"es","potentialAction":[{"@type":"ReadAction","target":["https:\/\/javiervarelactor.com\/?p=1736"]}]},{"@type":"ImageObject","inLanguage":"es","@id":"https:\/\/javiervarelactor.com\/?p=1736#primaryimage","url":"https:\/\/javiervarelactor.com\/wp-content\/uploads\/2021\/02\/1E17B265-C451-483D-AF9B-71B0581A0969-scaled-e1612952542367.jpeg","contentUrl":"https:\/\/javiervarelactor.com\/wp-content\/uploads\/2021\/02\/1E17B265-C451-483D-AF9B-71B0581A0969-scaled-e1612952542367.jpeg","width":600,"height":800,"caption":"presentador Sen Fronteirass"},{"@type":"BreadcrumbList","@id":"https:\/\/javiervarelactor.com\/?p=1736#breadcrumb","itemListElement":[{"@type":"ListItem","position":1,"name":"Inicio","item":"https:\/\/javiervarelactor.com\/"},{"@type":"ListItem","position":2,"name":"Javier Varela presenta \u00abSen Fronteiras\u00bb en TVG"}]},{"@type":"WebSite","@id":"https:\/\/javiervarelactor.com\/#website","url":"https:\/\/javiervarelactor.com\/","name":"Javier Varela","description":"Actor y Presentador","potentialAction":[{"@type":"SearchAction","target":{"@type":"EntryPoint","urlTemplate":"https:\/\/javiervarelactor.com\/?s={search_term_string}"},"query-input":"required name=search_term_string"}],"inLanguage":"es"},{"@type":"Person","@id":"https:\/\/javiervarelactor.com\/#\/schema\/person\/e3104f2f3cca87d9a07b40f5281c02ba","name":"Javier Varela","image":{"@type":"ImageObject","inLanguage":"es","@id":"https:\/\/javiervarelactor.com\/#\/schema\/person\/image\/","url":"https:\/\/secure.gravatar.com\/avatar\/858edfdbe98ed682c9723085564a87b3?s=96&d=mm&r=g","contentUrl":"https:\/\/secure.gravatar.com\/avatar\/858edfdbe98ed682c9723085564a87b3?s=96&d=mm&r=g","caption":"Javier Varela"},"sameAs":["http:\/\/www.javiervarelactor.com"],"url":"https:\/\/javiervarelactor.com\/?author=1"}]}},"_links":{"self":[{"href":"https:\/\/javiervarelactor.com\/index.php?rest_route=\/wp\/v2\/posts\/1736"}],"collection":[{"href":"https:\/\/javiervarelactor.com\/index.php?rest_route=\/wp\/v2\/posts"}],"about":[{"href":"https:\/\/javiervarelactor.com\/index.php?rest_route=\/wp\/v2\/types\/post"}],"author":[{"embeddable":true,"href":"https:\/\/javiervarelactor.com\/index.php?rest_route=\/wp\/v2\/users\/1"}],"replies":[{"embeddable":true,"href":"https:\/\/javiervarelactor.com\/index.php?rest_route=%2Fwp%2Fv2%2Fcomments&post=1736"}],"version-history":[{"count":8,"href":"https:\/\/javiervarelactor.com\/index.php?rest_route=\/wp\/v2\/posts\/1736\/revisions"}],"predecessor-version":[{"id":1748,"href":"https:\/\/javiervarelactor.com\/index.php?rest_route=\/wp\/v2\/posts\/1736\/revisions\/1748"}],"wp:featuredmedia":[{"embeddable":true,"href":"https:\/\/javiervarelactor.com\/index.php?rest_route=\/wp\/v2\/media\/1739"}],"wp:attachment":[{"href":"https:\/\/javiervarelactor.com\/index.php?rest_route=%2Fwp%2Fv2%2Fmedia&parent=1736"}],"wp:term":[{"taxonomy":"category","embeddable":true,"href":"https:\/\/javiervarelactor.com\/index.php?rest_route=%2Fwp%2Fv2%2Fcategories&post=1736"},{"taxonomy":"post_tag","embeddable":true,"href":"https:\/\/javiervarelactor.com\/index.php?rest_route=%2Fwp%2Fv2%2Ftags&post=1736"}],"curies":[{"name":"wp","href":"https:\/\/api.w.org\/{rel}","templated":true}]}}